{"id":36449,"date":"2018-09-05T13:40:39","date_gmt":"2018-09-05T17:40:39","guid":{"rendered":"https:\/\/explora.cl\/blog\/2018\/09\/05\/en-curico-se-dio-inicio-a-los-congresos-provinciales-de-ciencia-escolar\/"},"modified":"2019-05-20T18:14:49","modified_gmt":"2019-05-20T18:14:49","slug":"en-curico-se-dio-inicio-a-los-congresos-provinciales-de-ciencia-escolar","status":"publish","type":"post","link":"https:\/\/explora.cl\/maule\/en-curico-se-dio-inicio-a-los-congresos-provinciales-de-ciencia-escolar\/","title":{"rendered":"En Curic\u00f3 se dio inici\u00f3 a los Congresos provinciales de Ciencia Escolar"},"content":{"rendered":"<p><em><img fetchpriority=\"high\" decoding=\"async\" class=\" size-full wp-image-36448\" src=\"https:\/\/explora.cl\/wp-content\/uploads\/2018\/09\/f1a082f0-a569-4771-bd99-e73b68d6bdd2.jpg\" alt=\"f1a082f0 a569 4771 bd99 e73b68d6bdd2\" width=\"1280\" height=\"960\" \/>M\u00e1s de 60 expositores &nbsp;buscar\u00e1n su paso a la etapa regional de la categor\u00eda, que se realizar\u00e1 el 27 y 28 de septiembre en Talca.<\/em><\/p>\n<p>Cientos de personas se acercaron a la Plaza de Armas de Curic\u00f3 para conocer y asombrase con el trabajo de los cient\u00edficos y cient\u00edficas escolares, que participaba del Congreso de Ciencia Escolar, que congregaba a proyectos de investigaci\u00f3n de colegios de la Provincia de Curic\u00f3.<\/p>\n<p>Para presentarse en esta etapa el comit\u00e9 cient\u00edfico revisor clasific\u00f3 a 18 proyectos escolares, quienes se disputaron los 10 cupos que otorgaba el evento para participar directamente en el Congreso Regional Escolar de Explora Conicyt Maule. (CRECYT).<\/p>\n<p>\u201cEstamos muy contentos por gran nivel que presentaron la investigaciones en esta primera experiencia que realizamos en Curic\u00f3\u201c, coment\u00f3 Daniela Rivas, Coordinadora de Valoraci\u00f3n de Explora Maule \/ UTalca.<\/p>\n<p>Tras la exposici\u00f3n y exhibici\u00f3n de los proyectos a la comunidad, el comit\u00e9 cient\u00edfico integrado por acad\u00e9micas e investigadores de la Universidad de Talca, determin\u00f3 que los finalistas son los siguientes:<\/p>\n<table style=\"width: 587px\">\n<tbody>\n<tr>\n<td style=\"width: 64px\">\n<p><strong>Comuna<\/strong><\/p>\n<\/td>\n<td style=\"width: 191px\">\n<p><strong>Establecimiento<\/strong><\/p>\n<\/td>\n<td style=\"width: 246px\">\n<p><strong>Proyecto<\/strong><\/p>\n<\/td>\n<td style=\"width: 86px\">\n<p><strong>Nivel<\/strong><\/p>\n<\/td>\n<\/tr>\n<tr>\n<td style=\"width: 64px\">\n<p>Huala\u00f1\u00e9<\/p>\n<\/td>\n<td style=\"width: 191px\">\n<p>Escuela Monse\u00f1or Manuel Larra\u00edn Err\u00e1zuriz<\/p>\n<\/td>\n<td style=\"width: 246px\">\n<p>Estudio sobre la percepci\u00f3n sexista en diferentes etapas de la vida escolar<\/p>\n<\/td>\n<td style=\"width: 86px\">\n<p>B\u00e1sica<\/p>\n<\/td>\n<\/tr>\n<tr>\n<td style=\"width: 64px\">\n<p>Curic\u00f3<\/p>\n<\/td>\n<td style=\"width: 191px\">\n<p>Centro Educativo Machu Picchu<\/p>\n<\/td>\n<td style=\"width: 246px\">\n<p>Efecto de los componentes de las colillas de cigarrillos como control de nematodos fitoparasitarios<\/p>\n<\/td>\n<td style=\"width: 86px\">\n<p>B\u00e1sica<\/p>\n<\/td>\n<\/tr>\n<tr>\n<td style=\"width: 64px\">\n<p>Curic\u00f3<\/p>\n<\/td>\n<td style=\"width: 191px\">\n<p>Colegio El Quillay<\/p>\n<\/td>\n<td style=\"width: 246px\">\n<p>Situaciones de discriminaci\u00f3n de g\u00e9nero, en estudiantes de 5\u00ba a 8\u00ba a\u00f1o b\u00e1sico, del Colegio El<\/p>\n<\/td>\n<td style=\"width: 86px\">\n<p>B\u00e1sica<\/p>\n<\/td>\n<\/tr>\n<tr>\n<td style=\"width: 64px\">\n<p>Huala\u00f1\u00e9<\/p>\n<\/td>\n<td style=\"width: 191px\">\n<p>Escuela Monse\u00f1or Manuel Larra\u00edn Err\u00e1zuriz<\/p>\n<\/td>\n<td style=\"width: 246px\">\n<p>Estudio comparativo de las emisiones por combusti\u00f3n entre quemas agr\u00edcolas y calefacci\u00f3n domestica<\/p>\n<\/td>\n<td style=\"width: 86px\">\n<p>B\u00e1sica<\/p>\n<\/td>\n<\/tr>\n<tr>\n<td style=\"width: 64px\">\n<p>Huala\u00f1\u00e9<\/p>\n<\/td>\n<td style=\"width: 191px\">\n<p>Liceo Huala\u00f1\u00e9<\/p>\n<\/td>\n<td style=\"width: 246px\">\n<p>Gusano de tebo: \u00bfdevorador de plumavit?<\/p>\n<\/td>\n<td style=\"width: 86px\">\n<p>Media<\/p>\n<\/td>\n<\/tr>\n<tr>\n<td style=\"width: 64px\">\n<p>Molina<\/p>\n<\/td>\n<td style=\"width: 191px\">\n<p>Liceo Juan Agust\u00edn Morales<\/p>\n<\/td>\n<td style=\"width: 246px\">\n<p>Comparaci\u00f3n de los efectos del kalanchoe y Eucalipto como tratamiento a la diabetes<\/p>\n<\/td>\n<td style=\"width: 86px\">\n<p>Media<\/p>\n<\/td>\n<\/tr>\n<tr>\n<td style=\"width: 64px\">\n<p>Curic\u00f3<\/p>\n<\/td>\n<td style=\"width: 191px\">\n<p>Escuela Administraci\u00f3n y Comercio<\/p>\n<\/td>\n<td style=\"width: 246px\">\n<p>Los adolescentes y su postura frente a la no obligatoriedad en la ense\u00f1anza de las Ciencias Naturales<\/p>\n<\/td>\n<td style=\"width: 86px\">\n<p>Media<\/p>\n<\/td>\n<\/tr>\n<tr>\n<td style=\"width: 64px\">\n<p>Curic\u00f3<\/p>\n<\/td>\n<td style=\"width: 191px\">\n<p>Liceo Polit\u00e9cnico de Curic\u00f3<\/p>\n<\/td>\n<td style=\"width: 246px\">\n<p>Los adolescentes y su decisi\u00f3n frente a la despenalizaci\u00f3n del aborto libre<\/p>\n<\/td>\n<td style=\"width: 86px\">\n<p>Media<\/p>\n<\/td>\n<\/tr>\n<tr>\n<td style=\"width: 64px\">\n<p>Huala\u00f1\u00e9<\/p>\n<\/td>\n<td style=\"width: 191px\">\n<p>Liceo Huala\u00f1\u00e9<\/p>\n<\/td>\n<td style=\"width: 246px\">\n<p>Captar y distribuir el agua de lluvia: Cada gota cuenta<\/p>\n<\/td>\n<td style=\"width: 86px\">\n<p>Media<\/p>\n<\/td>\n<\/tr>\n<tr>\n<td style=\"width: 64px\">\n<p>Molina<\/p>\n<\/td>\n<td style=\"width: 191px\">\n<p>Escuela Agr\u00edcola Superior De Molina<\/p>\n<\/td>\n<td style=\"width: 246px\">\n<p>Macroinvertebrados bioindicadores para identificar el grado de contaminaci\u00f3n del agua<\/p>\n<\/td>\n<td style=\"width: 86px\">\n<p>Media<\/p>\n<\/td>\n<\/tr>\n<\/tbody>\n<\/table>\n<p>&nbsp;<\/p>\n<p>La competencia sigue el mi\u00e9rcoles 5 de septiembre con la presentaci\u00f3n de los proyectos escolares de colegios de las provincias de Linares y Cauquenes, en la Plaza de Armas de Linares desde las 10:00 horas.<\/p>\n<p>Adem\u00e1s se presentar\u00e1n al p\u00fablico, el trabajo de indagaci\u00f3n cient\u00edfica realizado por ni\u00f1os y ni\u00f1as de nivel parvulario que participan en el Programa Tus Competencias en Ciencias (TCC Maule), la Exposici\u00f3n Interactiva Tabla Peri\u00f3dica de los Elementos y un Gamer Center&nbsp; con los Videojuegos educativos Kation Vs Los G7 y Protectores de la Ciencia, ambos desarrollados por Explora Maule y Run Rana Games.<\/p>\n<p>Mayor informaci\u00f3n sobre los Congresos Provinciales de Ciencia Escolar&nbsp; Explora Maule de la Universidad de Talca, la podr\u00e1s encontrar en <a href=\"https:\/\/explora.cl\/maule\">explora.cl\/maule<\/a><\/p>\n","protected":false},"excerpt":{"rendered":"<p>M\u00e1s de 60 expositores &nbsp;buscar\u00e1n su paso a la etapa regional de la categor\u00eda, que se realizar\u00e1 el 27 y 28 de septiembre en Talca. Cientos de personas se acercaron a la Plaza de Armas de Curic\u00f3 para conocer y asombrase con el trabajo de los cient\u00edficos y cient\u00edficas escolares, que participaba del Congreso de [&hellip;]<\/p>\n","protected":false},"author":2,"featured_media":36447,"comment_status":"closed","ping_status":"open","sticky":false,"template":"","format":"standard","meta":{"_acf_changed":false,"_exactmetrics_skip_tracking":false,"_exactmetrics_sitenote_active":false,"_exactmetrics_sitenote_note":"","_exactmetrics_sitenote_category":0,"footnotes":"","_links_to":"","_links_to_target":""},"categories":[4],"tags":[],"class_list":["post-36449","post","type-post","status-publish","format-standard","has-post-thumbnail","hentry","category-noticias"],"acf":[],"yoast_head":"<!-- This site is optimized with the Yoast SEO plugin v26.9 - https:\/\/yoast.com\/product\/yoast-seo-wordpress\/ -->\n<title>En Curic\u00f3 se dio inici\u00f3 a los Congresos provinciales de Ciencia Escolar - Maule<\/title>\n<meta name=\"robots\" content=\"index, follow, max-snippet:-1, max-image-preview:large, max-video-preview:-1\" \/>\n<link rel=\"canonical\" href=\"https:\/\/explora.cl\/maule\/en-curico-se-dio-inicio-a-los-congresos-provinciales-de-ciencia-escolar\/\" class=\"yoast-seo-meta-tag\" \/>\n<meta property=\"og:locale\" content=\"es_ES\" class=\"yoast-seo-meta-tag\" \/>\n<meta property=\"og:type\" content=\"article\" class=\"yoast-seo-meta-tag\" \/>\n<meta property=\"og:title\" content=\"En Curic\u00f3 se dio inici\u00f3 a los Congresos provinciales de Ciencia Escolar - Maule\" class=\"yoast-seo-meta-tag\" \/>\n<meta property=\"og:description\" content=\"M\u00e1s de 60 expositores &nbsp;buscar\u00e1n su paso a la etapa regional de la categor\u00eda, que se realizar\u00e1 el 27 y 28 de septiembre en Talca. Cientos de personas se acercaron a la Plaza de Armas de Curic\u00f3 para conocer y asombrase con el trabajo de los cient\u00edficos y cient\u00edficas escolares, que participaba del Congreso de [&hellip;]\" class=\"yoast-seo-meta-tag\" \/>\n<meta property=\"og:url\" content=\"https:\/\/explora.cl\/maule\/en-curico-se-dio-inicio-a-los-congresos-provinciales-de-ciencia-escolar\/\" class=\"yoast-seo-meta-tag\" \/>\n<meta property=\"og:site_name\" content=\"Maule\" class=\"yoast-seo-meta-tag\" \/>\n<meta property=\"article:published_time\" content=\"2018-09-05T17:40:39+00:00\" class=\"yoast-seo-meta-tag\" \/>\n<meta property=\"article:modified_time\" content=\"2019-05-20T18:14:49+00:00\" class=\"yoast-seo-meta-tag\" \/>\n<meta name=\"author\" content=\"webman\" class=\"yoast-seo-meta-tag\" \/>\n<meta name=\"twitter:card\" content=\"summary_large_image\" class=\"yoast-seo-meta-tag\" \/>\n<meta name=\"twitter:label1\" content=\"Escrito por\" class=\"yoast-seo-meta-tag\" \/>\n\t<meta name=\"twitter:data1\" content=\"webman\" class=\"yoast-seo-meta-tag\" \/>\n\t<meta name=\"twitter:label2\" content=\"Tiempo estimado de lectura\" class=\"yoast-seo-meta-tag\" \/>\n\t<meta name=\"twitter:data2\" content=\"3 minutos\" class=\"yoast-seo-meta-tag\" \/>\n<script type=\"application\/ld+json\" class=\"yoast-schema-graph\">{\"@context\":\"https:\/\/schema.org\",\"@graph\":[{\"@type\":\"Article\",\"@id\":\"https:\/\/explora.cl\/maule\/en-curico-se-dio-inicio-a-los-congresos-provinciales-de-ciencia-escolar\/#article\",\"isPartOf\":{\"@id\":\"https:\/\/explora.cl\/maule\/en-curico-se-dio-inicio-a-los-congresos-provinciales-de-ciencia-escolar\/\"},\"author\":{\"name\":\"webman\",\"@id\":\"https:\/\/explora.cl\/maule\/#\/schema\/person\/cb8349c13ea2d324080adf8480d7ba5d\"},\"headline\":\"En Curic\u00f3 se dio inici\u00f3 a los Congresos provinciales de Ciencia Escolar\",\"datePublished\":\"2018-09-05T17:40:39+00:00\",\"dateModified\":\"2019-05-20T18:14:49+00:00\",\"mainEntityOfPage\":{\"@id\":\"https:\/\/explora.cl\/maule\/en-curico-se-dio-inicio-a-los-congresos-provinciales-de-ciencia-escolar\/\"},\"wordCount\":531,\"image\":{\"@id\":\"https:\/\/explora.cl\/maule\/en-curico-se-dio-inicio-a-los-congresos-provinciales-de-ciencia-escolar\/#primaryimage\"},\"thumbnailUrl\":\"\",\"articleSection\":[\"Noticias\"],\"inLanguage\":\"es-CL\"},{\"@type\":\"WebPage\",\"@id\":\"https:\/\/explora.cl\/maule\/en-curico-se-dio-inicio-a-los-congresos-provinciales-de-ciencia-escolar\/\",\"url\":\"https:\/\/explora.cl\/maule\/en-curico-se-dio-inicio-a-los-congresos-provinciales-de-ciencia-escolar\/\",\"name\":\"En Curic\u00f3 se dio inici\u00f3 a los Congresos provinciales de Ciencia Escolar - Maule\",\"isPartOf\":{\"@id\":\"https:\/\/explora.cl\/maule\/#website\"},\"primaryImageOfPage\":{\"@id\":\"https:\/\/explora.cl\/maule\/en-curico-se-dio-inicio-a-los-congresos-provinciales-de-ciencia-escolar\/#primaryimage\"},\"image\":{\"@id\":\"https:\/\/explora.cl\/maule\/en-curico-se-dio-inicio-a-los-congresos-provinciales-de-ciencia-escolar\/#primaryimage\"},\"thumbnailUrl\":\"\",\"datePublished\":\"2018-09-05T17:40:39+00:00\",\"dateModified\":\"2019-05-20T18:14:49+00:00\",\"author\":{\"@id\":\"https:\/\/explora.cl\/maule\/#\/schema\/person\/cb8349c13ea2d324080adf8480d7ba5d\"},\"breadcrumb\":{\"@id\":\"https:\/\/explora.cl\/maule\/en-curico-se-dio-inicio-a-los-congresos-provinciales-de-ciencia-escolar\/#breadcrumb\"},\"inLanguage\":\"es-CL\",\"potentialAction\":[{\"@type\":\"ReadAction\",\"target\":[\"https:\/\/explora.cl\/maule\/en-curico-se-dio-inicio-a-los-congresos-provinciales-de-ciencia-escolar\/\"]}]},{\"@type\":\"ImageObject\",\"inLanguage\":\"es-CL\",\"@id\":\"https:\/\/explora.cl\/maule\/en-curico-se-dio-inicio-a-los-congresos-provinciales-de-ciencia-escolar\/#primaryimage\",\"url\":\"\",\"contentUrl\":\"\"},{\"@type\":\"BreadcrumbList\",\"@id\":\"https:\/\/explora.cl\/maule\/en-curico-se-dio-inicio-a-los-congresos-provinciales-de-ciencia-escolar\/#breadcrumb\",\"itemListElement\":[{\"@type\":\"ListItem\",\"position\":1,\"name\":\"Portada\",\"item\":\"https:\/\/explora.cl\/maule\/\"},{\"@type\":\"ListItem\",\"position\":2,\"name\":\"En Curic\u00f3 se dio inici\u00f3 a los Congresos provinciales de Ciencia Escolar\"}]},{\"@type\":\"WebSite\",\"@id\":\"https:\/\/explora.cl\/maule\/#website\",\"url\":\"https:\/\/explora.cl\/maule\/\",\"name\":\"Maule\",\"description\":\"Otro sitio m\u00e1s de explora.cl\",\"potentialAction\":[{\"@type\":\"SearchAction\",\"target\":{\"@type\":\"EntryPoint\",\"urlTemplate\":\"https:\/\/explora.cl\/maule\/?s={search_term_string}\"},\"query-input\":{\"@type\":\"PropertyValueSpecification\",\"valueRequired\":true,\"valueName\":\"search_term_string\"}}],\"inLanguage\":\"es-CL\"},{\"@type\":\"Person\",\"@id\":\"https:\/\/explora.cl\/maule\/#\/schema\/person\/cb8349c13ea2d324080adf8480d7ba5d\",\"name\":\"webman\",\"image\":{\"@type\":\"ImageObject\",\"inLanguage\":\"es-CL\",\"@id\":\"https:\/\/explora.cl\/maule\/#\/schema\/person\/image\/\",\"url\":\"https:\/\/secure.gravatar.com\/avatar\/eeff3c82f2c02f7177d13663b7e6f890e9a6a0647ce9bb29cae02dcb094c7312?s=96&d=mm&r=g\",\"contentUrl\":\"https:\/\/secure.gravatar.com\/avatar\/eeff3c82f2c02f7177d13663b7e6f890e9a6a0647ce9bb29cae02dcb094c7312?s=96&d=mm&r=g\",\"caption\":\"webman\"},\"url\":\"https:\/\/explora.cl\/maule\/author\/webman\/\"}]}<\/script>\n<!-- \/ Yoast SEO plugin. -->","yoast_head_json":{"title":"En Curic\u00f3 se dio inici\u00f3 a los Congresos provinciales de Ciencia Escolar - Maule","robots":{"index":"index","follow":"follow","max-snippet":"max-snippet:-1","max-image-preview":"max-image-preview:large","max-video-preview":"max-video-preview:-1"},"canonical":"https:\/\/explora.cl\/maule\/en-curico-se-dio-inicio-a-los-congresos-provinciales-de-ciencia-escolar\/","og_locale":"es_ES","og_type":"article","og_title":"En Curic\u00f3 se dio inici\u00f3 a los Congresos provinciales de Ciencia Escolar - Maule","og_description":"M\u00e1s de 60 expositores &nbsp;buscar\u00e1n su paso a la etapa regional de la categor\u00eda, que se realizar\u00e1 el 27 y 28 de septiembre en Talca. Cientos de personas se acercaron a la Plaza de Armas de Curic\u00f3 para conocer y asombrase con el trabajo de los cient\u00edficos y cient\u00edficas escolares, que participaba del Congreso de [&hellip;]","og_url":"https:\/\/explora.cl\/maule\/en-curico-se-dio-inicio-a-los-congresos-provinciales-de-ciencia-escolar\/","og_site_name":"Maule","article_published_time":"2018-09-05T17:40:39+00:00","article_modified_time":"2019-05-20T18:14:49+00:00","author":"webman","twitter_card":"summary_large_image","twitter_misc":{"Escrito por":"webman","Tiempo estimado de lectura":"3 minutos"},"schema":{"@context":"https:\/\/schema.org","@graph":[{"@type":"Article","@id":"https:\/\/explora.cl\/maule\/en-curico-se-dio-inicio-a-los-congresos-provinciales-de-ciencia-escolar\/#article","isPartOf":{"@id":"https:\/\/explora.cl\/maule\/en-curico-se-dio-inicio-a-los-congresos-provinciales-de-ciencia-escolar\/"},"author":{"name":"webman","@id":"https:\/\/explora.cl\/maule\/#\/schema\/person\/cb8349c13ea2d324080adf8480d7ba5d"},"headline":"En Curic\u00f3 se dio inici\u00f3 a los Congresos provinciales de Ciencia Escolar","datePublished":"2018-09-05T17:40:39+00:00","dateModified":"2019-05-20T18:14:49+00:00","mainEntityOfPage":{"@id":"https:\/\/explora.cl\/maule\/en-curico-se-dio-inicio-a-los-congresos-provinciales-de-ciencia-escolar\/"},"wordCount":531,"image":{"@id":"https:\/\/explora.cl\/maule\/en-curico-se-dio-inicio-a-los-congresos-provinciales-de-ciencia-escolar\/#primaryimage"},"thumbnailUrl":"","articleSection":["Noticias"],"inLanguage":"es-CL"},{"@type":"WebPage","@id":"https:\/\/explora.cl\/maule\/en-curico-se-dio-inicio-a-los-congresos-provinciales-de-ciencia-escolar\/","url":"https:\/\/explora.cl\/maule\/en-curico-se-dio-inicio-a-los-congresos-provinciales-de-ciencia-escolar\/","name":"En Curic\u00f3 se dio inici\u00f3 a los Congresos provinciales de Ciencia Escolar - Maule","isPartOf":{"@id":"https:\/\/explora.cl\/maule\/#website"},"primaryImageOfPage":{"@id":"https:\/\/explora.cl\/maule\/en-curico-se-dio-inicio-a-los-congresos-provinciales-de-ciencia-escolar\/#primaryimage"},"image":{"@id":"https:\/\/explora.cl\/maule\/en-curico-se-dio-inicio-a-los-congresos-provinciales-de-ciencia-escolar\/#primaryimage"},"thumbnailUrl":"","datePublished":"2018-09-05T17:40:39+00:00","dateModified":"2019-05-20T18:14:49+00:00","author":{"@id":"https:\/\/explora.cl\/maule\/#\/schema\/person\/cb8349c13ea2d324080adf8480d7ba5d"},"breadcrumb":{"@id":"https:\/\/explora.cl\/maule\/en-curico-se-dio-inicio-a-los-congresos-provinciales-de-ciencia-escolar\/#breadcrumb"},"inLanguage":"es-CL","potentialAction":[{"@type":"ReadAction","target":["https:\/\/explora.cl\/maule\/en-curico-se-dio-inicio-a-los-congresos-provinciales-de-ciencia-escolar\/"]}]},{"@type":"ImageObject","inLanguage":"es-CL","@id":"https:\/\/explora.cl\/maule\/en-curico-se-dio-inicio-a-los-congresos-provinciales-de-ciencia-escolar\/#primaryimage","url":"","contentUrl":""},{"@type":"BreadcrumbList","@id":"https:\/\/explora.cl\/maule\/en-curico-se-dio-inicio-a-los-congresos-provinciales-de-ciencia-escolar\/#breadcrumb","itemListElement":[{"@type":"ListItem","position":1,"name":"Portada","item":"https:\/\/explora.cl\/maule\/"},{"@type":"ListItem","position":2,"name":"En Curic\u00f3 se dio inici\u00f3 a los Congresos provinciales de Ciencia Escolar"}]},{"@type":"WebSite","@id":"https:\/\/explora.cl\/maule\/#website","url":"https:\/\/explora.cl\/maule\/","name":"Maule","description":"Otro sitio m\u00e1s de explora.cl","potentialAction":[{"@type":"SearchAction","target":{"@type":"EntryPoint","urlTemplate":"https:\/\/explora.cl\/maule\/?s={search_term_string}"},"query-input":{"@type":"PropertyValueSpecification","valueRequired":true,"valueName":"search_term_string"}}],"inLanguage":"es-CL"},{"@type":"Person","@id":"https:\/\/explora.cl\/maule\/#\/schema\/person\/cb8349c13ea2d324080adf8480d7ba5d","name":"webman","image":{"@type":"ImageObject","inLanguage":"es-CL","@id":"https:\/\/explora.cl\/maule\/#\/schema\/person\/image\/","url":"https:\/\/secure.gravatar.com\/avatar\/eeff3c82f2c02f7177d13663b7e6f890e9a6a0647ce9bb29cae02dcb094c7312?s=96&d=mm&r=g","contentUrl":"https:\/\/secure.gravatar.com\/avatar\/eeff3c82f2c02f7177d13663b7e6f890e9a6a0647ce9bb29cae02dcb094c7312?s=96&d=mm&r=g","caption":"webman"},"url":"https:\/\/explora.cl\/maule\/author\/webman\/"}]}},"_links":{"self":[{"href":"https:\/\/explora.cl\/maule\/wp-json\/wp\/v2\/posts\/36449","targetHints":{"allow":["GET"]}}],"collection":[{"href":"https:\/\/explora.cl\/maule\/wp-json\/wp\/v2\/posts"}],"about":[{"href":"https:\/\/explora.cl\/maule\/wp-json\/wp\/v2\/types\/post"}],"author":[{"embeddable":true,"href":"https:\/\/explora.cl\/maule\/wp-json\/wp\/v2\/users\/2"}],"replies":[{"embeddable":true,"href":"https:\/\/explora.cl\/maule\/wp-json\/wp\/v2\/comments?post=36449"}],"version-history":[{"count":1,"href":"https:\/\/explora.cl\/maule\/wp-json\/wp\/v2\/posts\/36449\/revisions"}],"predecessor-version":[{"id":37544,"href":"https:\/\/explora.cl\/maule\/wp-json\/wp\/v2\/posts\/36449\/revisions\/37544"}],"wp:featuredmedia":[{"embeddable":true,"href":"https:\/\/explora.cl\/maule\/wp-json\/"}],"wp:attachment":[{"href":"https:\/\/explora.cl\/maule\/wp-json\/wp\/v2\/media?parent=36449"}],"wp:term":[{"taxonomy":"category","embeddable":true,"href":"https:\/\/explora.cl\/maule\/wp-json\/wp\/v2\/categories?post=36449"},{"taxonomy":"post_tag","embeddable":true,"href":"https:\/\/explora.cl\/maule\/wp-json\/wp\/v2\/tags?post=36449"}],"curies":[{"name":"wp","href":"https:\/\/api.w.org\/{rel}","templated":true}]}}