{"id":35320,"date":"2018-08-20T19:58:56","date_gmt":"2018-08-20T23:58:56","guid":{"rendered":"https:\/\/explora.cl\/blog\/2018\/08\/20\/escolares-presentaran-adelantos-tecnologicos-en-congresos-de-ciencias-provinciales\/"},"modified":"2019-05-20T18:14:51","modified_gmt":"2019-05-20T18:14:51","slug":"escolares-presentaran-adelantos-tecnologicos-en-congresos-de-ciencias-provinciales","status":"publish","type":"post","link":"https:\/\/explora.cl\/maule\/escolares-presentaran-adelantos-tecnologicos-en-congresos-de-ciencias-provinciales\/","title":{"rendered":"Escolares presentar\u00e1n adelantos tecnol\u00f3gicos en congresos provinciales de ciencia escolar"},"content":{"rendered":"<p><img fetchpriority=\"high\" decoding=\"async\" class=\" size-full wp-image-27785\" src=\"https:\/\/explora.cl\/wp-content\/uploads\/2017\/09\/congresoprovinciallinares.jpg\" alt=\"congresoprovinciallinares\" width=\"1200\" height=\"900\" \/><\/p>\n<p><em>M\u00e1s de 60 proyectos escolares buscar\u00e1n clasificar al VIII Congreso Regional Escolar de Ciencia y Tecnolog\u00eda (CRECYT2018), que se desarrollar\u00e1 el pr\u00f3ximo &nbsp;27 y 28 de septiembre en Talca.<\/em><\/p>\n<p>Un prototipo de ducha espacial, que mejore las condiciones de higiene de los astronautas que est\u00e1n en misi\u00f3n cient\u00edfica en la estaci\u00f3n espacial.&nbsp; Determinar los materiales que est\u00e1n utilizando las aves terrestres para la construcci\u00f3n de sus nidos, en tiempos donde la actividad humana ha alterado significativamente los ecosistemas naturales o demostrar los beneficios de la planta Kalanchoe en el tratamiento de personas diab\u00e9ticas, son algunas de los proyectos cient\u00edficos escolares, que se presentar\u00e1n en los congresos Provinciales de Ciencia Escolar de Explora Maule de la Universidad de Talca.<\/p>\n<p>En su segunda versi\u00f3n, el evento cient\u00edfico escolar reunir\u00e1 a m\u00e1s de 60 investigaciones de estudiantes de la Regi\u00f3n, quienes presentar\u00e1n sus indagaciones ante la comunidad y frente a un comit\u00e9 compuesto por acad\u00e9micos e investigadores de la Universidad de Talca. \u201cLos congresos provinciales es la primera etapa donde los escolares presentan el trabajo realizado durante todo el a\u00f1o ante el comit\u00e9 cient\u00edfico, quienes validan su paso a la etapa regional\u201c, indic\u00f3 Iv\u00e1n Coydan, director de Explora Maule y Vicerrector de Vinculaci\u00f3n con el Medio de la Universidad de Talca.<\/p>\n<p>En las competencias provinciales&nbsp; participar\u00e1n equipos de investigaci\u00f3n conformados por escolares entre quinto B\u00e1sico y tercer a\u00f1o de Educaci\u00f3n Media de establecimientos municipales, subvencionados y particulares de la regi\u00f3n. Los trabajos que presentar\u00e1n ser\u00e1n investigaciones en ciencias naturales, sociales o desarrollos tecnol\u00f3gicos originales, que trabajaron en sus colegios durante el a\u00f1o y que contaron, en su mayor\u00eda, con la asesor\u00eda cient\u00edfica de investigadores de la Universidad de Talca.<\/p>\n<p>Las fechas de los Congresos Provinciales de Ciencia Escolar son:<\/p>\n<p>Provincia de Curic\u00f3: 4 de Septiembre&nbsp; &#8211;&nbsp; Plaza de Armas de Curic\u00f3 &#8211;&nbsp; 10:00 horas<\/p>\n<p>Provincias de Cauquenes y Linares: 5 de Septiembre&nbsp; &#8211;&nbsp; Plaza de Armas de Linares &#8211;&nbsp; 10:00 horas<\/p>\n<p>Provincia de Talca: 6 de Septiembre&nbsp; &#8211;&nbsp; Plaza Cienfuegos de Talca &#8211;&nbsp; 10:00 horas<\/p>\n<p>Los docentes interesados en participar junto a delegaciones de estudiantes para apoyar y conocer el trabajo de los cient\u00edficos escolares, deben inscribirse en sitio web del PAR Explora de Conicyt Maule (explora.cl\/maule).<\/p>\n","protected":false},"excerpt":{"rendered":"<p>M\u00e1s de 60 proyectos escolares buscar\u00e1n clasificar al VIII Congreso Regional Escolar de Ciencia y Tecnolog\u00eda (CRECYT2018), que se desarrollar\u00e1 el pr\u00f3ximo &nbsp;27 y 28 de septiembre en Talca. Un prototipo de ducha espacial, que mejore las condiciones de higiene de los astronautas que est\u00e1n en misi\u00f3n cient\u00edfica en la estaci\u00f3n espacial.&nbsp; Determinar los materiales [&hellip;]<\/p>\n","protected":false},"author":2,"featured_media":28570,"comment_status":"closed","ping_status":"open","sticky":false,"template":"","format":"standard","meta":{"_acf_changed":false,"_exactmetrics_skip_tracking":false,"_exactmetrics_sitenote_active":false,"_exactmetrics_sitenote_note":"","_exactmetrics_sitenote_category":0,"footnotes":"","_links_to":"","_links_to_target":""},"categories":[4],"tags":[],"class_list":["post-35320","post","type-post","status-publish","format-standard","has-post-thumbnail","hentry","category-noticias"],"acf":[],"yoast_head":"<!-- This site is optimized with the Yoast SEO plugin v26.9 - https:\/\/yoast.com\/product\/yoast-seo-wordpress\/ -->\n<title>Escolares presentar\u00e1n adelantos tecnol\u00f3gicos en congresos provinciales de ciencia escolar - Maule<\/title>\n<meta name=\"robots\" content=\"index, follow, max-snippet:-1, max-image-preview:large, max-video-preview:-1\" \/>\n<link rel=\"canonical\" href=\"https:\/\/explora.cl\/maule\/escolares-presentaran-adelantos-tecnologicos-en-congresos-de-ciencias-provinciales\/\" class=\"yoast-seo-meta-tag\" \/>\n<meta property=\"og:locale\" content=\"es_ES\" class=\"yoast-seo-meta-tag\" \/>\n<meta property=\"og:type\" content=\"article\" class=\"yoast-seo-meta-tag\" \/>\n<meta property=\"og:title\" content=\"Escolares presentar\u00e1n adelantos tecnol\u00f3gicos en congresos provinciales de ciencia escolar - Maule\" class=\"yoast-seo-meta-tag\" \/>\n<meta property=\"og:description\" content=\"M\u00e1s de 60 proyectos escolares buscar\u00e1n clasificar al VIII Congreso Regional Escolar de Ciencia y Tecnolog\u00eda (CRECYT2018), que se desarrollar\u00e1 el pr\u00f3ximo &nbsp;27 y 28 de septiembre en Talca. Un prototipo de ducha espacial, que mejore las condiciones de higiene de los astronautas que est\u00e1n en misi\u00f3n cient\u00edfica en la estaci\u00f3n espacial.&nbsp; Determinar los materiales [&hellip;]\" class=\"yoast-seo-meta-tag\" \/>\n<meta property=\"og:url\" content=\"https:\/\/explora.cl\/maule\/escolares-presentaran-adelantos-tecnologicos-en-congresos-de-ciencias-provinciales\/\" class=\"yoast-seo-meta-tag\" \/>\n<meta property=\"og:site_name\" content=\"Maule\" class=\"yoast-seo-meta-tag\" \/>\n<meta property=\"article:published_time\" content=\"2018-08-20T23:58:56+00:00\" class=\"yoast-seo-meta-tag\" \/>\n<meta property=\"article:modified_time\" content=\"2019-05-20T18:14:51+00:00\" class=\"yoast-seo-meta-tag\" \/>\n<meta name=\"author\" content=\"webman\" class=\"yoast-seo-meta-tag\" \/>\n<meta name=\"twitter:card\" content=\"summary_large_image\" class=\"yoast-seo-meta-tag\" \/>\n<meta name=\"twitter:label1\" content=\"Escrito por\" class=\"yoast-seo-meta-tag\" \/>\n\t<meta name=\"twitter:data1\" content=\"webman\" class=\"yoast-seo-meta-tag\" \/>\n\t<meta name=\"twitter:label2\" content=\"Tiempo estimado de lectura\" class=\"yoast-seo-meta-tag\" \/>\n\t<meta name=\"twitter:data2\" content=\"2 minutos\" class=\"yoast-seo-meta-tag\" \/>\n<script type=\"application\/ld+json\" class=\"yoast-schema-graph\">{\"@context\":\"https:\/\/schema.org\",\"@graph\":[{\"@type\":\"Article\",\"@id\":\"https:\/\/explora.cl\/maule\/escolares-presentaran-adelantos-tecnologicos-en-congresos-de-ciencias-provinciales\/#article\",\"isPartOf\":{\"@id\":\"https:\/\/explora.cl\/maule\/escolares-presentaran-adelantos-tecnologicos-en-congresos-de-ciencias-provinciales\/\"},\"author\":{\"name\":\"webman\",\"@id\":\"https:\/\/explora.cl\/maule\/#\/schema\/person\/cb8349c13ea2d324080adf8480d7ba5d\"},\"headline\":\"Escolares presentar\u00e1n adelantos tecnol\u00f3gicos en congresos provinciales de ciencia escolar\",\"datePublished\":\"2018-08-20T23:58:56+00:00\",\"dateModified\":\"2019-05-20T18:14:51+00:00\",\"mainEntityOfPage\":{\"@id\":\"https:\/\/explora.cl\/maule\/escolares-presentaran-adelantos-tecnologicos-en-congresos-de-ciencias-provinciales\/\"},\"wordCount\":417,\"image\":{\"@id\":\"https:\/\/explora.cl\/maule\/escolares-presentaran-adelantos-tecnologicos-en-congresos-de-ciencias-provinciales\/#primaryimage\"},\"thumbnailUrl\":\"\",\"articleSection\":[\"Noticias\"],\"inLanguage\":\"es-CL\"},{\"@type\":\"WebPage\",\"@id\":\"https:\/\/explora.cl\/maule\/escolares-presentaran-adelantos-tecnologicos-en-congresos-de-ciencias-provinciales\/\",\"url\":\"https:\/\/explora.cl\/maule\/escolares-presentaran-adelantos-tecnologicos-en-congresos-de-ciencias-provinciales\/\",\"name\":\"Escolares presentar\u00e1n adelantos tecnol\u00f3gicos en congresos provinciales de ciencia escolar - Maule\",\"isPartOf\":{\"@id\":\"https:\/\/explora.cl\/maule\/#website\"},\"primaryImageOfPage\":{\"@id\":\"https:\/\/explora.cl\/maule\/escolares-presentaran-adelantos-tecnologicos-en-congresos-de-ciencias-provinciales\/#primaryimage\"},\"image\":{\"@id\":\"https:\/\/explora.cl\/maule\/escolares-presentaran-adelantos-tecnologicos-en-congresos-de-ciencias-provinciales\/#primaryimage\"},\"thumbnailUrl\":\"\",\"datePublished\":\"2018-08-20T23:58:56+00:00\",\"dateModified\":\"2019-05-20T18:14:51+00:00\",\"author\":{\"@id\":\"https:\/\/explora.cl\/maule\/#\/schema\/person\/cb8349c13ea2d324080adf8480d7ba5d\"},\"breadcrumb\":{\"@id\":\"https:\/\/explora.cl\/maule\/escolares-presentaran-adelantos-tecnologicos-en-congresos-de-ciencias-provinciales\/#breadcrumb\"},\"inLanguage\":\"es-CL\",\"potentialAction\":[{\"@type\":\"ReadAction\",\"target\":[\"https:\/\/explora.cl\/maule\/escolares-presentaran-adelantos-tecnologicos-en-congresos-de-ciencias-provinciales\/\"]}]},{\"@type\":\"ImageObject\",\"inLanguage\":\"es-CL\",\"@id\":\"https:\/\/explora.cl\/maule\/escolares-presentaran-adelantos-tecnologicos-en-congresos-de-ciencias-provinciales\/#primaryimage\",\"url\":\"\",\"contentUrl\":\"\"},{\"@type\":\"BreadcrumbList\",\"@id\":\"https:\/\/explora.cl\/maule\/escolares-presentaran-adelantos-tecnologicos-en-congresos-de-ciencias-provinciales\/#breadcrumb\",\"itemListElement\":[{\"@type\":\"ListItem\",\"position\":1,\"name\":\"Portada\",\"item\":\"https:\/\/explora.cl\/maule\/\"},{\"@type\":\"ListItem\",\"position\":2,\"name\":\"Escolares presentar\u00e1n adelantos tecnol\u00f3gicos en congresos provinciales de ciencia escolar\"}]},{\"@type\":\"WebSite\",\"@id\":\"https:\/\/explora.cl\/maule\/#website\",\"url\":\"https:\/\/explora.cl\/maule\/\",\"name\":\"Maule\",\"description\":\"Otro sitio m\u00e1s de explora.cl\",\"potentialAction\":[{\"@type\":\"SearchAction\",\"target\":{\"@type\":\"EntryPoint\",\"urlTemplate\":\"https:\/\/explora.cl\/maule\/?s={search_term_string}\"},\"query-input\":{\"@type\":\"PropertyValueSpecification\",\"valueRequired\":true,\"valueName\":\"search_term_string\"}}],\"inLanguage\":\"es-CL\"},{\"@type\":\"Person\",\"@id\":\"https:\/\/explora.cl\/maule\/#\/schema\/person\/cb8349c13ea2d324080adf8480d7ba5d\",\"name\":\"webman\",\"image\":{\"@type\":\"ImageObject\",\"inLanguage\":\"es-CL\",\"@id\":\"https:\/\/explora.cl\/maule\/#\/schema\/person\/image\/\",\"url\":\"https:\/\/secure.gravatar.com\/avatar\/eeff3c82f2c02f7177d13663b7e6f890e9a6a0647ce9bb29cae02dcb094c7312?s=96&d=mm&r=g\",\"contentUrl\":\"https:\/\/secure.gravatar.com\/avatar\/eeff3c82f2c02f7177d13663b7e6f890e9a6a0647ce9bb29cae02dcb094c7312?s=96&d=mm&r=g\",\"caption\":\"webman\"},\"url\":\"https:\/\/explora.cl\/maule\/author\/webman\/\"}]}<\/script>\n<!-- \/ Yoast SEO plugin. -->","yoast_head_json":{"title":"Escolares presentar\u00e1n adelantos tecnol\u00f3gicos en congresos provinciales de ciencia escolar - Maule","robots":{"index":"index","follow":"follow","max-snippet":"max-snippet:-1","max-image-preview":"max-image-preview:large","max-video-preview":"max-video-preview:-1"},"canonical":"https:\/\/explora.cl\/maule\/escolares-presentaran-adelantos-tecnologicos-en-congresos-de-ciencias-provinciales\/","og_locale":"es_ES","og_type":"article","og_title":"Escolares presentar\u00e1n adelantos tecnol\u00f3gicos en congresos provinciales de ciencia escolar - Maule","og_description":"M\u00e1s de 60 proyectos escolares buscar\u00e1n clasificar al VIII Congreso Regional Escolar de Ciencia y Tecnolog\u00eda (CRECYT2018), que se desarrollar\u00e1 el pr\u00f3ximo &nbsp;27 y 28 de septiembre en Talca. Un prototipo de ducha espacial, que mejore las condiciones de higiene de los astronautas que est\u00e1n en misi\u00f3n cient\u00edfica en la estaci\u00f3n espacial.&nbsp; Determinar los materiales [&hellip;]","og_url":"https:\/\/explora.cl\/maule\/escolares-presentaran-adelantos-tecnologicos-en-congresos-de-ciencias-provinciales\/","og_site_name":"Maule","article_published_time":"2018-08-20T23:58:56+00:00","article_modified_time":"2019-05-20T18:14:51+00:00","author":"webman","twitter_card":"summary_large_image","twitter_misc":{"Escrito por":"webman","Tiempo estimado de lectura":"2 minutos"},"schema":{"@context":"https:\/\/schema.org","@graph":[{"@type":"Article","@id":"https:\/\/explora.cl\/maule\/escolares-presentaran-adelantos-tecnologicos-en-congresos-de-ciencias-provinciales\/#article","isPartOf":{"@id":"https:\/\/explora.cl\/maule\/escolares-presentaran-adelantos-tecnologicos-en-congresos-de-ciencias-provinciales\/"},"author":{"name":"webman","@id":"https:\/\/explora.cl\/maule\/#\/schema\/person\/cb8349c13ea2d324080adf8480d7ba5d"},"headline":"Escolares presentar\u00e1n adelantos tecnol\u00f3gicos en congresos provinciales de ciencia escolar","datePublished":"2018-08-20T23:58:56+00:00","dateModified":"2019-05-20T18:14:51+00:00","mainEntityOfPage":{"@id":"https:\/\/explora.cl\/maule\/escolares-presentaran-adelantos-tecnologicos-en-congresos-de-ciencias-provinciales\/"},"wordCount":417,"image":{"@id":"https:\/\/explora.cl\/maule\/escolares-presentaran-adelantos-tecnologicos-en-congresos-de-ciencias-provinciales\/#primaryimage"},"thumbnailUrl":"","articleSection":["Noticias"],"inLanguage":"es-CL"},{"@type":"WebPage","@id":"https:\/\/explora.cl\/maule\/escolares-presentaran-adelantos-tecnologicos-en-congresos-de-ciencias-provinciales\/","url":"https:\/\/explora.cl\/maule\/escolares-presentaran-adelantos-tecnologicos-en-congresos-de-ciencias-provinciales\/","name":"Escolares presentar\u00e1n adelantos tecnol\u00f3gicos en congresos provinciales de ciencia escolar - Maule","isPartOf":{"@id":"https:\/\/explora.cl\/maule\/#website"},"primaryImageOfPage":{"@id":"https:\/\/explora.cl\/maule\/escolares-presentaran-adelantos-tecnologicos-en-congresos-de-ciencias-provinciales\/#primaryimage"},"image":{"@id":"https:\/\/explora.cl\/maule\/escolares-presentaran-adelantos-tecnologicos-en-congresos-de-ciencias-provinciales\/#primaryimage"},"thumbnailUrl":"","datePublished":"2018-08-20T23:58:56+00:00","dateModified":"2019-05-20T18:14:51+00:00","author":{"@id":"https:\/\/explora.cl\/maule\/#\/schema\/person\/cb8349c13ea2d324080adf8480d7ba5d"},"breadcrumb":{"@id":"https:\/\/explora.cl\/maule\/escolares-presentaran-adelantos-tecnologicos-en-congresos-de-ciencias-provinciales\/#breadcrumb"},"inLanguage":"es-CL","potentialAction":[{"@type":"ReadAction","target":["https:\/\/explora.cl\/maule\/escolares-presentaran-adelantos-tecnologicos-en-congresos-de-ciencias-provinciales\/"]}]},{"@type":"ImageObject","inLanguage":"es-CL","@id":"https:\/\/explora.cl\/maule\/escolares-presentaran-adelantos-tecnologicos-en-congresos-de-ciencias-provinciales\/#primaryimage","url":"","contentUrl":""},{"@type":"BreadcrumbList","@id":"https:\/\/explora.cl\/maule\/escolares-presentaran-adelantos-tecnologicos-en-congresos-de-ciencias-provinciales\/#breadcrumb","itemListElement":[{"@type":"ListItem","position":1,"name":"Portada","item":"https:\/\/explora.cl\/maule\/"},{"@type":"ListItem","position":2,"name":"Escolares presentar\u00e1n adelantos tecnol\u00f3gicos en congresos provinciales de ciencia escolar"}]},{"@type":"WebSite","@id":"https:\/\/explora.cl\/maule\/#website","url":"https:\/\/explora.cl\/maule\/","name":"Maule","description":"Otro sitio m\u00e1s de explora.cl","potentialAction":[{"@type":"SearchAction","target":{"@type":"EntryPoint","urlTemplate":"https:\/\/explora.cl\/maule\/?s={search_term_string}"},"query-input":{"@type":"PropertyValueSpecification","valueRequired":true,"valueName":"search_term_string"}}],"inLanguage":"es-CL"},{"@type":"Person","@id":"https:\/\/explora.cl\/maule\/#\/schema\/person\/cb8349c13ea2d324080adf8480d7ba5d","name":"webman","image":{"@type":"ImageObject","inLanguage":"es-CL","@id":"https:\/\/explora.cl\/maule\/#\/schema\/person\/image\/","url":"https:\/\/secure.gravatar.com\/avatar\/eeff3c82f2c02f7177d13663b7e6f890e9a6a0647ce9bb29cae02dcb094c7312?s=96&d=mm&r=g","contentUrl":"https:\/\/secure.gravatar.com\/avatar\/eeff3c82f2c02f7177d13663b7e6f890e9a6a0647ce9bb29cae02dcb094c7312?s=96&d=mm&r=g","caption":"webman"},"url":"https:\/\/explora.cl\/maule\/author\/webman\/"}]}},"_links":{"self":[{"href":"https:\/\/explora.cl\/maule\/wp-json\/wp\/v2\/posts\/35320","targetHints":{"allow":["GET"]}}],"collection":[{"href":"https:\/\/explora.cl\/maule\/wp-json\/wp\/v2\/posts"}],"about":[{"href":"https:\/\/explora.cl\/maule\/wp-json\/wp\/v2\/types\/post"}],"author":[{"embeddable":true,"href":"https:\/\/explora.cl\/maule\/wp-json\/wp\/v2\/users\/2"}],"replies":[{"embeddable":true,"href":"https:\/\/explora.cl\/maule\/wp-json\/wp\/v2\/comments?post=35320"}],"version-history":[{"count":1,"href":"https:\/\/explora.cl\/maule\/wp-json\/wp\/v2\/posts\/35320\/revisions"}],"predecessor-version":[{"id":37549,"href":"https:\/\/explora.cl\/maule\/wp-json\/wp\/v2\/posts\/35320\/revisions\/37549"}],"wp:featuredmedia":[{"embeddable":true,"href":"https:\/\/explora.cl\/maule\/wp-json\/"}],"wp:attachment":[{"href":"https:\/\/explora.cl\/maule\/wp-json\/wp\/v2\/media?parent=35320"}],"wp:term":[{"taxonomy":"category","embeddable":true,"href":"https:\/\/explora.cl\/maule\/wp-json\/wp\/v2\/categories?post=35320"},{"taxonomy":"post_tag","embeddable":true,"href":"https:\/\/explora.cl\/maule\/wp-json\/wp\/v2\/tags?post=35320"}],"curies":[{"name":"wp","href":"https:\/\/api.w.org\/{rel}","templated":true}]}}