{"id":35191,"date":"2018-08-10T12:54:39","date_gmt":"2018-08-10T16:54:39","guid":{"rendered":"https:\/\/explora.cl\/blog\/2018\/08\/10\/celebra-el-mes-de-la-juventud-en-el-jardin-botanico-de-la-universidad-de\/"},"modified":"2019-05-20T18:14:52","modified_gmt":"2019-05-20T18:14:52","slug":"celebra-el-mes-de-la-juventud-en-el-jardin-botanico-de-la-universidad-de","status":"publish","type":"post","link":"https:\/\/explora.cl\/maule\/celebra-el-mes-de-la-juventud-en-el-jardin-botanico-de-la-universidad-de\/","title":{"rendered":"Celebra el Mes de la juventud en el Jard\u00edn Bot\u00e1nico UTALCA"},"content":{"rendered":"<p>&nbsp;<\/p>\n<p>&nbsp;<\/p>\n<p><img fetchpriority=\"high\" decoding=\"async\" class=\" size-full wp-image-35190\" src=\"https:\/\/explora.cl\/wp-content\/uploads\/2018\/08\/jardinbotanico2.jpg\" alt=\"jardinbotanico2\" width=\"2048\" height=\"1366\" \/>Una experiencia educativa imperdible para escolares de la Regi\u00f3n donde podr\u00e1n reforzar aprendizajes&nbsp; en un laboratorio natural. Inscripciones gratuitas en explora.cl\/maule &nbsp;<\/p>\n<p>Aprender sobre biodiversidad&nbsp; con visitas guiadas por el Jard\u00edn Bot\u00e1nicos y Arboretum UTalca es la invitaci\u00f3n que realizan el INJUV Maule y la Direcci\u00f3n de Responsabilidad Social Universitaria (RSU) de la Universidad de Talca, a los escolares del Maule para celebrar el Mes de la Juventud.<\/p>\n<p>Junto a Percy G\u00f3mez, Ec\u00f3logo Forestal e investigador del Jard\u00edn Bot\u00e1nico,&nbsp; los estudiantes podr\u00e1n recorrer senderos por las 7 hect\u00e1reas habilitadas del recinto, contemplar formaciones vegetales de nuestra zona, adem\u00e1s de flora chilena y extranjera.<\/p>\n<p>Otro de los atractivos del lugar, ser\u00e1 la interacci\u00f3n que realizar\u00e1n los participantes con los animales de la granja educativa del Jard\u00edn Bot\u00e1nico de la Universidad de Talca.<\/p>\n<p>La visitas guiadas por el laboratorio natural de la Universidad de Talca se realizar\u00e1n el 13, 14, 16 y 17 de agosto. Las delegaciones escolares interesadas en participar, deben inscribirse en explora.cl\/maule<\/p>\n<p>&nbsp;<\/p>\n<p><a href=\"https:\/\/docs.google.com\/forms\/d\/e\/1FAIpQLSc25RYHS6_ZGUaJfki-aIN2M45m4BMu9X12C1sW1RYB7_A_gg\/viewform\"><strong>&nbsp;<\/strong><\/a><\/p>\n<p>&nbsp;<\/p>\n","protected":false},"excerpt":{"rendered":"<p>&nbsp; &nbsp; Una experiencia educativa imperdible para escolares de la Regi\u00f3n donde podr\u00e1n reforzar aprendizajes&nbsp; en un laboratorio natural. Inscripciones gratuitas en explora.cl\/maule &nbsp; Aprender sobre biodiversidad&nbsp; con visitas guiadas por el Jard\u00edn Bot\u00e1nicos y Arboretum UTalca es la invitaci\u00f3n que realizan el INJUV Maule y la Direcci\u00f3n de Responsabilidad Social Universitaria (RSU) de la [&hellip;]<\/p>\n","protected":false},"author":2,"featured_media":35190,"comment_status":"closed","ping_status":"open","sticky":false,"template":"","format":"standard","meta":{"_acf_changed":false,"_exactmetrics_skip_tracking":false,"_exactmetrics_sitenote_active":false,"_exactmetrics_sitenote_note":"","_exactmetrics_sitenote_category":0,"footnotes":"","_links_to":"","_links_to_target":""},"categories":[4],"tags":[],"class_list":["post-35191","post","type-post","status-publish","format-standard","has-post-thumbnail","hentry","category-noticias"],"acf":[],"yoast_head":"<!-- This site is optimized with the Yoast SEO plugin v26.9 - https:\/\/yoast.com\/product\/yoast-seo-wordpress\/ -->\n<title>Celebra el Mes de la juventud en el Jard\u00edn Bot\u00e1nico UTALCA - Maule<\/title>\n<meta name=\"robots\" content=\"index, follow, max-snippet:-1, max-image-preview:large, max-video-preview:-1\" \/>\n<link rel=\"canonical\" href=\"https:\/\/explora.cl\/maule\/celebra-el-mes-de-la-juventud-en-el-jardin-botanico-de-la-universidad-de\/\" class=\"yoast-seo-meta-tag\" \/>\n<meta property=\"og:locale\" content=\"es_ES\" class=\"yoast-seo-meta-tag\" \/>\n<meta property=\"og:type\" content=\"article\" class=\"yoast-seo-meta-tag\" \/>\n<meta property=\"og:title\" content=\"Celebra el Mes de la juventud en el Jard\u00edn Bot\u00e1nico UTALCA - Maule\" class=\"yoast-seo-meta-tag\" \/>\n<meta property=\"og:description\" content=\"&nbsp; &nbsp; Una experiencia educativa imperdible para escolares de la Regi\u00f3n donde podr\u00e1n reforzar aprendizajes&nbsp; en un laboratorio natural. Inscripciones gratuitas en explora.cl\/maule &nbsp; Aprender sobre biodiversidad&nbsp; con visitas guiadas por el Jard\u00edn Bot\u00e1nicos y Arboretum UTalca es la invitaci\u00f3n que realizan el INJUV Maule y la Direcci\u00f3n de Responsabilidad Social Universitaria (RSU) de la [&hellip;]\" class=\"yoast-seo-meta-tag\" \/>\n<meta property=\"og:url\" content=\"https:\/\/explora.cl\/maule\/celebra-el-mes-de-la-juventud-en-el-jardin-botanico-de-la-universidad-de\/\" class=\"yoast-seo-meta-tag\" \/>\n<meta property=\"og:site_name\" content=\"Maule\" class=\"yoast-seo-meta-tag\" \/>\n<meta property=\"article:published_time\" content=\"2018-08-10T16:54:39+00:00\" class=\"yoast-seo-meta-tag\" \/>\n<meta property=\"article:modified_time\" content=\"2019-05-20T18:14:52+00:00\" class=\"yoast-seo-meta-tag\" \/>\n<meta name=\"author\" content=\"webman\" class=\"yoast-seo-meta-tag\" \/>\n<meta name=\"twitter:card\" content=\"summary_large_image\" class=\"yoast-seo-meta-tag\" \/>\n<meta name=\"twitter:label1\" content=\"Escrito por\" class=\"yoast-seo-meta-tag\" \/>\n\t<meta name=\"twitter:data1\" content=\"webman\" class=\"yoast-seo-meta-tag\" \/>\n\t<meta name=\"twitter:label2\" content=\"Tiempo estimado de lectura\" class=\"yoast-seo-meta-tag\" \/>\n\t<meta name=\"twitter:data2\" content=\"1 minuto\" class=\"yoast-seo-meta-tag\" \/>\n<script type=\"application\/ld+json\" class=\"yoast-schema-graph\">{\"@context\":\"https:\/\/schema.org\",\"@graph\":[{\"@type\":\"Article\",\"@id\":\"https:\/\/explora.cl\/maule\/celebra-el-mes-de-la-juventud-en-el-jardin-botanico-de-la-universidad-de\/#article\",\"isPartOf\":{\"@id\":\"https:\/\/explora.cl\/maule\/celebra-el-mes-de-la-juventud-en-el-jardin-botanico-de-la-universidad-de\/\"},\"author\":{\"name\":\"webman\",\"@id\":\"https:\/\/explora.cl\/maule\/#\/schema\/person\/cb8349c13ea2d324080adf8480d7ba5d\"},\"headline\":\"Celebra el Mes de la juventud en el Jard\u00edn Bot\u00e1nico UTALCA\",\"datePublished\":\"2018-08-10T16:54:39+00:00\",\"dateModified\":\"2019-05-20T18:14:52+00:00\",\"mainEntityOfPage\":{\"@id\":\"https:\/\/explora.cl\/maule\/celebra-el-mes-de-la-juventud-en-el-jardin-botanico-de-la-universidad-de\/\"},\"wordCount\":201,\"image\":{\"@id\":\"https:\/\/explora.cl\/maule\/celebra-el-mes-de-la-juventud-en-el-jardin-botanico-de-la-universidad-de\/#primaryimage\"},\"thumbnailUrl\":\"\",\"articleSection\":[\"Noticias\"],\"inLanguage\":\"es-CL\"},{\"@type\":\"WebPage\",\"@id\":\"https:\/\/explora.cl\/maule\/celebra-el-mes-de-la-juventud-en-el-jardin-botanico-de-la-universidad-de\/\",\"url\":\"https:\/\/explora.cl\/maule\/celebra-el-mes-de-la-juventud-en-el-jardin-botanico-de-la-universidad-de\/\",\"name\":\"Celebra el Mes de la juventud en el Jard\u00edn Bot\u00e1nico UTALCA - Maule\",\"isPartOf\":{\"@id\":\"https:\/\/explora.cl\/maule\/#website\"},\"primaryImageOfPage\":{\"@id\":\"https:\/\/explora.cl\/maule\/celebra-el-mes-de-la-juventud-en-el-jardin-botanico-de-la-universidad-de\/#primaryimage\"},\"image\":{\"@id\":\"https:\/\/explora.cl\/maule\/celebra-el-mes-de-la-juventud-en-el-jardin-botanico-de-la-universidad-de\/#primaryimage\"},\"thumbnailUrl\":\"\",\"datePublished\":\"2018-08-10T16:54:39+00:00\",\"dateModified\":\"2019-05-20T18:14:52+00:00\",\"author\":{\"@id\":\"https:\/\/explora.cl\/maule\/#\/schema\/person\/cb8349c13ea2d324080adf8480d7ba5d\"},\"breadcrumb\":{\"@id\":\"https:\/\/explora.cl\/maule\/celebra-el-mes-de-la-juventud-en-el-jardin-botanico-de-la-universidad-de\/#breadcrumb\"},\"inLanguage\":\"es-CL\",\"potentialAction\":[{\"@type\":\"ReadAction\",\"target\":[\"https:\/\/explora.cl\/maule\/celebra-el-mes-de-la-juventud-en-el-jardin-botanico-de-la-universidad-de\/\"]}]},{\"@type\":\"ImageObject\",\"inLanguage\":\"es-CL\",\"@id\":\"https:\/\/explora.cl\/maule\/celebra-el-mes-de-la-juventud-en-el-jardin-botanico-de-la-universidad-de\/#primaryimage\",\"url\":\"\",\"contentUrl\":\"\"},{\"@type\":\"BreadcrumbList\",\"@id\":\"https:\/\/explora.cl\/maule\/celebra-el-mes-de-la-juventud-en-el-jardin-botanico-de-la-universidad-de\/#breadcrumb\",\"itemListElement\":[{\"@type\":\"ListItem\",\"position\":1,\"name\":\"Portada\",\"item\":\"https:\/\/explora.cl\/maule\/\"},{\"@type\":\"ListItem\",\"position\":2,\"name\":\"Celebra el Mes de la juventud en el Jard\u00edn Bot\u00e1nico UTALCA\"}]},{\"@type\":\"WebSite\",\"@id\":\"https:\/\/explora.cl\/maule\/#website\",\"url\":\"https:\/\/explora.cl\/maule\/\",\"name\":\"Maule\",\"description\":\"Otro sitio m\u00e1s de explora.cl\",\"potentialAction\":[{\"@type\":\"SearchAction\",\"target\":{\"@type\":\"EntryPoint\",\"urlTemplate\":\"https:\/\/explora.cl\/maule\/?s={search_term_string}\"},\"query-input\":{\"@type\":\"PropertyValueSpecification\",\"valueRequired\":true,\"valueName\":\"search_term_string\"}}],\"inLanguage\":\"es-CL\"},{\"@type\":\"Person\",\"@id\":\"https:\/\/explora.cl\/maule\/#\/schema\/person\/cb8349c13ea2d324080adf8480d7ba5d\",\"name\":\"webman\",\"image\":{\"@type\":\"ImageObject\",\"inLanguage\":\"es-CL\",\"@id\":\"https:\/\/explora.cl\/maule\/#\/schema\/person\/image\/\",\"url\":\"https:\/\/secure.gravatar.com\/avatar\/eeff3c82f2c02f7177d13663b7e6f890e9a6a0647ce9bb29cae02dcb094c7312?s=96&d=mm&r=g\",\"contentUrl\":\"https:\/\/secure.gravatar.com\/avatar\/eeff3c82f2c02f7177d13663b7e6f890e9a6a0647ce9bb29cae02dcb094c7312?s=96&d=mm&r=g\",\"caption\":\"webman\"},\"url\":\"https:\/\/explora.cl\/maule\/author\/webman\/\"}]}<\/script>\n<!-- \/ Yoast SEO plugin. -->","yoast_head_json":{"title":"Celebra el Mes de la juventud en el Jard\u00edn Bot\u00e1nico UTALCA - Maule","robots":{"index":"index","follow":"follow","max-snippet":"max-snippet:-1","max-image-preview":"max-image-preview:large","max-video-preview":"max-video-preview:-1"},"canonical":"https:\/\/explora.cl\/maule\/celebra-el-mes-de-la-juventud-en-el-jardin-botanico-de-la-universidad-de\/","og_locale":"es_ES","og_type":"article","og_title":"Celebra el Mes de la juventud en el Jard\u00edn Bot\u00e1nico UTALCA - Maule","og_description":"&nbsp; &nbsp; Una experiencia educativa imperdible para escolares de la Regi\u00f3n donde podr\u00e1n reforzar aprendizajes&nbsp; en un laboratorio natural. Inscripciones gratuitas en explora.cl\/maule &nbsp; Aprender sobre biodiversidad&nbsp; con visitas guiadas por el Jard\u00edn Bot\u00e1nicos y Arboretum UTalca es la invitaci\u00f3n que realizan el INJUV Maule y la Direcci\u00f3n de Responsabilidad Social Universitaria (RSU) de la [&hellip;]","og_url":"https:\/\/explora.cl\/maule\/celebra-el-mes-de-la-juventud-en-el-jardin-botanico-de-la-universidad-de\/","og_site_name":"Maule","article_published_time":"2018-08-10T16:54:39+00:00","article_modified_time":"2019-05-20T18:14:52+00:00","author":"webman","twitter_card":"summary_large_image","twitter_misc":{"Escrito por":"webman","Tiempo estimado de lectura":"1 minuto"},"schema":{"@context":"https:\/\/schema.org","@graph":[{"@type":"Article","@id":"https:\/\/explora.cl\/maule\/celebra-el-mes-de-la-juventud-en-el-jardin-botanico-de-la-universidad-de\/#article","isPartOf":{"@id":"https:\/\/explora.cl\/maule\/celebra-el-mes-de-la-juventud-en-el-jardin-botanico-de-la-universidad-de\/"},"author":{"name":"webman","@id":"https:\/\/explora.cl\/maule\/#\/schema\/person\/cb8349c13ea2d324080adf8480d7ba5d"},"headline":"Celebra el Mes de la juventud en el Jard\u00edn Bot\u00e1nico UTALCA","datePublished":"2018-08-10T16:54:39+00:00","dateModified":"2019-05-20T18:14:52+00:00","mainEntityOfPage":{"@id":"https:\/\/explora.cl\/maule\/celebra-el-mes-de-la-juventud-en-el-jardin-botanico-de-la-universidad-de\/"},"wordCount":201,"image":{"@id":"https:\/\/explora.cl\/maule\/celebra-el-mes-de-la-juventud-en-el-jardin-botanico-de-la-universidad-de\/#primaryimage"},"thumbnailUrl":"","articleSection":["Noticias"],"inLanguage":"es-CL"},{"@type":"WebPage","@id":"https:\/\/explora.cl\/maule\/celebra-el-mes-de-la-juventud-en-el-jardin-botanico-de-la-universidad-de\/","url":"https:\/\/explora.cl\/maule\/celebra-el-mes-de-la-juventud-en-el-jardin-botanico-de-la-universidad-de\/","name":"Celebra el Mes de la juventud en el Jard\u00edn Bot\u00e1nico UTALCA - Maule","isPartOf":{"@id":"https:\/\/explora.cl\/maule\/#website"},"primaryImageOfPage":{"@id":"https:\/\/explora.cl\/maule\/celebra-el-mes-de-la-juventud-en-el-jardin-botanico-de-la-universidad-de\/#primaryimage"},"image":{"@id":"https:\/\/explora.cl\/maule\/celebra-el-mes-de-la-juventud-en-el-jardin-botanico-de-la-universidad-de\/#primaryimage"},"thumbnailUrl":"","datePublished":"2018-08-10T16:54:39+00:00","dateModified":"2019-05-20T18:14:52+00:00","author":{"@id":"https:\/\/explora.cl\/maule\/#\/schema\/person\/cb8349c13ea2d324080adf8480d7ba5d"},"breadcrumb":{"@id":"https:\/\/explora.cl\/maule\/celebra-el-mes-de-la-juventud-en-el-jardin-botanico-de-la-universidad-de\/#breadcrumb"},"inLanguage":"es-CL","potentialAction":[{"@type":"ReadAction","target":["https:\/\/explora.cl\/maule\/celebra-el-mes-de-la-juventud-en-el-jardin-botanico-de-la-universidad-de\/"]}]},{"@type":"ImageObject","inLanguage":"es-CL","@id":"https:\/\/explora.cl\/maule\/celebra-el-mes-de-la-juventud-en-el-jardin-botanico-de-la-universidad-de\/#primaryimage","url":"","contentUrl":""},{"@type":"BreadcrumbList","@id":"https:\/\/explora.cl\/maule\/celebra-el-mes-de-la-juventud-en-el-jardin-botanico-de-la-universidad-de\/#breadcrumb","itemListElement":[{"@type":"ListItem","position":1,"name":"Portada","item":"https:\/\/explora.cl\/maule\/"},{"@type":"ListItem","position":2,"name":"Celebra el Mes de la juventud en el Jard\u00edn Bot\u00e1nico UTALCA"}]},{"@type":"WebSite","@id":"https:\/\/explora.cl\/maule\/#website","url":"https:\/\/explora.cl\/maule\/","name":"Maule","description":"Otro sitio m\u00e1s de explora.cl","potentialAction":[{"@type":"SearchAction","target":{"@type":"EntryPoint","urlTemplate":"https:\/\/explora.cl\/maule\/?s={search_term_string}"},"query-input":{"@type":"PropertyValueSpecification","valueRequired":true,"valueName":"search_term_string"}}],"inLanguage":"es-CL"},{"@type":"Person","@id":"https:\/\/explora.cl\/maule\/#\/schema\/person\/cb8349c13ea2d324080adf8480d7ba5d","name":"webman","image":{"@type":"ImageObject","inLanguage":"es-CL","@id":"https:\/\/explora.cl\/maule\/#\/schema\/person\/image\/","url":"https:\/\/secure.gravatar.com\/avatar\/eeff3c82f2c02f7177d13663b7e6f890e9a6a0647ce9bb29cae02dcb094c7312?s=96&d=mm&r=g","contentUrl":"https:\/\/secure.gravatar.com\/avatar\/eeff3c82f2c02f7177d13663b7e6f890e9a6a0647ce9bb29cae02dcb094c7312?s=96&d=mm&r=g","caption":"webman"},"url":"https:\/\/explora.cl\/maule\/author\/webman\/"}]}},"_links":{"self":[{"href":"https:\/\/explora.cl\/maule\/wp-json\/wp\/v2\/posts\/35191","targetHints":{"allow":["GET"]}}],"collection":[{"href":"https:\/\/explora.cl\/maule\/wp-json\/wp\/v2\/posts"}],"about":[{"href":"https:\/\/explora.cl\/maule\/wp-json\/wp\/v2\/types\/post"}],"author":[{"embeddable":true,"href":"https:\/\/explora.cl\/maule\/wp-json\/wp\/v2\/users\/2"}],"replies":[{"embeddable":true,"href":"https:\/\/explora.cl\/maule\/wp-json\/wp\/v2\/comments?post=35191"}],"version-history":[{"count":1,"href":"https:\/\/explora.cl\/maule\/wp-json\/wp\/v2\/posts\/35191\/revisions"}],"predecessor-version":[{"id":37552,"href":"https:\/\/explora.cl\/maule\/wp-json\/wp\/v2\/posts\/35191\/revisions\/37552"}],"wp:featuredmedia":[{"embeddable":true,"href":"https:\/\/explora.cl\/maule\/wp-json\/"}],"wp:attachment":[{"href":"https:\/\/explora.cl\/maule\/wp-json\/wp\/v2\/media?parent=35191"}],"wp:term":[{"taxonomy":"category","embeddable":true,"href":"https:\/\/explora.cl\/maule\/wp-json\/wp\/v2\/categories?post=35191"},{"taxonomy":"post_tag","embeddable":true,"href":"https:\/\/explora.cl\/maule\/wp-json\/wp\/v2\/tags?post=35191"}],"curies":[{"name":"wp","href":"https:\/\/api.w.org\/{rel}","templated":true}]}}