{"id":34915,"date":"2018-07-25T21:59:10","date_gmt":"2018-07-26T01:59:10","guid":{"rendered":"https:\/\/explora.cl\/blog\/2018\/07\/25\/docentes-conversaran-sobre-divulgacion-cientifica-escolar\/"},"modified":"2019-05-20T18:14:54","modified_gmt":"2019-05-20T18:14:54","slug":"docentes-conversaran-sobre-divulgacion-cientifica-escolar","status":"publish","type":"post","link":"https:\/\/explora.cl\/maule\/docentes-conversaran-sobre-divulgacion-cientifica-escolar\/","title":{"rendered":"Docentes conversar\u00e1n sobre divulgaci\u00f3n cient\u00edfica escolar"},"content":{"rendered":"<p><img fetchpriority=\"high\" decoding=\"async\" class=\" size-full wp-image-34914\" src=\"https:\/\/explora.cl\/wp-content\/uploads\/2018\/07\/Reunion-Red-Territorial.jpg\" alt=\"Reunion Red Territorial\" width=\"1046\" height=\"523\" \/><\/p>\n<p><em>La actividad busca promover la ense\u00f1anza l\u00fadica de la ciencia y la tecnolog\u00eda en las salas de colegios del Maule<\/em><em>.<\/em><\/p>\n<p>Una oportunidad para que docentes y directivos de establecimientos educativos del Maule se re\u00fane a coordinar y co-crear acciones de ciencia y tecnolog\u00eda para escolares de pre k\u00ednder a cuarto a medio son las reuni\u00f3n de Red Territorial Maule Ciencia que organiza el PAR Explora de Conicyt Maule de la Universidad de Talca.<\/p>\n<p>La instancia colaborativa que se realiza desde hace 5 a\u00f1os en la regi\u00f3n, permite que profesores de ciencias y de diversas disciplinas se encuentren mensualmente con cient\u00edficos y profesionales de la Universidad de Talca, quienes dise\u00f1an actividades de educaci\u00f3n no formal&nbsp; alineados al curr\u00edculum nacional para apoyar los procesos educativos de los escolares maulinos.<\/p>\n<p>\u201cLa Red Maule Ciencia de Explora Maule responde a los nuevos procesos h\u00edbridos de trabajo colaborativo en este caso para generar innovaciones educativas o re pensar pr\u00e1cticas que realizamos en nuestras escuelas, que permitan mejorar los procesos de ense\u00f1aza y aprendizaje de los escolares del Maule\u201d, indic\u00f3 Iv\u00e1n Coydan, Vicerrector de Vinculaci\u00f3n con el Medio de la Universidad de Talca y director del PAR Explora de Conicyt Maule.<\/p>\n<p>En la jornada se realizar\u00e1 un taller de aprendizaje basado en proyecto (ABP), que ser\u00e1 dictado por Macarena C\u00e1ceres de la Vicerrectoria de Pregrado UTalca. El Aprendizaje Basado en Proyectos en una de las metodolog\u00edas que est\u00e1 revolucionando las aulas del Pa\u00eds, ya que permite que los escolares adquieran conocimiento a trav\u00e9s de la realizaci\u00f3n de proyectos que responden a una pregunta compleja.<\/p>\n<p>La cita se realizar\u00e1 el mi\u00e9rcoles 1 de agosto en el Auditorio de la Escuela de Medicina de la Universidad de Talca, y espera congregar a docentes de las 4 provincias de la Regi\u00f3n. Los docentes y directivos DAEM interesados en sumarse a la red territorial \u201cMaule Ciencia\u201d, se pueden informar de las actividades del PAR EXPLORA Maule en el sitio web: explora.cl\/maule<\/p>\n","protected":false},"excerpt":{"rendered":"<p>La actividad busca promover la ense\u00f1anza l\u00fadica de la ciencia y la tecnolog\u00eda en las salas de colegios del Maule. Una oportunidad para que docentes y directivos de establecimientos educativos del Maule se re\u00fane a coordinar y co-crear acciones de ciencia y tecnolog\u00eda para escolares de pre k\u00ednder a cuarto a medio son las reuni\u00f3n [&hellip;]<\/p>\n","protected":false},"author":2,"featured_media":34913,"comment_status":"closed","ping_status":"open","sticky":false,"template":"","format":"standard","meta":{"_acf_changed":false,"_exactmetrics_skip_tracking":false,"_exactmetrics_sitenote_active":false,"_exactmetrics_sitenote_note":"","_exactmetrics_sitenote_category":0,"footnotes":"","_links_to":"","_links_to_target":""},"categories":[4],"tags":[],"class_list":["post-34915","post","type-post","status-publish","format-standard","has-post-thumbnail","hentry","category-noticias"],"acf":[],"yoast_head":"<!-- This site is optimized with the Yoast SEO plugin v26.9 - https:\/\/yoast.com\/product\/yoast-seo-wordpress\/ -->\n<title>Docentes conversar\u00e1n sobre divulgaci\u00f3n cient\u00edfica escolar - Maule<\/title>\n<meta name=\"robots\" content=\"index, follow, max-snippet:-1, max-image-preview:large, max-video-preview:-1\" \/>\n<link rel=\"canonical\" href=\"https:\/\/explora.cl\/maule\/docentes-conversaran-sobre-divulgacion-cientifica-escolar\/\" class=\"yoast-seo-meta-tag\" \/>\n<meta property=\"og:locale\" content=\"es_ES\" class=\"yoast-seo-meta-tag\" \/>\n<meta property=\"og:type\" content=\"article\" class=\"yoast-seo-meta-tag\" \/>\n<meta property=\"og:title\" content=\"Docentes conversar\u00e1n sobre divulgaci\u00f3n cient\u00edfica escolar - Maule\" class=\"yoast-seo-meta-tag\" \/>\n<meta property=\"og:description\" content=\"La actividad busca promover la ense\u00f1anza l\u00fadica de la ciencia y la tecnolog\u00eda en las salas de colegios del Maule. Una oportunidad para que docentes y directivos de establecimientos educativos del Maule se re\u00fane a coordinar y co-crear acciones de ciencia y tecnolog\u00eda para escolares de pre k\u00ednder a cuarto a medio son las reuni\u00f3n [&hellip;]\" class=\"yoast-seo-meta-tag\" \/>\n<meta property=\"og:url\" content=\"https:\/\/explora.cl\/maule\/docentes-conversaran-sobre-divulgacion-cientifica-escolar\/\" class=\"yoast-seo-meta-tag\" \/>\n<meta property=\"og:site_name\" content=\"Maule\" class=\"yoast-seo-meta-tag\" \/>\n<meta property=\"article:published_time\" content=\"2018-07-26T01:59:10+00:00\" class=\"yoast-seo-meta-tag\" \/>\n<meta property=\"article:modified_time\" content=\"2019-05-20T18:14:54+00:00\" class=\"yoast-seo-meta-tag\" \/>\n<meta name=\"author\" content=\"webman\" class=\"yoast-seo-meta-tag\" \/>\n<meta name=\"twitter:card\" content=\"summary_large_image\" class=\"yoast-seo-meta-tag\" \/>\n<meta name=\"twitter:label1\" content=\"Escrito por\" class=\"yoast-seo-meta-tag\" \/>\n\t<meta name=\"twitter:data1\" content=\"webman\" class=\"yoast-seo-meta-tag\" \/>\n\t<meta name=\"twitter:label2\" content=\"Tiempo estimado de lectura\" class=\"yoast-seo-meta-tag\" \/>\n\t<meta name=\"twitter:data2\" content=\"2 minutos\" class=\"yoast-seo-meta-tag\" \/>\n<script type=\"application\/ld+json\" class=\"yoast-schema-graph\">{\"@context\":\"https:\/\/schema.org\",\"@graph\":[{\"@type\":\"Article\",\"@id\":\"https:\/\/explora.cl\/maule\/docentes-conversaran-sobre-divulgacion-cientifica-escolar\/#article\",\"isPartOf\":{\"@id\":\"https:\/\/explora.cl\/maule\/docentes-conversaran-sobre-divulgacion-cientifica-escolar\/\"},\"author\":{\"name\":\"webman\",\"@id\":\"https:\/\/explora.cl\/maule\/#\/schema\/person\/cb8349c13ea2d324080adf8480d7ba5d\"},\"headline\":\"Docentes conversar\u00e1n sobre divulgaci\u00f3n cient\u00edfica escolar\",\"datePublished\":\"2018-07-26T01:59:10+00:00\",\"dateModified\":\"2019-05-20T18:14:54+00:00\",\"mainEntityOfPage\":{\"@id\":\"https:\/\/explora.cl\/maule\/docentes-conversaran-sobre-divulgacion-cientifica-escolar\/\"},\"wordCount\":355,\"image\":{\"@id\":\"https:\/\/explora.cl\/maule\/docentes-conversaran-sobre-divulgacion-cientifica-escolar\/#primaryimage\"},\"thumbnailUrl\":\"\",\"articleSection\":[\"Noticias\"],\"inLanguage\":\"es-CL\"},{\"@type\":\"WebPage\",\"@id\":\"https:\/\/explora.cl\/maule\/docentes-conversaran-sobre-divulgacion-cientifica-escolar\/\",\"url\":\"https:\/\/explora.cl\/maule\/docentes-conversaran-sobre-divulgacion-cientifica-escolar\/\",\"name\":\"Docentes conversar\u00e1n sobre divulgaci\u00f3n cient\u00edfica escolar - Maule\",\"isPartOf\":{\"@id\":\"https:\/\/explora.cl\/maule\/#website\"},\"primaryImageOfPage\":{\"@id\":\"https:\/\/explora.cl\/maule\/docentes-conversaran-sobre-divulgacion-cientifica-escolar\/#primaryimage\"},\"image\":{\"@id\":\"https:\/\/explora.cl\/maule\/docentes-conversaran-sobre-divulgacion-cientifica-escolar\/#primaryimage\"},\"thumbnailUrl\":\"\",\"datePublished\":\"2018-07-26T01:59:10+00:00\",\"dateModified\":\"2019-05-20T18:14:54+00:00\",\"author\":{\"@id\":\"https:\/\/explora.cl\/maule\/#\/schema\/person\/cb8349c13ea2d324080adf8480d7ba5d\"},\"breadcrumb\":{\"@id\":\"https:\/\/explora.cl\/maule\/docentes-conversaran-sobre-divulgacion-cientifica-escolar\/#breadcrumb\"},\"inLanguage\":\"es-CL\",\"potentialAction\":[{\"@type\":\"ReadAction\",\"target\":[\"https:\/\/explora.cl\/maule\/docentes-conversaran-sobre-divulgacion-cientifica-escolar\/\"]}]},{\"@type\":\"ImageObject\",\"inLanguage\":\"es-CL\",\"@id\":\"https:\/\/explora.cl\/maule\/docentes-conversaran-sobre-divulgacion-cientifica-escolar\/#primaryimage\",\"url\":\"\",\"contentUrl\":\"\"},{\"@type\":\"BreadcrumbList\",\"@id\":\"https:\/\/explora.cl\/maule\/docentes-conversaran-sobre-divulgacion-cientifica-escolar\/#breadcrumb\",\"itemListElement\":[{\"@type\":\"ListItem\",\"position\":1,\"name\":\"Portada\",\"item\":\"https:\/\/explora.cl\/maule\/\"},{\"@type\":\"ListItem\",\"position\":2,\"name\":\"Docentes conversar\u00e1n sobre divulgaci\u00f3n cient\u00edfica escolar\"}]},{\"@type\":\"WebSite\",\"@id\":\"https:\/\/explora.cl\/maule\/#website\",\"url\":\"https:\/\/explora.cl\/maule\/\",\"name\":\"Maule\",\"description\":\"Otro sitio m\u00e1s de explora.cl\",\"potentialAction\":[{\"@type\":\"SearchAction\",\"target\":{\"@type\":\"EntryPoint\",\"urlTemplate\":\"https:\/\/explora.cl\/maule\/?s={search_term_string}\"},\"query-input\":{\"@type\":\"PropertyValueSpecification\",\"valueRequired\":true,\"valueName\":\"search_term_string\"}}],\"inLanguage\":\"es-CL\"},{\"@type\":\"Person\",\"@id\":\"https:\/\/explora.cl\/maule\/#\/schema\/person\/cb8349c13ea2d324080adf8480d7ba5d\",\"name\":\"webman\",\"image\":{\"@type\":\"ImageObject\",\"inLanguage\":\"es-CL\",\"@id\":\"https:\/\/explora.cl\/maule\/#\/schema\/person\/image\/\",\"url\":\"https:\/\/secure.gravatar.com\/avatar\/eeff3c82f2c02f7177d13663b7e6f890e9a6a0647ce9bb29cae02dcb094c7312?s=96&d=mm&r=g\",\"contentUrl\":\"https:\/\/secure.gravatar.com\/avatar\/eeff3c82f2c02f7177d13663b7e6f890e9a6a0647ce9bb29cae02dcb094c7312?s=96&d=mm&r=g\",\"caption\":\"webman\"},\"url\":\"https:\/\/explora.cl\/maule\/author\/webman\/\"}]}<\/script>\n<!-- \/ Yoast SEO plugin. -->","yoast_head_json":{"title":"Docentes conversar\u00e1n sobre divulgaci\u00f3n cient\u00edfica escolar - Maule","robots":{"index":"index","follow":"follow","max-snippet":"max-snippet:-1","max-image-preview":"max-image-preview:large","max-video-preview":"max-video-preview:-1"},"canonical":"https:\/\/explora.cl\/maule\/docentes-conversaran-sobre-divulgacion-cientifica-escolar\/","og_locale":"es_ES","og_type":"article","og_title":"Docentes conversar\u00e1n sobre divulgaci\u00f3n cient\u00edfica escolar - Maule","og_description":"La actividad busca promover la ense\u00f1anza l\u00fadica de la ciencia y la tecnolog\u00eda en las salas de colegios del Maule. Una oportunidad para que docentes y directivos de establecimientos educativos del Maule se re\u00fane a coordinar y co-crear acciones de ciencia y tecnolog\u00eda para escolares de pre k\u00ednder a cuarto a medio son las reuni\u00f3n [&hellip;]","og_url":"https:\/\/explora.cl\/maule\/docentes-conversaran-sobre-divulgacion-cientifica-escolar\/","og_site_name":"Maule","article_published_time":"2018-07-26T01:59:10+00:00","article_modified_time":"2019-05-20T18:14:54+00:00","author":"webman","twitter_card":"summary_large_image","twitter_misc":{"Escrito por":"webman","Tiempo estimado de lectura":"2 minutos"},"schema":{"@context":"https:\/\/schema.org","@graph":[{"@type":"Article","@id":"https:\/\/explora.cl\/maule\/docentes-conversaran-sobre-divulgacion-cientifica-escolar\/#article","isPartOf":{"@id":"https:\/\/explora.cl\/maule\/docentes-conversaran-sobre-divulgacion-cientifica-escolar\/"},"author":{"name":"webman","@id":"https:\/\/explora.cl\/maule\/#\/schema\/person\/cb8349c13ea2d324080adf8480d7ba5d"},"headline":"Docentes conversar\u00e1n sobre divulgaci\u00f3n cient\u00edfica escolar","datePublished":"2018-07-26T01:59:10+00:00","dateModified":"2019-05-20T18:14:54+00:00","mainEntityOfPage":{"@id":"https:\/\/explora.cl\/maule\/docentes-conversaran-sobre-divulgacion-cientifica-escolar\/"},"wordCount":355,"image":{"@id":"https:\/\/explora.cl\/maule\/docentes-conversaran-sobre-divulgacion-cientifica-escolar\/#primaryimage"},"thumbnailUrl":"","articleSection":["Noticias"],"inLanguage":"es-CL"},{"@type":"WebPage","@id":"https:\/\/explora.cl\/maule\/docentes-conversaran-sobre-divulgacion-cientifica-escolar\/","url":"https:\/\/explora.cl\/maule\/docentes-conversaran-sobre-divulgacion-cientifica-escolar\/","name":"Docentes conversar\u00e1n sobre divulgaci\u00f3n cient\u00edfica escolar - Maule","isPartOf":{"@id":"https:\/\/explora.cl\/maule\/#website"},"primaryImageOfPage":{"@id":"https:\/\/explora.cl\/maule\/docentes-conversaran-sobre-divulgacion-cientifica-escolar\/#primaryimage"},"image":{"@id":"https:\/\/explora.cl\/maule\/docentes-conversaran-sobre-divulgacion-cientifica-escolar\/#primaryimage"},"thumbnailUrl":"","datePublished":"2018-07-26T01:59:10+00:00","dateModified":"2019-05-20T18:14:54+00:00","author":{"@id":"https:\/\/explora.cl\/maule\/#\/schema\/person\/cb8349c13ea2d324080adf8480d7ba5d"},"breadcrumb":{"@id":"https:\/\/explora.cl\/maule\/docentes-conversaran-sobre-divulgacion-cientifica-escolar\/#breadcrumb"},"inLanguage":"es-CL","potentialAction":[{"@type":"ReadAction","target":["https:\/\/explora.cl\/maule\/docentes-conversaran-sobre-divulgacion-cientifica-escolar\/"]}]},{"@type":"ImageObject","inLanguage":"es-CL","@id":"https:\/\/explora.cl\/maule\/docentes-conversaran-sobre-divulgacion-cientifica-escolar\/#primaryimage","url":"","contentUrl":""},{"@type":"BreadcrumbList","@id":"https:\/\/explora.cl\/maule\/docentes-conversaran-sobre-divulgacion-cientifica-escolar\/#breadcrumb","itemListElement":[{"@type":"ListItem","position":1,"name":"Portada","item":"https:\/\/explora.cl\/maule\/"},{"@type":"ListItem","position":2,"name":"Docentes conversar\u00e1n sobre divulgaci\u00f3n cient\u00edfica escolar"}]},{"@type":"WebSite","@id":"https:\/\/explora.cl\/maule\/#website","url":"https:\/\/explora.cl\/maule\/","name":"Maule","description":"Otro sitio m\u00e1s de explora.cl","potentialAction":[{"@type":"SearchAction","target":{"@type":"EntryPoint","urlTemplate":"https:\/\/explora.cl\/maule\/?s={search_term_string}"},"query-input":{"@type":"PropertyValueSpecification","valueRequired":true,"valueName":"search_term_string"}}],"inLanguage":"es-CL"},{"@type":"Person","@id":"https:\/\/explora.cl\/maule\/#\/schema\/person\/cb8349c13ea2d324080adf8480d7ba5d","name":"webman","image":{"@type":"ImageObject","inLanguage":"es-CL","@id":"https:\/\/explora.cl\/maule\/#\/schema\/person\/image\/","url":"https:\/\/secure.gravatar.com\/avatar\/eeff3c82f2c02f7177d13663b7e6f890e9a6a0647ce9bb29cae02dcb094c7312?s=96&d=mm&r=g","contentUrl":"https:\/\/secure.gravatar.com\/avatar\/eeff3c82f2c02f7177d13663b7e6f890e9a6a0647ce9bb29cae02dcb094c7312?s=96&d=mm&r=g","caption":"webman"},"url":"https:\/\/explora.cl\/maule\/author\/webman\/"}]}},"_links":{"self":[{"href":"https:\/\/explora.cl\/maule\/wp-json\/wp\/v2\/posts\/34915","targetHints":{"allow":["GET"]}}],"collection":[{"href":"https:\/\/explora.cl\/maule\/wp-json\/wp\/v2\/posts"}],"about":[{"href":"https:\/\/explora.cl\/maule\/wp-json\/wp\/v2\/types\/post"}],"author":[{"embeddable":true,"href":"https:\/\/explora.cl\/maule\/wp-json\/wp\/v2\/users\/2"}],"replies":[{"embeddable":true,"href":"https:\/\/explora.cl\/maule\/wp-json\/wp\/v2\/comments?post=34915"}],"version-history":[{"count":1,"href":"https:\/\/explora.cl\/maule\/wp-json\/wp\/v2\/posts\/34915\/revisions"}],"predecessor-version":[{"id":37558,"href":"https:\/\/explora.cl\/maule\/wp-json\/wp\/v2\/posts\/34915\/revisions\/37558"}],"wp:featuredmedia":[{"embeddable":true,"href":"https:\/\/explora.cl\/maule\/wp-json\/"}],"wp:attachment":[{"href":"https:\/\/explora.cl\/maule\/wp-json\/wp\/v2\/media?parent=34915"}],"wp:term":[{"taxonomy":"category","embeddable":true,"href":"https:\/\/explora.cl\/maule\/wp-json\/wp\/v2\/categories?post=34915"},{"taxonomy":"post_tag","embeddable":true,"href":"https:\/\/explora.cl\/maule\/wp-json\/wp\/v2\/tags?post=34915"}],"curies":[{"name":"wp","href":"https:\/\/api.w.org\/{rel}","templated":true}]}}