{"id":34871,"date":"2018-07-23T17:22:31","date_gmt":"2018-07-23T21:22:31","guid":{"rendered":"https:\/\/explora.cl\/blog\/2018\/07\/23\/realizaran-talleres-para-postular-a-congresos-provinciales-de-ciencia\/"},"modified":"2019-05-20T18:14:54","modified_gmt":"2019-05-20T18:14:54","slug":"realizaran-talleres-para-postular-a-congresos-provinciales-de-ciencia","status":"publish","type":"post","link":"https:\/\/explora.cl\/maule\/realizaran-talleres-para-postular-a-congresos-provinciales-de-ciencia\/","title":{"rendered":"Realizar\u00e1n talleres para postular a congresos provinciales de ciencia"},"content":{"rendered":"<p><em><img fetchpriority=\"high\" decoding=\"async\" class=\" size-full wp-image-34870\" src=\"https:\/\/explora.cl\/wp-content\/uploads\/2018\/07\/30f98df9-9362-4746-a71d-41607c6c2c26.jpg\" alt=\"30f98df9 9362 4746 a71d 41607c6c2c26\" width=\"1200\" height=\"900\" \/>La jornada informativa est\u00e1 dirigida a profesores de segundo ciclo de educaci\u00f3n b\u00e1sica y de educaci\u00f3n media de la Regi\u00f3n Maule.<\/em><\/p>\n<p>\u00bfC\u00f3mo postular al Congreso Provincial de Ciencia Escolar? Es el nombre del taller donde profesionales del PAR Explora de Conicyt Maule de la Universidad de Talca ense\u00f1ar\u00e1n a escribir proyectos de investigaci\u00f3n escolar para presentarlos en los Congresos Provinciales de Ciencia Escolar, evento que invita a escolares de las provincias del Maule a generar proyectos de indagaci\u00f3n en el \u00e1rea de la ciencias naturales, sociales o desarrollos tecnol\u00f3gicos.<\/p>\n<p>El objetivo de estos encuentros informativos es que los docentes de educaci\u00f3n media y de segundo ciclo de educaci\u00f3n b\u00e1sica, interesados en participar junto a sus equipos de investigadores escolares pueden aclarar sus dudas respecto al proceso de postulaci\u00f3n a los congresos provinciales. Los talleres ser\u00e1n impartidos por Daniela Rivas y \u00c1lvaro M\u00fcller, profesionales del \u00e1rea de valoraci\u00f3n y divulgaci\u00f3n CyT de Explora Maule \/ RSU-UTalca.<\/p>\n<p>Las fechas, horarios y lugares de los talleres son los siguientes:<\/p>\n<p><strong>Talca: 30 de Julio \/ 15:00 Horas \/ Edifico RSU \u2013 Universidad de Talca, campus Talca<\/strong><\/p>\n<p><strong>Cauquenes: 31 de Julio \/ 10 Horas \/ Sal\u00f3n Gobernaci\u00f3n Provincial de Cauquenes<\/strong><\/p>\n<p><strong>Linares: 31 de Julio \/ 15:00 Horas \/ Pinacoteca Gobernaci\u00f3n Provincial de Linares<\/strong><\/p>\n<p><strong>Curic\u00f3: 3 de Agosto \/ 10:00 Horas \/ Centro de Extensi\u00f3n Universidad de Talca, Curic\u00f3<\/strong><\/p>\n<p>M\u00e1s informaci\u00f3n ingresando al sitio&nbsp;explora.cl\/maule<\/p>\n","protected":false},"excerpt":{"rendered":"<p>La jornada informativa est\u00e1 dirigida a profesores de segundo ciclo de educaci\u00f3n b\u00e1sica y de educaci\u00f3n media de la Regi\u00f3n Maule. \u00bfC\u00f3mo postular al Congreso Provincial de Ciencia Escolar? Es el nombre del taller donde profesionales del PAR Explora de Conicyt Maule de la Universidad de Talca ense\u00f1ar\u00e1n a escribir proyectos de investigaci\u00f3n escolar para [&hellip;]<\/p>\n","protected":false},"author":2,"featured_media":34869,"comment_status":"closed","ping_status":"open","sticky":false,"template":"","format":"standard","meta":{"_acf_changed":false,"_exactmetrics_skip_tracking":false,"_exactmetrics_sitenote_active":false,"_exactmetrics_sitenote_note":"","_exactmetrics_sitenote_category":0,"footnotes":"","_links_to":"","_links_to_target":""},"categories":[4],"tags":[],"class_list":["post-34871","post","type-post","status-publish","format-standard","has-post-thumbnail","hentry","category-noticias"],"acf":[],"yoast_head":"<!-- This site is optimized with the Yoast SEO plugin v26.9 - https:\/\/yoast.com\/product\/yoast-seo-wordpress\/ -->\n<title>Realizar\u00e1n talleres para postular a congresos provinciales de ciencia - Maule<\/title>\n<meta name=\"robots\" content=\"index, follow, max-snippet:-1, max-image-preview:large, max-video-preview:-1\" \/>\n<link rel=\"canonical\" href=\"https:\/\/explora.cl\/maule\/realizaran-talleres-para-postular-a-congresos-provinciales-de-ciencia\/\" class=\"yoast-seo-meta-tag\" \/>\n<meta property=\"og:locale\" content=\"es_ES\" class=\"yoast-seo-meta-tag\" \/>\n<meta property=\"og:type\" content=\"article\" class=\"yoast-seo-meta-tag\" \/>\n<meta property=\"og:title\" content=\"Realizar\u00e1n talleres para postular a congresos provinciales de ciencia - Maule\" class=\"yoast-seo-meta-tag\" \/>\n<meta property=\"og:description\" content=\"La jornada informativa est\u00e1 dirigida a profesores de segundo ciclo de educaci\u00f3n b\u00e1sica y de educaci\u00f3n media de la Regi\u00f3n Maule. \u00bfC\u00f3mo postular al Congreso Provincial de Ciencia Escolar? Es el nombre del taller donde profesionales del PAR Explora de Conicyt Maule de la Universidad de Talca ense\u00f1ar\u00e1n a escribir proyectos de investigaci\u00f3n escolar para [&hellip;]\" class=\"yoast-seo-meta-tag\" \/>\n<meta property=\"og:url\" content=\"https:\/\/explora.cl\/maule\/realizaran-talleres-para-postular-a-congresos-provinciales-de-ciencia\/\" class=\"yoast-seo-meta-tag\" \/>\n<meta property=\"og:site_name\" content=\"Maule\" class=\"yoast-seo-meta-tag\" \/>\n<meta property=\"article:published_time\" content=\"2018-07-23T21:22:31+00:00\" class=\"yoast-seo-meta-tag\" \/>\n<meta property=\"article:modified_time\" content=\"2019-05-20T18:14:54+00:00\" class=\"yoast-seo-meta-tag\" \/>\n<meta name=\"author\" content=\"webman\" class=\"yoast-seo-meta-tag\" \/>\n<meta name=\"twitter:card\" content=\"summary_large_image\" class=\"yoast-seo-meta-tag\" \/>\n<meta name=\"twitter:label1\" content=\"Escrito por\" class=\"yoast-seo-meta-tag\" \/>\n\t<meta name=\"twitter:data1\" content=\"webman\" class=\"yoast-seo-meta-tag\" \/>\n\t<meta name=\"twitter:label2\" content=\"Tiempo estimado de lectura\" class=\"yoast-seo-meta-tag\" \/>\n\t<meta name=\"twitter:data2\" content=\"1 minuto\" class=\"yoast-seo-meta-tag\" \/>\n<script type=\"application\/ld+json\" class=\"yoast-schema-graph\">{\"@context\":\"https:\/\/schema.org\",\"@graph\":[{\"@type\":\"Article\",\"@id\":\"https:\/\/explora.cl\/maule\/realizaran-talleres-para-postular-a-congresos-provinciales-de-ciencia\/#article\",\"isPartOf\":{\"@id\":\"https:\/\/explora.cl\/maule\/realizaran-talleres-para-postular-a-congresos-provinciales-de-ciencia\/\"},\"author\":{\"name\":\"webman\",\"@id\":\"https:\/\/explora.cl\/maule\/#\/schema\/person\/cb8349c13ea2d324080adf8480d7ba5d\"},\"headline\":\"Realizar\u00e1n talleres para postular a congresos provinciales de ciencia\",\"datePublished\":\"2018-07-23T21:22:31+00:00\",\"dateModified\":\"2019-05-20T18:14:54+00:00\",\"mainEntityOfPage\":{\"@id\":\"https:\/\/explora.cl\/maule\/realizaran-talleres-para-postular-a-congresos-provinciales-de-ciencia\/\"},\"wordCount\":248,\"image\":{\"@id\":\"https:\/\/explora.cl\/maule\/realizaran-talleres-para-postular-a-congresos-provinciales-de-ciencia\/#primaryimage\"},\"thumbnailUrl\":\"\",\"articleSection\":[\"Noticias\"],\"inLanguage\":\"es-CL\"},{\"@type\":\"WebPage\",\"@id\":\"https:\/\/explora.cl\/maule\/realizaran-talleres-para-postular-a-congresos-provinciales-de-ciencia\/\",\"url\":\"https:\/\/explora.cl\/maule\/realizaran-talleres-para-postular-a-congresos-provinciales-de-ciencia\/\",\"name\":\"Realizar\u00e1n talleres para postular a congresos provinciales de ciencia - Maule\",\"isPartOf\":{\"@id\":\"https:\/\/explora.cl\/maule\/#website\"},\"primaryImageOfPage\":{\"@id\":\"https:\/\/explora.cl\/maule\/realizaran-talleres-para-postular-a-congresos-provinciales-de-ciencia\/#primaryimage\"},\"image\":{\"@id\":\"https:\/\/explora.cl\/maule\/realizaran-talleres-para-postular-a-congresos-provinciales-de-ciencia\/#primaryimage\"},\"thumbnailUrl\":\"\",\"datePublished\":\"2018-07-23T21:22:31+00:00\",\"dateModified\":\"2019-05-20T18:14:54+00:00\",\"author\":{\"@id\":\"https:\/\/explora.cl\/maule\/#\/schema\/person\/cb8349c13ea2d324080adf8480d7ba5d\"},\"breadcrumb\":{\"@id\":\"https:\/\/explora.cl\/maule\/realizaran-talleres-para-postular-a-congresos-provinciales-de-ciencia\/#breadcrumb\"},\"inLanguage\":\"es-CL\",\"potentialAction\":[{\"@type\":\"ReadAction\",\"target\":[\"https:\/\/explora.cl\/maule\/realizaran-talleres-para-postular-a-congresos-provinciales-de-ciencia\/\"]}]},{\"@type\":\"ImageObject\",\"inLanguage\":\"es-CL\",\"@id\":\"https:\/\/explora.cl\/maule\/realizaran-talleres-para-postular-a-congresos-provinciales-de-ciencia\/#primaryimage\",\"url\":\"\",\"contentUrl\":\"\"},{\"@type\":\"BreadcrumbList\",\"@id\":\"https:\/\/explora.cl\/maule\/realizaran-talleres-para-postular-a-congresos-provinciales-de-ciencia\/#breadcrumb\",\"itemListElement\":[{\"@type\":\"ListItem\",\"position\":1,\"name\":\"Portada\",\"item\":\"https:\/\/explora.cl\/maule\/\"},{\"@type\":\"ListItem\",\"position\":2,\"name\":\"Realizar\u00e1n talleres para postular a congresos provinciales de ciencia\"}]},{\"@type\":\"WebSite\",\"@id\":\"https:\/\/explora.cl\/maule\/#website\",\"url\":\"https:\/\/explora.cl\/maule\/\",\"name\":\"Maule\",\"description\":\"Otro sitio m\u00e1s de explora.cl\",\"potentialAction\":[{\"@type\":\"SearchAction\",\"target\":{\"@type\":\"EntryPoint\",\"urlTemplate\":\"https:\/\/explora.cl\/maule\/?s={search_term_string}\"},\"query-input\":{\"@type\":\"PropertyValueSpecification\",\"valueRequired\":true,\"valueName\":\"search_term_string\"}}],\"inLanguage\":\"es-CL\"},{\"@type\":\"Person\",\"@id\":\"https:\/\/explora.cl\/maule\/#\/schema\/person\/cb8349c13ea2d324080adf8480d7ba5d\",\"name\":\"webman\",\"image\":{\"@type\":\"ImageObject\",\"inLanguage\":\"es-CL\",\"@id\":\"https:\/\/explora.cl\/maule\/#\/schema\/person\/image\/\",\"url\":\"https:\/\/secure.gravatar.com\/avatar\/eeff3c82f2c02f7177d13663b7e6f890e9a6a0647ce9bb29cae02dcb094c7312?s=96&d=mm&r=g\",\"contentUrl\":\"https:\/\/secure.gravatar.com\/avatar\/eeff3c82f2c02f7177d13663b7e6f890e9a6a0647ce9bb29cae02dcb094c7312?s=96&d=mm&r=g\",\"caption\":\"webman\"},\"url\":\"https:\/\/explora.cl\/maule\/author\/webman\/\"}]}<\/script>\n<!-- \/ Yoast SEO plugin. -->","yoast_head_json":{"title":"Realizar\u00e1n talleres para postular a congresos provinciales de ciencia - Maule","robots":{"index":"index","follow":"follow","max-snippet":"max-snippet:-1","max-image-preview":"max-image-preview:large","max-video-preview":"max-video-preview:-1"},"canonical":"https:\/\/explora.cl\/maule\/realizaran-talleres-para-postular-a-congresos-provinciales-de-ciencia\/","og_locale":"es_ES","og_type":"article","og_title":"Realizar\u00e1n talleres para postular a congresos provinciales de ciencia - Maule","og_description":"La jornada informativa est\u00e1 dirigida a profesores de segundo ciclo de educaci\u00f3n b\u00e1sica y de educaci\u00f3n media de la Regi\u00f3n Maule. \u00bfC\u00f3mo postular al Congreso Provincial de Ciencia Escolar? Es el nombre del taller donde profesionales del PAR Explora de Conicyt Maule de la Universidad de Talca ense\u00f1ar\u00e1n a escribir proyectos de investigaci\u00f3n escolar para [&hellip;]","og_url":"https:\/\/explora.cl\/maule\/realizaran-talleres-para-postular-a-congresos-provinciales-de-ciencia\/","og_site_name":"Maule","article_published_time":"2018-07-23T21:22:31+00:00","article_modified_time":"2019-05-20T18:14:54+00:00","author":"webman","twitter_card":"summary_large_image","twitter_misc":{"Escrito por":"webman","Tiempo estimado de lectura":"1 minuto"},"schema":{"@context":"https:\/\/schema.org","@graph":[{"@type":"Article","@id":"https:\/\/explora.cl\/maule\/realizaran-talleres-para-postular-a-congresos-provinciales-de-ciencia\/#article","isPartOf":{"@id":"https:\/\/explora.cl\/maule\/realizaran-talleres-para-postular-a-congresos-provinciales-de-ciencia\/"},"author":{"name":"webman","@id":"https:\/\/explora.cl\/maule\/#\/schema\/person\/cb8349c13ea2d324080adf8480d7ba5d"},"headline":"Realizar\u00e1n talleres para postular a congresos provinciales de ciencia","datePublished":"2018-07-23T21:22:31+00:00","dateModified":"2019-05-20T18:14:54+00:00","mainEntityOfPage":{"@id":"https:\/\/explora.cl\/maule\/realizaran-talleres-para-postular-a-congresos-provinciales-de-ciencia\/"},"wordCount":248,"image":{"@id":"https:\/\/explora.cl\/maule\/realizaran-talleres-para-postular-a-congresos-provinciales-de-ciencia\/#primaryimage"},"thumbnailUrl":"","articleSection":["Noticias"],"inLanguage":"es-CL"},{"@type":"WebPage","@id":"https:\/\/explora.cl\/maule\/realizaran-talleres-para-postular-a-congresos-provinciales-de-ciencia\/","url":"https:\/\/explora.cl\/maule\/realizaran-talleres-para-postular-a-congresos-provinciales-de-ciencia\/","name":"Realizar\u00e1n talleres para postular a congresos provinciales de ciencia - Maule","isPartOf":{"@id":"https:\/\/explora.cl\/maule\/#website"},"primaryImageOfPage":{"@id":"https:\/\/explora.cl\/maule\/realizaran-talleres-para-postular-a-congresos-provinciales-de-ciencia\/#primaryimage"},"image":{"@id":"https:\/\/explora.cl\/maule\/realizaran-talleres-para-postular-a-congresos-provinciales-de-ciencia\/#primaryimage"},"thumbnailUrl":"","datePublished":"2018-07-23T21:22:31+00:00","dateModified":"2019-05-20T18:14:54+00:00","author":{"@id":"https:\/\/explora.cl\/maule\/#\/schema\/person\/cb8349c13ea2d324080adf8480d7ba5d"},"breadcrumb":{"@id":"https:\/\/explora.cl\/maule\/realizaran-talleres-para-postular-a-congresos-provinciales-de-ciencia\/#breadcrumb"},"inLanguage":"es-CL","potentialAction":[{"@type":"ReadAction","target":["https:\/\/explora.cl\/maule\/realizaran-talleres-para-postular-a-congresos-provinciales-de-ciencia\/"]}]},{"@type":"ImageObject","inLanguage":"es-CL","@id":"https:\/\/explora.cl\/maule\/realizaran-talleres-para-postular-a-congresos-provinciales-de-ciencia\/#primaryimage","url":"","contentUrl":""},{"@type":"BreadcrumbList","@id":"https:\/\/explora.cl\/maule\/realizaran-talleres-para-postular-a-congresos-provinciales-de-ciencia\/#breadcrumb","itemListElement":[{"@type":"ListItem","position":1,"name":"Portada","item":"https:\/\/explora.cl\/maule\/"},{"@type":"ListItem","position":2,"name":"Realizar\u00e1n talleres para postular a congresos provinciales de ciencia"}]},{"@type":"WebSite","@id":"https:\/\/explora.cl\/maule\/#website","url":"https:\/\/explora.cl\/maule\/","name":"Maule","description":"Otro sitio m\u00e1s de explora.cl","potentialAction":[{"@type":"SearchAction","target":{"@type":"EntryPoint","urlTemplate":"https:\/\/explora.cl\/maule\/?s={search_term_string}"},"query-input":{"@type":"PropertyValueSpecification","valueRequired":true,"valueName":"search_term_string"}}],"inLanguage":"es-CL"},{"@type":"Person","@id":"https:\/\/explora.cl\/maule\/#\/schema\/person\/cb8349c13ea2d324080adf8480d7ba5d","name":"webman","image":{"@type":"ImageObject","inLanguage":"es-CL","@id":"https:\/\/explora.cl\/maule\/#\/schema\/person\/image\/","url":"https:\/\/secure.gravatar.com\/avatar\/eeff3c82f2c02f7177d13663b7e6f890e9a6a0647ce9bb29cae02dcb094c7312?s=96&d=mm&r=g","contentUrl":"https:\/\/secure.gravatar.com\/avatar\/eeff3c82f2c02f7177d13663b7e6f890e9a6a0647ce9bb29cae02dcb094c7312?s=96&d=mm&r=g","caption":"webman"},"url":"https:\/\/explora.cl\/maule\/author\/webman\/"}]}},"_links":{"self":[{"href":"https:\/\/explora.cl\/maule\/wp-json\/wp\/v2\/posts\/34871","targetHints":{"allow":["GET"]}}],"collection":[{"href":"https:\/\/explora.cl\/maule\/wp-json\/wp\/v2\/posts"}],"about":[{"href":"https:\/\/explora.cl\/maule\/wp-json\/wp\/v2\/types\/post"}],"author":[{"embeddable":true,"href":"https:\/\/explora.cl\/maule\/wp-json\/wp\/v2\/users\/2"}],"replies":[{"embeddable":true,"href":"https:\/\/explora.cl\/maule\/wp-json\/wp\/v2\/comments?post=34871"}],"version-history":[{"count":1,"href":"https:\/\/explora.cl\/maule\/wp-json\/wp\/v2\/posts\/34871\/revisions"}],"predecessor-version":[{"id":37559,"href":"https:\/\/explora.cl\/maule\/wp-json\/wp\/v2\/posts\/34871\/revisions\/37559"}],"wp:featuredmedia":[{"embeddable":true,"href":"https:\/\/explora.cl\/maule\/wp-json\/"}],"wp:attachment":[{"href":"https:\/\/explora.cl\/maule\/wp-json\/wp\/v2\/media?parent=34871"}],"wp:term":[{"taxonomy":"category","embeddable":true,"href":"https:\/\/explora.cl\/maule\/wp-json\/wp\/v2\/categories?post=34871"},{"taxonomy":"post_tag","embeddable":true,"href":"https:\/\/explora.cl\/maule\/wp-json\/wp\/v2\/tags?post=34871"}],"curies":[{"name":"wp","href":"https:\/\/api.w.org\/{rel}","templated":true}]}}