{"id":34725,"date":"2018-07-10T01:37:49","date_gmt":"2018-07-10T05:37:49","guid":{"rendered":"https:\/\/explora.cl\/blog\/2018\/07\/10\/grupos-de-teatro-escolar-se-preparan-para-presentarse-en-teatro-ciencia-2\/"},"modified":"2019-05-20T18:14:58","modified_gmt":"2019-05-20T18:14:58","slug":"grupos-de-teatro-escolar-se-preparan-para-presentarse-en-teatro-ciencia-2","status":"publish","type":"post","link":"https:\/\/explora.cl\/maule\/grupos-de-teatro-escolar-se-preparan-para-presentarse-en-teatro-ciencia-2\/","title":{"rendered":"Grupos de Teatro Escolar se preparan para presentarse en Teatro + Ciencia"},"content":{"rendered":"<p><em><img fetchpriority=\"high\" decoding=\"async\" class=\" size-full wp-image-34723\" src=\"https:\/\/explora.cl\/wp-content\/uploads\/2018\/07\/Teatro2017_2.jpg\" alt=\"Teatro2017 2\" width=\"3264\" height=\"2448\" \/>El tradicional evento cient\u00edfico art\u00edstico de Explora Maule se renueva en su quinta edici\u00f3n, remplazando la solemnidad de las tablas por el espacio p\u00fablico con el objetivo de acercar el conocimiento a la comunidad.<\/em><\/p>\n<p>Las ilusiones \u00f3pticas y su relaci\u00f3n con las percepciones erradas o mitos que se generan entorno al conocimiento cient\u00edfico. La importancia de las vacunas y sus controversias cient\u00edficas t\u00e9cnicas, la contaminaci\u00f3n en la modernidad y la vida de Marie Curie contextualizando con el rol actual de la mujer en las ciencias son las tem\u00e1ticas que preparan los grupos de teatro escolar que participar\u00e1n en la quinta edici\u00f3n de Teatro + Ciencia del PAR Explora de Conicyt Maule de la Universidad de Talca.<\/p>\n<p>Este a\u00f1o el tradicional experimento que utiliza el teatro para ense\u00f1ar y divulgar la ciencia tanto a los estudiantes como a la comunidad cambia de formato, resta el \u00e1mbito competitivo y se trasforma en un espect\u00e1culo de divulgaci\u00f3n cient\u00edfica que formar\u00e1 parte de Fiesta del Conocimiento y el pensamiento cr\u00edtico, que Explora Maule est\u00e1 preparando para celebrar la Semana Nacional de la Ciencia y la Tecnolog\u00eda, los pr\u00f3ximos 12 y 13 de octubre en la Plaza Las Heras de Talca.<\/p>\n<p>\u201cEntramos en una nueva etapa de Teato + Ciencia donde profundizamos el dispositivo tanto en el \u00e1rea pedag\u00f3gica en el aprendizaje de los procesos cient\u00edfico t\u00e9cnicos que los grupos de estudiantes presentan en sus obras como en la generaci\u00f3n de espect\u00e1culo p\u00fablico que irradie el conocimiento a la comunidad\u201d, se\u00f1al\u00f3 Iv\u00e1n Coydan, Director del PAR Explora de Conicyt Maule \/ UTalca.<\/p>\n<p>Los grupos de teatro escolar que se presentar\u00e1n en esta nueva edici\u00f3n de Teatro + Ciencia son el Colegio el Quillay de Curic\u00f3, el Liceo de Huala\u00f1\u00e9, Colegio San Esteban y Liceo Abate Molina, ambos de Talca. Estos establecimientos presentaron una pregunta cr\u00edtica que fueron seleccionadas por un comit\u00e9 cient\u00edfico art\u00edstico compuesto por personalidades de la cultura, las artes y las ciencias de la Regi\u00f3n.<\/p>\n<p>La direcci\u00f3n art\u00edstica del evento contin\u00faa a cargo de Beatriz Doizi, actriz y profesora de ciencias quien inici\u00f3 su trabajo de visita a los grupos de teatro, asesor\u00e1ndolos en direcci\u00f3n teatral y actoral. Adem\u00e1s este a\u00f1o, se re-incorpor\u00f3 la dramaturga, Daniela Contreras Bocic, quien trabaja en proceso de coescritura el guion dram\u00e1tico de los elencos. La Residencias cient\u00edficas ser\u00e1n lideradas Mar\u00eda del Pilar Caramant\u00edn y Walter Bussenius, acad\u00e9micos de la Universidad de Talca, quienes reforzar\u00e1n los contenidos cient\u00edficos y asesorar\u00e1n los experimentos que presentar\u00e1n los estudiantes en escena.<\/p>\n<p>Para el profesor Jos\u00e9 Bravo, director del elenco del Colegio el Quillay de Curic\u00f3, quienes participan por primera vez en el Teatro + Ciencia, descubri\u00f3 una instancia novedosa para motivar a los estudiantes para que desarrollen habilidades art\u00edsticas y cient\u00edficas de una forma entretenida.<\/p>\n<p>\u201cLos ni\u00f1os se han empoderado en su rol de investigadores y creadores pero sobre todo en la acci\u00f3n de divulgadores cient\u00edficos, ya que son m\u00e1s cr\u00edticos en la b\u00fasqueda de la informaci\u00f3n cient\u00edfica para construir el relato dram\u00e1tico, ya que tienen que presentar un obra donde aprenden y ense\u00f1an a la comunidad\u201d, explic\u00f3 Bravo.<\/p>\n<p>La quinta versi\u00f3n de Teatro + Ciencia de Explora Maule se realizar\u00e1 los pr\u00f3ximos 12 y 13 de octubre en Plaza Las Heras de Talca. Mayor informaci\u00f3n del evento en <a href=\"https:\/\/explora.cl\/maule\">explora.cl\/maule<\/a>&nbsp;<\/p>\n","protected":false},"excerpt":{"rendered":"<p>El tradicional evento cient\u00edfico art\u00edstico de Explora Maule se renueva en su quinta edici\u00f3n, remplazando la solemnidad de las tablas por el espacio p\u00fablico con el objetivo de acercar el conocimiento a la comunidad. Las ilusiones \u00f3pticas y su relaci\u00f3n con las percepciones erradas o mitos que se generan entorno al conocimiento cient\u00edfico. La importancia [&hellip;]<\/p>\n","protected":false},"author":2,"featured_media":34722,"comment_status":"closed","ping_status":"open","sticky":false,"template":"","format":"standard","meta":{"_acf_changed":false,"_exactmetrics_skip_tracking":false,"_exactmetrics_sitenote_active":false,"_exactmetrics_sitenote_note":"","_exactmetrics_sitenote_category":0,"footnotes":"","_links_to":"","_links_to_target":""},"categories":[4],"tags":[],"class_list":["post-34725","post","type-post","status-publish","format-standard","has-post-thumbnail","hentry","category-noticias"],"acf":[],"yoast_head":"<!-- This site is optimized with the Yoast SEO plugin v26.9 - https:\/\/yoast.com\/product\/yoast-seo-wordpress\/ -->\n<title>Grupos de Teatro Escolar se preparan para presentarse en Teatro + Ciencia - Maule<\/title>\n<meta name=\"robots\" content=\"index, follow, max-snippet:-1, max-image-preview:large, max-video-preview:-1\" \/>\n<link rel=\"canonical\" href=\"https:\/\/explora.cl\/maule\/grupos-de-teatro-escolar-se-preparan-para-presentarse-en-teatro-ciencia-2\/\" class=\"yoast-seo-meta-tag\" \/>\n<meta property=\"og:locale\" content=\"es_ES\" class=\"yoast-seo-meta-tag\" \/>\n<meta property=\"og:type\" content=\"article\" class=\"yoast-seo-meta-tag\" \/>\n<meta property=\"og:title\" content=\"Grupos de Teatro Escolar se preparan para presentarse en Teatro + Ciencia - Maule\" class=\"yoast-seo-meta-tag\" \/>\n<meta property=\"og:description\" content=\"El tradicional evento cient\u00edfico art\u00edstico de Explora Maule se renueva en su quinta edici\u00f3n, remplazando la solemnidad de las tablas por el espacio p\u00fablico con el objetivo de acercar el conocimiento a la comunidad. Las ilusiones \u00f3pticas y su relaci\u00f3n con las percepciones erradas o mitos que se generan entorno al conocimiento cient\u00edfico. La importancia [&hellip;]\" class=\"yoast-seo-meta-tag\" \/>\n<meta property=\"og:url\" content=\"https:\/\/explora.cl\/maule\/grupos-de-teatro-escolar-se-preparan-para-presentarse-en-teatro-ciencia-2\/\" class=\"yoast-seo-meta-tag\" \/>\n<meta property=\"og:site_name\" content=\"Maule\" class=\"yoast-seo-meta-tag\" \/>\n<meta property=\"article:published_time\" content=\"2018-07-10T05:37:49+00:00\" class=\"yoast-seo-meta-tag\" \/>\n<meta property=\"article:modified_time\" content=\"2019-05-20T18:14:58+00:00\" class=\"yoast-seo-meta-tag\" \/>\n<meta name=\"author\" content=\"webman\" class=\"yoast-seo-meta-tag\" \/>\n<meta name=\"twitter:card\" content=\"summary_large_image\" class=\"yoast-seo-meta-tag\" \/>\n<meta name=\"twitter:label1\" content=\"Escrito por\" class=\"yoast-seo-meta-tag\" \/>\n\t<meta name=\"twitter:data1\" content=\"webman\" class=\"yoast-seo-meta-tag\" \/>\n\t<meta name=\"twitter:label2\" content=\"Tiempo estimado de lectura\" class=\"yoast-seo-meta-tag\" \/>\n\t<meta name=\"twitter:data2\" content=\"3 minutos\" class=\"yoast-seo-meta-tag\" \/>\n<script type=\"application\/ld+json\" class=\"yoast-schema-graph\">{\"@context\":\"https:\/\/schema.org\",\"@graph\":[{\"@type\":\"Article\",\"@id\":\"https:\/\/explora.cl\/maule\/grupos-de-teatro-escolar-se-preparan-para-presentarse-en-teatro-ciencia-2\/#article\",\"isPartOf\":{\"@id\":\"https:\/\/explora.cl\/maule\/grupos-de-teatro-escolar-se-preparan-para-presentarse-en-teatro-ciencia-2\/\"},\"author\":{\"name\":\"webman\",\"@id\":\"https:\/\/explora.cl\/maule\/#\/schema\/person\/cb8349c13ea2d324080adf8480d7ba5d\"},\"headline\":\"Grupos de Teatro Escolar se preparan para presentarse en Teatro + Ciencia\",\"datePublished\":\"2018-07-10T05:37:49+00:00\",\"dateModified\":\"2019-05-20T18:14:58+00:00\",\"mainEntityOfPage\":{\"@id\":\"https:\/\/explora.cl\/maule\/grupos-de-teatro-escolar-se-preparan-para-presentarse-en-teatro-ciencia-2\/\"},\"wordCount\":609,\"image\":{\"@id\":\"https:\/\/explora.cl\/maule\/grupos-de-teatro-escolar-se-preparan-para-presentarse-en-teatro-ciencia-2\/#primaryimage\"},\"thumbnailUrl\":\"\",\"articleSection\":[\"Noticias\"],\"inLanguage\":\"es-CL\"},{\"@type\":\"WebPage\",\"@id\":\"https:\/\/explora.cl\/maule\/grupos-de-teatro-escolar-se-preparan-para-presentarse-en-teatro-ciencia-2\/\",\"url\":\"https:\/\/explora.cl\/maule\/grupos-de-teatro-escolar-se-preparan-para-presentarse-en-teatro-ciencia-2\/\",\"name\":\"Grupos de Teatro Escolar se preparan para presentarse en Teatro + Ciencia - Maule\",\"isPartOf\":{\"@id\":\"https:\/\/explora.cl\/maule\/#website\"},\"primaryImageOfPage\":{\"@id\":\"https:\/\/explora.cl\/maule\/grupos-de-teatro-escolar-se-preparan-para-presentarse-en-teatro-ciencia-2\/#primaryimage\"},\"image\":{\"@id\":\"https:\/\/explora.cl\/maule\/grupos-de-teatro-escolar-se-preparan-para-presentarse-en-teatro-ciencia-2\/#primaryimage\"},\"thumbnailUrl\":\"\",\"datePublished\":\"2018-07-10T05:37:49+00:00\",\"dateModified\":\"2019-05-20T18:14:58+00:00\",\"author\":{\"@id\":\"https:\/\/explora.cl\/maule\/#\/schema\/person\/cb8349c13ea2d324080adf8480d7ba5d\"},\"breadcrumb\":{\"@id\":\"https:\/\/explora.cl\/maule\/grupos-de-teatro-escolar-se-preparan-para-presentarse-en-teatro-ciencia-2\/#breadcrumb\"},\"inLanguage\":\"es-CL\",\"potentialAction\":[{\"@type\":\"ReadAction\",\"target\":[\"https:\/\/explora.cl\/maule\/grupos-de-teatro-escolar-se-preparan-para-presentarse-en-teatro-ciencia-2\/\"]}]},{\"@type\":\"ImageObject\",\"inLanguage\":\"es-CL\",\"@id\":\"https:\/\/explora.cl\/maule\/grupos-de-teatro-escolar-se-preparan-para-presentarse-en-teatro-ciencia-2\/#primaryimage\",\"url\":\"\",\"contentUrl\":\"\"},{\"@type\":\"BreadcrumbList\",\"@id\":\"https:\/\/explora.cl\/maule\/grupos-de-teatro-escolar-se-preparan-para-presentarse-en-teatro-ciencia-2\/#breadcrumb\",\"itemListElement\":[{\"@type\":\"ListItem\",\"position\":1,\"name\":\"Portada\",\"item\":\"https:\/\/explora.cl\/maule\/\"},{\"@type\":\"ListItem\",\"position\":2,\"name\":\"Grupos de Teatro Escolar se preparan para presentarse en Teatro + Ciencia\"}]},{\"@type\":\"WebSite\",\"@id\":\"https:\/\/explora.cl\/maule\/#website\",\"url\":\"https:\/\/explora.cl\/maule\/\",\"name\":\"Maule\",\"description\":\"Otro sitio m\u00e1s de explora.cl\",\"potentialAction\":[{\"@type\":\"SearchAction\",\"target\":{\"@type\":\"EntryPoint\",\"urlTemplate\":\"https:\/\/explora.cl\/maule\/?s={search_term_string}\"},\"query-input\":{\"@type\":\"PropertyValueSpecification\",\"valueRequired\":true,\"valueName\":\"search_term_string\"}}],\"inLanguage\":\"es-CL\"},{\"@type\":\"Person\",\"@id\":\"https:\/\/explora.cl\/maule\/#\/schema\/person\/cb8349c13ea2d324080adf8480d7ba5d\",\"name\":\"webman\",\"image\":{\"@type\":\"ImageObject\",\"inLanguage\":\"es-CL\",\"@id\":\"https:\/\/explora.cl\/maule\/#\/schema\/person\/image\/\",\"url\":\"https:\/\/secure.gravatar.com\/avatar\/eeff3c82f2c02f7177d13663b7e6f890e9a6a0647ce9bb29cae02dcb094c7312?s=96&d=mm&r=g\",\"contentUrl\":\"https:\/\/secure.gravatar.com\/avatar\/eeff3c82f2c02f7177d13663b7e6f890e9a6a0647ce9bb29cae02dcb094c7312?s=96&d=mm&r=g\",\"caption\":\"webman\"},\"url\":\"https:\/\/explora.cl\/maule\/author\/webman\/\"}]}<\/script>\n<!-- \/ Yoast SEO plugin. -->","yoast_head_json":{"title":"Grupos de Teatro Escolar se preparan para presentarse en Teatro + Ciencia - Maule","robots":{"index":"index","follow":"follow","max-snippet":"max-snippet:-1","max-image-preview":"max-image-preview:large","max-video-preview":"max-video-preview:-1"},"canonical":"https:\/\/explora.cl\/maule\/grupos-de-teatro-escolar-se-preparan-para-presentarse-en-teatro-ciencia-2\/","og_locale":"es_ES","og_type":"article","og_title":"Grupos de Teatro Escolar se preparan para presentarse en Teatro + Ciencia - Maule","og_description":"El tradicional evento cient\u00edfico art\u00edstico de Explora Maule se renueva en su quinta edici\u00f3n, remplazando la solemnidad de las tablas por el espacio p\u00fablico con el objetivo de acercar el conocimiento a la comunidad. Las ilusiones \u00f3pticas y su relaci\u00f3n con las percepciones erradas o mitos que se generan entorno al conocimiento cient\u00edfico. La importancia [&hellip;]","og_url":"https:\/\/explora.cl\/maule\/grupos-de-teatro-escolar-se-preparan-para-presentarse-en-teatro-ciencia-2\/","og_site_name":"Maule","article_published_time":"2018-07-10T05:37:49+00:00","article_modified_time":"2019-05-20T18:14:58+00:00","author":"webman","twitter_card":"summary_large_image","twitter_misc":{"Escrito por":"webman","Tiempo estimado de lectura":"3 minutos"},"schema":{"@context":"https:\/\/schema.org","@graph":[{"@type":"Article","@id":"https:\/\/explora.cl\/maule\/grupos-de-teatro-escolar-se-preparan-para-presentarse-en-teatro-ciencia-2\/#article","isPartOf":{"@id":"https:\/\/explora.cl\/maule\/grupos-de-teatro-escolar-se-preparan-para-presentarse-en-teatro-ciencia-2\/"},"author":{"name":"webman","@id":"https:\/\/explora.cl\/maule\/#\/schema\/person\/cb8349c13ea2d324080adf8480d7ba5d"},"headline":"Grupos de Teatro Escolar se preparan para presentarse en Teatro + Ciencia","datePublished":"2018-07-10T05:37:49+00:00","dateModified":"2019-05-20T18:14:58+00:00","mainEntityOfPage":{"@id":"https:\/\/explora.cl\/maule\/grupos-de-teatro-escolar-se-preparan-para-presentarse-en-teatro-ciencia-2\/"},"wordCount":609,"image":{"@id":"https:\/\/explora.cl\/maule\/grupos-de-teatro-escolar-se-preparan-para-presentarse-en-teatro-ciencia-2\/#primaryimage"},"thumbnailUrl":"","articleSection":["Noticias"],"inLanguage":"es-CL"},{"@type":"WebPage","@id":"https:\/\/explora.cl\/maule\/grupos-de-teatro-escolar-se-preparan-para-presentarse-en-teatro-ciencia-2\/","url":"https:\/\/explora.cl\/maule\/grupos-de-teatro-escolar-se-preparan-para-presentarse-en-teatro-ciencia-2\/","name":"Grupos de Teatro Escolar se preparan para presentarse en Teatro + Ciencia - Maule","isPartOf":{"@id":"https:\/\/explora.cl\/maule\/#website"},"primaryImageOfPage":{"@id":"https:\/\/explora.cl\/maule\/grupos-de-teatro-escolar-se-preparan-para-presentarse-en-teatro-ciencia-2\/#primaryimage"},"image":{"@id":"https:\/\/explora.cl\/maule\/grupos-de-teatro-escolar-se-preparan-para-presentarse-en-teatro-ciencia-2\/#primaryimage"},"thumbnailUrl":"","datePublished":"2018-07-10T05:37:49+00:00","dateModified":"2019-05-20T18:14:58+00:00","author":{"@id":"https:\/\/explora.cl\/maule\/#\/schema\/person\/cb8349c13ea2d324080adf8480d7ba5d"},"breadcrumb":{"@id":"https:\/\/explora.cl\/maule\/grupos-de-teatro-escolar-se-preparan-para-presentarse-en-teatro-ciencia-2\/#breadcrumb"},"inLanguage":"es-CL","potentialAction":[{"@type":"ReadAction","target":["https:\/\/explora.cl\/maule\/grupos-de-teatro-escolar-se-preparan-para-presentarse-en-teatro-ciencia-2\/"]}]},{"@type":"ImageObject","inLanguage":"es-CL","@id":"https:\/\/explora.cl\/maule\/grupos-de-teatro-escolar-se-preparan-para-presentarse-en-teatro-ciencia-2\/#primaryimage","url":"","contentUrl":""},{"@type":"BreadcrumbList","@id":"https:\/\/explora.cl\/maule\/grupos-de-teatro-escolar-se-preparan-para-presentarse-en-teatro-ciencia-2\/#breadcrumb","itemListElement":[{"@type":"ListItem","position":1,"name":"Portada","item":"https:\/\/explora.cl\/maule\/"},{"@type":"ListItem","position":2,"name":"Grupos de Teatro Escolar se preparan para presentarse en Teatro + Ciencia"}]},{"@type":"WebSite","@id":"https:\/\/explora.cl\/maule\/#website","url":"https:\/\/explora.cl\/maule\/","name":"Maule","description":"Otro sitio m\u00e1s de explora.cl","potentialAction":[{"@type":"SearchAction","target":{"@type":"EntryPoint","urlTemplate":"https:\/\/explora.cl\/maule\/?s={search_term_string}"},"query-input":{"@type":"PropertyValueSpecification","valueRequired":true,"valueName":"search_term_string"}}],"inLanguage":"es-CL"},{"@type":"Person","@id":"https:\/\/explora.cl\/maule\/#\/schema\/person\/cb8349c13ea2d324080adf8480d7ba5d","name":"webman","image":{"@type":"ImageObject","inLanguage":"es-CL","@id":"https:\/\/explora.cl\/maule\/#\/schema\/person\/image\/","url":"https:\/\/secure.gravatar.com\/avatar\/eeff3c82f2c02f7177d13663b7e6f890e9a6a0647ce9bb29cae02dcb094c7312?s=96&d=mm&r=g","contentUrl":"https:\/\/secure.gravatar.com\/avatar\/eeff3c82f2c02f7177d13663b7e6f890e9a6a0647ce9bb29cae02dcb094c7312?s=96&d=mm&r=g","caption":"webman"},"url":"https:\/\/explora.cl\/maule\/author\/webman\/"}]}},"_links":{"self":[{"href":"https:\/\/explora.cl\/maule\/wp-json\/wp\/v2\/posts\/34725","targetHints":{"allow":["GET"]}}],"collection":[{"href":"https:\/\/explora.cl\/maule\/wp-json\/wp\/v2\/posts"}],"about":[{"href":"https:\/\/explora.cl\/maule\/wp-json\/wp\/v2\/types\/post"}],"author":[{"embeddable":true,"href":"https:\/\/explora.cl\/maule\/wp-json\/wp\/v2\/users\/2"}],"replies":[{"embeddable":true,"href":"https:\/\/explora.cl\/maule\/wp-json\/wp\/v2\/comments?post=34725"}],"version-history":[{"count":1,"href":"https:\/\/explora.cl\/maule\/wp-json\/wp\/v2\/posts\/34725\/revisions"}],"predecessor-version":[{"id":37567,"href":"https:\/\/explora.cl\/maule\/wp-json\/wp\/v2\/posts\/34725\/revisions\/37567"}],"wp:featuredmedia":[{"embeddable":true,"href":"https:\/\/explora.cl\/maule\/wp-json\/"}],"wp:attachment":[{"href":"https:\/\/explora.cl\/maule\/wp-json\/wp\/v2\/media?parent=34725"}],"wp:term":[{"taxonomy":"category","embeddable":true,"href":"https:\/\/explora.cl\/maule\/wp-json\/wp\/v2\/categories?post=34725"},{"taxonomy":"post_tag","embeddable":true,"href":"https:\/\/explora.cl\/maule\/wp-json\/wp\/v2\/tags?post=34725"}],"curies":[{"name":"wp","href":"https:\/\/api.w.org\/{rel}","templated":true}]}}