{"id":34721,"date":"2018-07-10T01:25:53","date_gmt":"2018-07-10T05:25:53","guid":{"rendered":"https:\/\/explora.cl\/blog\/2018\/07\/10\/destacadas-cientificas-nacionales-motivaron-a-ninas-a-seguir-carreras-de-ciencias\/"},"modified":"2019-05-20T18:14:58","modified_gmt":"2019-05-20T18:14:58","slug":"destacadas-cientificas-nacionales-motivaron-a-ninas-a-seguir-carreras-de-ciencias","status":"publish","type":"post","link":"https:\/\/explora.cl\/maule\/destacadas-cientificas-nacionales-motivaron-a-ninas-a-seguir-carreras-de-ciencias\/","title":{"rendered":"Destacadas cient\u00edficas nacionales motivaron a ni\u00f1as a seguir carreras de ciencias"},"content":{"rendered":"<p><img fetchpriority=\"high\" decoding=\"async\" class=\" size-full wp-image-34720\" src=\"https:\/\/explora.cl\/wp-content\/uploads\/2018\/07\/Profe_Karin.jpg\" alt=\"Profe Karin\" width=\"1772\" height=\"1181\" \/><\/p>\n<p><em>Escolares de Talca y Curic\u00f3 compartieron con ingenieras e investigadoras quienes visibilizaron la importancia que tiene la participaci\u00f3n femenina a en el \u00e1rea de la ciencia y la tecnolog\u00eda, adem\u00e1s de instarlas a seguir vocaciones cient\u00edficas.<\/em><\/p>\n<p>Motivar a estudiantes de educaci\u00f3n media a que se entusiasmen y sigan vocaciones cient\u00edficas o tecnol\u00f3gicas fue uno de los objetivos del \u201cSpeed Dating\u201d que organiz\u00f3 la Facultad de Ingenier\u00eda dela Universidad de Talca junto a la Fundaci\u00f3n Inspiring Girls.<\/p>\n<p>En esta innovadora actividad, que por primera vez se realiz\u00f3 en Regiones, participaron cerca de 100 ni\u00f1as del Liceo Abate Molina de Talca y Zapallar de Curic\u00f3, quienes se reunieron en el Centro de Extensi\u00f3n de la Universidad de Talca con destacadas ingenieras e investigadoras a nivel nacional, quienes las motivaron a descubrir y seguir estudios en carreras relacionadas con las ingenier\u00edas, tecnolog\u00edas o ciencias.<\/p>\n<p>Una de las promotoras y quien lider\u00f3 la realizaci\u00f3n de este primer Speed Dating UTalca fue Karin Saavedra, acad\u00e9mica de la Facultad de Ingenier\u00eda UTalca y primera mujer en el Pa\u00eds en obtener el t\u00edtulo de Ingenier\u00eda Civil Aeroespacial. En cuanto a la motivaci\u00f3n por realizar este encuentro, la profesora Saavedra se\u00f1al\u00f3 que \u201cNecesitamos m\u00e1s mujeres en la ingenier\u00eda, porque hay muy pocas y necesitamos resolver problemas complejos que enfrenta la profesi\u00f3n hoy, porque somos capaces de hacer bien el trabajo, igual que los hombres\u201d.<\/p>\n<p>Entre las destacadas profesionales que compartieron con las estudiantes se encontraba Barbarita Lara, quien estos \u00faltimos d\u00edas fue reconocida con el premio \u201cMIT Technology Review: Innovadores menores de 35 a\u00f1os LATAM 2017\u201d por inventar el Sistema de Informaci\u00f3n Emergencia (SiE), una sencilla &#8216;app&#8217; con ondas de radio para enviar alertas a los ciudadanos en situaciones de emergencia que no depende de internet ni redes m\u00f3viles.<\/p>\n<p>\u201cCreo que con la ingenier\u00eda podemos cambiar y mejorar el mundo, por ello este tipo de encuentros es genial. Las ni\u00f1as no solo necesitan recursos, sino adem\u00e1s modelos a seguir, y por eso estamos justamente ac\u00e1. Hay muchas mujeres que est\u00e1n haciendo cosas buenas y no est\u00e1n siendo visibilizadas y eso hay que contarlo, comentarlo, distribuirlo\u201d, Se\u00f1al\u00f3 Lara.<\/p>\n<p>Para Javiera Roco, estudiante del Liceo Abate Molina de Talca, el encuentro fue muy gratificante ya que le permiti\u00f3 conocer y compartir con talentosas mujeres que sirven para inspiraci\u00f3n para continuar estudios relacionados con el \u00e1rea de las ingenier\u00edas.<\/p>\n<p>\u201cMe gust\u00f3 mucho la confianza que permite generar este tipo de encuentro con estas grandes ingenieras, me motiv\u00f3 e inspir\u00f3 para salir adelante, ellas son empoderadas y pueden llevar su vida laboral y familiar sin problemas, fue genial\u201d, coment\u00f3 Javiera.<\/p>\n<p>La iniciativa liderada por la Dra. Karin Saavedra, cont\u00f3 con el apoyo del PAR Explora de Conicyt Maule de la Vicerrectoria de Vinculaci\u00f3n con el Medio de la Universidad de Talca. Entidad que replicar\u00e1 la experiencia junto a Inspiring Girls y la profesora Saavedra en Talca junto a las ni\u00f1as que participan en las l\u00edneas de investigaci\u00f3n escolar de Explora Maule.<\/p>\n","protected":false},"excerpt":{"rendered":"<p>Escolares de Talca y Curic\u00f3 compartieron con ingenieras e investigadoras quienes visibilizaron la importancia que tiene la participaci\u00f3n femenina a en el \u00e1rea de la ciencia y la tecnolog\u00eda, adem\u00e1s de instarlas a seguir vocaciones cient\u00edficas. Motivar a estudiantes de educaci\u00f3n media a que se entusiasmen y sigan vocaciones cient\u00edficas o tecnol\u00f3gicas fue uno de [&hellip;]<\/p>\n","protected":false},"author":2,"featured_media":34719,"comment_status":"closed","ping_status":"open","sticky":false,"template":"","format":"standard","meta":{"_acf_changed":false,"_exactmetrics_skip_tracking":false,"_exactmetrics_sitenote_active":false,"_exactmetrics_sitenote_note":"","_exactmetrics_sitenote_category":0,"footnotes":"","_links_to":"","_links_to_target":""},"categories":[4],"tags":[],"class_list":["post-34721","post","type-post","status-publish","format-standard","has-post-thumbnail","hentry","category-noticias"],"acf":[],"yoast_head":"<!-- This site is optimized with the Yoast SEO plugin v26.9 - https:\/\/yoast.com\/product\/yoast-seo-wordpress\/ -->\n<title>Destacadas cient\u00edficas nacionales motivaron a ni\u00f1as a seguir carreras de ciencias - Maule<\/title>\n<meta name=\"robots\" content=\"index, follow, max-snippet:-1, max-image-preview:large, max-video-preview:-1\" \/>\n<link rel=\"canonical\" href=\"https:\/\/explora.cl\/maule\/destacadas-cientificas-nacionales-motivaron-a-ninas-a-seguir-carreras-de-ciencias\/\" class=\"yoast-seo-meta-tag\" \/>\n<meta property=\"og:locale\" content=\"es_ES\" class=\"yoast-seo-meta-tag\" \/>\n<meta property=\"og:type\" content=\"article\" class=\"yoast-seo-meta-tag\" \/>\n<meta property=\"og:title\" content=\"Destacadas cient\u00edficas nacionales motivaron a ni\u00f1as a seguir carreras de ciencias - Maule\" class=\"yoast-seo-meta-tag\" \/>\n<meta property=\"og:description\" content=\"Escolares de Talca y Curic\u00f3 compartieron con ingenieras e investigadoras quienes visibilizaron la importancia que tiene la participaci\u00f3n femenina a en el \u00e1rea de la ciencia y la tecnolog\u00eda, adem\u00e1s de instarlas a seguir vocaciones cient\u00edficas. Motivar a estudiantes de educaci\u00f3n media a que se entusiasmen y sigan vocaciones cient\u00edficas o tecnol\u00f3gicas fue uno de [&hellip;]\" class=\"yoast-seo-meta-tag\" \/>\n<meta property=\"og:url\" content=\"https:\/\/explora.cl\/maule\/destacadas-cientificas-nacionales-motivaron-a-ninas-a-seguir-carreras-de-ciencias\/\" class=\"yoast-seo-meta-tag\" \/>\n<meta property=\"og:site_name\" content=\"Maule\" class=\"yoast-seo-meta-tag\" \/>\n<meta property=\"article:published_time\" content=\"2018-07-10T05:25:53+00:00\" class=\"yoast-seo-meta-tag\" \/>\n<meta property=\"article:modified_time\" content=\"2019-05-20T18:14:58+00:00\" class=\"yoast-seo-meta-tag\" \/>\n<meta name=\"author\" content=\"webman\" class=\"yoast-seo-meta-tag\" \/>\n<meta name=\"twitter:card\" content=\"summary_large_image\" class=\"yoast-seo-meta-tag\" \/>\n<meta name=\"twitter:label1\" content=\"Escrito por\" class=\"yoast-seo-meta-tag\" \/>\n\t<meta name=\"twitter:data1\" content=\"webman\" class=\"yoast-seo-meta-tag\" \/>\n\t<meta name=\"twitter:label2\" content=\"Tiempo estimado de lectura\" class=\"yoast-seo-meta-tag\" \/>\n\t<meta name=\"twitter:data2\" content=\"3 minutos\" class=\"yoast-seo-meta-tag\" \/>\n<script type=\"application\/ld+json\" class=\"yoast-schema-graph\">{\"@context\":\"https:\/\/schema.org\",\"@graph\":[{\"@type\":\"Article\",\"@id\":\"https:\/\/explora.cl\/maule\/destacadas-cientificas-nacionales-motivaron-a-ninas-a-seguir-carreras-de-ciencias\/#article\",\"isPartOf\":{\"@id\":\"https:\/\/explora.cl\/maule\/destacadas-cientificas-nacionales-motivaron-a-ninas-a-seguir-carreras-de-ciencias\/\"},\"author\":{\"name\":\"webman\",\"@id\":\"https:\/\/explora.cl\/maule\/#\/schema\/person\/cb8349c13ea2d324080adf8480d7ba5d\"},\"headline\":\"Destacadas cient\u00edficas nacionales motivaron a ni\u00f1as a seguir carreras de ciencias\",\"datePublished\":\"2018-07-10T05:25:53+00:00\",\"dateModified\":\"2019-05-20T18:14:58+00:00\",\"mainEntityOfPage\":{\"@id\":\"https:\/\/explora.cl\/maule\/destacadas-cientificas-nacionales-motivaron-a-ninas-a-seguir-carreras-de-ciencias\/\"},\"wordCount\":539,\"image\":{\"@id\":\"https:\/\/explora.cl\/maule\/destacadas-cientificas-nacionales-motivaron-a-ninas-a-seguir-carreras-de-ciencias\/#primaryimage\"},\"thumbnailUrl\":\"\",\"articleSection\":[\"Noticias\"],\"inLanguage\":\"es-CL\"},{\"@type\":\"WebPage\",\"@id\":\"https:\/\/explora.cl\/maule\/destacadas-cientificas-nacionales-motivaron-a-ninas-a-seguir-carreras-de-ciencias\/\",\"url\":\"https:\/\/explora.cl\/maule\/destacadas-cientificas-nacionales-motivaron-a-ninas-a-seguir-carreras-de-ciencias\/\",\"name\":\"Destacadas cient\u00edficas nacionales motivaron a ni\u00f1as a seguir carreras de ciencias - Maule\",\"isPartOf\":{\"@id\":\"https:\/\/explora.cl\/maule\/#website\"},\"primaryImageOfPage\":{\"@id\":\"https:\/\/explora.cl\/maule\/destacadas-cientificas-nacionales-motivaron-a-ninas-a-seguir-carreras-de-ciencias\/#primaryimage\"},\"image\":{\"@id\":\"https:\/\/explora.cl\/maule\/destacadas-cientificas-nacionales-motivaron-a-ninas-a-seguir-carreras-de-ciencias\/#primaryimage\"},\"thumbnailUrl\":\"\",\"datePublished\":\"2018-07-10T05:25:53+00:00\",\"dateModified\":\"2019-05-20T18:14:58+00:00\",\"author\":{\"@id\":\"https:\/\/explora.cl\/maule\/#\/schema\/person\/cb8349c13ea2d324080adf8480d7ba5d\"},\"breadcrumb\":{\"@id\":\"https:\/\/explora.cl\/maule\/destacadas-cientificas-nacionales-motivaron-a-ninas-a-seguir-carreras-de-ciencias\/#breadcrumb\"},\"inLanguage\":\"es-CL\",\"potentialAction\":[{\"@type\":\"ReadAction\",\"target\":[\"https:\/\/explora.cl\/maule\/destacadas-cientificas-nacionales-motivaron-a-ninas-a-seguir-carreras-de-ciencias\/\"]}]},{\"@type\":\"ImageObject\",\"inLanguage\":\"es-CL\",\"@id\":\"https:\/\/explora.cl\/maule\/destacadas-cientificas-nacionales-motivaron-a-ninas-a-seguir-carreras-de-ciencias\/#primaryimage\",\"url\":\"\",\"contentUrl\":\"\"},{\"@type\":\"BreadcrumbList\",\"@id\":\"https:\/\/explora.cl\/maule\/destacadas-cientificas-nacionales-motivaron-a-ninas-a-seguir-carreras-de-ciencias\/#breadcrumb\",\"itemListElement\":[{\"@type\":\"ListItem\",\"position\":1,\"name\":\"Portada\",\"item\":\"https:\/\/explora.cl\/maule\/\"},{\"@type\":\"ListItem\",\"position\":2,\"name\":\"Destacadas cient\u00edficas nacionales motivaron a ni\u00f1as a seguir carreras de ciencias\"}]},{\"@type\":\"WebSite\",\"@id\":\"https:\/\/explora.cl\/maule\/#website\",\"url\":\"https:\/\/explora.cl\/maule\/\",\"name\":\"Maule\",\"description\":\"Otro sitio m\u00e1s de explora.cl\",\"potentialAction\":[{\"@type\":\"SearchAction\",\"target\":{\"@type\":\"EntryPoint\",\"urlTemplate\":\"https:\/\/explora.cl\/maule\/?s={search_term_string}\"},\"query-input\":{\"@type\":\"PropertyValueSpecification\",\"valueRequired\":true,\"valueName\":\"search_term_string\"}}],\"inLanguage\":\"es-CL\"},{\"@type\":\"Person\",\"@id\":\"https:\/\/explora.cl\/maule\/#\/schema\/person\/cb8349c13ea2d324080adf8480d7ba5d\",\"name\":\"webman\",\"image\":{\"@type\":\"ImageObject\",\"inLanguage\":\"es-CL\",\"@id\":\"https:\/\/explora.cl\/maule\/#\/schema\/person\/image\/\",\"url\":\"https:\/\/secure.gravatar.com\/avatar\/eeff3c82f2c02f7177d13663b7e6f890e9a6a0647ce9bb29cae02dcb094c7312?s=96&d=mm&r=g\",\"contentUrl\":\"https:\/\/secure.gravatar.com\/avatar\/eeff3c82f2c02f7177d13663b7e6f890e9a6a0647ce9bb29cae02dcb094c7312?s=96&d=mm&r=g\",\"caption\":\"webman\"},\"url\":\"https:\/\/explora.cl\/maule\/author\/webman\/\"}]}<\/script>\n<!-- \/ Yoast SEO plugin. -->","yoast_head_json":{"title":"Destacadas cient\u00edficas nacionales motivaron a ni\u00f1as a seguir carreras de ciencias - Maule","robots":{"index":"index","follow":"follow","max-snippet":"max-snippet:-1","max-image-preview":"max-image-preview:large","max-video-preview":"max-video-preview:-1"},"canonical":"https:\/\/explora.cl\/maule\/destacadas-cientificas-nacionales-motivaron-a-ninas-a-seguir-carreras-de-ciencias\/","og_locale":"es_ES","og_type":"article","og_title":"Destacadas cient\u00edficas nacionales motivaron a ni\u00f1as a seguir carreras de ciencias - Maule","og_description":"Escolares de Talca y Curic\u00f3 compartieron con ingenieras e investigadoras quienes visibilizaron la importancia que tiene la participaci\u00f3n femenina a en el \u00e1rea de la ciencia y la tecnolog\u00eda, adem\u00e1s de instarlas a seguir vocaciones cient\u00edficas. Motivar a estudiantes de educaci\u00f3n media a que se entusiasmen y sigan vocaciones cient\u00edficas o tecnol\u00f3gicas fue uno de [&hellip;]","og_url":"https:\/\/explora.cl\/maule\/destacadas-cientificas-nacionales-motivaron-a-ninas-a-seguir-carreras-de-ciencias\/","og_site_name":"Maule","article_published_time":"2018-07-10T05:25:53+00:00","article_modified_time":"2019-05-20T18:14:58+00:00","author":"webman","twitter_card":"summary_large_image","twitter_misc":{"Escrito por":"webman","Tiempo estimado de lectura":"3 minutos"},"schema":{"@context":"https:\/\/schema.org","@graph":[{"@type":"Article","@id":"https:\/\/explora.cl\/maule\/destacadas-cientificas-nacionales-motivaron-a-ninas-a-seguir-carreras-de-ciencias\/#article","isPartOf":{"@id":"https:\/\/explora.cl\/maule\/destacadas-cientificas-nacionales-motivaron-a-ninas-a-seguir-carreras-de-ciencias\/"},"author":{"name":"webman","@id":"https:\/\/explora.cl\/maule\/#\/schema\/person\/cb8349c13ea2d324080adf8480d7ba5d"},"headline":"Destacadas cient\u00edficas nacionales motivaron a ni\u00f1as a seguir carreras de ciencias","datePublished":"2018-07-10T05:25:53+00:00","dateModified":"2019-05-20T18:14:58+00:00","mainEntityOfPage":{"@id":"https:\/\/explora.cl\/maule\/destacadas-cientificas-nacionales-motivaron-a-ninas-a-seguir-carreras-de-ciencias\/"},"wordCount":539,"image":{"@id":"https:\/\/explora.cl\/maule\/destacadas-cientificas-nacionales-motivaron-a-ninas-a-seguir-carreras-de-ciencias\/#primaryimage"},"thumbnailUrl":"","articleSection":["Noticias"],"inLanguage":"es-CL"},{"@type":"WebPage","@id":"https:\/\/explora.cl\/maule\/destacadas-cientificas-nacionales-motivaron-a-ninas-a-seguir-carreras-de-ciencias\/","url":"https:\/\/explora.cl\/maule\/destacadas-cientificas-nacionales-motivaron-a-ninas-a-seguir-carreras-de-ciencias\/","name":"Destacadas cient\u00edficas nacionales motivaron a ni\u00f1as a seguir carreras de ciencias - Maule","isPartOf":{"@id":"https:\/\/explora.cl\/maule\/#website"},"primaryImageOfPage":{"@id":"https:\/\/explora.cl\/maule\/destacadas-cientificas-nacionales-motivaron-a-ninas-a-seguir-carreras-de-ciencias\/#primaryimage"},"image":{"@id":"https:\/\/explora.cl\/maule\/destacadas-cientificas-nacionales-motivaron-a-ninas-a-seguir-carreras-de-ciencias\/#primaryimage"},"thumbnailUrl":"","datePublished":"2018-07-10T05:25:53+00:00","dateModified":"2019-05-20T18:14:58+00:00","author":{"@id":"https:\/\/explora.cl\/maule\/#\/schema\/person\/cb8349c13ea2d324080adf8480d7ba5d"},"breadcrumb":{"@id":"https:\/\/explora.cl\/maule\/destacadas-cientificas-nacionales-motivaron-a-ninas-a-seguir-carreras-de-ciencias\/#breadcrumb"},"inLanguage":"es-CL","potentialAction":[{"@type":"ReadAction","target":["https:\/\/explora.cl\/maule\/destacadas-cientificas-nacionales-motivaron-a-ninas-a-seguir-carreras-de-ciencias\/"]}]},{"@type":"ImageObject","inLanguage":"es-CL","@id":"https:\/\/explora.cl\/maule\/destacadas-cientificas-nacionales-motivaron-a-ninas-a-seguir-carreras-de-ciencias\/#primaryimage","url":"","contentUrl":""},{"@type":"BreadcrumbList","@id":"https:\/\/explora.cl\/maule\/destacadas-cientificas-nacionales-motivaron-a-ninas-a-seguir-carreras-de-ciencias\/#breadcrumb","itemListElement":[{"@type":"ListItem","position":1,"name":"Portada","item":"https:\/\/explora.cl\/maule\/"},{"@type":"ListItem","position":2,"name":"Destacadas cient\u00edficas nacionales motivaron a ni\u00f1as a seguir carreras de ciencias"}]},{"@type":"WebSite","@id":"https:\/\/explora.cl\/maule\/#website","url":"https:\/\/explora.cl\/maule\/","name":"Maule","description":"Otro sitio m\u00e1s de explora.cl","potentialAction":[{"@type":"SearchAction","target":{"@type":"EntryPoint","urlTemplate":"https:\/\/explora.cl\/maule\/?s={search_term_string}"},"query-input":{"@type":"PropertyValueSpecification","valueRequired":true,"valueName":"search_term_string"}}],"inLanguage":"es-CL"},{"@type":"Person","@id":"https:\/\/explora.cl\/maule\/#\/schema\/person\/cb8349c13ea2d324080adf8480d7ba5d","name":"webman","image":{"@type":"ImageObject","inLanguage":"es-CL","@id":"https:\/\/explora.cl\/maule\/#\/schema\/person\/image\/","url":"https:\/\/secure.gravatar.com\/avatar\/eeff3c82f2c02f7177d13663b7e6f890e9a6a0647ce9bb29cae02dcb094c7312?s=96&d=mm&r=g","contentUrl":"https:\/\/secure.gravatar.com\/avatar\/eeff3c82f2c02f7177d13663b7e6f890e9a6a0647ce9bb29cae02dcb094c7312?s=96&d=mm&r=g","caption":"webman"},"url":"https:\/\/explora.cl\/maule\/author\/webman\/"}]}},"_links":{"self":[{"href":"https:\/\/explora.cl\/maule\/wp-json\/wp\/v2\/posts\/34721","targetHints":{"allow":["GET"]}}],"collection":[{"href":"https:\/\/explora.cl\/maule\/wp-json\/wp\/v2\/posts"}],"about":[{"href":"https:\/\/explora.cl\/maule\/wp-json\/wp\/v2\/types\/post"}],"author":[{"embeddable":true,"href":"https:\/\/explora.cl\/maule\/wp-json\/wp\/v2\/users\/2"}],"replies":[{"embeddable":true,"href":"https:\/\/explora.cl\/maule\/wp-json\/wp\/v2\/comments?post=34721"}],"version-history":[{"count":1,"href":"https:\/\/explora.cl\/maule\/wp-json\/wp\/v2\/posts\/34721\/revisions"}],"predecessor-version":[{"id":37568,"href":"https:\/\/explora.cl\/maule\/wp-json\/wp\/v2\/posts\/34721\/revisions\/37568"}],"wp:featuredmedia":[{"embeddable":true,"href":"https:\/\/explora.cl\/maule\/wp-json\/"}],"wp:attachment":[{"href":"https:\/\/explora.cl\/maule\/wp-json\/wp\/v2\/media?parent=34721"}],"wp:term":[{"taxonomy":"category","embeddable":true,"href":"https:\/\/explora.cl\/maule\/wp-json\/wp\/v2\/categories?post=34721"},{"taxonomy":"post_tag","embeddable":true,"href":"https:\/\/explora.cl\/maule\/wp-json\/wp\/v2\/tags?post=34721"}],"curies":[{"name":"wp","href":"https:\/\/api.w.org\/{rel}","templated":true}]}}