{"id":908,"date":"2018-03-26T00:00:00","date_gmt":"2018-03-26T04:00:00","guid":{"rendered":"https:\/\/explora.cl\/magallanes\/blog\/2018\/03\/26\/celebracion-por-el-dia-de-la-astronomia-en-magallanes-congrego-a-mas-de-200-ninos-y-jovenes-magallanicos\/"},"modified":"2019-05-20T21:34:34","modified_gmt":"2019-05-20T21:34:34","slug":"celebracion-por-el-dia-de-la-astronomia-en-magallanes-congrego-a-mas-de-200-ninos-y-jovenes-magallanicos","status":"publish","type":"post","link":"https:\/\/explora.cl\/magallanes\/celebracion-por-el-dia-de-la-astronomia-en-magallanes-congrego-a-mas-de-200-ninos-y-jovenes-magallanicos\/","title":{"rendered":"Celebraci\u00f3n por el D\u00eda de la Astronom\u00eda en Magallanes congreg\u00f3 a m\u00e1s de 200 ni\u00f1os y j\u00f3venes magall\u00e1nicos"},"content":{"rendered":"<p><img fetchpriority=\"high\" decoding=\"async\" class=\" size-full wp-image-30369\" src=\"http:\/\/ec2-54-245-22-188.us-west-2.compute.amazonaws.com\/wp-content\/uploads\/2018\/03\/DiaAstronomia-ok.jpg\" alt=\"\" width=\"4859\" height=\"3301\" \/><\/p>\n<p>En todo Chile se celebr\u00f3 el D\u00eda de la Astronom\u00eda (23 de marzo), y Magallanes no fue la excepci\u00f3n. Para esta oportunidad se tuvo el privilegio de contar con la presencia del astr\u00f3nomo de origen magall\u00e1nico y acad\u00e9mico del N\u00facleo de Astronom\u00eda de la Facultad de Ingenier\u00eda y Ciencias de la Universidad Diego Portales, Dr. Jos\u00e9 Luis Prieto, quien dict\u00f3 la charla &#8220;Una nueva ventana al Universo: de Einstein, LIGO (Laser Interferometer Gravitational-Wave Observatory) y ondas gravitacionales&#8221; en tres oportunidades: Primero se present\u00f3 ante 80 estudiantes de educaci\u00f3n media del Colegio Miguel de Cervantes, luego estuvo en el Auditorio Ernesto Livacic de la Universidad de Magallanes y finalmente en el Colegio Franc\u00e9s.<\/p>\n<p>Les cont\u00f3 a los asistentes sobre una forma nueva de ver el universo, las llamadas ondas gravitacionales, fen\u00f3meno f\u00edsico que fue descubierto te\u00f3ricamente por Einstein en 1916, y que en palabras simples, se refiere a las vibraciones del espacio-tiempo. \u201cLes habl\u00e9 sobre las ondas gravitacionales, y que ahora \u00faltimo hemos fabricado detectores, especialmente en Estados Unidos y en Europa, para detectar esta nueva forma de observar el universo, la que pensamos que se producen en objetos compactos como agujeros negros cuando se est\u00e1n fusionando. Entonces en la actualidad podemos estudiar por ejemplo: agujeros negros, que se fusionan y que chocan, adem\u00e1s de verlos con mucho detalle en el momento en el que ocurre, tambi\u00e9n estrellas de neutrones que se fusionan\u201d, explic\u00f3.<\/p>\n<p>Destac\u00f3 la grata acogida brindada por los escolares que asistieron a sus charlas, \u201cLa recepci\u00f3n fue espectacular, me encant\u00f3 que hicieran tantas preguntas, fue una instancia s\u00faper buena y me sorprendi\u00f3 bastante que estuvieran tan interesados. Yo creo que tiene que ver con el tema, los agujeros negros siempre despiertan el inter\u00e9s de los j\u00f3venes, que es muy bueno\u201d.<\/p>\n<p>De igual manera, valor\u00f3 la importancia de celebrar esta efem\u00e9ride: \u201cChile es un laboratorio natural para estudiar el Universo, en particular el norte del pa\u00eds, tenemos muchos observatorios internacionales, condiciones clim\u00e1ticas muy buenas, esto hace que sea una de las Ciencias con mayor potencial de desarrollo, y por lo tanto, celebrar el d\u00eda de la Astronom\u00eda en Chile tiene mucho sentido porque ayuda a divulgar la Ciencia, y que los chicos no solamente se interesen en lo que estamos haciendo en Astronom\u00eda, sino que despertar el inter\u00e9s de nuevos talentos para que estudien esta Ciencia\u201d. &nbsp;&nbsp;&nbsp;&nbsp;<\/p>\n","protected":false},"excerpt":{"rendered":"<p>En todo Chile se celebr\u00f3 el D\u00eda de la Astronom\u00eda (23 de marzo), y Magallanes no fue la excepci\u00f3n. Para esta oportunidad se tuvo el privilegio de contar con la presencia del astr\u00f3nomo de origen magall\u00e1nico y acad\u00e9mico del N\u00facleo de Astronom\u00eda de la Facultad de Ingenier\u00eda y Ciencias de la Universidad Diego Portales, Dr. [&hellip;]<\/p>\n","protected":false},"author":2,"featured_media":909,"comment_status":"open","ping_status":"open","sticky":false,"template":"","format":"standard","meta":{"_acf_changed":false,"_exactmetrics_skip_tracking":false,"_exactmetrics_sitenote_active":false,"_exactmetrics_sitenote_note":"","_exactmetrics_sitenote_category":0,"footnotes":"","_links_to":"","_links_to_target":""},"categories":[4],"tags":[],"class_list":["post-908","post","type-post","status-publish","format-standard","has-post-thumbnail","hentry","category-noticias"],"acf":[],"yoast_head":"<!-- This site is optimized with the Yoast SEO plugin v26.9 - https:\/\/yoast.com\/product\/yoast-seo-wordpress\/ -->\n<title>Celebraci\u00f3n por el D\u00eda de la Astronom\u00eda en Magallanes congreg\u00f3 a m\u00e1s de 200 ni\u00f1os y j\u00f3venes magall\u00e1nicos - Magallanes<\/title>\n<meta name=\"robots\" content=\"index, follow, max-snippet:-1, max-image-preview:large, max-video-preview:-1\" \/>\n<link rel=\"canonical\" href=\"https:\/\/explora.cl\/magallanes\/celebracion-por-el-dia-de-la-astronomia-en-magallanes-congrego-a-mas-de-200-ninos-y-jovenes-magallanicos\/\" class=\"yoast-seo-meta-tag\" \/>\n<meta property=\"og:locale\" content=\"es_ES\" class=\"yoast-seo-meta-tag\" \/>\n<meta property=\"og:type\" content=\"article\" class=\"yoast-seo-meta-tag\" \/>\n<meta property=\"og:title\" content=\"Celebraci\u00f3n por el D\u00eda de la Astronom\u00eda en Magallanes congreg\u00f3 a m\u00e1s de 200 ni\u00f1os y j\u00f3venes magall\u00e1nicos - Magallanes\" class=\"yoast-seo-meta-tag\" \/>\n<meta property=\"og:description\" content=\"En todo Chile se celebr\u00f3 el D\u00eda de la Astronom\u00eda (23 de marzo), y Magallanes no fue la excepci\u00f3n. Para esta oportunidad se tuvo el privilegio de contar con la presencia del astr\u00f3nomo de origen magall\u00e1nico y acad\u00e9mico del N\u00facleo de Astronom\u00eda de la Facultad de Ingenier\u00eda y Ciencias de la Universidad Diego Portales, Dr. [&hellip;]\" class=\"yoast-seo-meta-tag\" \/>\n<meta property=\"og:url\" content=\"https:\/\/explora.cl\/magallanes\/celebracion-por-el-dia-de-la-astronomia-en-magallanes-congrego-a-mas-de-200-ninos-y-jovenes-magallanicos\/\" class=\"yoast-seo-meta-tag\" \/>\n<meta property=\"og:site_name\" content=\"Magallanes\" class=\"yoast-seo-meta-tag\" \/>\n<meta property=\"article:published_time\" content=\"2018-03-26T04:00:00+00:00\" class=\"yoast-seo-meta-tag\" \/>\n<meta property=\"article:modified_time\" content=\"2019-05-20T21:34:34+00:00\" class=\"yoast-seo-meta-tag\" \/>\n<meta property=\"og:image\" content=\"https:\/\/explora.cl\/magallanes\/wp-content\/uploads\/sites\/19\/2018\/06\/DiaAstronomia-ok.jpg\" class=\"yoast-seo-meta-tag\" \/>\n\t<meta property=\"og:image:width\" content=\"2048\" class=\"yoast-seo-meta-tag\" \/>\n\t<meta property=\"og:image:height\" content=\"1391\" class=\"yoast-seo-meta-tag\" \/>\n\t<meta property=\"og:image:type\" content=\"image\/jpeg\" class=\"yoast-seo-meta-tag\" \/>\n<meta name=\"author\" content=\"webman\" class=\"yoast-seo-meta-tag\" \/>\n<meta name=\"twitter:card\" content=\"summary_large_image\" class=\"yoast-seo-meta-tag\" \/>\n<meta name=\"twitter:label1\" content=\"Escrito por\" class=\"yoast-seo-meta-tag\" \/>\n\t<meta name=\"twitter:data1\" content=\"webman\" class=\"yoast-seo-meta-tag\" \/>\n\t<meta name=\"twitter:label2\" content=\"Tiempo estimado de lectura\" class=\"yoast-seo-meta-tag\" \/>\n\t<meta name=\"twitter:data2\" content=\"2 minutos\" class=\"yoast-seo-meta-tag\" \/>\n<script type=\"application\/ld+json\" class=\"yoast-schema-graph\">{\"@context\":\"https:\/\/schema.org\",\"@graph\":[{\"@type\":\"Article\",\"@id\":\"https:\/\/explora.cl\/magallanes\/celebracion-por-el-dia-de-la-astronomia-en-magallanes-congrego-a-mas-de-200-ninos-y-jovenes-magallanicos\/#article\",\"isPartOf\":{\"@id\":\"https:\/\/explora.cl\/magallanes\/celebracion-por-el-dia-de-la-astronomia-en-magallanes-congrego-a-mas-de-200-ninos-y-jovenes-magallanicos\/\"},\"author\":{\"name\":\"webman\",\"@id\":\"https:\/\/explora.cl\/magallanes\/#\/schema\/person\/cb8349c13ea2d324080adf8480d7ba5d\"},\"headline\":\"Celebraci\u00f3n por el D\u00eda de la Astronom\u00eda en Magallanes congreg\u00f3 a m\u00e1s de 200 ni\u00f1os y j\u00f3venes magall\u00e1nicos\",\"datePublished\":\"2018-03-26T04:00:00+00:00\",\"dateModified\":\"2019-05-20T21:34:34+00:00\",\"mainEntityOfPage\":{\"@id\":\"https:\/\/explora.cl\/magallanes\/celebracion-por-el-dia-de-la-astronomia-en-magallanes-congrego-a-mas-de-200-ninos-y-jovenes-magallanicos\/\"},\"wordCount\":440,\"commentCount\":0,\"publisher\":{\"@id\":\"https:\/\/explora.cl\/magallanes\/#organization\"},\"image\":{\"@id\":\"https:\/\/explora.cl\/magallanes\/celebracion-por-el-dia-de-la-astronomia-en-magallanes-congrego-a-mas-de-200-ninos-y-jovenes-magallanicos\/#primaryimage\"},\"thumbnailUrl\":\"https:\/\/explora.cl\/magallanes\/wp-content\/uploads\/sites\/19\/2018\/06\/DiaAstronomia-ok.jpg\",\"articleSection\":[\"Noticias\"],\"inLanguage\":\"es-CL\",\"potentialAction\":[{\"@type\":\"CommentAction\",\"name\":\"Comment\",\"target\":[\"https:\/\/explora.cl\/magallanes\/celebracion-por-el-dia-de-la-astronomia-en-magallanes-congrego-a-mas-de-200-ninos-y-jovenes-magallanicos\/#respond\"]}]},{\"@type\":\"WebPage\",\"@id\":\"https:\/\/explora.cl\/magallanes\/celebracion-por-el-dia-de-la-astronomia-en-magallanes-congrego-a-mas-de-200-ninos-y-jovenes-magallanicos\/\",\"url\":\"https:\/\/explora.cl\/magallanes\/celebracion-por-el-dia-de-la-astronomia-en-magallanes-congrego-a-mas-de-200-ninos-y-jovenes-magallanicos\/\",\"name\":\"Celebraci\u00f3n por el D\u00eda de la Astronom\u00eda en Magallanes congreg\u00f3 a m\u00e1s de 200 ni\u00f1os y j\u00f3venes magall\u00e1nicos - Magallanes\",\"isPartOf\":{\"@id\":\"https:\/\/explora.cl\/magallanes\/#website\"},\"primaryImageOfPage\":{\"@id\":\"https:\/\/explora.cl\/magallanes\/celebracion-por-el-dia-de-la-astronomia-en-magallanes-congrego-a-mas-de-200-ninos-y-jovenes-magallanicos\/#primaryimage\"},\"image\":{\"@id\":\"https:\/\/explora.cl\/magallanes\/celebracion-por-el-dia-de-la-astronomia-en-magallanes-congrego-a-mas-de-200-ninos-y-jovenes-magallanicos\/#primaryimage\"},\"thumbnailUrl\":\"https:\/\/explora.cl\/magallanes\/wp-content\/uploads\/sites\/19\/2018\/06\/DiaAstronomia-ok.jpg\",\"datePublished\":\"2018-03-26T04:00:00+00:00\",\"dateModified\":\"2019-05-20T21:34:34+00:00\",\"breadcrumb\":{\"@id\":\"https:\/\/explora.cl\/magallanes\/celebracion-por-el-dia-de-la-astronomia-en-magallanes-congrego-a-mas-de-200-ninos-y-jovenes-magallanicos\/#breadcrumb\"},\"inLanguage\":\"es-CL\",\"potentialAction\":[{\"@type\":\"ReadAction\",\"target\":[\"https:\/\/explora.cl\/magallanes\/celebracion-por-el-dia-de-la-astronomia-en-magallanes-congrego-a-mas-de-200-ninos-y-jovenes-magallanicos\/\"]}]},{\"@type\":\"ImageObject\",\"inLanguage\":\"es-CL\",\"@id\":\"https:\/\/explora.cl\/magallanes\/celebracion-por-el-dia-de-la-astronomia-en-magallanes-congrego-a-mas-de-200-ninos-y-jovenes-magallanicos\/#primaryimage\",\"url\":\"https:\/\/explora.cl\/magallanes\/wp-content\/uploads\/sites\/19\/2018\/06\/DiaAstronomia-ok.jpg\",\"contentUrl\":\"https:\/\/explora.cl\/magallanes\/wp-content\/uploads\/sites\/19\/2018\/06\/DiaAstronomia-ok.jpg\",\"width\":2048,\"height\":1391},{\"@type\":\"BreadcrumbList\",\"@id\":\"https:\/\/explora.cl\/magallanes\/celebracion-por-el-dia-de-la-astronomia-en-magallanes-congrego-a-mas-de-200-ninos-y-jovenes-magallanicos\/#breadcrumb\",\"itemListElement\":[{\"@type\":\"ListItem\",\"position\":1,\"name\":\"Portada\",\"item\":\"https:\/\/explora.cl\/magallanes\/\"},{\"@type\":\"ListItem\",\"position\":2,\"name\":\"Celebraci\u00f3n por el D\u00eda de la Astronom\u00eda en Magallanes congreg\u00f3 a m\u00e1s de 200 ni\u00f1os y j\u00f3venes magall\u00e1nicos\"}]},{\"@type\":\"WebSite\",\"@id\":\"https:\/\/explora.cl\/magallanes\/#website\",\"url\":\"https:\/\/explora.cl\/magallanes\/\",\"name\":\"Magallanes\",\"description\":\"Otro sitio m\u00e1s de explora.cl\",\"publisher\":{\"@id\":\"https:\/\/explora.cl\/magallanes\/#organization\"},\"potentialAction\":[{\"@type\":\"SearchAction\",\"target\":{\"@type\":\"EntryPoint\",\"urlTemplate\":\"https:\/\/explora.cl\/magallanes\/?s={search_term_string}\"},\"query-input\":{\"@type\":\"PropertyValueSpecification\",\"valueRequired\":true,\"valueName\":\"search_term_string\"}}],\"inLanguage\":\"es-CL\"},{\"@type\":\"Organization\",\"@id\":\"https:\/\/explora.cl\/magallanes\/#organization\",\"name\":\"Magallanes\",\"url\":\"https:\/\/explora.cl\/magallanes\/\",\"logo\":{\"@type\":\"ImageObject\",\"inLanguage\":\"es-CL\",\"@id\":\"https:\/\/explora.cl\/magallanes\/#\/schema\/logo\/image\/\",\"url\":\"https:\/\/explora.cl\/magallanes\/wp-content\/uploads\/sites\/19\/2021\/06\/cropped-ICONO-COLOR-2.jpg\",\"contentUrl\":\"https:\/\/explora.cl\/magallanes\/wp-content\/uploads\/sites\/19\/2021\/06\/cropped-ICONO-COLOR-2.jpg\",\"width\":1181,\"height\":1181,\"caption\":\"Magallanes\"},\"image\":{\"@id\":\"https:\/\/explora.cl\/magallanes\/#\/schema\/logo\/image\/\"}},{\"@type\":\"Person\",\"@id\":\"https:\/\/explora.cl\/magallanes\/#\/schema\/person\/cb8349c13ea2d324080adf8480d7ba5d\",\"name\":\"webman\",\"image\":{\"@type\":\"ImageObject\",\"inLanguage\":\"es-CL\",\"@id\":\"https:\/\/explora.cl\/magallanes\/#\/schema\/person\/image\/\",\"url\":\"https:\/\/secure.gravatar.com\/avatar\/eeff3c82f2c02f7177d13663b7e6f890e9a6a0647ce9bb29cae02dcb094c7312?s=96&d=mm&r=g\",\"contentUrl\":\"https:\/\/secure.gravatar.com\/avatar\/eeff3c82f2c02f7177d13663b7e6f890e9a6a0647ce9bb29cae02dcb094c7312?s=96&d=mm&r=g\",\"caption\":\"webman\"},\"url\":\"https:\/\/explora.cl\/magallanes\/author\/webman\/\"}]}<\/script>\n<!-- \/ Yoast SEO plugin. -->","yoast_head_json":{"title":"Celebraci\u00f3n por el D\u00eda de la Astronom\u00eda en Magallanes congreg\u00f3 a m\u00e1s de 200 ni\u00f1os y j\u00f3venes magall\u00e1nicos - Magallanes","robots":{"index":"index","follow":"follow","max-snippet":"max-snippet:-1","max-image-preview":"max-image-preview:large","max-video-preview":"max-video-preview:-1"},"canonical":"https:\/\/explora.cl\/magallanes\/celebracion-por-el-dia-de-la-astronomia-en-magallanes-congrego-a-mas-de-200-ninos-y-jovenes-magallanicos\/","og_locale":"es_ES","og_type":"article","og_title":"Celebraci\u00f3n por el D\u00eda de la Astronom\u00eda en Magallanes congreg\u00f3 a m\u00e1s de 200 ni\u00f1os y j\u00f3venes magall\u00e1nicos - Magallanes","og_description":"En todo Chile se celebr\u00f3 el D\u00eda de la Astronom\u00eda (23 de marzo), y Magallanes no fue la excepci\u00f3n. Para esta oportunidad se tuvo el privilegio de contar con la presencia del astr\u00f3nomo de origen magall\u00e1nico y acad\u00e9mico del N\u00facleo de Astronom\u00eda de la Facultad de Ingenier\u00eda y Ciencias de la Universidad Diego Portales, Dr. [&hellip;]","og_url":"https:\/\/explora.cl\/magallanes\/celebracion-por-el-dia-de-la-astronomia-en-magallanes-congrego-a-mas-de-200-ninos-y-jovenes-magallanicos\/","og_site_name":"Magallanes","article_published_time":"2018-03-26T04:00:00+00:00","article_modified_time":"2019-05-20T21:34:34+00:00","og_image":[{"width":2048,"height":1391,"url":"https:\/\/explora.cl\/magallanes\/wp-content\/uploads\/sites\/19\/2018\/06\/DiaAstronomia-ok.jpg","type":"image\/jpeg"}],"author":"webman","twitter_card":"summary_large_image","twitter_misc":{"Escrito por":"webman","Tiempo estimado de lectura":"2 minutos"},"schema":{"@context":"https:\/\/schema.org","@graph":[{"@type":"Article","@id":"https:\/\/explora.cl\/magallanes\/celebracion-por-el-dia-de-la-astronomia-en-magallanes-congrego-a-mas-de-200-ninos-y-jovenes-magallanicos\/#article","isPartOf":{"@id":"https:\/\/explora.cl\/magallanes\/celebracion-por-el-dia-de-la-astronomia-en-magallanes-congrego-a-mas-de-200-ninos-y-jovenes-magallanicos\/"},"author":{"name":"webman","@id":"https:\/\/explora.cl\/magallanes\/#\/schema\/person\/cb8349c13ea2d324080adf8480d7ba5d"},"headline":"Celebraci\u00f3n por el D\u00eda de la Astronom\u00eda en Magallanes congreg\u00f3 a m\u00e1s de 200 ni\u00f1os y j\u00f3venes magall\u00e1nicos","datePublished":"2018-03-26T04:00:00+00:00","dateModified":"2019-05-20T21:34:34+00:00","mainEntityOfPage":{"@id":"https:\/\/explora.cl\/magallanes\/celebracion-por-el-dia-de-la-astronomia-en-magallanes-congrego-a-mas-de-200-ninos-y-jovenes-magallanicos\/"},"wordCount":440,"commentCount":0,"publisher":{"@id":"https:\/\/explora.cl\/magallanes\/#organization"},"image":{"@id":"https:\/\/explora.cl\/magallanes\/celebracion-por-el-dia-de-la-astronomia-en-magallanes-congrego-a-mas-de-200-ninos-y-jovenes-magallanicos\/#primaryimage"},"thumbnailUrl":"https:\/\/explora.cl\/magallanes\/wp-content\/uploads\/sites\/19\/2018\/06\/DiaAstronomia-ok.jpg","articleSection":["Noticias"],"inLanguage":"es-CL","potentialAction":[{"@type":"CommentAction","name":"Comment","target":["https:\/\/explora.cl\/magallanes\/celebracion-por-el-dia-de-la-astronomia-en-magallanes-congrego-a-mas-de-200-ninos-y-jovenes-magallanicos\/#respond"]}]},{"@type":"WebPage","@id":"https:\/\/explora.cl\/magallanes\/celebracion-por-el-dia-de-la-astronomia-en-magallanes-congrego-a-mas-de-200-ninos-y-jovenes-magallanicos\/","url":"https:\/\/explora.cl\/magallanes\/celebracion-por-el-dia-de-la-astronomia-en-magallanes-congrego-a-mas-de-200-ninos-y-jovenes-magallanicos\/","name":"Celebraci\u00f3n por el D\u00eda de la Astronom\u00eda en Magallanes congreg\u00f3 a m\u00e1s de 200 ni\u00f1os y j\u00f3venes magall\u00e1nicos - Magallanes","isPartOf":{"@id":"https:\/\/explora.cl\/magallanes\/#website"},"primaryImageOfPage":{"@id":"https:\/\/explora.cl\/magallanes\/celebracion-por-el-dia-de-la-astronomia-en-magallanes-congrego-a-mas-de-200-ninos-y-jovenes-magallanicos\/#primaryimage"},"image":{"@id":"https:\/\/explora.cl\/magallanes\/celebracion-por-el-dia-de-la-astronomia-en-magallanes-congrego-a-mas-de-200-ninos-y-jovenes-magallanicos\/#primaryimage"},"thumbnailUrl":"https:\/\/explora.cl\/magallanes\/wp-content\/uploads\/sites\/19\/2018\/06\/DiaAstronomia-ok.jpg","datePublished":"2018-03-26T04:00:00+00:00","dateModified":"2019-05-20T21:34:34+00:00","breadcrumb":{"@id":"https:\/\/explora.cl\/magallanes\/celebracion-por-el-dia-de-la-astronomia-en-magallanes-congrego-a-mas-de-200-ninos-y-jovenes-magallanicos\/#breadcrumb"},"inLanguage":"es-CL","potentialAction":[{"@type":"ReadAction","target":["https:\/\/explora.cl\/magallanes\/celebracion-por-el-dia-de-la-astronomia-en-magallanes-congrego-a-mas-de-200-ninos-y-jovenes-magallanicos\/"]}]},{"@type":"ImageObject","inLanguage":"es-CL","@id":"https:\/\/explora.cl\/magallanes\/celebracion-por-el-dia-de-la-astronomia-en-magallanes-congrego-a-mas-de-200-ninos-y-jovenes-magallanicos\/#primaryimage","url":"https:\/\/explora.cl\/magallanes\/wp-content\/uploads\/sites\/19\/2018\/06\/DiaAstronomia-ok.jpg","contentUrl":"https:\/\/explora.cl\/magallanes\/wp-content\/uploads\/sites\/19\/2018\/06\/DiaAstronomia-ok.jpg","width":2048,"height":1391},{"@type":"BreadcrumbList","@id":"https:\/\/explora.cl\/magallanes\/celebracion-por-el-dia-de-la-astronomia-en-magallanes-congrego-a-mas-de-200-ninos-y-jovenes-magallanicos\/#breadcrumb","itemListElement":[{"@type":"ListItem","position":1,"name":"Portada","item":"https:\/\/explora.cl\/magallanes\/"},{"@type":"ListItem","position":2,"name":"Celebraci\u00f3n por el D\u00eda de la Astronom\u00eda en Magallanes congreg\u00f3 a m\u00e1s de 200 ni\u00f1os y j\u00f3venes magall\u00e1nicos"}]},{"@type":"WebSite","@id":"https:\/\/explora.cl\/magallanes\/#website","url":"https:\/\/explora.cl\/magallanes\/","name":"Magallanes","description":"Otro sitio m\u00e1s de explora.cl","publisher":{"@id":"https:\/\/explora.cl\/magallanes\/#organization"},"potentialAction":[{"@type":"SearchAction","target":{"@type":"EntryPoint","urlTemplate":"https:\/\/explora.cl\/magallanes\/?s={search_term_string}"},"query-input":{"@type":"PropertyValueSpecification","valueRequired":true,"valueName":"search_term_string"}}],"inLanguage":"es-CL"},{"@type":"Organization","@id":"https:\/\/explora.cl\/magallanes\/#organization","name":"Magallanes","url":"https:\/\/explora.cl\/magallanes\/","logo":{"@type":"ImageObject","inLanguage":"es-CL","@id":"https:\/\/explora.cl\/magallanes\/#\/schema\/logo\/image\/","url":"https:\/\/explora.cl\/magallanes\/wp-content\/uploads\/sites\/19\/2021\/06\/cropped-ICONO-COLOR-2.jpg","contentUrl":"https:\/\/explora.cl\/magallanes\/wp-content\/uploads\/sites\/19\/2021\/06\/cropped-ICONO-COLOR-2.jpg","width":1181,"height":1181,"caption":"Magallanes"},"image":{"@id":"https:\/\/explora.cl\/magallanes\/#\/schema\/logo\/image\/"}},{"@type":"Person","@id":"https:\/\/explora.cl\/magallanes\/#\/schema\/person\/cb8349c13ea2d324080adf8480d7ba5d","name":"webman","image":{"@type":"ImageObject","inLanguage":"es-CL","@id":"https:\/\/explora.cl\/magallanes\/#\/schema\/person\/image\/","url":"https:\/\/secure.gravatar.com\/avatar\/eeff3c82f2c02f7177d13663b7e6f890e9a6a0647ce9bb29cae02dcb094c7312?s=96&d=mm&r=g","contentUrl":"https:\/\/secure.gravatar.com\/avatar\/eeff3c82f2c02f7177d13663b7e6f890e9a6a0647ce9bb29cae02dcb094c7312?s=96&d=mm&r=g","caption":"webman"},"url":"https:\/\/explora.cl\/magallanes\/author\/webman\/"}]}},"_links":{"self":[{"href":"https:\/\/explora.cl\/magallanes\/wp-json\/wp\/v2\/posts\/908","targetHints":{"allow":["GET"]}}],"collection":[{"href":"https:\/\/explora.cl\/magallanes\/wp-json\/wp\/v2\/posts"}],"about":[{"href":"https:\/\/explora.cl\/magallanes\/wp-json\/wp\/v2\/types\/post"}],"author":[{"embeddable":true,"href":"https:\/\/explora.cl\/magallanes\/wp-json\/wp\/v2\/users\/2"}],"replies":[{"embeddable":true,"href":"https:\/\/explora.cl\/magallanes\/wp-json\/wp\/v2\/comments?post=908"}],"version-history":[{"count":1,"href":"https:\/\/explora.cl\/magallanes\/wp-json\/wp\/v2\/posts\/908\/revisions"}],"predecessor-version":[{"id":37602,"href":"https:\/\/explora.cl\/magallanes\/wp-json\/wp\/v2\/posts\/908\/revisions\/37602"}],"wp:featuredmedia":[{"embeddable":true,"href":"https:\/\/explora.cl\/magallanes\/wp-json\/wp\/v2\/media\/909"}],"wp:attachment":[{"href":"https:\/\/explora.cl\/magallanes\/wp-json\/wp\/v2\/media?parent=908"}],"wp:term":[{"taxonomy":"category","embeddable":true,"href":"https:\/\/explora.cl\/magallanes\/wp-json\/wp\/v2\/categories?post=908"},{"taxonomy":"post_tag","embeddable":true,"href":"https:\/\/explora.cl\/magallanes\/wp-json\/wp\/v2\/tags?post=908"}],"curies":[{"name":"wp","href":"https:\/\/api.w.org\/{rel}","templated":true}]}}