{"id":40543,"date":"2026-03-16T12:04:21","date_gmt":"2026-03-16T15:04:21","guid":{"rendered":"https:\/\/explora.cl\/magallanes\/?p=40543"},"modified":"2026-03-23T11:06:44","modified_gmt":"2026-03-23T14:06:44","slug":"convocatoria-actividad-regional-explora-tu-ciencia-2026-investigadores-as-cientificos-as-y-comunicadores-as","status":"publish","type":"post","link":"https:\/\/explora.cl\/magallanes\/convocatoria-actividad-regional-explora-tu-ciencia-2026-investigadores-as-cientificos-as-y-comunicadores-as\/","title":{"rendered":"Convocatoria actividad regional Explora tu Ciencia 2026 &#8211; Investigadores\/as Cient\u00edficos\/as y Comunicadores\/as"},"content":{"rendered":"<h3><strong>Abierta convocatoria para investigadores (as) o comunicadores (as) para participar en la actividad regional Explora tu Ciencia del programa Explora<\/strong><\/h3>\n<p>&nbsp;<\/p>\n<p>La Actividad Regional Explora tu Ciencia, financiada por el Programa Explora del Ministerio de Ciencia, Tecnolog\u00eda, Conocimiento e Innovaci\u00f3n y ejecutado por la Universidad de Magallanes ya abri\u00f3 las inscripciones para investigadores\/as o comunicador (a) que se interesen en transmitir sus conocimientos a los y las estudiantes de los establecimientos educacionales de la regi\u00f3n.<\/p>\n<p style=\"font-weight: 400\">El objetivo es la realizaci\u00f3n de asesor\u00edas cient\u00edficas, talleres o salidas pedag\u00f3gicas en los establecimientos educacionales, con la finalidad que enriquezcan la formaci\u00f3n de las y los estudiantes, en conjunto con cient\u00edficos, cient\u00edficas, especialistas e investigadores, implementando actividades did\u00e1cticas y l\u00fadicas adaptadas a los niveles individuales.<\/p>\n<p style=\"font-weight: 400\">En caso de alguna duda o consulta escribir al mail:\u00a0<a href=\"mailto:comunidades.explora@umag.cl\">comunidades.explora@umag.cl<\/a><\/p>\n<h4><strong>Link a Formulario de Inscripci\u00f3n <a href=\"https:\/\/docs.google.com\/forms\/d\/e\/1FAIpQLScv2dmHb5AIFMKVE-jBtQn1_d1vLcdxvw55LpaUx68y1mdADQ\/viewform\">AQU\u00cd<\/a><\/strong><\/h4>\n","protected":false},"excerpt":{"rendered":"<p>Abierta convocatoria para investigadores (as) o comunicadores (as) para participar en la actividad regional Explora tu Ciencia del programa Explora &nbsp; La Actividad Regional Explora tu Ciencia, financiada por el Programa Explora del Ministerio de Ciencia, Tecnolog\u00eda, Conocimiento e Innovaci\u00f3n y ejecutado por la Universidad de Magallanes ya abri\u00f3 las inscripciones para investigadores\/as o comunicador [&hellip;]<\/p>\n","protected":false},"author":38,"featured_media":40546,"comment_status":"open","ping_status":"open","sticky":false,"template":"","format":"standard","meta":{"_acf_changed":false,"_exactmetrics_skip_tracking":false,"_exactmetrics_sitenote_active":false,"_exactmetrics_sitenote_note":"","_exactmetrics_sitenote_category":0,"footnotes":"","_links_to":"","_links_to_target":""},"categories":[136,4],"tags":[],"class_list":["post-40543","post","type-post","status-publish","format-standard","has-post-thumbnail","hentry","category-lugar-1","category-noticias"],"acf":[],"yoast_head":"<!-- This site is optimized with the Yoast SEO plugin v26.9 - https:\/\/yoast.com\/product\/yoast-seo-wordpress\/ -->\n<title>Convocatoria actividad regional Explora tu Ciencia 2026 - Investigadores\/as Cient\u00edficos\/as y Comunicadores\/as - Magallanes<\/title>\n<meta name=\"robots\" content=\"index, follow, max-snippet:-1, max-image-preview:large, max-video-preview:-1\" \/>\n<link rel=\"canonical\" href=\"https:\/\/explora.cl\/magallanes\/convocatoria-actividad-regional-explora-tu-ciencia-2026-investigadores-as-cientificos-as-y-comunicadores-as\/\" class=\"yoast-seo-meta-tag\" \/>\n<meta property=\"og:locale\" content=\"es_ES\" class=\"yoast-seo-meta-tag\" \/>\n<meta property=\"og:type\" content=\"article\" class=\"yoast-seo-meta-tag\" \/>\n<meta property=\"og:title\" content=\"Convocatoria actividad regional Explora tu Ciencia 2026 - Investigadores\/as Cient\u00edficos\/as y Comunicadores\/as - Magallanes\" class=\"yoast-seo-meta-tag\" \/>\n<meta property=\"og:description\" content=\"Abierta convocatoria para investigadores (as) o comunicadores (as) para participar en la actividad regional Explora tu Ciencia del programa Explora &nbsp; La Actividad Regional Explora tu Ciencia, financiada por el Programa Explora del Ministerio de Ciencia, Tecnolog\u00eda, Conocimiento e Innovaci\u00f3n y ejecutado por la Universidad de Magallanes ya abri\u00f3 las inscripciones para investigadores\/as o comunicador [&hellip;]\" class=\"yoast-seo-meta-tag\" \/>\n<meta property=\"og:url\" content=\"https:\/\/explora.cl\/magallanes\/convocatoria-actividad-regional-explora-tu-ciencia-2026-investigadores-as-cientificos-as-y-comunicadores-as\/\" class=\"yoast-seo-meta-tag\" \/>\n<meta property=\"og:site_name\" content=\"Magallanes\" class=\"yoast-seo-meta-tag\" \/>\n<meta property=\"article:published_time\" content=\"2026-03-16T15:04:21+00:00\" class=\"yoast-seo-meta-tag\" \/>\n<meta property=\"article:modified_time\" content=\"2026-03-23T14:06:44+00:00\" class=\"yoast-seo-meta-tag\" \/>\n<meta property=\"og:image\" content=\"https:\/\/explora.cl\/magallanes\/wp-content\/uploads\/sites\/19\/2026\/03\/Banner-sitio-web.png\" class=\"yoast-seo-meta-tag\" \/>\n\t<meta property=\"og:image:width\" content=\"735\" class=\"yoast-seo-meta-tag\" \/>\n\t<meta property=\"og:image:height\" content=\"470\" class=\"yoast-seo-meta-tag\" \/>\n\t<meta property=\"og:image:type\" content=\"image\/png\" class=\"yoast-seo-meta-tag\" \/>\n<meta name=\"author\" content=\"cgalaz\" class=\"yoast-seo-meta-tag\" \/>\n<meta name=\"twitter:card\" content=\"summary_large_image\" class=\"yoast-seo-meta-tag\" \/>\n<meta name=\"twitter:label1\" content=\"Escrito por\" class=\"yoast-seo-meta-tag\" \/>\n\t<meta name=\"twitter:data1\" content=\"cgalaz\" class=\"yoast-seo-meta-tag\" \/>\n\t<meta name=\"twitter:label2\" content=\"Tiempo estimado de lectura\" class=\"yoast-seo-meta-tag\" \/>\n\t<meta name=\"twitter:data2\" content=\"1 minuto\" class=\"yoast-seo-meta-tag\" \/>\n<script type=\"application\/ld+json\" class=\"yoast-schema-graph\">{\"@context\":\"https:\/\/schema.org\",\"@graph\":[{\"@type\":\"Article\",\"@id\":\"https:\/\/explora.cl\/magallanes\/convocatoria-actividad-regional-explora-tu-ciencia-2026-investigadores-as-cientificos-as-y-comunicadores-as\/#article\",\"isPartOf\":{\"@id\":\"https:\/\/explora.cl\/magallanes\/convocatoria-actividad-regional-explora-tu-ciencia-2026-investigadores-as-cientificos-as-y-comunicadores-as\/\"},\"author\":{\"name\":\"cgalaz\",\"@id\":\"https:\/\/explora.cl\/magallanes\/#\/schema\/person\/8cc9448cf690297d1abd64d05fa3f09f\"},\"headline\":\"Convocatoria actividad regional Explora tu Ciencia 2026 &#8211; Investigadores\/as Cient\u00edficos\/as y Comunicadores\/as\",\"datePublished\":\"2026-03-16T15:04:21+00:00\",\"dateModified\":\"2026-03-23T14:06:44+00:00\",\"mainEntityOfPage\":{\"@id\":\"https:\/\/explora.cl\/magallanes\/convocatoria-actividad-regional-explora-tu-ciencia-2026-investigadores-as-cientificos-as-y-comunicadores-as\/\"},\"wordCount\":170,\"commentCount\":0,\"publisher\":{\"@id\":\"https:\/\/explora.cl\/magallanes\/#organization\"},\"image\":{\"@id\":\"https:\/\/explora.cl\/magallanes\/convocatoria-actividad-regional-explora-tu-ciencia-2026-investigadores-as-cientificos-as-y-comunicadores-as\/#primaryimage\"},\"thumbnailUrl\":\"https:\/\/explora.cl\/magallanes\/wp-content\/uploads\/sites\/19\/2026\/03\/Banner-sitio-web.png\",\"articleSection\":[\"Lugar 1\",\"Noticias\"],\"inLanguage\":\"es-CL\",\"potentialAction\":[{\"@type\":\"CommentAction\",\"name\":\"Comment\",\"target\":[\"https:\/\/explora.cl\/magallanes\/convocatoria-actividad-regional-explora-tu-ciencia-2026-investigadores-as-cientificos-as-y-comunicadores-as\/#respond\"]}]},{\"@type\":\"WebPage\",\"@id\":\"https:\/\/explora.cl\/magallanes\/convocatoria-actividad-regional-explora-tu-ciencia-2026-investigadores-as-cientificos-as-y-comunicadores-as\/\",\"url\":\"https:\/\/explora.cl\/magallanes\/convocatoria-actividad-regional-explora-tu-ciencia-2026-investigadores-as-cientificos-as-y-comunicadores-as\/\",\"name\":\"Convocatoria actividad regional Explora tu Ciencia 2026 - Investigadores\/as Cient\u00edficos\/as y Comunicadores\/as - Magallanes\",\"isPartOf\":{\"@id\":\"https:\/\/explora.cl\/magallanes\/#website\"},\"primaryImageOfPage\":{\"@id\":\"https:\/\/explora.cl\/magallanes\/convocatoria-actividad-regional-explora-tu-ciencia-2026-investigadores-as-cientificos-as-y-comunicadores-as\/#primaryimage\"},\"image\":{\"@id\":\"https:\/\/explora.cl\/magallanes\/convocatoria-actividad-regional-explora-tu-ciencia-2026-investigadores-as-cientificos-as-y-comunicadores-as\/#primaryimage\"},\"thumbnailUrl\":\"https:\/\/explora.cl\/magallanes\/wp-content\/uploads\/sites\/19\/2026\/03\/Banner-sitio-web.png\",\"datePublished\":\"2026-03-16T15:04:21+00:00\",\"dateModified\":\"2026-03-23T14:06:44+00:00\",\"breadcrumb\":{\"@id\":\"https:\/\/explora.cl\/magallanes\/convocatoria-actividad-regional-explora-tu-ciencia-2026-investigadores-as-cientificos-as-y-comunicadores-as\/#breadcrumb\"},\"inLanguage\":\"es-CL\",\"potentialAction\":[{\"@type\":\"ReadAction\",\"target\":[\"https:\/\/explora.cl\/magallanes\/convocatoria-actividad-regional-explora-tu-ciencia-2026-investigadores-as-cientificos-as-y-comunicadores-as\/\"]}]},{\"@type\":\"ImageObject\",\"inLanguage\":\"es-CL\",\"@id\":\"https:\/\/explora.cl\/magallanes\/convocatoria-actividad-regional-explora-tu-ciencia-2026-investigadores-as-cientificos-as-y-comunicadores-as\/#primaryimage\",\"url\":\"https:\/\/explora.cl\/magallanes\/wp-content\/uploads\/sites\/19\/2026\/03\/Banner-sitio-web.png\",\"contentUrl\":\"https:\/\/explora.cl\/magallanes\/wp-content\/uploads\/sites\/19\/2026\/03\/Banner-sitio-web.png\",\"width\":735,\"height\":470},{\"@type\":\"BreadcrumbList\",\"@id\":\"https:\/\/explora.cl\/magallanes\/convocatoria-actividad-regional-explora-tu-ciencia-2026-investigadores-as-cientificos-as-y-comunicadores-as\/#breadcrumb\",\"itemListElement\":[{\"@type\":\"ListItem\",\"position\":1,\"name\":\"Portada\",\"item\":\"https:\/\/explora.cl\/magallanes\/\"},{\"@type\":\"ListItem\",\"position\":2,\"name\":\"Convocatoria actividad regional Explora tu Ciencia 2026 &#8211; Investigadores\/as Cient\u00edficos\/as y Comunicadores\/as\"}]},{\"@type\":\"WebSite\",\"@id\":\"https:\/\/explora.cl\/magallanes\/#website\",\"url\":\"https:\/\/explora.cl\/magallanes\/\",\"name\":\"Magallanes\",\"description\":\"Otro sitio m\u00e1s de explora.cl\",\"publisher\":{\"@id\":\"https:\/\/explora.cl\/magallanes\/#organization\"},\"potentialAction\":[{\"@type\":\"SearchAction\",\"target\":{\"@type\":\"EntryPoint\",\"urlTemplate\":\"https:\/\/explora.cl\/magallanes\/?s={search_term_string}\"},\"query-input\":{\"@type\":\"PropertyValueSpecification\",\"valueRequired\":true,\"valueName\":\"search_term_string\"}}],\"inLanguage\":\"es-CL\"},{\"@type\":\"Organization\",\"@id\":\"https:\/\/explora.cl\/magallanes\/#organization\",\"name\":\"Magallanes\",\"url\":\"https:\/\/explora.cl\/magallanes\/\",\"logo\":{\"@type\":\"ImageObject\",\"inLanguage\":\"es-CL\",\"@id\":\"https:\/\/explora.cl\/magallanes\/#\/schema\/logo\/image\/\",\"url\":\"https:\/\/explora.cl\/magallanes\/wp-content\/uploads\/sites\/19\/2021\/06\/cropped-ICONO-COLOR-2.jpg\",\"contentUrl\":\"https:\/\/explora.cl\/magallanes\/wp-content\/uploads\/sites\/19\/2021\/06\/cropped-ICONO-COLOR-2.jpg\",\"width\":1181,\"height\":1181,\"caption\":\"Magallanes\"},\"image\":{\"@id\":\"https:\/\/explora.cl\/magallanes\/#\/schema\/logo\/image\/\"}},{\"@type\":\"Person\",\"@id\":\"https:\/\/explora.cl\/magallanes\/#\/schema\/person\/8cc9448cf690297d1abd64d05fa3f09f\",\"name\":\"cgalaz\",\"image\":{\"@type\":\"ImageObject\",\"inLanguage\":\"es-CL\",\"@id\":\"https:\/\/explora.cl\/magallanes\/#\/schema\/person\/image\/\",\"url\":\"https:\/\/secure.gravatar.com\/avatar\/7685b3fe3c7bc60f50658fbf1b7c83f8b28b5cce1eaf63033d32cae8b57fc828?s=96&d=mm&r=g\",\"contentUrl\":\"https:\/\/secure.gravatar.com\/avatar\/7685b3fe3c7bc60f50658fbf1b7c83f8b28b5cce1eaf63033d32cae8b57fc828?s=96&d=mm&r=g\",\"caption\":\"cgalaz\"},\"url\":\"https:\/\/explora.cl\/magallanes\/author\/cgalaz\/\"}]}<\/script>\n<!-- \/ Yoast SEO plugin. -->","yoast_head_json":{"title":"Convocatoria actividad regional Explora tu Ciencia 2026 - Investigadores\/as Cient\u00edficos\/as y Comunicadores\/as - Magallanes","robots":{"index":"index","follow":"follow","max-snippet":"max-snippet:-1","max-image-preview":"max-image-preview:large","max-video-preview":"max-video-preview:-1"},"canonical":"https:\/\/explora.cl\/magallanes\/convocatoria-actividad-regional-explora-tu-ciencia-2026-investigadores-as-cientificos-as-y-comunicadores-as\/","og_locale":"es_ES","og_type":"article","og_title":"Convocatoria actividad regional Explora tu Ciencia 2026 - Investigadores\/as Cient\u00edficos\/as y Comunicadores\/as - Magallanes","og_description":"Abierta convocatoria para investigadores (as) o comunicadores (as) para participar en la actividad regional Explora tu Ciencia del programa Explora &nbsp; La Actividad Regional Explora tu Ciencia, financiada por el Programa Explora del Ministerio de Ciencia, Tecnolog\u00eda, Conocimiento e Innovaci\u00f3n y ejecutado por la Universidad de Magallanes ya abri\u00f3 las inscripciones para investigadores\/as o comunicador [&hellip;]","og_url":"https:\/\/explora.cl\/magallanes\/convocatoria-actividad-regional-explora-tu-ciencia-2026-investigadores-as-cientificos-as-y-comunicadores-as\/","og_site_name":"Magallanes","article_published_time":"2026-03-16T15:04:21+00:00","article_modified_time":"2026-03-23T14:06:44+00:00","og_image":[{"width":735,"height":470,"url":"https:\/\/explora.cl\/magallanes\/wp-content\/uploads\/sites\/19\/2026\/03\/Banner-sitio-web.png","type":"image\/png"}],"author":"cgalaz","twitter_card":"summary_large_image","twitter_misc":{"Escrito por":"cgalaz","Tiempo estimado de lectura":"1 minuto"},"schema":{"@context":"https:\/\/schema.org","@graph":[{"@type":"Article","@id":"https:\/\/explora.cl\/magallanes\/convocatoria-actividad-regional-explora-tu-ciencia-2026-investigadores-as-cientificos-as-y-comunicadores-as\/#article","isPartOf":{"@id":"https:\/\/explora.cl\/magallanes\/convocatoria-actividad-regional-explora-tu-ciencia-2026-investigadores-as-cientificos-as-y-comunicadores-as\/"},"author":{"name":"cgalaz","@id":"https:\/\/explora.cl\/magallanes\/#\/schema\/person\/8cc9448cf690297d1abd64d05fa3f09f"},"headline":"Convocatoria actividad regional Explora tu Ciencia 2026 &#8211; Investigadores\/as Cient\u00edficos\/as y Comunicadores\/as","datePublished":"2026-03-16T15:04:21+00:00","dateModified":"2026-03-23T14:06:44+00:00","mainEntityOfPage":{"@id":"https:\/\/explora.cl\/magallanes\/convocatoria-actividad-regional-explora-tu-ciencia-2026-investigadores-as-cientificos-as-y-comunicadores-as\/"},"wordCount":170,"commentCount":0,"publisher":{"@id":"https:\/\/explora.cl\/magallanes\/#organization"},"image":{"@id":"https:\/\/explora.cl\/magallanes\/convocatoria-actividad-regional-explora-tu-ciencia-2026-investigadores-as-cientificos-as-y-comunicadores-as\/#primaryimage"},"thumbnailUrl":"https:\/\/explora.cl\/magallanes\/wp-content\/uploads\/sites\/19\/2026\/03\/Banner-sitio-web.png","articleSection":["Lugar 1","Noticias"],"inLanguage":"es-CL","potentialAction":[{"@type":"CommentAction","name":"Comment","target":["https:\/\/explora.cl\/magallanes\/convocatoria-actividad-regional-explora-tu-ciencia-2026-investigadores-as-cientificos-as-y-comunicadores-as\/#respond"]}]},{"@type":"WebPage","@id":"https:\/\/explora.cl\/magallanes\/convocatoria-actividad-regional-explora-tu-ciencia-2026-investigadores-as-cientificos-as-y-comunicadores-as\/","url":"https:\/\/explora.cl\/magallanes\/convocatoria-actividad-regional-explora-tu-ciencia-2026-investigadores-as-cientificos-as-y-comunicadores-as\/","name":"Convocatoria actividad regional Explora tu Ciencia 2026 - Investigadores\/as Cient\u00edficos\/as y Comunicadores\/as - Magallanes","isPartOf":{"@id":"https:\/\/explora.cl\/magallanes\/#website"},"primaryImageOfPage":{"@id":"https:\/\/explora.cl\/magallanes\/convocatoria-actividad-regional-explora-tu-ciencia-2026-investigadores-as-cientificos-as-y-comunicadores-as\/#primaryimage"},"image":{"@id":"https:\/\/explora.cl\/magallanes\/convocatoria-actividad-regional-explora-tu-ciencia-2026-investigadores-as-cientificos-as-y-comunicadores-as\/#primaryimage"},"thumbnailUrl":"https:\/\/explora.cl\/magallanes\/wp-content\/uploads\/sites\/19\/2026\/03\/Banner-sitio-web.png","datePublished":"2026-03-16T15:04:21+00:00","dateModified":"2026-03-23T14:06:44+00:00","breadcrumb":{"@id":"https:\/\/explora.cl\/magallanes\/convocatoria-actividad-regional-explora-tu-ciencia-2026-investigadores-as-cientificos-as-y-comunicadores-as\/#breadcrumb"},"inLanguage":"es-CL","potentialAction":[{"@type":"ReadAction","target":["https:\/\/explora.cl\/magallanes\/convocatoria-actividad-regional-explora-tu-ciencia-2026-investigadores-as-cientificos-as-y-comunicadores-as\/"]}]},{"@type":"ImageObject","inLanguage":"es-CL","@id":"https:\/\/explora.cl\/magallanes\/convocatoria-actividad-regional-explora-tu-ciencia-2026-investigadores-as-cientificos-as-y-comunicadores-as\/#primaryimage","url":"https:\/\/explora.cl\/magallanes\/wp-content\/uploads\/sites\/19\/2026\/03\/Banner-sitio-web.png","contentUrl":"https:\/\/explora.cl\/magallanes\/wp-content\/uploads\/sites\/19\/2026\/03\/Banner-sitio-web.png","width":735,"height":470},{"@type":"BreadcrumbList","@id":"https:\/\/explora.cl\/magallanes\/convocatoria-actividad-regional-explora-tu-ciencia-2026-investigadores-as-cientificos-as-y-comunicadores-as\/#breadcrumb","itemListElement":[{"@type":"ListItem","position":1,"name":"Portada","item":"https:\/\/explora.cl\/magallanes\/"},{"@type":"ListItem","position":2,"name":"Convocatoria actividad regional Explora tu Ciencia 2026 &#8211; Investigadores\/as Cient\u00edficos\/as y Comunicadores\/as"}]},{"@type":"WebSite","@id":"https:\/\/explora.cl\/magallanes\/#website","url":"https:\/\/explora.cl\/magallanes\/","name":"Magallanes","description":"Otro sitio m\u00e1s de explora.cl","publisher":{"@id":"https:\/\/explora.cl\/magallanes\/#organization"},"potentialAction":[{"@type":"SearchAction","target":{"@type":"EntryPoint","urlTemplate":"https:\/\/explora.cl\/magallanes\/?s={search_term_string}"},"query-input":{"@type":"PropertyValueSpecification","valueRequired":true,"valueName":"search_term_string"}}],"inLanguage":"es-CL"},{"@type":"Organization","@id":"https:\/\/explora.cl\/magallanes\/#organization","name":"Magallanes","url":"https:\/\/explora.cl\/magallanes\/","logo":{"@type":"ImageObject","inLanguage":"es-CL","@id":"https:\/\/explora.cl\/magallanes\/#\/schema\/logo\/image\/","url":"https:\/\/explora.cl\/magallanes\/wp-content\/uploads\/sites\/19\/2021\/06\/cropped-ICONO-COLOR-2.jpg","contentUrl":"https:\/\/explora.cl\/magallanes\/wp-content\/uploads\/sites\/19\/2021\/06\/cropped-ICONO-COLOR-2.jpg","width":1181,"height":1181,"caption":"Magallanes"},"image":{"@id":"https:\/\/explora.cl\/magallanes\/#\/schema\/logo\/image\/"}},{"@type":"Person","@id":"https:\/\/explora.cl\/magallanes\/#\/schema\/person\/8cc9448cf690297d1abd64d05fa3f09f","name":"cgalaz","image":{"@type":"ImageObject","inLanguage":"es-CL","@id":"https:\/\/explora.cl\/magallanes\/#\/schema\/person\/image\/","url":"https:\/\/secure.gravatar.com\/avatar\/7685b3fe3c7bc60f50658fbf1b7c83f8b28b5cce1eaf63033d32cae8b57fc828?s=96&d=mm&r=g","contentUrl":"https:\/\/secure.gravatar.com\/avatar\/7685b3fe3c7bc60f50658fbf1b7c83f8b28b5cce1eaf63033d32cae8b57fc828?s=96&d=mm&r=g","caption":"cgalaz"},"url":"https:\/\/explora.cl\/magallanes\/author\/cgalaz\/"}]}},"_links":{"self":[{"href":"https:\/\/explora.cl\/magallanes\/wp-json\/wp\/v2\/posts\/40543","targetHints":{"allow":["GET"]}}],"collection":[{"href":"https:\/\/explora.cl\/magallanes\/wp-json\/wp\/v2\/posts"}],"about":[{"href":"https:\/\/explora.cl\/magallanes\/wp-json\/wp\/v2\/types\/post"}],"author":[{"embeddable":true,"href":"https:\/\/explora.cl\/magallanes\/wp-json\/wp\/v2\/users\/38"}],"replies":[{"embeddable":true,"href":"https:\/\/explora.cl\/magallanes\/wp-json\/wp\/v2\/comments?post=40543"}],"version-history":[{"count":3,"href":"https:\/\/explora.cl\/magallanes\/wp-json\/wp\/v2\/posts\/40543\/revisions"}],"predecessor-version":[{"id":40548,"href":"https:\/\/explora.cl\/magallanes\/wp-json\/wp\/v2\/posts\/40543\/revisions\/40548"}],"wp:featuredmedia":[{"embeddable":true,"href":"https:\/\/explora.cl\/magallanes\/wp-json\/wp\/v2\/media\/40546"}],"wp:attachment":[{"href":"https:\/\/explora.cl\/magallanes\/wp-json\/wp\/v2\/media?parent=40543"}],"wp:term":[{"taxonomy":"category","embeddable":true,"href":"https:\/\/explora.cl\/magallanes\/wp-json\/wp\/v2\/categories?post=40543"},{"taxonomy":"post_tag","embeddable":true,"href":"https:\/\/explora.cl\/magallanes\/wp-json\/wp\/v2\/tags?post=40543"}],"curies":[{"name":"wp","href":"https:\/\/api.w.org\/{rel}","templated":true}]}}