{"id":40434,"date":"2025-11-05T16:13:16","date_gmt":"2025-11-05T19:13:16","guid":{"rendered":"https:\/\/explora.cl\/magallanes\/?p=40434"},"modified":"2025-11-05T16:13:16","modified_gmt":"2025-11-05T19:13:16","slug":"estudiantes-de-la-escuela-santiago-bueras-de-puerto-natales-y-del-liceo-sara-braun-representaron-a-la-region-de-magallanes-en-el-congreso-nacional-explora-2025","status":"publish","type":"post","link":"https:\/\/explora.cl\/magallanes\/estudiantes-de-la-escuela-santiago-bueras-de-puerto-natales-y-del-liceo-sara-braun-representaron-a-la-region-de-magallanes-en-el-congreso-nacional-explora-2025\/","title":{"rendered":"Estudiantes de la Escuela Santiago Bueras de Puerto Natales y del Liceo Sara Braun representaron a la regi\u00f3n de Magallanes en el Congreso Nacional Explora 2025"},"content":{"rendered":"<p><strong>Estudiantes de la Escuela Santiago Bueras de Puerto Natales y del Liceo Sara Braun representaron a la regi\u00f3n de Magallanes en el Congreso Nacional Explora 2025<\/strong><\/p>\n<p>Las estudiantes Danna Galeano e Ignacia Martin junto a su docente Javier Mu\u00f1oz con su proyecto \u201cTan cerca y a la vez tan lejos: percepciones sobre el aislamiento en los habitantes de Villa Tehuelches\u201d del liceo Sara Braun y las estudiantes Melany Monsalve y Florencia Galaz con el proyecto \u201cImportancia ecol\u00f3gica de los hongos y la necesidad de conservar las especies amenizadas: como realizar un fungario comunal\u201d, liderado por la docente Claudia Almonacid , representaron a la regi\u00f3n en el Congreso Nacional Explora 2025\u201d, efectuado durante tres d\u00edas en Santiago.<\/p>\n<p>La actividad fue organizada por el Ministerio de Ciencia, Tecnolog\u00eda, Conocimiento e Innovaci\u00f3n y el Programa Explora y tuvo como objetivo socializar los proyectos escolares y sus experiencias llevadas a cabo en el contexto del instrumento de Investigaci\u00f3n e Innovaci\u00f3n Escolar desplegados por los 16 Proyectos Asociativos Regional Explora a lo largo del pa\u00eds. Adem\u00e1s, visitaron espacios recreativos como \u00a0el parque metropolitano y \u00a0Museo Interactivo Mirador.<\/p>\n<p>La directora de PAR Explora Magallanes, Claudia Salinas, coment\u00f3 que \u201cestamos muy orgullosos y felices de que estudiantes de nuestra regi\u00f3n hayan representado a Magallanes en el Congreso Nacional Explora 2025.Su participaci\u00f3n refleja el compromiso, la curiosidad y la creatividad con que han desarrollado sus proyectos de investigaci\u00f3n e innovaci\u00f3n escolar. Cada una y uno de ellos lleva consigo no solo el fruto de su trabajo, sino tambi\u00e9n la mirada cient\u00edfica y territorial de nuestro extremo sur. Desde Explora Magallanes seguiremos acompa\u00f1ando y fortaleciendo estos espacios que inspiran nuevas vocaciones y fomentan una cultura cient\u00edfica en nuestras comunidades educativas.\u201d<\/p>\n<p>En tanto, la docente Claudia Almonacid, coment\u00f3 que \u201ctremendo orgullo representar a regi\u00f3n, siendo una experiencia s\u00faper linda tener una oportunidad de conocer a otras realidades de chile para los estudiantes y\u00a0 a su vez conocer otros equipos de Investigaci\u00f3n Cient\u00edfica , Adem\u00e1s, agradecida de Explora por todo el apoyo\u201d<\/p>\n<p>Por su parte, el docente Javier Mu\u00f1oz, dijo que \u201c el representar de la regi\u00f3n fue una experiencia interesante y estamos agradecidos de la oportunidad m\u00e1s a un de poder encontrarnos con diferentes PAR Explora de todo el pa\u00eds y as\u00ed compartir experiencias, situaciones que son comunes\u00a0 en diferentes lugares del pa\u00eds\u201d<\/p>\n<p>Finalmente, los estudiantes participantes valoraron la instancia. Uno de ellas, fue Ignacia Martin, dijo que \u201cfue una experiencia muy buena y estoy agradecida, porque conoc\u00ed a mucha gente de otras regiones y ver la diferencia de vida por ejemplo con Arica\u201d. Otras de ellas, fue Florencia Galaz, dijo que \u201cuna experiencia muy buena porque pude exponer nuestro proyecto de investigaci\u00f3n \u201cimportancia ecol\u00f3gica de los hongos y la necesidad de conservar las especies amenizadas: como realizar un fungario comunal\u201d\u00a0 junto a\u00a0 mi compa\u00f1era Melany\u00a0 en cual estamos trabajando hace varios meses junto a mi profesora Claudia Almonacid .Adem\u00e1s pude conocer otras regiones y ver otras realidades culturales, estoy agradecida del programa Explora y la Experiencia\u201d.<\/p>\n<p>&nbsp;<\/p>\n<p><img fetchpriority=\"high\" decoding=\"async\" class=\"wp-image-40438 alignleft\" src=\"https:\/\/explora.cl\/magallanes\/wp-content\/uploads\/sites\/19\/2025\/11\/foto-2-congreso-nacional-2-1.jpg\" alt=\"\" width=\"351\" height=\"263\" srcset=\"https:\/\/explora.cl\/magallanes\/wp-content\/uploads\/sites\/19\/2025\/11\/foto-2-congreso-nacional-2-1.jpg 1600w, https:\/\/explora.cl\/magallanes\/wp-content\/uploads\/sites\/19\/2025\/11\/foto-2-congreso-nacional-2-1-300x225.jpg 300w, https:\/\/explora.cl\/magallanes\/wp-content\/uploads\/sites\/19\/2025\/11\/foto-2-congreso-nacional-2-1-1024x768.jpg 1024w, https:\/\/explora.cl\/magallanes\/wp-content\/uploads\/sites\/19\/2025\/11\/foto-2-congreso-nacional-2-1-768x576.jpg 768w, https:\/\/explora.cl\/magallanes\/wp-content\/uploads\/sites\/19\/2025\/11\/foto-2-congreso-nacional-2-1-1536x1152.jpg 1536w, https:\/\/explora.cl\/magallanes\/wp-content\/uploads\/sites\/19\/2025\/11\/foto-2-congreso-nacional-2-1-400x300.jpg 400w\" sizes=\"(max-width: 351px) 100vw, 351px\" \/> <img decoding=\"async\" class=\"wp-image-40439 alignleft\" src=\"https:\/\/explora.cl\/magallanes\/wp-content\/uploads\/sites\/19\/2025\/11\/foto-3-congreso-nacional3.jpg\" alt=\"\" width=\"352\" height=\"264\" srcset=\"https:\/\/explora.cl\/magallanes\/wp-content\/uploads\/sites\/19\/2025\/11\/foto-3-congreso-nacional3.jpg 1600w, https:\/\/explora.cl\/magallanes\/wp-content\/uploads\/sites\/19\/2025\/11\/foto-3-congreso-nacional3-300x225.jpg 300w, https:\/\/explora.cl\/magallanes\/wp-content\/uploads\/sites\/19\/2025\/11\/foto-3-congreso-nacional3-1024x768.jpg 1024w, https:\/\/explora.cl\/magallanes\/wp-content\/uploads\/sites\/19\/2025\/11\/foto-3-congreso-nacional3-768x576.jpg 768w, https:\/\/explora.cl\/magallanes\/wp-content\/uploads\/sites\/19\/2025\/11\/foto-3-congreso-nacional3-1536x1152.jpg 1536w, https:\/\/explora.cl\/magallanes\/wp-content\/uploads\/sites\/19\/2025\/11\/foto-3-congreso-nacional3-400x300.jpg 400w\" sizes=\"(max-width: 352px) 100vw, 352px\" \/><\/p>\n<p><img decoding=\"async\" class=\"wp-image-40437 alignleft\" src=\"https:\/\/explora.cl\/magallanes\/wp-content\/uploads\/sites\/19\/2025\/11\/foto-1-congreso-nacional.jpg\" alt=\"\" width=\"495\" height=\"223\" srcset=\"https:\/\/explora.cl\/magallanes\/wp-content\/uploads\/sites\/19\/2025\/11\/foto-1-congreso-nacional.jpg 1600w, https:\/\/explora.cl\/magallanes\/wp-content\/uploads\/sites\/19\/2025\/11\/foto-1-congreso-nacional-300x135.jpg 300w, https:\/\/explora.cl\/magallanes\/wp-content\/uploads\/sites\/19\/2025\/11\/foto-1-congreso-nacional-1024x461.jpg 1024w, https:\/\/explora.cl\/magallanes\/wp-content\/uploads\/sites\/19\/2025\/11\/foto-1-congreso-nacional-768x346.jpg 768w, https:\/\/explora.cl\/magallanes\/wp-content\/uploads\/sites\/19\/2025\/11\/foto-1-congreso-nacional-1536x692.jpg 1536w\" sizes=\"(max-width: 495px) 100vw, 495px\" \/><\/p>\n<p><img loading=\"lazy\" decoding=\"async\" class=\"wp-image-40435 alignleft\" src=\"https:\/\/explora.cl\/magallanes\/wp-content\/uploads\/sites\/19\/2025\/11\/congreso-nacional-4.jpg\" alt=\"\" width=\"369\" height=\"277\" srcset=\"https:\/\/explora.cl\/magallanes\/wp-content\/uploads\/sites\/19\/2025\/11\/congreso-nacional-4.jpg 1600w, https:\/\/explora.cl\/magallanes\/wp-content\/uploads\/sites\/19\/2025\/11\/congreso-nacional-4-300x225.jpg 300w, https:\/\/explora.cl\/magallanes\/wp-content\/uploads\/sites\/19\/2025\/11\/congreso-nacional-4-1024x768.jpg 1024w, https:\/\/explora.cl\/magallanes\/wp-content\/uploads\/sites\/19\/2025\/11\/congreso-nacional-4-768x576.jpg 768w, https:\/\/explora.cl\/magallanes\/wp-content\/uploads\/sites\/19\/2025\/11\/congreso-nacional-4-1536x1152.jpg 1536w, https:\/\/explora.cl\/magallanes\/wp-content\/uploads\/sites\/19\/2025\/11\/congreso-nacional-4-400x300.jpg 400w\" sizes=\"(max-width: 369px) 100vw, 369px\" \/><\/p>\n","protected":false},"excerpt":{"rendered":"<p>Estudiantes de la Escuela Santiago Bueras de Puerto Natales y del Liceo Sara Braun representaron a la regi\u00f3n de Magallanes en el Congreso Nacional Explora 2025 Las estudiantes Danna Galeano e Ignacia Martin junto a su docente Javier Mu\u00f1oz con su proyecto \u201cTan cerca y a la vez tan lejos: percepciones sobre el aislamiento en [&hellip;]<\/p>\n","protected":false},"author":38,"featured_media":40436,"comment_status":"open","ping_status":"open","sticky":false,"template":"","format":"standard","meta":{"_acf_changed":false,"_exactmetrics_skip_tracking":false,"_exactmetrics_sitenote_active":false,"_exactmetrics_sitenote_note":"","_exactmetrics_sitenote_category":0,"footnotes":"","_links_to":"","_links_to_target":""},"categories":[139,4],"tags":[],"class_list":["post-40434","post","type-post","status-publish","format-standard","has-post-thumbnail","hentry","category-lugar-4","category-noticias"],"acf":[],"yoast_head":"<!-- This site is optimized with the Yoast SEO plugin v26.9 - https:\/\/yoast.com\/product\/yoast-seo-wordpress\/ -->\n<title>Estudiantes de la Escuela Santiago Bueras de Puerto Natales y del Liceo Sara Braun representaron a la regi\u00f3n de Magallanes en el Congreso Nacional Explora 2025 - Magallanes<\/title>\n<meta name=\"robots\" content=\"index, follow, max-snippet:-1, max-image-preview:large, max-video-preview:-1\" \/>\n<link rel=\"canonical\" href=\"https:\/\/explora.cl\/magallanes\/estudiantes-de-la-escuela-santiago-bueras-de-puerto-natales-y-del-liceo-sara-braun-representaron-a-la-region-de-magallanes-en-el-congreso-nacional-explora-2025\/\" class=\"yoast-seo-meta-tag\" \/>\n<meta property=\"og:locale\" content=\"es_ES\" class=\"yoast-seo-meta-tag\" \/>\n<meta property=\"og:type\" content=\"article\" class=\"yoast-seo-meta-tag\" \/>\n<meta property=\"og:title\" content=\"Estudiantes de la Escuela Santiago Bueras de Puerto Natales y del Liceo Sara Braun representaron a la regi\u00f3n de Magallanes en el Congreso Nacional Explora 2025 - Magallanes\" class=\"yoast-seo-meta-tag\" \/>\n<meta property=\"og:description\" content=\"Estudiantes de la Escuela Santiago Bueras de Puerto Natales y del Liceo Sara Braun representaron a la regi\u00f3n de Magallanes en el Congreso Nacional Explora 2025 Las estudiantes Danna Galeano e Ignacia Martin junto a su docente Javier Mu\u00f1oz con su proyecto \u201cTan cerca y a la vez tan lejos: percepciones sobre el aislamiento en [&hellip;]\" class=\"yoast-seo-meta-tag\" \/>\n<meta property=\"og:url\" content=\"https:\/\/explora.cl\/magallanes\/estudiantes-de-la-escuela-santiago-bueras-de-puerto-natales-y-del-liceo-sara-braun-representaron-a-la-region-de-magallanes-en-el-congreso-nacional-explora-2025\/\" class=\"yoast-seo-meta-tag\" \/>\n<meta property=\"og:site_name\" content=\"Magallanes\" class=\"yoast-seo-meta-tag\" \/>\n<meta property=\"article:published_time\" content=\"2025-11-05T19:13:16+00:00\" class=\"yoast-seo-meta-tag\" \/>\n<meta property=\"og:image\" content=\"https:\/\/explora.cl\/magallanes\/wp-content\/uploads\/sites\/19\/2025\/11\/foto-2-congreso-nacional-2.jpg\" class=\"yoast-seo-meta-tag\" \/>\n\t<meta property=\"og:image:width\" content=\"1600\" class=\"yoast-seo-meta-tag\" \/>\n\t<meta property=\"og:image:height\" content=\"1200\" class=\"yoast-seo-meta-tag\" \/>\n\t<meta property=\"og:image:type\" content=\"image\/jpeg\" class=\"yoast-seo-meta-tag\" \/>\n<meta name=\"author\" content=\"cgalaz\" class=\"yoast-seo-meta-tag\" \/>\n<meta name=\"twitter:card\" content=\"summary_large_image\" class=\"yoast-seo-meta-tag\" \/>\n<meta name=\"twitter:label1\" content=\"Escrito por\" class=\"yoast-seo-meta-tag\" \/>\n\t<meta name=\"twitter:data1\" content=\"cgalaz\" class=\"yoast-seo-meta-tag\" \/>\n\t<meta name=\"twitter:label2\" content=\"Tiempo estimado de lectura\" class=\"yoast-seo-meta-tag\" \/>\n\t<meta name=\"twitter:data2\" content=\"4 minutos\" class=\"yoast-seo-meta-tag\" \/>\n<script type=\"application\/ld+json\" class=\"yoast-schema-graph\">{\"@context\":\"https:\/\/schema.org\",\"@graph\":[{\"@type\":\"Article\",\"@id\":\"https:\/\/explora.cl\/magallanes\/estudiantes-de-la-escuela-santiago-bueras-de-puerto-natales-y-del-liceo-sara-braun-representaron-a-la-region-de-magallanes-en-el-congreso-nacional-explora-2025\/#article\",\"isPartOf\":{\"@id\":\"https:\/\/explora.cl\/magallanes\/estudiantes-de-la-escuela-santiago-bueras-de-puerto-natales-y-del-liceo-sara-braun-representaron-a-la-region-de-magallanes-en-el-congreso-nacional-explora-2025\/\"},\"author\":{\"name\":\"cgalaz\",\"@id\":\"https:\/\/explora.cl\/magallanes\/#\/schema\/person\/8cc9448cf690297d1abd64d05fa3f09f\"},\"headline\":\"Estudiantes de la Escuela Santiago Bueras de Puerto Natales y del Liceo Sara Braun representaron a la regi\u00f3n de Magallanes en el Congreso Nacional Explora 2025\",\"datePublished\":\"2025-11-05T19:13:16+00:00\",\"mainEntityOfPage\":{\"@id\":\"https:\/\/explora.cl\/magallanes\/estudiantes-de-la-escuela-santiago-bueras-de-puerto-natales-y-del-liceo-sara-braun-representaron-a-la-region-de-magallanes-en-el-congreso-nacional-explora-2025\/\"},\"wordCount\":551,\"commentCount\":0,\"publisher\":{\"@id\":\"https:\/\/explora.cl\/magallanes\/#organization\"},\"image\":{\"@id\":\"https:\/\/explora.cl\/magallanes\/estudiantes-de-la-escuela-santiago-bueras-de-puerto-natales-y-del-liceo-sara-braun-representaron-a-la-region-de-magallanes-en-el-congreso-nacional-explora-2025\/#primaryimage\"},\"thumbnailUrl\":\"https:\/\/explora.cl\/magallanes\/wp-content\/uploads\/sites\/19\/2025\/11\/foto-2-congreso-nacional-2.jpg\",\"articleSection\":[\"Lugar 4\",\"Noticias\"],\"inLanguage\":\"es-CL\",\"potentialAction\":[{\"@type\":\"CommentAction\",\"name\":\"Comment\",\"target\":[\"https:\/\/explora.cl\/magallanes\/estudiantes-de-la-escuela-santiago-bueras-de-puerto-natales-y-del-liceo-sara-braun-representaron-a-la-region-de-magallanes-en-el-congreso-nacional-explora-2025\/#respond\"]}]},{\"@type\":\"WebPage\",\"@id\":\"https:\/\/explora.cl\/magallanes\/estudiantes-de-la-escuela-santiago-bueras-de-puerto-natales-y-del-liceo-sara-braun-representaron-a-la-region-de-magallanes-en-el-congreso-nacional-explora-2025\/\",\"url\":\"https:\/\/explora.cl\/magallanes\/estudiantes-de-la-escuela-santiago-bueras-de-puerto-natales-y-del-liceo-sara-braun-representaron-a-la-region-de-magallanes-en-el-congreso-nacional-explora-2025\/\",\"name\":\"Estudiantes de la Escuela Santiago Bueras de Puerto Natales y del Liceo Sara Braun representaron a la regi\u00f3n de Magallanes en el Congreso Nacional Explora 2025 - Magallanes\",\"isPartOf\":{\"@id\":\"https:\/\/explora.cl\/magallanes\/#website\"},\"primaryImageOfPage\":{\"@id\":\"https:\/\/explora.cl\/magallanes\/estudiantes-de-la-escuela-santiago-bueras-de-puerto-natales-y-del-liceo-sara-braun-representaron-a-la-region-de-magallanes-en-el-congreso-nacional-explora-2025\/#primaryimage\"},\"image\":{\"@id\":\"https:\/\/explora.cl\/magallanes\/estudiantes-de-la-escuela-santiago-bueras-de-puerto-natales-y-del-liceo-sara-braun-representaron-a-la-region-de-magallanes-en-el-congreso-nacional-explora-2025\/#primaryimage\"},\"thumbnailUrl\":\"https:\/\/explora.cl\/magallanes\/wp-content\/uploads\/sites\/19\/2025\/11\/foto-2-congreso-nacional-2.jpg\",\"datePublished\":\"2025-11-05T19:13:16+00:00\",\"breadcrumb\":{\"@id\":\"https:\/\/explora.cl\/magallanes\/estudiantes-de-la-escuela-santiago-bueras-de-puerto-natales-y-del-liceo-sara-braun-representaron-a-la-region-de-magallanes-en-el-congreso-nacional-explora-2025\/#breadcrumb\"},\"inLanguage\":\"es-CL\",\"potentialAction\":[{\"@type\":\"ReadAction\",\"target\":[\"https:\/\/explora.cl\/magallanes\/estudiantes-de-la-escuela-santiago-bueras-de-puerto-natales-y-del-liceo-sara-braun-representaron-a-la-region-de-magallanes-en-el-congreso-nacional-explora-2025\/\"]}]},{\"@type\":\"ImageObject\",\"inLanguage\":\"es-CL\",\"@id\":\"https:\/\/explora.cl\/magallanes\/estudiantes-de-la-escuela-santiago-bueras-de-puerto-natales-y-del-liceo-sara-braun-representaron-a-la-region-de-magallanes-en-el-congreso-nacional-explora-2025\/#primaryimage\",\"url\":\"https:\/\/explora.cl\/magallanes\/wp-content\/uploads\/sites\/19\/2025\/11\/foto-2-congreso-nacional-2.jpg\",\"contentUrl\":\"https:\/\/explora.cl\/magallanes\/wp-content\/uploads\/sites\/19\/2025\/11\/foto-2-congreso-nacional-2.jpg\",\"width\":1600,\"height\":1200},{\"@type\":\"BreadcrumbList\",\"@id\":\"https:\/\/explora.cl\/magallanes\/estudiantes-de-la-escuela-santiago-bueras-de-puerto-natales-y-del-liceo-sara-braun-representaron-a-la-region-de-magallanes-en-el-congreso-nacional-explora-2025\/#breadcrumb\",\"itemListElement\":[{\"@type\":\"ListItem\",\"position\":1,\"name\":\"Portada\",\"item\":\"https:\/\/explora.cl\/magallanes\/\"},{\"@type\":\"ListItem\",\"position\":2,\"name\":\"Estudiantes de la Escuela Santiago Bueras de Puerto Natales y del Liceo Sara Braun representaron a la regi\u00f3n de Magallanes en el Congreso Nacional Explora 2025\"}]},{\"@type\":\"WebSite\",\"@id\":\"https:\/\/explora.cl\/magallanes\/#website\",\"url\":\"https:\/\/explora.cl\/magallanes\/\",\"name\":\"Magallanes\",\"description\":\"Otro sitio m\u00e1s de explora.cl\",\"publisher\":{\"@id\":\"https:\/\/explora.cl\/magallanes\/#organization\"},\"potentialAction\":[{\"@type\":\"SearchAction\",\"target\":{\"@type\":\"EntryPoint\",\"urlTemplate\":\"https:\/\/explora.cl\/magallanes\/?s={search_term_string}\"},\"query-input\":{\"@type\":\"PropertyValueSpecification\",\"valueRequired\":true,\"valueName\":\"search_term_string\"}}],\"inLanguage\":\"es-CL\"},{\"@type\":\"Organization\",\"@id\":\"https:\/\/explora.cl\/magallanes\/#organization\",\"name\":\"Magallanes\",\"url\":\"https:\/\/explora.cl\/magallanes\/\",\"logo\":{\"@type\":\"ImageObject\",\"inLanguage\":\"es-CL\",\"@id\":\"https:\/\/explora.cl\/magallanes\/#\/schema\/logo\/image\/\",\"url\":\"https:\/\/explora.cl\/magallanes\/wp-content\/uploads\/sites\/19\/2021\/06\/cropped-ICONO-COLOR-2.jpg\",\"contentUrl\":\"https:\/\/explora.cl\/magallanes\/wp-content\/uploads\/sites\/19\/2021\/06\/cropped-ICONO-COLOR-2.jpg\",\"width\":1181,\"height\":1181,\"caption\":\"Magallanes\"},\"image\":{\"@id\":\"https:\/\/explora.cl\/magallanes\/#\/schema\/logo\/image\/\"}},{\"@type\":\"Person\",\"@id\":\"https:\/\/explora.cl\/magallanes\/#\/schema\/person\/8cc9448cf690297d1abd64d05fa3f09f\",\"name\":\"cgalaz\",\"image\":{\"@type\":\"ImageObject\",\"inLanguage\":\"es-CL\",\"@id\":\"https:\/\/explora.cl\/magallanes\/#\/schema\/person\/image\/\",\"url\":\"https:\/\/secure.gravatar.com\/avatar\/7685b3fe3c7bc60f50658fbf1b7c83f8b28b5cce1eaf63033d32cae8b57fc828?s=96&d=mm&r=g\",\"contentUrl\":\"https:\/\/secure.gravatar.com\/avatar\/7685b3fe3c7bc60f50658fbf1b7c83f8b28b5cce1eaf63033d32cae8b57fc828?s=96&d=mm&r=g\",\"caption\":\"cgalaz\"},\"url\":\"https:\/\/explora.cl\/magallanes\/author\/cgalaz\/\"}]}<\/script>\n<!-- \/ Yoast SEO plugin. -->","yoast_head_json":{"title":"Estudiantes de la Escuela Santiago Bueras de Puerto Natales y del Liceo Sara Braun representaron a la regi\u00f3n de Magallanes en el Congreso Nacional Explora 2025 - Magallanes","robots":{"index":"index","follow":"follow","max-snippet":"max-snippet:-1","max-image-preview":"max-image-preview:large","max-video-preview":"max-video-preview:-1"},"canonical":"https:\/\/explora.cl\/magallanes\/estudiantes-de-la-escuela-santiago-bueras-de-puerto-natales-y-del-liceo-sara-braun-representaron-a-la-region-de-magallanes-en-el-congreso-nacional-explora-2025\/","og_locale":"es_ES","og_type":"article","og_title":"Estudiantes de la Escuela Santiago Bueras de Puerto Natales y del Liceo Sara Braun representaron a la regi\u00f3n de Magallanes en el Congreso Nacional Explora 2025 - Magallanes","og_description":"Estudiantes de la Escuela Santiago Bueras de Puerto Natales y del Liceo Sara Braun representaron a la regi\u00f3n de Magallanes en el Congreso Nacional Explora 2025 Las estudiantes Danna Galeano e Ignacia Martin junto a su docente Javier Mu\u00f1oz con su proyecto \u201cTan cerca y a la vez tan lejos: percepciones sobre el aislamiento en [&hellip;]","og_url":"https:\/\/explora.cl\/magallanes\/estudiantes-de-la-escuela-santiago-bueras-de-puerto-natales-y-del-liceo-sara-braun-representaron-a-la-region-de-magallanes-en-el-congreso-nacional-explora-2025\/","og_site_name":"Magallanes","article_published_time":"2025-11-05T19:13:16+00:00","og_image":[{"width":1600,"height":1200,"url":"https:\/\/explora.cl\/magallanes\/wp-content\/uploads\/sites\/19\/2025\/11\/foto-2-congreso-nacional-2.jpg","type":"image\/jpeg"}],"author":"cgalaz","twitter_card":"summary_large_image","twitter_misc":{"Escrito por":"cgalaz","Tiempo estimado de lectura":"4 minutos"},"schema":{"@context":"https:\/\/schema.org","@graph":[{"@type":"Article","@id":"https:\/\/explora.cl\/magallanes\/estudiantes-de-la-escuela-santiago-bueras-de-puerto-natales-y-del-liceo-sara-braun-representaron-a-la-region-de-magallanes-en-el-congreso-nacional-explora-2025\/#article","isPartOf":{"@id":"https:\/\/explora.cl\/magallanes\/estudiantes-de-la-escuela-santiago-bueras-de-puerto-natales-y-del-liceo-sara-braun-representaron-a-la-region-de-magallanes-en-el-congreso-nacional-explora-2025\/"},"author":{"name":"cgalaz","@id":"https:\/\/explora.cl\/magallanes\/#\/schema\/person\/8cc9448cf690297d1abd64d05fa3f09f"},"headline":"Estudiantes de la Escuela Santiago Bueras de Puerto Natales y del Liceo Sara Braun representaron a la regi\u00f3n de Magallanes en el Congreso Nacional Explora 2025","datePublished":"2025-11-05T19:13:16+00:00","mainEntityOfPage":{"@id":"https:\/\/explora.cl\/magallanes\/estudiantes-de-la-escuela-santiago-bueras-de-puerto-natales-y-del-liceo-sara-braun-representaron-a-la-region-de-magallanes-en-el-congreso-nacional-explora-2025\/"},"wordCount":551,"commentCount":0,"publisher":{"@id":"https:\/\/explora.cl\/magallanes\/#organization"},"image":{"@id":"https:\/\/explora.cl\/magallanes\/estudiantes-de-la-escuela-santiago-bueras-de-puerto-natales-y-del-liceo-sara-braun-representaron-a-la-region-de-magallanes-en-el-congreso-nacional-explora-2025\/#primaryimage"},"thumbnailUrl":"https:\/\/explora.cl\/magallanes\/wp-content\/uploads\/sites\/19\/2025\/11\/foto-2-congreso-nacional-2.jpg","articleSection":["Lugar 4","Noticias"],"inLanguage":"es-CL","potentialAction":[{"@type":"CommentAction","name":"Comment","target":["https:\/\/explora.cl\/magallanes\/estudiantes-de-la-escuela-santiago-bueras-de-puerto-natales-y-del-liceo-sara-braun-representaron-a-la-region-de-magallanes-en-el-congreso-nacional-explora-2025\/#respond"]}]},{"@type":"WebPage","@id":"https:\/\/explora.cl\/magallanes\/estudiantes-de-la-escuela-santiago-bueras-de-puerto-natales-y-del-liceo-sara-braun-representaron-a-la-region-de-magallanes-en-el-congreso-nacional-explora-2025\/","url":"https:\/\/explora.cl\/magallanes\/estudiantes-de-la-escuela-santiago-bueras-de-puerto-natales-y-del-liceo-sara-braun-representaron-a-la-region-de-magallanes-en-el-congreso-nacional-explora-2025\/","name":"Estudiantes de la Escuela Santiago Bueras de Puerto Natales y del Liceo Sara Braun representaron a la regi\u00f3n de Magallanes en el Congreso Nacional Explora 2025 - Magallanes","isPartOf":{"@id":"https:\/\/explora.cl\/magallanes\/#website"},"primaryImageOfPage":{"@id":"https:\/\/explora.cl\/magallanes\/estudiantes-de-la-escuela-santiago-bueras-de-puerto-natales-y-del-liceo-sara-braun-representaron-a-la-region-de-magallanes-en-el-congreso-nacional-explora-2025\/#primaryimage"},"image":{"@id":"https:\/\/explora.cl\/magallanes\/estudiantes-de-la-escuela-santiago-bueras-de-puerto-natales-y-del-liceo-sara-braun-representaron-a-la-region-de-magallanes-en-el-congreso-nacional-explora-2025\/#primaryimage"},"thumbnailUrl":"https:\/\/explora.cl\/magallanes\/wp-content\/uploads\/sites\/19\/2025\/11\/foto-2-congreso-nacional-2.jpg","datePublished":"2025-11-05T19:13:16+00:00","breadcrumb":{"@id":"https:\/\/explora.cl\/magallanes\/estudiantes-de-la-escuela-santiago-bueras-de-puerto-natales-y-del-liceo-sara-braun-representaron-a-la-region-de-magallanes-en-el-congreso-nacional-explora-2025\/#breadcrumb"},"inLanguage":"es-CL","potentialAction":[{"@type":"ReadAction","target":["https:\/\/explora.cl\/magallanes\/estudiantes-de-la-escuela-santiago-bueras-de-puerto-natales-y-del-liceo-sara-braun-representaron-a-la-region-de-magallanes-en-el-congreso-nacional-explora-2025\/"]}]},{"@type":"ImageObject","inLanguage":"es-CL","@id":"https:\/\/explora.cl\/magallanes\/estudiantes-de-la-escuela-santiago-bueras-de-puerto-natales-y-del-liceo-sara-braun-representaron-a-la-region-de-magallanes-en-el-congreso-nacional-explora-2025\/#primaryimage","url":"https:\/\/explora.cl\/magallanes\/wp-content\/uploads\/sites\/19\/2025\/11\/foto-2-congreso-nacional-2.jpg","contentUrl":"https:\/\/explora.cl\/magallanes\/wp-content\/uploads\/sites\/19\/2025\/11\/foto-2-congreso-nacional-2.jpg","width":1600,"height":1200},{"@type":"BreadcrumbList","@id":"https:\/\/explora.cl\/magallanes\/estudiantes-de-la-escuela-santiago-bueras-de-puerto-natales-y-del-liceo-sara-braun-representaron-a-la-region-de-magallanes-en-el-congreso-nacional-explora-2025\/#breadcrumb","itemListElement":[{"@type":"ListItem","position":1,"name":"Portada","item":"https:\/\/explora.cl\/magallanes\/"},{"@type":"ListItem","position":2,"name":"Estudiantes de la Escuela Santiago Bueras de Puerto Natales y del Liceo Sara Braun representaron a la regi\u00f3n de Magallanes en el Congreso Nacional Explora 2025"}]},{"@type":"WebSite","@id":"https:\/\/explora.cl\/magallanes\/#website","url":"https:\/\/explora.cl\/magallanes\/","name":"Magallanes","description":"Otro sitio m\u00e1s de explora.cl","publisher":{"@id":"https:\/\/explora.cl\/magallanes\/#organization"},"potentialAction":[{"@type":"SearchAction","target":{"@type":"EntryPoint","urlTemplate":"https:\/\/explora.cl\/magallanes\/?s={search_term_string}"},"query-input":{"@type":"PropertyValueSpecification","valueRequired":true,"valueName":"search_term_string"}}],"inLanguage":"es-CL"},{"@type":"Organization","@id":"https:\/\/explora.cl\/magallanes\/#organization","name":"Magallanes","url":"https:\/\/explora.cl\/magallanes\/","logo":{"@type":"ImageObject","inLanguage":"es-CL","@id":"https:\/\/explora.cl\/magallanes\/#\/schema\/logo\/image\/","url":"https:\/\/explora.cl\/magallanes\/wp-content\/uploads\/sites\/19\/2021\/06\/cropped-ICONO-COLOR-2.jpg","contentUrl":"https:\/\/explora.cl\/magallanes\/wp-content\/uploads\/sites\/19\/2021\/06\/cropped-ICONO-COLOR-2.jpg","width":1181,"height":1181,"caption":"Magallanes"},"image":{"@id":"https:\/\/explora.cl\/magallanes\/#\/schema\/logo\/image\/"}},{"@type":"Person","@id":"https:\/\/explora.cl\/magallanes\/#\/schema\/person\/8cc9448cf690297d1abd64d05fa3f09f","name":"cgalaz","image":{"@type":"ImageObject","inLanguage":"es-CL","@id":"https:\/\/explora.cl\/magallanes\/#\/schema\/person\/image\/","url":"https:\/\/secure.gravatar.com\/avatar\/7685b3fe3c7bc60f50658fbf1b7c83f8b28b5cce1eaf63033d32cae8b57fc828?s=96&d=mm&r=g","contentUrl":"https:\/\/secure.gravatar.com\/avatar\/7685b3fe3c7bc60f50658fbf1b7c83f8b28b5cce1eaf63033d32cae8b57fc828?s=96&d=mm&r=g","caption":"cgalaz"},"url":"https:\/\/explora.cl\/magallanes\/author\/cgalaz\/"}]}},"_links":{"self":[{"href":"https:\/\/explora.cl\/magallanes\/wp-json\/wp\/v2\/posts\/40434","targetHints":{"allow":["GET"]}}],"collection":[{"href":"https:\/\/explora.cl\/magallanes\/wp-json\/wp\/v2\/posts"}],"about":[{"href":"https:\/\/explora.cl\/magallanes\/wp-json\/wp\/v2\/types\/post"}],"author":[{"embeddable":true,"href":"https:\/\/explora.cl\/magallanes\/wp-json\/wp\/v2\/users\/38"}],"replies":[{"embeddable":true,"href":"https:\/\/explora.cl\/magallanes\/wp-json\/wp\/v2\/comments?post=40434"}],"version-history":[{"count":1,"href":"https:\/\/explora.cl\/magallanes\/wp-json\/wp\/v2\/posts\/40434\/revisions"}],"predecessor-version":[{"id":40440,"href":"https:\/\/explora.cl\/magallanes\/wp-json\/wp\/v2\/posts\/40434\/revisions\/40440"}],"wp:featuredmedia":[{"embeddable":true,"href":"https:\/\/explora.cl\/magallanes\/wp-json\/wp\/v2\/media\/40436"}],"wp:attachment":[{"href":"https:\/\/explora.cl\/magallanes\/wp-json\/wp\/v2\/media?parent=40434"}],"wp:term":[{"taxonomy":"category","embeddable":true,"href":"https:\/\/explora.cl\/magallanes\/wp-json\/wp\/v2\/categories?post=40434"},{"taxonomy":"post_tag","embeddable":true,"href":"https:\/\/explora.cl\/magallanes\/wp-json\/wp\/v2\/tags?post=40434"}],"curies":[{"name":"wp","href":"https:\/\/api.w.org\/{rel}","templated":true}]}}