{"id":40423,"date":"2025-10-20T17:31:59","date_gmt":"2025-10-20T20:31:59","guid":{"rendered":"https:\/\/explora.cl\/magallanes\/?p=40423"},"modified":"2025-10-20T17:32:26","modified_gmt":"2025-10-20T20:32:26","slug":"liceo-sara-braun-de-punta-arenas-y-la-escuela-coronel-santiago-bueras-de-puerto-natales-representaran-a-la-region-en-el-congreso-nacional-de-explora-2025","status":"publish","type":"post","link":"https:\/\/explora.cl\/magallanes\/liceo-sara-braun-de-punta-arenas-y-la-escuela-coronel-santiago-bueras-de-puerto-natales-representaran-a-la-region-en-el-congreso-nacional-de-explora-2025\/","title":{"rendered":"Liceo Sara Braun de Punta Arenas y la Escuela Coronel Santiago Bueras de Puerto Natales representar\u00e1n a la regi\u00f3n en el Congreso Nacional de Explora 2025"},"content":{"rendered":"<p>El pasado martes 14 y mi\u00e9rcoles 15 de octubre, se realiz\u00f3 la feria cient\u00edfica \u201cCiencia para nuestra comunidad\u201d, en el cual los estudiantes junto a sus docentes que son parte del Instrumento de Investigaci\u00f3n e Innovaci\u00f3n\u00a0Escolar, exhibieron y socializaron sus proyectos a toda la comunidad, en el patio de la Facultad de Ingenier\u00eda de la Universidad de Magallanes en Punta arenas y en la Escuela Bernardo O\u2019Higgins en Puerto Natales.<\/p>\n<p>La socializaci\u00f3n final del instrumento de Investigaci\u00f3n e innovaci\u00f3n Escolar, financiado por el Programa Explora del Ministerio de Ciencia, Tecnolog\u00eda, Conocimiento e Innovaci\u00f3n y ejecutado por la Universidad de<br \/>\nMagallanes, que como objetivo socializar los avances de los proyectos de investigaci\u00f3n a trav\u00e9s de una exposici\u00f3n, con lenguaje claro y preciso.<\/p>\n<p>En ambas actividades, tanto en Punta Arenas como Puerto Natales, hubo un comit\u00e9 integrado por cient\u00edficos que evalu\u00f3 cada proyecto y determin\u00f3 a los equipos de estudiantes junto a sus docentes que representar\u00e1n a la regi\u00f3n en el Congreso Nacional Explora 2025. Es as\u00ed como el Liceo Sara Braun de Punta Arenas con su proyecto \u201cTan cerca y a la vez tan lejos:percepciones sobre el aislamiento en los habitantes de Villa Tehuelches\u201d a cargo del docente Javier Mu\u00f1oz y la Escuela Coronel Santiago Bueras de Puerto Natales con el proyecto \u201cimportancia ecol\u00f3gica de los hongos y la necesidad de conservar las especies amenizadas: como realizar un fungario comunal\u201d, liderado por la docente Claudia Almonacid.<\/p>\n<p>Al respecto, la directora ejecutiva de PAR Explora Magallanes, Claudia Salinas coment\u00f3 que \u201cComo PAR Explora Magallanes, nos llena de orgullo ver c\u00f3mo nuestras y nuestros estudiantes se convierten en protagonistas del conocimiento a trav\u00e9s de la investigaci\u00f3n y la innovaci\u00f3n escolar. En la feria cient\u00edfica \u2018Ciencia para nuestra comunidad\u2019, demostraron su curiosidad, compromiso y creatividad, abordando temas que nacen de su entorno y aportan valor a sus comunidades. Felicitamos a cada uno de los equipos que formaron parte de esta experiencia y, adem\u00e1s, a quienes representar\u00e1n a la regi\u00f3n en el Congreso Nacional Explora 2025\u201d.<\/p>\n<p>Finalmente, el Congreso Nacional Explora se desarrollar\u00e1 el 28, 29 y 30 de octubre en Santiago, en el cual los participantes presentar\u00e1n sus proyectos de investigaci\u00f3n y compartir\u00e1n experiencias con sus pares de todas las regiones del pa\u00eds.<\/p>\n<p><img fetchpriority=\"high\" decoding=\"async\" class=\"wp-image-40425 alignleft\" src=\"https:\/\/explora.cl\/magallanes\/wp-content\/uploads\/sites\/19\/2025\/10\/liceo-sara-braun.jpeg\" alt=\"\" width=\"395\" height=\"222\" srcset=\"https:\/\/explora.cl\/magallanes\/wp-content\/uploads\/sites\/19\/2025\/10\/liceo-sara-braun.jpeg 1600w, https:\/\/explora.cl\/magallanes\/wp-content\/uploads\/sites\/19\/2025\/10\/liceo-sara-braun-300x169.jpeg 300w, https:\/\/explora.cl\/magallanes\/wp-content\/uploads\/sites\/19\/2025\/10\/liceo-sara-braun-1024x576.jpeg 1024w, https:\/\/explora.cl\/magallanes\/wp-content\/uploads\/sites\/19\/2025\/10\/liceo-sara-braun-768x432.jpeg 768w, https:\/\/explora.cl\/magallanes\/wp-content\/uploads\/sites\/19\/2025\/10\/liceo-sara-braun-1536x864.jpeg 1536w\" sizes=\"(max-width: 395px) 100vw, 395px\" \/><\/p>\n<p><img decoding=\"async\" class=\"wp-image-40424 alignleft\" src=\"https:\/\/explora.cl\/magallanes\/wp-content\/uploads\/sites\/19\/2025\/10\/escuela-santiago-bueras.jpg\" alt=\"\" width=\"400\" height=\"225\" srcset=\"https:\/\/explora.cl\/magallanes\/wp-content\/uploads\/sites\/19\/2025\/10\/escuela-santiago-bueras.jpg 1600w, https:\/\/explora.cl\/magallanes\/wp-content\/uploads\/sites\/19\/2025\/10\/escuela-santiago-bueras-300x169.jpg 300w, https:\/\/explora.cl\/magallanes\/wp-content\/uploads\/sites\/19\/2025\/10\/escuela-santiago-bueras-1024x576.jpg 1024w, https:\/\/explora.cl\/magallanes\/wp-content\/uploads\/sites\/19\/2025\/10\/escuela-santiago-bueras-768x432.jpg 768w, https:\/\/explora.cl\/magallanes\/wp-content\/uploads\/sites\/19\/2025\/10\/escuela-santiago-bueras-1536x864.jpg 1536w\" sizes=\"(max-width: 400px) 100vw, 400px\" \/><\/p>\n","protected":false},"excerpt":{"rendered":"<p>El pasado martes 14 y mi\u00e9rcoles 15 de octubre, se realiz\u00f3 la feria cient\u00edfica \u201cCiencia para nuestra comunidad\u201d, en el cual los estudiantes junto a sus docentes que son parte del Instrumento de Investigaci\u00f3n e Innovaci\u00f3n\u00a0Escolar, exhibieron y socializaron sus proyectos a toda la comunidad, en el patio de la Facultad de Ingenier\u00eda de la [&hellip;]<\/p>\n","protected":false},"author":38,"featured_media":40422,"comment_status":"open","ping_status":"open","sticky":false,"template":"","format":"standard","meta":{"_acf_changed":false,"_exactmetrics_skip_tracking":false,"_exactmetrics_sitenote_active":false,"_exactmetrics_sitenote_note":"","_exactmetrics_sitenote_category":0,"footnotes":"","_links_to":"","_links_to_target":""},"categories":[138,4,1],"tags":[],"class_list":["post-40423","post","type-post","status-publish","format-standard","has-post-thumbnail","hentry","category-lugar-3","category-noticias","category-sin-categoria"],"acf":[],"yoast_head":"<!-- This site is optimized with the Yoast SEO plugin v26.9 - https:\/\/yoast.com\/product\/yoast-seo-wordpress\/ -->\n<title>Liceo Sara Braun de Punta Arenas y la Escuela Coronel Santiago Bueras de Puerto Natales representar\u00e1n a la regi\u00f3n en el Congreso Nacional de Explora 2025 - Magallanes<\/title>\n<meta name=\"robots\" content=\"index, follow, max-snippet:-1, max-image-preview:large, max-video-preview:-1\" \/>\n<link rel=\"canonical\" href=\"https:\/\/explora.cl\/magallanes\/liceo-sara-braun-de-punta-arenas-y-la-escuela-coronel-santiago-bueras-de-puerto-natales-representaran-a-la-region-en-el-congreso-nacional-de-explora-2025\/\" class=\"yoast-seo-meta-tag\" \/>\n<meta property=\"og:locale\" content=\"es_ES\" class=\"yoast-seo-meta-tag\" \/>\n<meta property=\"og:type\" content=\"article\" class=\"yoast-seo-meta-tag\" \/>\n<meta property=\"og:title\" content=\"Liceo Sara Braun de Punta Arenas y la Escuela Coronel Santiago Bueras de Puerto Natales representar\u00e1n a la regi\u00f3n en el Congreso Nacional de Explora 2025 - Magallanes\" class=\"yoast-seo-meta-tag\" \/>\n<meta property=\"og:description\" content=\"El pasado martes 14 y mi\u00e9rcoles 15 de octubre, se realiz\u00f3 la feria cient\u00edfica \u201cCiencia para nuestra comunidad\u201d, en el cual los estudiantes junto a sus docentes que son parte del Instrumento de Investigaci\u00f3n e Innovaci\u00f3n\u00a0Escolar, exhibieron y socializaron sus proyectos a toda la comunidad, en el patio de la Facultad de Ingenier\u00eda de la [&hellip;]\" class=\"yoast-seo-meta-tag\" \/>\n<meta property=\"og:url\" content=\"https:\/\/explora.cl\/magallanes\/liceo-sara-braun-de-punta-arenas-y-la-escuela-coronel-santiago-bueras-de-puerto-natales-representaran-a-la-region-en-el-congreso-nacional-de-explora-2025\/\" class=\"yoast-seo-meta-tag\" \/>\n<meta property=\"og:site_name\" content=\"Magallanes\" class=\"yoast-seo-meta-tag\" \/>\n<meta property=\"article:published_time\" content=\"2025-10-20T20:31:59+00:00\" class=\"yoast-seo-meta-tag\" \/>\n<meta property=\"article:modified_time\" content=\"2025-10-20T20:32:26+00:00\" class=\"yoast-seo-meta-tag\" \/>\n<meta property=\"og:image\" content=\"https:\/\/explora.cl\/magallanes\/wp-content\/uploads\/sites\/19\/2025\/10\/feria-socializacion-final.jpg\" class=\"yoast-seo-meta-tag\" \/>\n\t<meta property=\"og:image:width\" content=\"1600\" class=\"yoast-seo-meta-tag\" \/>\n\t<meta property=\"og:image:height\" content=\"718\" class=\"yoast-seo-meta-tag\" \/>\n\t<meta property=\"og:image:type\" content=\"image\/jpeg\" class=\"yoast-seo-meta-tag\" \/>\n<meta name=\"author\" content=\"cgalaz\" class=\"yoast-seo-meta-tag\" \/>\n<meta name=\"twitter:card\" content=\"summary_large_image\" class=\"yoast-seo-meta-tag\" \/>\n<meta name=\"twitter:label1\" content=\"Escrito por\" class=\"yoast-seo-meta-tag\" \/>\n\t<meta name=\"twitter:data1\" content=\"cgalaz\" class=\"yoast-seo-meta-tag\" \/>\n\t<meta name=\"twitter:label2\" content=\"Tiempo estimado de lectura\" class=\"yoast-seo-meta-tag\" \/>\n\t<meta name=\"twitter:data2\" content=\"3 minutos\" class=\"yoast-seo-meta-tag\" \/>\n<script type=\"application\/ld+json\" class=\"yoast-schema-graph\">{\"@context\":\"https:\/\/schema.org\",\"@graph\":[{\"@type\":\"Article\",\"@id\":\"https:\/\/explora.cl\/magallanes\/liceo-sara-braun-de-punta-arenas-y-la-escuela-coronel-santiago-bueras-de-puerto-natales-representaran-a-la-region-en-el-congreso-nacional-de-explora-2025\/#article\",\"isPartOf\":{\"@id\":\"https:\/\/explora.cl\/magallanes\/liceo-sara-braun-de-punta-arenas-y-la-escuela-coronel-santiago-bueras-de-puerto-natales-representaran-a-la-region-en-el-congreso-nacional-de-explora-2025\/\"},\"author\":{\"name\":\"cgalaz\",\"@id\":\"https:\/\/explora.cl\/magallanes\/#\/schema\/person\/8cc9448cf690297d1abd64d05fa3f09f\"},\"headline\":\"Liceo Sara Braun de Punta Arenas y la Escuela Coronel Santiago Bueras de Puerto Natales representar\u00e1n a la regi\u00f3n en el Congreso Nacional de Explora 2025\",\"datePublished\":\"2025-10-20T20:31:59+00:00\",\"dateModified\":\"2025-10-20T20:32:26+00:00\",\"mainEntityOfPage\":{\"@id\":\"https:\/\/explora.cl\/magallanes\/liceo-sara-braun-de-punta-arenas-y-la-escuela-coronel-santiago-bueras-de-puerto-natales-representaran-a-la-region-en-el-congreso-nacional-de-explora-2025\/\"},\"wordCount\":422,\"commentCount\":0,\"publisher\":{\"@id\":\"https:\/\/explora.cl\/magallanes\/#organization\"},\"image\":{\"@id\":\"https:\/\/explora.cl\/magallanes\/liceo-sara-braun-de-punta-arenas-y-la-escuela-coronel-santiago-bueras-de-puerto-natales-representaran-a-la-region-en-el-congreso-nacional-de-explora-2025\/#primaryimage\"},\"thumbnailUrl\":\"https:\/\/explora.cl\/magallanes\/wp-content\/uploads\/sites\/19\/2025\/10\/feria-socializacion-final.jpg\",\"articleSection\":[\"Lugar 3\",\"Noticias\"],\"inLanguage\":\"es-CL\",\"potentialAction\":[{\"@type\":\"CommentAction\",\"name\":\"Comment\",\"target\":[\"https:\/\/explora.cl\/magallanes\/liceo-sara-braun-de-punta-arenas-y-la-escuela-coronel-santiago-bueras-de-puerto-natales-representaran-a-la-region-en-el-congreso-nacional-de-explora-2025\/#respond\"]}]},{\"@type\":\"WebPage\",\"@id\":\"https:\/\/explora.cl\/magallanes\/liceo-sara-braun-de-punta-arenas-y-la-escuela-coronel-santiago-bueras-de-puerto-natales-representaran-a-la-region-en-el-congreso-nacional-de-explora-2025\/\",\"url\":\"https:\/\/explora.cl\/magallanes\/liceo-sara-braun-de-punta-arenas-y-la-escuela-coronel-santiago-bueras-de-puerto-natales-representaran-a-la-region-en-el-congreso-nacional-de-explora-2025\/\",\"name\":\"Liceo Sara Braun de Punta Arenas y la Escuela Coronel Santiago Bueras de Puerto Natales representar\u00e1n a la regi\u00f3n en el Congreso Nacional de Explora 2025 - Magallanes\",\"isPartOf\":{\"@id\":\"https:\/\/explora.cl\/magallanes\/#website\"},\"primaryImageOfPage\":{\"@id\":\"https:\/\/explora.cl\/magallanes\/liceo-sara-braun-de-punta-arenas-y-la-escuela-coronel-santiago-bueras-de-puerto-natales-representaran-a-la-region-en-el-congreso-nacional-de-explora-2025\/#primaryimage\"},\"image\":{\"@id\":\"https:\/\/explora.cl\/magallanes\/liceo-sara-braun-de-punta-arenas-y-la-escuela-coronel-santiago-bueras-de-puerto-natales-representaran-a-la-region-en-el-congreso-nacional-de-explora-2025\/#primaryimage\"},\"thumbnailUrl\":\"https:\/\/explora.cl\/magallanes\/wp-content\/uploads\/sites\/19\/2025\/10\/feria-socializacion-final.jpg\",\"datePublished\":\"2025-10-20T20:31:59+00:00\",\"dateModified\":\"2025-10-20T20:32:26+00:00\",\"breadcrumb\":{\"@id\":\"https:\/\/explora.cl\/magallanes\/liceo-sara-braun-de-punta-arenas-y-la-escuela-coronel-santiago-bueras-de-puerto-natales-representaran-a-la-region-en-el-congreso-nacional-de-explora-2025\/#breadcrumb\"},\"inLanguage\":\"es-CL\",\"potentialAction\":[{\"@type\":\"ReadAction\",\"target\":[\"https:\/\/explora.cl\/magallanes\/liceo-sara-braun-de-punta-arenas-y-la-escuela-coronel-santiago-bueras-de-puerto-natales-representaran-a-la-region-en-el-congreso-nacional-de-explora-2025\/\"]}]},{\"@type\":\"ImageObject\",\"inLanguage\":\"es-CL\",\"@id\":\"https:\/\/explora.cl\/magallanes\/liceo-sara-braun-de-punta-arenas-y-la-escuela-coronel-santiago-bueras-de-puerto-natales-representaran-a-la-region-en-el-congreso-nacional-de-explora-2025\/#primaryimage\",\"url\":\"https:\/\/explora.cl\/magallanes\/wp-content\/uploads\/sites\/19\/2025\/10\/feria-socializacion-final.jpg\",\"contentUrl\":\"https:\/\/explora.cl\/magallanes\/wp-content\/uploads\/sites\/19\/2025\/10\/feria-socializacion-final.jpg\",\"width\":1600,\"height\":718},{\"@type\":\"BreadcrumbList\",\"@id\":\"https:\/\/explora.cl\/magallanes\/liceo-sara-braun-de-punta-arenas-y-la-escuela-coronel-santiago-bueras-de-puerto-natales-representaran-a-la-region-en-el-congreso-nacional-de-explora-2025\/#breadcrumb\",\"itemListElement\":[{\"@type\":\"ListItem\",\"position\":1,\"name\":\"Portada\",\"item\":\"https:\/\/explora.cl\/magallanes\/\"},{\"@type\":\"ListItem\",\"position\":2,\"name\":\"Liceo Sara Braun de Punta Arenas y la Escuela Coronel Santiago Bueras de Puerto Natales representar\u00e1n a la regi\u00f3n en el Congreso Nacional de Explora 2025\"}]},{\"@type\":\"WebSite\",\"@id\":\"https:\/\/explora.cl\/magallanes\/#website\",\"url\":\"https:\/\/explora.cl\/magallanes\/\",\"name\":\"Magallanes\",\"description\":\"Otro sitio m\u00e1s de explora.cl\",\"publisher\":{\"@id\":\"https:\/\/explora.cl\/magallanes\/#organization\"},\"potentialAction\":[{\"@type\":\"SearchAction\",\"target\":{\"@type\":\"EntryPoint\",\"urlTemplate\":\"https:\/\/explora.cl\/magallanes\/?s={search_term_string}\"},\"query-input\":{\"@type\":\"PropertyValueSpecification\",\"valueRequired\":true,\"valueName\":\"search_term_string\"}}],\"inLanguage\":\"es-CL\"},{\"@type\":\"Organization\",\"@id\":\"https:\/\/explora.cl\/magallanes\/#organization\",\"name\":\"Magallanes\",\"url\":\"https:\/\/explora.cl\/magallanes\/\",\"logo\":{\"@type\":\"ImageObject\",\"inLanguage\":\"es-CL\",\"@id\":\"https:\/\/explora.cl\/magallanes\/#\/schema\/logo\/image\/\",\"url\":\"https:\/\/explora.cl\/magallanes\/wp-content\/uploads\/sites\/19\/2021\/06\/cropped-ICONO-COLOR-2.jpg\",\"contentUrl\":\"https:\/\/explora.cl\/magallanes\/wp-content\/uploads\/sites\/19\/2021\/06\/cropped-ICONO-COLOR-2.jpg\",\"width\":1181,\"height\":1181,\"caption\":\"Magallanes\"},\"image\":{\"@id\":\"https:\/\/explora.cl\/magallanes\/#\/schema\/logo\/image\/\"}},{\"@type\":\"Person\",\"@id\":\"https:\/\/explora.cl\/magallanes\/#\/schema\/person\/8cc9448cf690297d1abd64d05fa3f09f\",\"name\":\"cgalaz\",\"image\":{\"@type\":\"ImageObject\",\"inLanguage\":\"es-CL\",\"@id\":\"https:\/\/explora.cl\/magallanes\/#\/schema\/person\/image\/\",\"url\":\"https:\/\/secure.gravatar.com\/avatar\/7685b3fe3c7bc60f50658fbf1b7c83f8b28b5cce1eaf63033d32cae8b57fc828?s=96&d=mm&r=g\",\"contentUrl\":\"https:\/\/secure.gravatar.com\/avatar\/7685b3fe3c7bc60f50658fbf1b7c83f8b28b5cce1eaf63033d32cae8b57fc828?s=96&d=mm&r=g\",\"caption\":\"cgalaz\"},\"url\":\"https:\/\/explora.cl\/magallanes\/author\/cgalaz\/\"}]}<\/script>\n<!-- \/ Yoast SEO plugin. -->","yoast_head_json":{"title":"Liceo Sara Braun de Punta Arenas y la Escuela Coronel Santiago Bueras de Puerto Natales representar\u00e1n a la regi\u00f3n en el Congreso Nacional de Explora 2025 - Magallanes","robots":{"index":"index","follow":"follow","max-snippet":"max-snippet:-1","max-image-preview":"max-image-preview:large","max-video-preview":"max-video-preview:-1"},"canonical":"https:\/\/explora.cl\/magallanes\/liceo-sara-braun-de-punta-arenas-y-la-escuela-coronel-santiago-bueras-de-puerto-natales-representaran-a-la-region-en-el-congreso-nacional-de-explora-2025\/","og_locale":"es_ES","og_type":"article","og_title":"Liceo Sara Braun de Punta Arenas y la Escuela Coronel Santiago Bueras de Puerto Natales representar\u00e1n a la regi\u00f3n en el Congreso Nacional de Explora 2025 - Magallanes","og_description":"El pasado martes 14 y mi\u00e9rcoles 15 de octubre, se realiz\u00f3 la feria cient\u00edfica \u201cCiencia para nuestra comunidad\u201d, en el cual los estudiantes junto a sus docentes que son parte del Instrumento de Investigaci\u00f3n e Innovaci\u00f3n\u00a0Escolar, exhibieron y socializaron sus proyectos a toda la comunidad, en el patio de la Facultad de Ingenier\u00eda de la [&hellip;]","og_url":"https:\/\/explora.cl\/magallanes\/liceo-sara-braun-de-punta-arenas-y-la-escuela-coronel-santiago-bueras-de-puerto-natales-representaran-a-la-region-en-el-congreso-nacional-de-explora-2025\/","og_site_name":"Magallanes","article_published_time":"2025-10-20T20:31:59+00:00","article_modified_time":"2025-10-20T20:32:26+00:00","og_image":[{"width":1600,"height":718,"url":"https:\/\/explora.cl\/magallanes\/wp-content\/uploads\/sites\/19\/2025\/10\/feria-socializacion-final.jpg","type":"image\/jpeg"}],"author":"cgalaz","twitter_card":"summary_large_image","twitter_misc":{"Escrito por":"cgalaz","Tiempo estimado de lectura":"3 minutos"},"schema":{"@context":"https:\/\/schema.org","@graph":[{"@type":"Article","@id":"https:\/\/explora.cl\/magallanes\/liceo-sara-braun-de-punta-arenas-y-la-escuela-coronel-santiago-bueras-de-puerto-natales-representaran-a-la-region-en-el-congreso-nacional-de-explora-2025\/#article","isPartOf":{"@id":"https:\/\/explora.cl\/magallanes\/liceo-sara-braun-de-punta-arenas-y-la-escuela-coronel-santiago-bueras-de-puerto-natales-representaran-a-la-region-en-el-congreso-nacional-de-explora-2025\/"},"author":{"name":"cgalaz","@id":"https:\/\/explora.cl\/magallanes\/#\/schema\/person\/8cc9448cf690297d1abd64d05fa3f09f"},"headline":"Liceo Sara Braun de Punta Arenas y la Escuela Coronel Santiago Bueras de Puerto Natales representar\u00e1n a la regi\u00f3n en el Congreso Nacional de Explora 2025","datePublished":"2025-10-20T20:31:59+00:00","dateModified":"2025-10-20T20:32:26+00:00","mainEntityOfPage":{"@id":"https:\/\/explora.cl\/magallanes\/liceo-sara-braun-de-punta-arenas-y-la-escuela-coronel-santiago-bueras-de-puerto-natales-representaran-a-la-region-en-el-congreso-nacional-de-explora-2025\/"},"wordCount":422,"commentCount":0,"publisher":{"@id":"https:\/\/explora.cl\/magallanes\/#organization"},"image":{"@id":"https:\/\/explora.cl\/magallanes\/liceo-sara-braun-de-punta-arenas-y-la-escuela-coronel-santiago-bueras-de-puerto-natales-representaran-a-la-region-en-el-congreso-nacional-de-explora-2025\/#primaryimage"},"thumbnailUrl":"https:\/\/explora.cl\/magallanes\/wp-content\/uploads\/sites\/19\/2025\/10\/feria-socializacion-final.jpg","articleSection":["Lugar 3","Noticias"],"inLanguage":"es-CL","potentialAction":[{"@type":"CommentAction","name":"Comment","target":["https:\/\/explora.cl\/magallanes\/liceo-sara-braun-de-punta-arenas-y-la-escuela-coronel-santiago-bueras-de-puerto-natales-representaran-a-la-region-en-el-congreso-nacional-de-explora-2025\/#respond"]}]},{"@type":"WebPage","@id":"https:\/\/explora.cl\/magallanes\/liceo-sara-braun-de-punta-arenas-y-la-escuela-coronel-santiago-bueras-de-puerto-natales-representaran-a-la-region-en-el-congreso-nacional-de-explora-2025\/","url":"https:\/\/explora.cl\/magallanes\/liceo-sara-braun-de-punta-arenas-y-la-escuela-coronel-santiago-bueras-de-puerto-natales-representaran-a-la-region-en-el-congreso-nacional-de-explora-2025\/","name":"Liceo Sara Braun de Punta Arenas y la Escuela Coronel Santiago Bueras de Puerto Natales representar\u00e1n a la regi\u00f3n en el Congreso Nacional de Explora 2025 - Magallanes","isPartOf":{"@id":"https:\/\/explora.cl\/magallanes\/#website"},"primaryImageOfPage":{"@id":"https:\/\/explora.cl\/magallanes\/liceo-sara-braun-de-punta-arenas-y-la-escuela-coronel-santiago-bueras-de-puerto-natales-representaran-a-la-region-en-el-congreso-nacional-de-explora-2025\/#primaryimage"},"image":{"@id":"https:\/\/explora.cl\/magallanes\/liceo-sara-braun-de-punta-arenas-y-la-escuela-coronel-santiago-bueras-de-puerto-natales-representaran-a-la-region-en-el-congreso-nacional-de-explora-2025\/#primaryimage"},"thumbnailUrl":"https:\/\/explora.cl\/magallanes\/wp-content\/uploads\/sites\/19\/2025\/10\/feria-socializacion-final.jpg","datePublished":"2025-10-20T20:31:59+00:00","dateModified":"2025-10-20T20:32:26+00:00","breadcrumb":{"@id":"https:\/\/explora.cl\/magallanes\/liceo-sara-braun-de-punta-arenas-y-la-escuela-coronel-santiago-bueras-de-puerto-natales-representaran-a-la-region-en-el-congreso-nacional-de-explora-2025\/#breadcrumb"},"inLanguage":"es-CL","potentialAction":[{"@type":"ReadAction","target":["https:\/\/explora.cl\/magallanes\/liceo-sara-braun-de-punta-arenas-y-la-escuela-coronel-santiago-bueras-de-puerto-natales-representaran-a-la-region-en-el-congreso-nacional-de-explora-2025\/"]}]},{"@type":"ImageObject","inLanguage":"es-CL","@id":"https:\/\/explora.cl\/magallanes\/liceo-sara-braun-de-punta-arenas-y-la-escuela-coronel-santiago-bueras-de-puerto-natales-representaran-a-la-region-en-el-congreso-nacional-de-explora-2025\/#primaryimage","url":"https:\/\/explora.cl\/magallanes\/wp-content\/uploads\/sites\/19\/2025\/10\/feria-socializacion-final.jpg","contentUrl":"https:\/\/explora.cl\/magallanes\/wp-content\/uploads\/sites\/19\/2025\/10\/feria-socializacion-final.jpg","width":1600,"height":718},{"@type":"BreadcrumbList","@id":"https:\/\/explora.cl\/magallanes\/liceo-sara-braun-de-punta-arenas-y-la-escuela-coronel-santiago-bueras-de-puerto-natales-representaran-a-la-region-en-el-congreso-nacional-de-explora-2025\/#breadcrumb","itemListElement":[{"@type":"ListItem","position":1,"name":"Portada","item":"https:\/\/explora.cl\/magallanes\/"},{"@type":"ListItem","position":2,"name":"Liceo Sara Braun de Punta Arenas y la Escuela Coronel Santiago Bueras de Puerto Natales representar\u00e1n a la regi\u00f3n en el Congreso Nacional de Explora 2025"}]},{"@type":"WebSite","@id":"https:\/\/explora.cl\/magallanes\/#website","url":"https:\/\/explora.cl\/magallanes\/","name":"Magallanes","description":"Otro sitio m\u00e1s de explora.cl","publisher":{"@id":"https:\/\/explora.cl\/magallanes\/#organization"},"potentialAction":[{"@type":"SearchAction","target":{"@type":"EntryPoint","urlTemplate":"https:\/\/explora.cl\/magallanes\/?s={search_term_string}"},"query-input":{"@type":"PropertyValueSpecification","valueRequired":true,"valueName":"search_term_string"}}],"inLanguage":"es-CL"},{"@type":"Organization","@id":"https:\/\/explora.cl\/magallanes\/#organization","name":"Magallanes","url":"https:\/\/explora.cl\/magallanes\/","logo":{"@type":"ImageObject","inLanguage":"es-CL","@id":"https:\/\/explora.cl\/magallanes\/#\/schema\/logo\/image\/","url":"https:\/\/explora.cl\/magallanes\/wp-content\/uploads\/sites\/19\/2021\/06\/cropped-ICONO-COLOR-2.jpg","contentUrl":"https:\/\/explora.cl\/magallanes\/wp-content\/uploads\/sites\/19\/2021\/06\/cropped-ICONO-COLOR-2.jpg","width":1181,"height":1181,"caption":"Magallanes"},"image":{"@id":"https:\/\/explora.cl\/magallanes\/#\/schema\/logo\/image\/"}},{"@type":"Person","@id":"https:\/\/explora.cl\/magallanes\/#\/schema\/person\/8cc9448cf690297d1abd64d05fa3f09f","name":"cgalaz","image":{"@type":"ImageObject","inLanguage":"es-CL","@id":"https:\/\/explora.cl\/magallanes\/#\/schema\/person\/image\/","url":"https:\/\/secure.gravatar.com\/avatar\/7685b3fe3c7bc60f50658fbf1b7c83f8b28b5cce1eaf63033d32cae8b57fc828?s=96&d=mm&r=g","contentUrl":"https:\/\/secure.gravatar.com\/avatar\/7685b3fe3c7bc60f50658fbf1b7c83f8b28b5cce1eaf63033d32cae8b57fc828?s=96&d=mm&r=g","caption":"cgalaz"},"url":"https:\/\/explora.cl\/magallanes\/author\/cgalaz\/"}]}},"_links":{"self":[{"href":"https:\/\/explora.cl\/magallanes\/wp-json\/wp\/v2\/posts\/40423","targetHints":{"allow":["GET"]}}],"collection":[{"href":"https:\/\/explora.cl\/magallanes\/wp-json\/wp\/v2\/posts"}],"about":[{"href":"https:\/\/explora.cl\/magallanes\/wp-json\/wp\/v2\/types\/post"}],"author":[{"embeddable":true,"href":"https:\/\/explora.cl\/magallanes\/wp-json\/wp\/v2\/users\/38"}],"replies":[{"embeddable":true,"href":"https:\/\/explora.cl\/magallanes\/wp-json\/wp\/v2\/comments?post=40423"}],"version-history":[{"count":1,"href":"https:\/\/explora.cl\/magallanes\/wp-json\/wp\/v2\/posts\/40423\/revisions"}],"predecessor-version":[{"id":40426,"href":"https:\/\/explora.cl\/magallanes\/wp-json\/wp\/v2\/posts\/40423\/revisions\/40426"}],"wp:featuredmedia":[{"embeddable":true,"href":"https:\/\/explora.cl\/magallanes\/wp-json\/wp\/v2\/media\/40422"}],"wp:attachment":[{"href":"https:\/\/explora.cl\/magallanes\/wp-json\/wp\/v2\/media?parent=40423"}],"wp:term":[{"taxonomy":"category","embeddable":true,"href":"https:\/\/explora.cl\/magallanes\/wp-json\/wp\/v2\/categories?post=40423"},{"taxonomy":"post_tag","embeddable":true,"href":"https:\/\/explora.cl\/magallanes\/wp-json\/wp\/v2\/tags?post=40423"}],"curies":[{"name":"wp","href":"https:\/\/api.w.org\/{rel}","templated":true}]}}