{"id":40413,"date":"2025-10-08T10:37:54","date_gmt":"2025-10-08T13:37:54","guid":{"rendered":"https:\/\/explora.cl\/magallanes\/?p=40413"},"modified":"2025-10-08T10:42:06","modified_gmt":"2025-10-08T13:42:06","slug":"con-cuentacuentos-de-astronomia-para-toda-la-comunidad-par-explora-magallanes-celebro-el-festival-de-la-ciencia-2025","status":"publish","type":"post","link":"https:\/\/explora.cl\/magallanes\/con-cuentacuentos-de-astronomia-para-toda-la-comunidad-par-explora-magallanes-celebro-el-festival-de-la-ciencia-2025\/","title":{"rendered":"Con Cuentacuentos de astronom\u00eda para toda la comunidad PAR Explora Magallanes celebr\u00f3 el Festival de la Ciencia 2025"},"content":{"rendered":"<p>\u201cPeque\u00f1os Exploradores del Cielo\u201d fue nombre de la actividad basada en los cuentacuentos \u201c Nova visita el sistema Solar\u201d , \u201c Juri y la tortuga Jur\u00e1sica\u201d y \u201c Artie quiere ser un rockstar\u201d efectuada por la Fundaci\u00f3n Peque\u00f1as Grandes Estrellas, con \u00a0la astr\u00f3noma Daniela Fern\u00e1ndez y \u00a0la educadora de P\u00e1rvulos Camila Cifuentes.<\/p>\n<p>El evento fue organizado por el PAR Explora Magallanes -financiado por el programa Explora del Ministerio de Ciencia, Tecnolog\u00eda, Conocimiento e Innovaci\u00f3n y ejecutado por la Universidad de Magallanes- enmarcado en el Festival de las Ciencias 2025, en el Centro Interactivo de juegos y movimiento (CIJUM) y en el hall Zona Austral.<\/p>\n<p>Daniela Fern\u00e1ndez, fundadora de peque\u00f1as grandes estrellas coment\u00f3 \u201cdurante estos d\u00edas, celebramos el festival de las Ciencias en Magallanes, en Punta Arenas, gracias al PAR Explora, para poder acercar la astronom\u00eda a trav\u00e9s de cuentos, actividades, charlas, talleres, a distintas comunidades educativas. El objetivo es incentivar a los ni\u00f1os y a las ni\u00f1as a observar el cielo, a aprender sobre lo que nos rodea y a conectar con este planeta maravilloso en el cual vivimos\u201d.<\/p>\n<p>Por su parte, Camila Cifuentes, directora de la \u00e1rea educativa y vicepresidenta de Fundaci\u00f3n Peque\u00f1as Grandes Estrellas, dijo que\u201d estamos aqu\u00ed en Punta Arenas, celebrando con ni\u00f1os, ni\u00f1as las ciencias y a la comunidad en general, hemos estado haciendo actividades, canciones, cuentos, aprendiendo la astronom\u00eda, de asteroides, de divulgaci\u00f3n cient\u00edfica junto a Novita, as\u00ed que estamos muy agradecidas por la invitaci\u00f3n\u201d<\/p>\n<p>Directora ejecutiva del PAR Explora Magallanes, Claudia Salinas \u201c En el marco del Festival de las Ciencias, quisimos acercar el conocimiento de una manera diferente, m\u00e1gica y cercana. La participaci\u00f3n de la astr\u00f3noma con sus cuentacuentos nos permiti\u00f3 mirar el universo desde la imaginaci\u00f3n y la curiosidad, conectando a ni\u00f1as, ni\u00f1os y familias con la belleza de la astronom\u00eda. Este tipo de experiencias reflejan el esp\u00edritu del Festival: despertar la inquietud por conocer, explorar y maravillarse con la ciencia desde las emociones y la creatividad.&#8221;<\/p>\n<p>Los asistentes valoran la actividad. Uno de ellos, fue Thiago Luquilla \u201c esta actividad me pareci\u00f3 \u00a0muy buena porque aprendimos algunas cosas del sistema solar y me gusta mucho as\u00ed aprender de los planetas y de las constelaciones\u201d otro de ellos fue Paula G\u00f3mez, me parece s\u00faper buena esta actividad, sobre todo a acercar a los m\u00e1s chicos \u00a0a lo que es la ciencia desde ni\u00f1os y eso es s\u00faper llamativo\u201d.<\/p>\n<p>Cabe recordar, que desde el 29 al 05 de octubre, se desarrollaron diversas actividades paralelamente en todo el pa\u00eds por el Festival de las Ciencias 2025, organizada Ministerio Ciencia, Tecnolog\u00eda, Conocimiento e Innovaci\u00f3n (CTCI).<\/p>\n<p><img fetchpriority=\"high\" decoding=\"async\" class=\"aligncenter wp-image-40414\" src=\"https:\/\/explora.cl\/magallanes\/wp-content\/uploads\/sites\/19\/2025\/10\/foto-4-pequenos-exploradores.jpg\" alt=\"\" width=\"508\" height=\"381\" srcset=\"https:\/\/explora.cl\/magallanes\/wp-content\/uploads\/sites\/19\/2025\/10\/foto-4-pequenos-exploradores.jpg 1600w, https:\/\/explora.cl\/magallanes\/wp-content\/uploads\/sites\/19\/2025\/10\/foto-4-pequenos-exploradores-300x225.jpg 300w, https:\/\/explora.cl\/magallanes\/wp-content\/uploads\/sites\/19\/2025\/10\/foto-4-pequenos-exploradores-1024x768.jpg 1024w, https:\/\/explora.cl\/magallanes\/wp-content\/uploads\/sites\/19\/2025\/10\/foto-4-pequenos-exploradores-768x576.jpg 768w, https:\/\/explora.cl\/magallanes\/wp-content\/uploads\/sites\/19\/2025\/10\/foto-4-pequenos-exploradores-1536x1152.jpg 1536w, https:\/\/explora.cl\/magallanes\/wp-content\/uploads\/sites\/19\/2025\/10\/foto-4-pequenos-exploradores-400x300.jpg 400w\" sizes=\"(max-width: 508px) 100vw, 508px\" \/><img decoding=\"async\" class=\"wp-image-40417 alignleft\" src=\"https:\/\/explora.cl\/magallanes\/wp-content\/uploads\/sites\/19\/2025\/10\/pequenos-exploradores2.jpg\" alt=\"\" width=\"447\" height=\"335\" srcset=\"https:\/\/explora.cl\/magallanes\/wp-content\/uploads\/sites\/19\/2025\/10\/pequenos-exploradores2.jpg 1600w, https:\/\/explora.cl\/magallanes\/wp-content\/uploads\/sites\/19\/2025\/10\/pequenos-exploradores2-300x225.jpg 300w, https:\/\/explora.cl\/magallanes\/wp-content\/uploads\/sites\/19\/2025\/10\/pequenos-exploradores2-1024x768.jpg 1024w, https:\/\/explora.cl\/magallanes\/wp-content\/uploads\/sites\/19\/2025\/10\/pequenos-exploradores2-768x576.jpg 768w, https:\/\/explora.cl\/magallanes\/wp-content\/uploads\/sites\/19\/2025\/10\/pequenos-exploradores2-1536x1152.jpg 1536w, https:\/\/explora.cl\/magallanes\/wp-content\/uploads\/sites\/19\/2025\/10\/pequenos-exploradores2-400x300.jpg 400w\" sizes=\"(max-width: 447px) 100vw, 447px\" \/><\/p>\n<p>&nbsp;<\/p>\n","protected":false},"excerpt":{"rendered":"<p>\u201cPeque\u00f1os Exploradores del Cielo\u201d fue nombre de la actividad basada en los cuentacuentos \u201c Nova visita el sistema Solar\u201d , \u201c Juri y la tortuga Jur\u00e1sica\u201d y \u201c Artie quiere ser un rockstar\u201d efectuada por la Fundaci\u00f3n Peque\u00f1as Grandes Estrellas, con \u00a0la astr\u00f3noma Daniela Fern\u00e1ndez y \u00a0la educadora de P\u00e1rvulos Camila Cifuentes. El evento fue [&hellip;]<\/p>\n","protected":false},"author":38,"featured_media":40415,"comment_status":"open","ping_status":"open","sticky":false,"template":"","format":"standard","meta":{"_acf_changed":false,"_exactmetrics_skip_tracking":false,"_exactmetrics_sitenote_active":false,"_exactmetrics_sitenote_note":"","_exactmetrics_sitenote_category":0,"footnotes":"","_links_to":"","_links_to_target":""},"categories":[139,4],"tags":[],"class_list":["post-40413","post","type-post","status-publish","format-standard","has-post-thumbnail","hentry","category-lugar-4","category-noticias"],"acf":[],"yoast_head":"<!-- This site is optimized with the Yoast SEO plugin v26.9 - https:\/\/yoast.com\/product\/yoast-seo-wordpress\/ -->\n<title>Con Cuentacuentos de astronom\u00eda para toda la comunidad PAR Explora Magallanes celebr\u00f3 el Festival de la Ciencia 2025 - Magallanes<\/title>\n<meta name=\"robots\" content=\"index, follow, max-snippet:-1, max-image-preview:large, max-video-preview:-1\" \/>\n<link rel=\"canonical\" href=\"https:\/\/explora.cl\/magallanes\/con-cuentacuentos-de-astronomia-para-toda-la-comunidad-par-explora-magallanes-celebro-el-festival-de-la-ciencia-2025\/\" class=\"yoast-seo-meta-tag\" \/>\n<meta property=\"og:locale\" content=\"es_ES\" class=\"yoast-seo-meta-tag\" \/>\n<meta property=\"og:type\" content=\"article\" class=\"yoast-seo-meta-tag\" \/>\n<meta property=\"og:title\" content=\"Con Cuentacuentos de astronom\u00eda para toda la comunidad PAR Explora Magallanes celebr\u00f3 el Festival de la Ciencia 2025 - Magallanes\" class=\"yoast-seo-meta-tag\" \/>\n<meta property=\"og:description\" content=\"\u201cPeque\u00f1os Exploradores del Cielo\u201d fue nombre de la actividad basada en los cuentacuentos \u201c Nova visita el sistema Solar\u201d , \u201c Juri y la tortuga Jur\u00e1sica\u201d y \u201c Artie quiere ser un rockstar\u201d efectuada por la Fundaci\u00f3n Peque\u00f1as Grandes Estrellas, con \u00a0la astr\u00f3noma Daniela Fern\u00e1ndez y \u00a0la educadora de P\u00e1rvulos Camila Cifuentes. El evento fue [&hellip;]\" class=\"yoast-seo-meta-tag\" \/>\n<meta property=\"og:url\" content=\"https:\/\/explora.cl\/magallanes\/con-cuentacuentos-de-astronomia-para-toda-la-comunidad-par-explora-magallanes-celebro-el-festival-de-la-ciencia-2025\/\" class=\"yoast-seo-meta-tag\" \/>\n<meta property=\"og:site_name\" content=\"Magallanes\" class=\"yoast-seo-meta-tag\" \/>\n<meta property=\"article:published_time\" content=\"2025-10-08T13:37:54+00:00\" class=\"yoast-seo-meta-tag\" \/>\n<meta property=\"article:modified_time\" content=\"2025-10-08T13:42:06+00:00\" class=\"yoast-seo-meta-tag\" \/>\n<meta property=\"og:image\" content=\"https:\/\/explora.cl\/magallanes\/wp-content\/uploads\/sites\/19\/2025\/10\/foto-1-pequenas.jpg\" class=\"yoast-seo-meta-tag\" \/>\n\t<meta property=\"og:image:width\" content=\"1600\" class=\"yoast-seo-meta-tag\" \/>\n\t<meta property=\"og:image:height\" content=\"1200\" class=\"yoast-seo-meta-tag\" \/>\n\t<meta property=\"og:image:type\" content=\"image\/jpeg\" class=\"yoast-seo-meta-tag\" \/>\n<meta name=\"author\" content=\"cgalaz\" class=\"yoast-seo-meta-tag\" \/>\n<meta name=\"twitter:card\" content=\"summary_large_image\" class=\"yoast-seo-meta-tag\" \/>\n<meta name=\"twitter:label1\" content=\"Escrito por\" class=\"yoast-seo-meta-tag\" \/>\n\t<meta name=\"twitter:data1\" content=\"cgalaz\" class=\"yoast-seo-meta-tag\" \/>\n\t<meta name=\"twitter:label2\" content=\"Tiempo estimado de lectura\" class=\"yoast-seo-meta-tag\" \/>\n\t<meta name=\"twitter:data2\" content=\"3 minutos\" class=\"yoast-seo-meta-tag\" \/>\n<script type=\"application\/ld+json\" class=\"yoast-schema-graph\">{\"@context\":\"https:\/\/schema.org\",\"@graph\":[{\"@type\":\"Article\",\"@id\":\"https:\/\/explora.cl\/magallanes\/con-cuentacuentos-de-astronomia-para-toda-la-comunidad-par-explora-magallanes-celebro-el-festival-de-la-ciencia-2025\/#article\",\"isPartOf\":{\"@id\":\"https:\/\/explora.cl\/magallanes\/con-cuentacuentos-de-astronomia-para-toda-la-comunidad-par-explora-magallanes-celebro-el-festival-de-la-ciencia-2025\/\"},\"author\":{\"name\":\"cgalaz\",\"@id\":\"https:\/\/explora.cl\/magallanes\/#\/schema\/person\/8cc9448cf690297d1abd64d05fa3f09f\"},\"headline\":\"Con Cuentacuentos de astronom\u00eda para toda la comunidad PAR Explora Magallanes celebr\u00f3 el Festival de la Ciencia 2025\",\"datePublished\":\"2025-10-08T13:37:54+00:00\",\"dateModified\":\"2025-10-08T13:42:06+00:00\",\"mainEntityOfPage\":{\"@id\":\"https:\/\/explora.cl\/magallanes\/con-cuentacuentos-de-astronomia-para-toda-la-comunidad-par-explora-magallanes-celebro-el-festival-de-la-ciencia-2025\/\"},\"wordCount\":479,\"commentCount\":0,\"publisher\":{\"@id\":\"https:\/\/explora.cl\/magallanes\/#organization\"},\"image\":{\"@id\":\"https:\/\/explora.cl\/magallanes\/con-cuentacuentos-de-astronomia-para-toda-la-comunidad-par-explora-magallanes-celebro-el-festival-de-la-ciencia-2025\/#primaryimage\"},\"thumbnailUrl\":\"https:\/\/explora.cl\/magallanes\/wp-content\/uploads\/sites\/19\/2025\/10\/foto-1-pequenas.jpg\",\"articleSection\":[\"Lugar 4\",\"Noticias\"],\"inLanguage\":\"es-CL\",\"potentialAction\":[{\"@type\":\"CommentAction\",\"name\":\"Comment\",\"target\":[\"https:\/\/explora.cl\/magallanes\/con-cuentacuentos-de-astronomia-para-toda-la-comunidad-par-explora-magallanes-celebro-el-festival-de-la-ciencia-2025\/#respond\"]}]},{\"@type\":\"WebPage\",\"@id\":\"https:\/\/explora.cl\/magallanes\/con-cuentacuentos-de-astronomia-para-toda-la-comunidad-par-explora-magallanes-celebro-el-festival-de-la-ciencia-2025\/\",\"url\":\"https:\/\/explora.cl\/magallanes\/con-cuentacuentos-de-astronomia-para-toda-la-comunidad-par-explora-magallanes-celebro-el-festival-de-la-ciencia-2025\/\",\"name\":\"Con Cuentacuentos de astronom\u00eda para toda la comunidad PAR Explora Magallanes celebr\u00f3 el Festival de la Ciencia 2025 - Magallanes\",\"isPartOf\":{\"@id\":\"https:\/\/explora.cl\/magallanes\/#website\"},\"primaryImageOfPage\":{\"@id\":\"https:\/\/explora.cl\/magallanes\/con-cuentacuentos-de-astronomia-para-toda-la-comunidad-par-explora-magallanes-celebro-el-festival-de-la-ciencia-2025\/#primaryimage\"},\"image\":{\"@id\":\"https:\/\/explora.cl\/magallanes\/con-cuentacuentos-de-astronomia-para-toda-la-comunidad-par-explora-magallanes-celebro-el-festival-de-la-ciencia-2025\/#primaryimage\"},\"thumbnailUrl\":\"https:\/\/explora.cl\/magallanes\/wp-content\/uploads\/sites\/19\/2025\/10\/foto-1-pequenas.jpg\",\"datePublished\":\"2025-10-08T13:37:54+00:00\",\"dateModified\":\"2025-10-08T13:42:06+00:00\",\"breadcrumb\":{\"@id\":\"https:\/\/explora.cl\/magallanes\/con-cuentacuentos-de-astronomia-para-toda-la-comunidad-par-explora-magallanes-celebro-el-festival-de-la-ciencia-2025\/#breadcrumb\"},\"inLanguage\":\"es-CL\",\"potentialAction\":[{\"@type\":\"ReadAction\",\"target\":[\"https:\/\/explora.cl\/magallanes\/con-cuentacuentos-de-astronomia-para-toda-la-comunidad-par-explora-magallanes-celebro-el-festival-de-la-ciencia-2025\/\"]}]},{\"@type\":\"ImageObject\",\"inLanguage\":\"es-CL\",\"@id\":\"https:\/\/explora.cl\/magallanes\/con-cuentacuentos-de-astronomia-para-toda-la-comunidad-par-explora-magallanes-celebro-el-festival-de-la-ciencia-2025\/#primaryimage\",\"url\":\"https:\/\/explora.cl\/magallanes\/wp-content\/uploads\/sites\/19\/2025\/10\/foto-1-pequenas.jpg\",\"contentUrl\":\"https:\/\/explora.cl\/magallanes\/wp-content\/uploads\/sites\/19\/2025\/10\/foto-1-pequenas.jpg\",\"width\":1600,\"height\":1200},{\"@type\":\"BreadcrumbList\",\"@id\":\"https:\/\/explora.cl\/magallanes\/con-cuentacuentos-de-astronomia-para-toda-la-comunidad-par-explora-magallanes-celebro-el-festival-de-la-ciencia-2025\/#breadcrumb\",\"itemListElement\":[{\"@type\":\"ListItem\",\"position\":1,\"name\":\"Portada\",\"item\":\"https:\/\/explora.cl\/magallanes\/\"},{\"@type\":\"ListItem\",\"position\":2,\"name\":\"Con Cuentacuentos de astronom\u00eda para toda la comunidad PAR Explora Magallanes celebr\u00f3 el Festival de la Ciencia 2025\"}]},{\"@type\":\"WebSite\",\"@id\":\"https:\/\/explora.cl\/magallanes\/#website\",\"url\":\"https:\/\/explora.cl\/magallanes\/\",\"name\":\"Magallanes\",\"description\":\"Otro sitio m\u00e1s de explora.cl\",\"publisher\":{\"@id\":\"https:\/\/explora.cl\/magallanes\/#organization\"},\"potentialAction\":[{\"@type\":\"SearchAction\",\"target\":{\"@type\":\"EntryPoint\",\"urlTemplate\":\"https:\/\/explora.cl\/magallanes\/?s={search_term_string}\"},\"query-input\":{\"@type\":\"PropertyValueSpecification\",\"valueRequired\":true,\"valueName\":\"search_term_string\"}}],\"inLanguage\":\"es-CL\"},{\"@type\":\"Organization\",\"@id\":\"https:\/\/explora.cl\/magallanes\/#organization\",\"name\":\"Magallanes\",\"url\":\"https:\/\/explora.cl\/magallanes\/\",\"logo\":{\"@type\":\"ImageObject\",\"inLanguage\":\"es-CL\",\"@id\":\"https:\/\/explora.cl\/magallanes\/#\/schema\/logo\/image\/\",\"url\":\"https:\/\/explora.cl\/magallanes\/wp-content\/uploads\/sites\/19\/2021\/06\/cropped-ICONO-COLOR-2.jpg\",\"contentUrl\":\"https:\/\/explora.cl\/magallanes\/wp-content\/uploads\/sites\/19\/2021\/06\/cropped-ICONO-COLOR-2.jpg\",\"width\":1181,\"height\":1181,\"caption\":\"Magallanes\"},\"image\":{\"@id\":\"https:\/\/explora.cl\/magallanes\/#\/schema\/logo\/image\/\"}},{\"@type\":\"Person\",\"@id\":\"https:\/\/explora.cl\/magallanes\/#\/schema\/person\/8cc9448cf690297d1abd64d05fa3f09f\",\"name\":\"cgalaz\",\"image\":{\"@type\":\"ImageObject\",\"inLanguage\":\"es-CL\",\"@id\":\"https:\/\/explora.cl\/magallanes\/#\/schema\/person\/image\/\",\"url\":\"https:\/\/secure.gravatar.com\/avatar\/7685b3fe3c7bc60f50658fbf1b7c83f8b28b5cce1eaf63033d32cae8b57fc828?s=96&d=mm&r=g\",\"contentUrl\":\"https:\/\/secure.gravatar.com\/avatar\/7685b3fe3c7bc60f50658fbf1b7c83f8b28b5cce1eaf63033d32cae8b57fc828?s=96&d=mm&r=g\",\"caption\":\"cgalaz\"},\"url\":\"https:\/\/explora.cl\/magallanes\/author\/cgalaz\/\"}]}<\/script>\n<!-- \/ Yoast SEO plugin. -->","yoast_head_json":{"title":"Con Cuentacuentos de astronom\u00eda para toda la comunidad PAR Explora Magallanes celebr\u00f3 el Festival de la Ciencia 2025 - Magallanes","robots":{"index":"index","follow":"follow","max-snippet":"max-snippet:-1","max-image-preview":"max-image-preview:large","max-video-preview":"max-video-preview:-1"},"canonical":"https:\/\/explora.cl\/magallanes\/con-cuentacuentos-de-astronomia-para-toda-la-comunidad-par-explora-magallanes-celebro-el-festival-de-la-ciencia-2025\/","og_locale":"es_ES","og_type":"article","og_title":"Con Cuentacuentos de astronom\u00eda para toda la comunidad PAR Explora Magallanes celebr\u00f3 el Festival de la Ciencia 2025 - Magallanes","og_description":"\u201cPeque\u00f1os Exploradores del Cielo\u201d fue nombre de la actividad basada en los cuentacuentos \u201c Nova visita el sistema Solar\u201d , \u201c Juri y la tortuga Jur\u00e1sica\u201d y \u201c Artie quiere ser un rockstar\u201d efectuada por la Fundaci\u00f3n Peque\u00f1as Grandes Estrellas, con \u00a0la astr\u00f3noma Daniela Fern\u00e1ndez y \u00a0la educadora de P\u00e1rvulos Camila Cifuentes. El evento fue [&hellip;]","og_url":"https:\/\/explora.cl\/magallanes\/con-cuentacuentos-de-astronomia-para-toda-la-comunidad-par-explora-magallanes-celebro-el-festival-de-la-ciencia-2025\/","og_site_name":"Magallanes","article_published_time":"2025-10-08T13:37:54+00:00","article_modified_time":"2025-10-08T13:42:06+00:00","og_image":[{"width":1600,"height":1200,"url":"https:\/\/explora.cl\/magallanes\/wp-content\/uploads\/sites\/19\/2025\/10\/foto-1-pequenas.jpg","type":"image\/jpeg"}],"author":"cgalaz","twitter_card":"summary_large_image","twitter_misc":{"Escrito por":"cgalaz","Tiempo estimado de lectura":"3 minutos"},"schema":{"@context":"https:\/\/schema.org","@graph":[{"@type":"Article","@id":"https:\/\/explora.cl\/magallanes\/con-cuentacuentos-de-astronomia-para-toda-la-comunidad-par-explora-magallanes-celebro-el-festival-de-la-ciencia-2025\/#article","isPartOf":{"@id":"https:\/\/explora.cl\/magallanes\/con-cuentacuentos-de-astronomia-para-toda-la-comunidad-par-explora-magallanes-celebro-el-festival-de-la-ciencia-2025\/"},"author":{"name":"cgalaz","@id":"https:\/\/explora.cl\/magallanes\/#\/schema\/person\/8cc9448cf690297d1abd64d05fa3f09f"},"headline":"Con Cuentacuentos de astronom\u00eda para toda la comunidad PAR Explora Magallanes celebr\u00f3 el Festival de la Ciencia 2025","datePublished":"2025-10-08T13:37:54+00:00","dateModified":"2025-10-08T13:42:06+00:00","mainEntityOfPage":{"@id":"https:\/\/explora.cl\/magallanes\/con-cuentacuentos-de-astronomia-para-toda-la-comunidad-par-explora-magallanes-celebro-el-festival-de-la-ciencia-2025\/"},"wordCount":479,"commentCount":0,"publisher":{"@id":"https:\/\/explora.cl\/magallanes\/#organization"},"image":{"@id":"https:\/\/explora.cl\/magallanes\/con-cuentacuentos-de-astronomia-para-toda-la-comunidad-par-explora-magallanes-celebro-el-festival-de-la-ciencia-2025\/#primaryimage"},"thumbnailUrl":"https:\/\/explora.cl\/magallanes\/wp-content\/uploads\/sites\/19\/2025\/10\/foto-1-pequenas.jpg","articleSection":["Lugar 4","Noticias"],"inLanguage":"es-CL","potentialAction":[{"@type":"CommentAction","name":"Comment","target":["https:\/\/explora.cl\/magallanes\/con-cuentacuentos-de-astronomia-para-toda-la-comunidad-par-explora-magallanes-celebro-el-festival-de-la-ciencia-2025\/#respond"]}]},{"@type":"WebPage","@id":"https:\/\/explora.cl\/magallanes\/con-cuentacuentos-de-astronomia-para-toda-la-comunidad-par-explora-magallanes-celebro-el-festival-de-la-ciencia-2025\/","url":"https:\/\/explora.cl\/magallanes\/con-cuentacuentos-de-astronomia-para-toda-la-comunidad-par-explora-magallanes-celebro-el-festival-de-la-ciencia-2025\/","name":"Con Cuentacuentos de astronom\u00eda para toda la comunidad PAR Explora Magallanes celebr\u00f3 el Festival de la Ciencia 2025 - Magallanes","isPartOf":{"@id":"https:\/\/explora.cl\/magallanes\/#website"},"primaryImageOfPage":{"@id":"https:\/\/explora.cl\/magallanes\/con-cuentacuentos-de-astronomia-para-toda-la-comunidad-par-explora-magallanes-celebro-el-festival-de-la-ciencia-2025\/#primaryimage"},"image":{"@id":"https:\/\/explora.cl\/magallanes\/con-cuentacuentos-de-astronomia-para-toda-la-comunidad-par-explora-magallanes-celebro-el-festival-de-la-ciencia-2025\/#primaryimage"},"thumbnailUrl":"https:\/\/explora.cl\/magallanes\/wp-content\/uploads\/sites\/19\/2025\/10\/foto-1-pequenas.jpg","datePublished":"2025-10-08T13:37:54+00:00","dateModified":"2025-10-08T13:42:06+00:00","breadcrumb":{"@id":"https:\/\/explora.cl\/magallanes\/con-cuentacuentos-de-astronomia-para-toda-la-comunidad-par-explora-magallanes-celebro-el-festival-de-la-ciencia-2025\/#breadcrumb"},"inLanguage":"es-CL","potentialAction":[{"@type":"ReadAction","target":["https:\/\/explora.cl\/magallanes\/con-cuentacuentos-de-astronomia-para-toda-la-comunidad-par-explora-magallanes-celebro-el-festival-de-la-ciencia-2025\/"]}]},{"@type":"ImageObject","inLanguage":"es-CL","@id":"https:\/\/explora.cl\/magallanes\/con-cuentacuentos-de-astronomia-para-toda-la-comunidad-par-explora-magallanes-celebro-el-festival-de-la-ciencia-2025\/#primaryimage","url":"https:\/\/explora.cl\/magallanes\/wp-content\/uploads\/sites\/19\/2025\/10\/foto-1-pequenas.jpg","contentUrl":"https:\/\/explora.cl\/magallanes\/wp-content\/uploads\/sites\/19\/2025\/10\/foto-1-pequenas.jpg","width":1600,"height":1200},{"@type":"BreadcrumbList","@id":"https:\/\/explora.cl\/magallanes\/con-cuentacuentos-de-astronomia-para-toda-la-comunidad-par-explora-magallanes-celebro-el-festival-de-la-ciencia-2025\/#breadcrumb","itemListElement":[{"@type":"ListItem","position":1,"name":"Portada","item":"https:\/\/explora.cl\/magallanes\/"},{"@type":"ListItem","position":2,"name":"Con Cuentacuentos de astronom\u00eda para toda la comunidad PAR Explora Magallanes celebr\u00f3 el Festival de la Ciencia 2025"}]},{"@type":"WebSite","@id":"https:\/\/explora.cl\/magallanes\/#website","url":"https:\/\/explora.cl\/magallanes\/","name":"Magallanes","description":"Otro sitio m\u00e1s de explora.cl","publisher":{"@id":"https:\/\/explora.cl\/magallanes\/#organization"},"potentialAction":[{"@type":"SearchAction","target":{"@type":"EntryPoint","urlTemplate":"https:\/\/explora.cl\/magallanes\/?s={search_term_string}"},"query-input":{"@type":"PropertyValueSpecification","valueRequired":true,"valueName":"search_term_string"}}],"inLanguage":"es-CL"},{"@type":"Organization","@id":"https:\/\/explora.cl\/magallanes\/#organization","name":"Magallanes","url":"https:\/\/explora.cl\/magallanes\/","logo":{"@type":"ImageObject","inLanguage":"es-CL","@id":"https:\/\/explora.cl\/magallanes\/#\/schema\/logo\/image\/","url":"https:\/\/explora.cl\/magallanes\/wp-content\/uploads\/sites\/19\/2021\/06\/cropped-ICONO-COLOR-2.jpg","contentUrl":"https:\/\/explora.cl\/magallanes\/wp-content\/uploads\/sites\/19\/2021\/06\/cropped-ICONO-COLOR-2.jpg","width":1181,"height":1181,"caption":"Magallanes"},"image":{"@id":"https:\/\/explora.cl\/magallanes\/#\/schema\/logo\/image\/"}},{"@type":"Person","@id":"https:\/\/explora.cl\/magallanes\/#\/schema\/person\/8cc9448cf690297d1abd64d05fa3f09f","name":"cgalaz","image":{"@type":"ImageObject","inLanguage":"es-CL","@id":"https:\/\/explora.cl\/magallanes\/#\/schema\/person\/image\/","url":"https:\/\/secure.gravatar.com\/avatar\/7685b3fe3c7bc60f50658fbf1b7c83f8b28b5cce1eaf63033d32cae8b57fc828?s=96&d=mm&r=g","contentUrl":"https:\/\/secure.gravatar.com\/avatar\/7685b3fe3c7bc60f50658fbf1b7c83f8b28b5cce1eaf63033d32cae8b57fc828?s=96&d=mm&r=g","caption":"cgalaz"},"url":"https:\/\/explora.cl\/magallanes\/author\/cgalaz\/"}]}},"_links":{"self":[{"href":"https:\/\/explora.cl\/magallanes\/wp-json\/wp\/v2\/posts\/40413","targetHints":{"allow":["GET"]}}],"collection":[{"href":"https:\/\/explora.cl\/magallanes\/wp-json\/wp\/v2\/posts"}],"about":[{"href":"https:\/\/explora.cl\/magallanes\/wp-json\/wp\/v2\/types\/post"}],"author":[{"embeddable":true,"href":"https:\/\/explora.cl\/magallanes\/wp-json\/wp\/v2\/users\/38"}],"replies":[{"embeddable":true,"href":"https:\/\/explora.cl\/magallanes\/wp-json\/wp\/v2\/comments?post=40413"}],"version-history":[{"count":1,"href":"https:\/\/explora.cl\/magallanes\/wp-json\/wp\/v2\/posts\/40413\/revisions"}],"predecessor-version":[{"id":40418,"href":"https:\/\/explora.cl\/magallanes\/wp-json\/wp\/v2\/posts\/40413\/revisions\/40418"}],"wp:featuredmedia":[{"embeddable":true,"href":"https:\/\/explora.cl\/magallanes\/wp-json\/wp\/v2\/media\/40415"}],"wp:attachment":[{"href":"https:\/\/explora.cl\/magallanes\/wp-json\/wp\/v2\/media?parent=40413"}],"wp:term":[{"taxonomy":"category","embeddable":true,"href":"https:\/\/explora.cl\/magallanes\/wp-json\/wp\/v2\/categories?post=40413"},{"taxonomy":"post_tag","embeddable":true,"href":"https:\/\/explora.cl\/magallanes\/wp-json\/wp\/v2\/tags?post=40413"}],"curies":[{"name":"wp","href":"https:\/\/api.w.org\/{rel}","templated":true}]}}