{"id":396,"date":"2016-06-22T00:00:00","date_gmt":"2016-06-22T04:00:00","guid":{"rendered":"https:\/\/explora.cl\/magallanes\/blog\/2016\/06\/22\/cientificos-polares-por-un-dia-2\/"},"modified":"2019-05-20T21:38:08","modified_gmt":"2019-05-20T21:38:08","slug":"cientificos-polares-por-un-dia-2","status":"publish","type":"post","link":"https:\/\/explora.cl\/magallanes\/cientificos-polares-por-un-dia-2\/","title":{"rendered":"Cient\u00edficos Polares por un D\u00eda"},"content":{"rendered":"<p class=\"MsoNormal\"><img fetchpriority=\"high\" decoding=\"async\" class=\" size-full wp-image-18407\" style=\"margin-left: auto;margin-right: auto\" src=\"http:\/\/ec2-54-245-22-188.us-west-2.compute.amazonaws.com\/wp-content\/uploads\/2016\/06\/polares2-800x537.png\" alt=\"\" width=\"489\" height=\"328\" \/><\/p>\n<p class=\"MsoNormal\" style=\"text-align: justify\">Cada jueves hasta que finalice el a\u00f1o 2016, el edificio de Laboratorios Ant\u00e1rticos \u201cEmbajador Jorge Bergu\u00f1o\u201d, del Instituto Ant\u00e1rtico Chileno (INACH), ser\u00e1 el lugar para que ni\u00f1os y ni\u00f1as del primer ciclo de educaci\u00f3n (1\u00ba a 4\u00ba b\u00e1sico) inicien sus pasos en la investigaci\u00f3n del Continente Blanco a trav\u00e9s del programa \u201cCient\u00edficos Polares por un D\u00eda\u201d.<\/p>\n<p class=\"MsoNormal\" style=\"text-align: justify\">\u00a0<\/p>\n<p class=\"MsoNormal\" style=\"text-align: justify\">Esta iniciativa consiste, primeramente, en relevar la proximidad de nuestro pa\u00eds al Continente Blanco, para luego guiar a los ni\u00f1os, de forma l\u00fadica y participativa, a descubrir alg\u00fan aspecto desconocido para ellos sobre la Ant\u00e1rtica. Al final, cada participante hace un compromiso voluntario de compartir lo aprendido con miembros de su comunidad.<\/p>\n<p class=\"MsoNormal\" style=\"text-align: justify\">Lu\u00eds Vel\u00e1squez, rector del Instituto Don Bosco de Punta Arenas, se\u00f1al\u00f3 que \u201ca nuestros alumnos les entusiasma mucho tener la posibilidad de salir del colegio y entrar a una sala diferente. La din\u00e1mica de aprendizaje es distinta, as\u00ed como el interactuar. No tenemos ninguna duda de que al regreso al colegio el comentario de todos sea lo interesante de la jornada vivida y, probablemente, su esp\u00edritu de investigaci\u00f3n va a crecer\u201d.<\/p>\n<p class=\"MsoNormal\" style=\"text-align: justify\">A su vez, una de las profesoras encargadas del Taller Cient\u00edfico, Andrea Machado, agreg\u00f3 que \u201cel conocer a cient\u00edficos para ellos es muy importante, adem\u00e1s de poder palpar de cierta forma el conocimiento al ver todos los f\u00f3siles, sin duda, har\u00e1 que comenten y trasmitan la experiencia a otros\u201d.<\/p>\n<p class=\"MsoNormal\" style=\"text-align: justify\">Cada jornada admitir\u00e1 un m\u00e1ximo de 25 estudiantes y se desarrollar\u00e1 los d\u00edas jueves de cada semana, de 15.00 a 16.30 horas en el auditorio del Edificio de Laboratorios Ant\u00e1rticos \u201cEmbajador Jorge Bergu\u00f1o\u201d, ubicado en Lautaro Navarro 1245, Punta Arenas.<\/p>\n<p class=\"MsoNormal\" style=\"text-align: justify\">Las visitas deben ser agendadas con antelaci\u00f3n al correo electr\u00f3nico comunicaciones.inach@gmail.com. Consultas al tel\u00e9fono (61) 229 8138.<\/p>\n<p class=\"MsoNormal\" style=\"text-align: justify\">Esta iniciativa se enmarca en el programa educativo de INACH, que implementa acciones para divulgar conocimiento cient\u00edfico ant\u00e1rtico en el p\u00fablico escolar de todos los niveles, con alcance regional o nacional.<\/p>\n<p class=\"MsoNormal\"><img decoding=\"async\" class=\" size-full wp-image-18036\" style=\"margin-left: auto;margin-right: auto\" src=\"http:\/\/ec2-54-245-22-188.us-west-2.compute.amazonaws.com\/wp-content\/uploads\/2016\/06\/Cientificos-Polares.png\" alt=\"\" width=\"494\" height=\"315\" \/>\u00a0<\/p>\n<p class=\"MsoNormal\">Listado de talleres:<\/p>\n<p class=\"MsoNormal\">\u2013 09 de junio: Diatomeas indicadoras del cambio clim\u00e1tico<\/p>\n<p class=\"MsoNormal\">\u2013 16 de junio: Cr\u00e1neos Carn\u00edvoros<\/p>\n<p class=\"MsoNormal\">\u2013 23 de junio: La forma de las hojas y el clima<\/p>\n<p class=\"MsoNormal\">\u2013 30 de junio: Conociendo un glaciar<\/p>\n<p class=\"MsoNormal\">\u2013 07 de julio: Diatomeas indicadoras del cambio clim\u00e1tico<\/p>\n<p class=\"MsoNormal\">\u2013 14 de julio: El hielo y bacterias ant\u00e1rticas<\/p>\n<p class=\"MsoNormal\">\u2013 21 de julio: Cr\u00e1neos Carn\u00edvoros<\/p>\n<p>\u00a0<\/p>\n<p class=\"MsoNormal\">\u2013 28 de julio: Conociendo las esponjas marinas<\/p>\n","protected":false},"excerpt":{"rendered":"<p>Cada jueves hasta que finalice el a\u00f1o 2016, el edificio de Laboratorios Ant\u00e1rticos \u201cEmbajador Jorge Bergu\u00f1o\u201d, del Instituto Ant\u00e1rtico Chileno (INACH), ser\u00e1 el lugar para que ni\u00f1os y ni\u00f1as del primer ciclo de educaci\u00f3n (1\u00ba a 4\u00ba b\u00e1sico) inicien sus pasos en la investigaci\u00f3n del Continente Blanco a trav\u00e9s del programa \u201cCient\u00edficos Polares por un [&hellip;]<\/p>\n","protected":false},"author":2,"featured_media":397,"comment_status":"open","ping_status":"open","sticky":false,"template":"","format":"standard","meta":{"_acf_changed":false,"_exactmetrics_skip_tracking":false,"_exactmetrics_sitenote_active":false,"_exactmetrics_sitenote_note":"","_exactmetrics_sitenote_category":0,"footnotes":"","_links_to":"","_links_to_target":""},"categories":[4],"tags":[],"class_list":["post-396","post","type-post","status-publish","format-standard","has-post-thumbnail","hentry","category-noticias"],"acf":[],"yoast_head":"<!-- This site is optimized with the Yoast SEO plugin v26.9 - https:\/\/yoast.com\/product\/yoast-seo-wordpress\/ -->\n<title>Cient\u00edficos Polares por un D\u00eda - Magallanes<\/title>\n<meta name=\"robots\" content=\"index, follow, max-snippet:-1, max-image-preview:large, max-video-preview:-1\" \/>\n<link rel=\"canonical\" href=\"https:\/\/explora.cl\/magallanes\/cientificos-polares-por-un-dia-2\/\" class=\"yoast-seo-meta-tag\" \/>\n<meta property=\"og:locale\" content=\"es_ES\" class=\"yoast-seo-meta-tag\" \/>\n<meta property=\"og:type\" content=\"article\" class=\"yoast-seo-meta-tag\" \/>\n<meta property=\"og:title\" content=\"Cient\u00edficos Polares por un D\u00eda - Magallanes\" class=\"yoast-seo-meta-tag\" \/>\n<meta property=\"og:description\" content=\"Cada jueves hasta que finalice el a\u00f1o 2016, el edificio de Laboratorios Ant\u00e1rticos \u201cEmbajador Jorge Bergu\u00f1o\u201d, del Instituto Ant\u00e1rtico Chileno (INACH), ser\u00e1 el lugar para que ni\u00f1os y ni\u00f1as del primer ciclo de educaci\u00f3n (1\u00ba a 4\u00ba b\u00e1sico) inicien sus pasos en la investigaci\u00f3n del Continente Blanco a trav\u00e9s del programa \u201cCient\u00edficos Polares por un [&hellip;]\" class=\"yoast-seo-meta-tag\" \/>\n<meta property=\"og:url\" content=\"https:\/\/explora.cl\/magallanes\/cientificos-polares-por-un-dia-2\/\" class=\"yoast-seo-meta-tag\" \/>\n<meta property=\"og:site_name\" content=\"Magallanes\" class=\"yoast-seo-meta-tag\" \/>\n<meta property=\"article:published_time\" content=\"2016-06-22T04:00:00+00:00\" class=\"yoast-seo-meta-tag\" \/>\n<meta property=\"article:modified_time\" content=\"2019-05-20T21:38:08+00:00\" class=\"yoast-seo-meta-tag\" \/>\n<meta property=\"og:image\" content=\"https:\/\/explora.cl\/magallanes\/wp-content\/uploads\/sites\/19\/2018\/06\/baner_cinetificos_polares-1.jpg\" class=\"yoast-seo-meta-tag\" \/>\n\t<meta property=\"og:image:width\" content=\"298\" class=\"yoast-seo-meta-tag\" \/>\n\t<meta property=\"og:image:height\" content=\"212\" class=\"yoast-seo-meta-tag\" \/>\n\t<meta property=\"og:image:type\" content=\"image\/jpeg\" class=\"yoast-seo-meta-tag\" \/>\n<meta name=\"author\" content=\"webman\" class=\"yoast-seo-meta-tag\" \/>\n<meta name=\"twitter:card\" content=\"summary_large_image\" class=\"yoast-seo-meta-tag\" \/>\n<meta name=\"twitter:label1\" content=\"Escrito por\" class=\"yoast-seo-meta-tag\" \/>\n\t<meta name=\"twitter:data1\" content=\"webman\" class=\"yoast-seo-meta-tag\" \/>\n\t<meta name=\"twitter:label2\" content=\"Tiempo estimado de lectura\" class=\"yoast-seo-meta-tag\" \/>\n\t<meta name=\"twitter:data2\" content=\"2 minutos\" class=\"yoast-seo-meta-tag\" \/>\n<script type=\"application\/ld+json\" class=\"yoast-schema-graph\">{\"@context\":\"https:\/\/schema.org\",\"@graph\":[{\"@type\":\"Article\",\"@id\":\"https:\/\/explora.cl\/magallanes\/cientificos-polares-por-un-dia-2\/#article\",\"isPartOf\":{\"@id\":\"https:\/\/explora.cl\/magallanes\/cientificos-polares-por-un-dia-2\/\"},\"author\":{\"name\":\"webman\",\"@id\":\"https:\/\/explora.cl\/magallanes\/#\/schema\/person\/cb8349c13ea2d324080adf8480d7ba5d\"},\"headline\":\"Cient\u00edficos Polares por un D\u00eda\",\"datePublished\":\"2016-06-22T04:00:00+00:00\",\"dateModified\":\"2019-05-20T21:38:08+00:00\",\"mainEntityOfPage\":{\"@id\":\"https:\/\/explora.cl\/magallanes\/cientificos-polares-por-un-dia-2\/\"},\"wordCount\":413,\"commentCount\":0,\"publisher\":{\"@id\":\"https:\/\/explora.cl\/magallanes\/#organization\"},\"image\":{\"@id\":\"https:\/\/explora.cl\/magallanes\/cientificos-polares-por-un-dia-2\/#primaryimage\"},\"thumbnailUrl\":\"https:\/\/explora.cl\/magallanes\/wp-content\/uploads\/sites\/19\/2018\/06\/baner_cinetificos_polares-1.jpg\",\"articleSection\":[\"Noticias\"],\"inLanguage\":\"es-CL\",\"potentialAction\":[{\"@type\":\"CommentAction\",\"name\":\"Comment\",\"target\":[\"https:\/\/explora.cl\/magallanes\/cientificos-polares-por-un-dia-2\/#respond\"]}]},{\"@type\":\"WebPage\",\"@id\":\"https:\/\/explora.cl\/magallanes\/cientificos-polares-por-un-dia-2\/\",\"url\":\"https:\/\/explora.cl\/magallanes\/cientificos-polares-por-un-dia-2\/\",\"name\":\"Cient\u00edficos Polares por un D\u00eda - Magallanes\",\"isPartOf\":{\"@id\":\"https:\/\/explora.cl\/magallanes\/#website\"},\"primaryImageOfPage\":{\"@id\":\"https:\/\/explora.cl\/magallanes\/cientificos-polares-por-un-dia-2\/#primaryimage\"},\"image\":{\"@id\":\"https:\/\/explora.cl\/magallanes\/cientificos-polares-por-un-dia-2\/#primaryimage\"},\"thumbnailUrl\":\"https:\/\/explora.cl\/magallanes\/wp-content\/uploads\/sites\/19\/2018\/06\/baner_cinetificos_polares-1.jpg\",\"datePublished\":\"2016-06-22T04:00:00+00:00\",\"dateModified\":\"2019-05-20T21:38:08+00:00\",\"breadcrumb\":{\"@id\":\"https:\/\/explora.cl\/magallanes\/cientificos-polares-por-un-dia-2\/#breadcrumb\"},\"inLanguage\":\"es-CL\",\"potentialAction\":[{\"@type\":\"ReadAction\",\"target\":[\"https:\/\/explora.cl\/magallanes\/cientificos-polares-por-un-dia-2\/\"]}]},{\"@type\":\"ImageObject\",\"inLanguage\":\"es-CL\",\"@id\":\"https:\/\/explora.cl\/magallanes\/cientificos-polares-por-un-dia-2\/#primaryimage\",\"url\":\"https:\/\/explora.cl\/magallanes\/wp-content\/uploads\/sites\/19\/2018\/06\/baner_cinetificos_polares-1.jpg\",\"contentUrl\":\"https:\/\/explora.cl\/magallanes\/wp-content\/uploads\/sites\/19\/2018\/06\/baner_cinetificos_polares-1.jpg\",\"width\":298,\"height\":212},{\"@type\":\"BreadcrumbList\",\"@id\":\"https:\/\/explora.cl\/magallanes\/cientificos-polares-por-un-dia-2\/#breadcrumb\",\"itemListElement\":[{\"@type\":\"ListItem\",\"position\":1,\"name\":\"Portada\",\"item\":\"https:\/\/explora.cl\/magallanes\/\"},{\"@type\":\"ListItem\",\"position\":2,\"name\":\"Cient\u00edficos Polares por un D\u00eda\"}]},{\"@type\":\"WebSite\",\"@id\":\"https:\/\/explora.cl\/magallanes\/#website\",\"url\":\"https:\/\/explora.cl\/magallanes\/\",\"name\":\"Magallanes\",\"description\":\"Otro sitio m\u00e1s de explora.cl\",\"publisher\":{\"@id\":\"https:\/\/explora.cl\/magallanes\/#organization\"},\"potentialAction\":[{\"@type\":\"SearchAction\",\"target\":{\"@type\":\"EntryPoint\",\"urlTemplate\":\"https:\/\/explora.cl\/magallanes\/?s={search_term_string}\"},\"query-input\":{\"@type\":\"PropertyValueSpecification\",\"valueRequired\":true,\"valueName\":\"search_term_string\"}}],\"inLanguage\":\"es-CL\"},{\"@type\":\"Organization\",\"@id\":\"https:\/\/explora.cl\/magallanes\/#organization\",\"name\":\"Magallanes\",\"url\":\"https:\/\/explora.cl\/magallanes\/\",\"logo\":{\"@type\":\"ImageObject\",\"inLanguage\":\"es-CL\",\"@id\":\"https:\/\/explora.cl\/magallanes\/#\/schema\/logo\/image\/\",\"url\":\"https:\/\/explora.cl\/magallanes\/wp-content\/uploads\/sites\/19\/2021\/06\/cropped-ICONO-COLOR-2.jpg\",\"contentUrl\":\"https:\/\/explora.cl\/magallanes\/wp-content\/uploads\/sites\/19\/2021\/06\/cropped-ICONO-COLOR-2.jpg\",\"width\":1181,\"height\":1181,\"caption\":\"Magallanes\"},\"image\":{\"@id\":\"https:\/\/explora.cl\/magallanes\/#\/schema\/logo\/image\/\"}},{\"@type\":\"Person\",\"@id\":\"https:\/\/explora.cl\/magallanes\/#\/schema\/person\/cb8349c13ea2d324080adf8480d7ba5d\",\"name\":\"webman\",\"image\":{\"@type\":\"ImageObject\",\"inLanguage\":\"es-CL\",\"@id\":\"https:\/\/explora.cl\/magallanes\/#\/schema\/person\/image\/\",\"url\":\"https:\/\/secure.gravatar.com\/avatar\/eeff3c82f2c02f7177d13663b7e6f890e9a6a0647ce9bb29cae02dcb094c7312?s=96&d=mm&r=g\",\"contentUrl\":\"https:\/\/secure.gravatar.com\/avatar\/eeff3c82f2c02f7177d13663b7e6f890e9a6a0647ce9bb29cae02dcb094c7312?s=96&d=mm&r=g\",\"caption\":\"webman\"},\"url\":\"https:\/\/explora.cl\/magallanes\/author\/webman\/\"}]}<\/script>\n<!-- \/ Yoast SEO plugin. -->","yoast_head_json":{"title":"Cient\u00edficos Polares por un D\u00eda - Magallanes","robots":{"index":"index","follow":"follow","max-snippet":"max-snippet:-1","max-image-preview":"max-image-preview:large","max-video-preview":"max-video-preview:-1"},"canonical":"https:\/\/explora.cl\/magallanes\/cientificos-polares-por-un-dia-2\/","og_locale":"es_ES","og_type":"article","og_title":"Cient\u00edficos Polares por un D\u00eda - Magallanes","og_description":"Cada jueves hasta que finalice el a\u00f1o 2016, el edificio de Laboratorios Ant\u00e1rticos \u201cEmbajador Jorge Bergu\u00f1o\u201d, del Instituto Ant\u00e1rtico Chileno (INACH), ser\u00e1 el lugar para que ni\u00f1os y ni\u00f1as del primer ciclo de educaci\u00f3n (1\u00ba a 4\u00ba b\u00e1sico) inicien sus pasos en la investigaci\u00f3n del Continente Blanco a trav\u00e9s del programa \u201cCient\u00edficos Polares por un [&hellip;]","og_url":"https:\/\/explora.cl\/magallanes\/cientificos-polares-por-un-dia-2\/","og_site_name":"Magallanes","article_published_time":"2016-06-22T04:00:00+00:00","article_modified_time":"2019-05-20T21:38:08+00:00","og_image":[{"width":298,"height":212,"url":"https:\/\/explora.cl\/magallanes\/wp-content\/uploads\/sites\/19\/2018\/06\/baner_cinetificos_polares-1.jpg","type":"image\/jpeg"}],"author":"webman","twitter_card":"summary_large_image","twitter_misc":{"Escrito por":"webman","Tiempo estimado de lectura":"2 minutos"},"schema":{"@context":"https:\/\/schema.org","@graph":[{"@type":"Article","@id":"https:\/\/explora.cl\/magallanes\/cientificos-polares-por-un-dia-2\/#article","isPartOf":{"@id":"https:\/\/explora.cl\/magallanes\/cientificos-polares-por-un-dia-2\/"},"author":{"name":"webman","@id":"https:\/\/explora.cl\/magallanes\/#\/schema\/person\/cb8349c13ea2d324080adf8480d7ba5d"},"headline":"Cient\u00edficos Polares por un D\u00eda","datePublished":"2016-06-22T04:00:00+00:00","dateModified":"2019-05-20T21:38:08+00:00","mainEntityOfPage":{"@id":"https:\/\/explora.cl\/magallanes\/cientificos-polares-por-un-dia-2\/"},"wordCount":413,"commentCount":0,"publisher":{"@id":"https:\/\/explora.cl\/magallanes\/#organization"},"image":{"@id":"https:\/\/explora.cl\/magallanes\/cientificos-polares-por-un-dia-2\/#primaryimage"},"thumbnailUrl":"https:\/\/explora.cl\/magallanes\/wp-content\/uploads\/sites\/19\/2018\/06\/baner_cinetificos_polares-1.jpg","articleSection":["Noticias"],"inLanguage":"es-CL","potentialAction":[{"@type":"CommentAction","name":"Comment","target":["https:\/\/explora.cl\/magallanes\/cientificos-polares-por-un-dia-2\/#respond"]}]},{"@type":"WebPage","@id":"https:\/\/explora.cl\/magallanes\/cientificos-polares-por-un-dia-2\/","url":"https:\/\/explora.cl\/magallanes\/cientificos-polares-por-un-dia-2\/","name":"Cient\u00edficos Polares por un D\u00eda - Magallanes","isPartOf":{"@id":"https:\/\/explora.cl\/magallanes\/#website"},"primaryImageOfPage":{"@id":"https:\/\/explora.cl\/magallanes\/cientificos-polares-por-un-dia-2\/#primaryimage"},"image":{"@id":"https:\/\/explora.cl\/magallanes\/cientificos-polares-por-un-dia-2\/#primaryimage"},"thumbnailUrl":"https:\/\/explora.cl\/magallanes\/wp-content\/uploads\/sites\/19\/2018\/06\/baner_cinetificos_polares-1.jpg","datePublished":"2016-06-22T04:00:00+00:00","dateModified":"2019-05-20T21:38:08+00:00","breadcrumb":{"@id":"https:\/\/explora.cl\/magallanes\/cientificos-polares-por-un-dia-2\/#breadcrumb"},"inLanguage":"es-CL","potentialAction":[{"@type":"ReadAction","target":["https:\/\/explora.cl\/magallanes\/cientificos-polares-por-un-dia-2\/"]}]},{"@type":"ImageObject","inLanguage":"es-CL","@id":"https:\/\/explora.cl\/magallanes\/cientificos-polares-por-un-dia-2\/#primaryimage","url":"https:\/\/explora.cl\/magallanes\/wp-content\/uploads\/sites\/19\/2018\/06\/baner_cinetificos_polares-1.jpg","contentUrl":"https:\/\/explora.cl\/magallanes\/wp-content\/uploads\/sites\/19\/2018\/06\/baner_cinetificos_polares-1.jpg","width":298,"height":212},{"@type":"BreadcrumbList","@id":"https:\/\/explora.cl\/magallanes\/cientificos-polares-por-un-dia-2\/#breadcrumb","itemListElement":[{"@type":"ListItem","position":1,"name":"Portada","item":"https:\/\/explora.cl\/magallanes\/"},{"@type":"ListItem","position":2,"name":"Cient\u00edficos Polares por un D\u00eda"}]},{"@type":"WebSite","@id":"https:\/\/explora.cl\/magallanes\/#website","url":"https:\/\/explora.cl\/magallanes\/","name":"Magallanes","description":"Otro sitio m\u00e1s de explora.cl","publisher":{"@id":"https:\/\/explora.cl\/magallanes\/#organization"},"potentialAction":[{"@type":"SearchAction","target":{"@type":"EntryPoint","urlTemplate":"https:\/\/explora.cl\/magallanes\/?s={search_term_string}"},"query-input":{"@type":"PropertyValueSpecification","valueRequired":true,"valueName":"search_term_string"}}],"inLanguage":"es-CL"},{"@type":"Organization","@id":"https:\/\/explora.cl\/magallanes\/#organization","name":"Magallanes","url":"https:\/\/explora.cl\/magallanes\/","logo":{"@type":"ImageObject","inLanguage":"es-CL","@id":"https:\/\/explora.cl\/magallanes\/#\/schema\/logo\/image\/","url":"https:\/\/explora.cl\/magallanes\/wp-content\/uploads\/sites\/19\/2021\/06\/cropped-ICONO-COLOR-2.jpg","contentUrl":"https:\/\/explora.cl\/magallanes\/wp-content\/uploads\/sites\/19\/2021\/06\/cropped-ICONO-COLOR-2.jpg","width":1181,"height":1181,"caption":"Magallanes"},"image":{"@id":"https:\/\/explora.cl\/magallanes\/#\/schema\/logo\/image\/"}},{"@type":"Person","@id":"https:\/\/explora.cl\/magallanes\/#\/schema\/person\/cb8349c13ea2d324080adf8480d7ba5d","name":"webman","image":{"@type":"ImageObject","inLanguage":"es-CL","@id":"https:\/\/explora.cl\/magallanes\/#\/schema\/person\/image\/","url":"https:\/\/secure.gravatar.com\/avatar\/eeff3c82f2c02f7177d13663b7e6f890e9a6a0647ce9bb29cae02dcb094c7312?s=96&d=mm&r=g","contentUrl":"https:\/\/secure.gravatar.com\/avatar\/eeff3c82f2c02f7177d13663b7e6f890e9a6a0647ce9bb29cae02dcb094c7312?s=96&d=mm&r=g","caption":"webman"},"url":"https:\/\/explora.cl\/magallanes\/author\/webman\/"}]}},"_links":{"self":[{"href":"https:\/\/explora.cl\/magallanes\/wp-json\/wp\/v2\/posts\/396","targetHints":{"allow":["GET"]}}],"collection":[{"href":"https:\/\/explora.cl\/magallanes\/wp-json\/wp\/v2\/posts"}],"about":[{"href":"https:\/\/explora.cl\/magallanes\/wp-json\/wp\/v2\/types\/post"}],"author":[{"embeddable":true,"href":"https:\/\/explora.cl\/magallanes\/wp-json\/wp\/v2\/users\/2"}],"replies":[{"embeddable":true,"href":"https:\/\/explora.cl\/magallanes\/wp-json\/wp\/v2\/comments?post=396"}],"version-history":[{"count":1,"href":"https:\/\/explora.cl\/magallanes\/wp-json\/wp\/v2\/posts\/396\/revisions"}],"predecessor-version":[{"id":37847,"href":"https:\/\/explora.cl\/magallanes\/wp-json\/wp\/v2\/posts\/396\/revisions\/37847"}],"wp:featuredmedia":[{"embeddable":true,"href":"https:\/\/explora.cl\/magallanes\/wp-json\/wp\/v2\/media\/397"}],"wp:attachment":[{"href":"https:\/\/explora.cl\/magallanes\/wp-json\/wp\/v2\/media?parent=396"}],"wp:term":[{"taxonomy":"category","embeddable":true,"href":"https:\/\/explora.cl\/magallanes\/wp-json\/wp\/v2\/categories?post=396"},{"taxonomy":"post_tag","embeddable":true,"href":"https:\/\/explora.cl\/magallanes\/wp-json\/wp\/v2\/tags?post=396"}],"curies":[{"name":"wp","href":"https:\/\/api.w.org\/{rel}","templated":true}]}}