{"id":395,"date":"2016-06-21T00:00:00","date_gmt":"2016-06-21T04:00:00","guid":{"rendered":"https:\/\/explora.cl\/magallanes\/blog\/2016\/06\/21\/exposicion-itinerante-viajando-con-los-microcazadores-de-luz\/"},"modified":"2019-05-20T21:38:09","modified_gmt":"2019-05-20T21:38:09","slug":"exposicion-itinerante-viajando-con-los-microcazadores-de-luz","status":"publish","type":"post","link":"https:\/\/explora.cl\/magallanes\/exposicion-itinerante-viajando-con-los-microcazadores-de-luz\/","title":{"rendered":"Exposici\u00f3n itinerante: \u201cViajando con los Microcazadores de Luz\u201d"},"content":{"rendered":"<p class=\"MsoNormal\" style=\"text-align: center\"><img decoding=\"async\" src=\"https:\/\/scontent.fgig1-2.fna.fbcdn.net\/t31.0-0\/p240x240\/14362668_1813970962173082_3804755574386190510_o.png\" alt=\"\" \/><\/p>\n<p class=\"MsoNormal\" style=\"text-align: justify\">Gloria S\u00e1nchez, Doctora en Ciencias Biol\u00f3gicas prepar\u00f3 una exposici\u00f3n sobre microalgas destinada a la comunidad estudiantil de la Regi\u00f3n de Magallanes y Ant\u00e1rtica Chilena.<\/p>\n<p class=\"MsoNormal\" style=\"text-align: justify\">La exposici\u00f3n est\u00e1 compuesta por 11 pendones, en los cuales se abarcan diferentes temas relacionados con estos organismos y se dan varios ejemplos de investigaci\u00f3n que se han realizado en el \u00faltimo tiempo a lo largo de Chile.<\/p>\n<p class=\"MsoNormal\" style=\"text-align: justify\">\u201cMicrocazadores de luz\u201d, es el nombre que un ni\u00f1o del campamento cient\u00edfico escolar le puso hace un par de a\u00f1os a las microalgas. Desde ese primer encuentro, han surgido muchas preguntas que esta exposici\u00f3n pretende responder, tambi\u00e9n se har\u00e1 un recorrido en barco desde el norte hasta el sur austral de Chile y en una m\u00e1quina del tiempo \u00a0viajaremos hace 60.000 a\u00f1os atr\u00e1s, cuando la Patagonia chilena era mucho m\u00e1s hostil y no exist\u00eda el mundo que conocemos hoy.<\/p>\n<p style=\"text-align: justify\">\u00a0<\/p>\n<p class=\"MsoNormal\" style=\"text-align: justify\">Lleva esta exposici\u00f3n a tu establecimiento educacional solicit\u00e1ndola al correo eletr\u00f3nico <a href=\"mailto:magallanes.explora@gmail.com\">magallanes.explora@gmail.com<\/a><\/p>\n<p class=\"MsoNormal\">\u00a0<\/p>\n","protected":false},"excerpt":{"rendered":"<p>Gloria S\u00e1nchez, Doctora en Ciencias Biol\u00f3gicas prepar\u00f3 una exposici\u00f3n sobre microalgas destinada a la comunidad estudiantil de la Regi\u00f3n de Magallanes y Ant\u00e1rtica Chilena. La exposici\u00f3n est\u00e1 compuesta por 11 pendones, en los cuales se abarcan diferentes temas relacionados con estos organismos y se dan varios ejemplos de investigaci\u00f3n que se han realizado en el [&hellip;]<\/p>\n","protected":false},"author":2,"featured_media":0,"comment_status":"open","ping_status":"open","sticky":false,"template":"","format":"standard","meta":{"_acf_changed":false,"_exactmetrics_skip_tracking":false,"_exactmetrics_sitenote_active":false,"_exactmetrics_sitenote_note":"","_exactmetrics_sitenote_category":0,"footnotes":"","_links_to":"","_links_to_target":""},"categories":[4],"tags":[],"class_list":["post-395","post","type-post","status-publish","format-standard","hentry","category-noticias"],"acf":[],"yoast_head":"<!-- This site is optimized with the Yoast SEO plugin v26.9 - https:\/\/yoast.com\/product\/yoast-seo-wordpress\/ -->\n<title>Exposici\u00f3n itinerante: \u201cViajando con los Microcazadores de Luz\u201d - Magallanes<\/title>\n<meta name=\"robots\" content=\"index, follow, max-snippet:-1, max-image-preview:large, max-video-preview:-1\" \/>\n<link rel=\"canonical\" href=\"https:\/\/explora.cl\/magallanes\/exposicion-itinerante-viajando-con-los-microcazadores-de-luz\/\" class=\"yoast-seo-meta-tag\" \/>\n<meta property=\"og:locale\" content=\"es_ES\" class=\"yoast-seo-meta-tag\" \/>\n<meta property=\"og:type\" content=\"article\" class=\"yoast-seo-meta-tag\" \/>\n<meta property=\"og:title\" content=\"Exposici\u00f3n itinerante: \u201cViajando con los Microcazadores de Luz\u201d - Magallanes\" class=\"yoast-seo-meta-tag\" \/>\n<meta property=\"og:description\" content=\"Gloria S\u00e1nchez, Doctora en Ciencias Biol\u00f3gicas prepar\u00f3 una exposici\u00f3n sobre microalgas destinada a la comunidad estudiantil de la Regi\u00f3n de Magallanes y Ant\u00e1rtica Chilena. La exposici\u00f3n est\u00e1 compuesta por 11 pendones, en los cuales se abarcan diferentes temas relacionados con estos organismos y se dan varios ejemplos de investigaci\u00f3n que se han realizado en el [&hellip;]\" class=\"yoast-seo-meta-tag\" \/>\n<meta property=\"og:url\" content=\"https:\/\/explora.cl\/magallanes\/exposicion-itinerante-viajando-con-los-microcazadores-de-luz\/\" class=\"yoast-seo-meta-tag\" \/>\n<meta property=\"og:site_name\" content=\"Magallanes\" class=\"yoast-seo-meta-tag\" \/>\n<meta property=\"article:published_time\" content=\"2016-06-21T04:00:00+00:00\" class=\"yoast-seo-meta-tag\" \/>\n<meta property=\"article:modified_time\" content=\"2019-05-20T21:38:09+00:00\" class=\"yoast-seo-meta-tag\" \/>\n<meta property=\"og:image\" content=\"https:\/\/scontent.fgig1-2.fna.fbcdn.net\/t31.0-0\/p240x240\/14362668_1813970962173082_3804755574386190510_o.png\" class=\"yoast-seo-meta-tag\" \/>\n<meta name=\"author\" content=\"webman\" class=\"yoast-seo-meta-tag\" \/>\n<meta name=\"twitter:card\" content=\"summary_large_image\" class=\"yoast-seo-meta-tag\" \/>\n<meta name=\"twitter:label1\" content=\"Escrito por\" class=\"yoast-seo-meta-tag\" \/>\n\t<meta name=\"twitter:data1\" content=\"webman\" class=\"yoast-seo-meta-tag\" \/>\n\t<meta name=\"twitter:label2\" content=\"Tiempo estimado de lectura\" class=\"yoast-seo-meta-tag\" \/>\n\t<meta name=\"twitter:data2\" content=\"1 minuto\" class=\"yoast-seo-meta-tag\" \/>\n<script type=\"application\/ld+json\" class=\"yoast-schema-graph\">{\"@context\":\"https:\/\/schema.org\",\"@graph\":[{\"@type\":\"Article\",\"@id\":\"https:\/\/explora.cl\/magallanes\/exposicion-itinerante-viajando-con-los-microcazadores-de-luz\/#article\",\"isPartOf\":{\"@id\":\"https:\/\/explora.cl\/magallanes\/exposicion-itinerante-viajando-con-los-microcazadores-de-luz\/\"},\"author\":{\"name\":\"webman\",\"@id\":\"https:\/\/explora.cl\/magallanes\/#\/schema\/person\/cb8349c13ea2d324080adf8480d7ba5d\"},\"headline\":\"Exposici\u00f3n itinerante: \u201cViajando con los Microcazadores de Luz\u201d\",\"datePublished\":\"2016-06-21T04:00:00+00:00\",\"dateModified\":\"2019-05-20T21:38:09+00:00\",\"mainEntityOfPage\":{\"@id\":\"https:\/\/explora.cl\/magallanes\/exposicion-itinerante-viajando-con-los-microcazadores-de-luz\/\"},\"wordCount\":183,\"commentCount\":0,\"publisher\":{\"@id\":\"https:\/\/explora.cl\/magallanes\/#organization\"},\"image\":{\"@id\":\"https:\/\/explora.cl\/magallanes\/exposicion-itinerante-viajando-con-los-microcazadores-de-luz\/#primaryimage\"},\"thumbnailUrl\":\"https:\/\/scontent.fgig1-2.fna.fbcdn.net\/t31.0-0\/p240x240\/14362668_1813970962173082_3804755574386190510_o.png\",\"articleSection\":[\"Noticias\"],\"inLanguage\":\"es-CL\",\"potentialAction\":[{\"@type\":\"CommentAction\",\"name\":\"Comment\",\"target\":[\"https:\/\/explora.cl\/magallanes\/exposicion-itinerante-viajando-con-los-microcazadores-de-luz\/#respond\"]}]},{\"@type\":\"WebPage\",\"@id\":\"https:\/\/explora.cl\/magallanes\/exposicion-itinerante-viajando-con-los-microcazadores-de-luz\/\",\"url\":\"https:\/\/explora.cl\/magallanes\/exposicion-itinerante-viajando-con-los-microcazadores-de-luz\/\",\"name\":\"Exposici\u00f3n itinerante: \u201cViajando con los Microcazadores de Luz\u201d - Magallanes\",\"isPartOf\":{\"@id\":\"https:\/\/explora.cl\/magallanes\/#website\"},\"primaryImageOfPage\":{\"@id\":\"https:\/\/explora.cl\/magallanes\/exposicion-itinerante-viajando-con-los-microcazadores-de-luz\/#primaryimage\"},\"image\":{\"@id\":\"https:\/\/explora.cl\/magallanes\/exposicion-itinerante-viajando-con-los-microcazadores-de-luz\/#primaryimage\"},\"thumbnailUrl\":\"https:\/\/scontent.fgig1-2.fna.fbcdn.net\/t31.0-0\/p240x240\/14362668_1813970962173082_3804755574386190510_o.png\",\"datePublished\":\"2016-06-21T04:00:00+00:00\",\"dateModified\":\"2019-05-20T21:38:09+00:00\",\"breadcrumb\":{\"@id\":\"https:\/\/explora.cl\/magallanes\/exposicion-itinerante-viajando-con-los-microcazadores-de-luz\/#breadcrumb\"},\"inLanguage\":\"es-CL\",\"potentialAction\":[{\"@type\":\"ReadAction\",\"target\":[\"https:\/\/explora.cl\/magallanes\/exposicion-itinerante-viajando-con-los-microcazadores-de-luz\/\"]}]},{\"@type\":\"ImageObject\",\"inLanguage\":\"es-CL\",\"@id\":\"https:\/\/explora.cl\/magallanes\/exposicion-itinerante-viajando-con-los-microcazadores-de-luz\/#primaryimage\",\"url\":\"https:\/\/scontent.fgig1-2.fna.fbcdn.net\/t31.0-0\/p240x240\/14362668_1813970962173082_3804755574386190510_o.png\",\"contentUrl\":\"https:\/\/scontent.fgig1-2.fna.fbcdn.net\/t31.0-0\/p240x240\/14362668_1813970962173082_3804755574386190510_o.png\"},{\"@type\":\"BreadcrumbList\",\"@id\":\"https:\/\/explora.cl\/magallanes\/exposicion-itinerante-viajando-con-los-microcazadores-de-luz\/#breadcrumb\",\"itemListElement\":[{\"@type\":\"ListItem\",\"position\":1,\"name\":\"Portada\",\"item\":\"https:\/\/explora.cl\/magallanes\/\"},{\"@type\":\"ListItem\",\"position\":2,\"name\":\"Exposici\u00f3n itinerante: \u201cViajando con los Microcazadores de Luz\u201d\"}]},{\"@type\":\"WebSite\",\"@id\":\"https:\/\/explora.cl\/magallanes\/#website\",\"url\":\"https:\/\/explora.cl\/magallanes\/\",\"name\":\"Magallanes\",\"description\":\"Otro sitio m\u00e1s de explora.cl\",\"publisher\":{\"@id\":\"https:\/\/explora.cl\/magallanes\/#organization\"},\"potentialAction\":[{\"@type\":\"SearchAction\",\"target\":{\"@type\":\"EntryPoint\",\"urlTemplate\":\"https:\/\/explora.cl\/magallanes\/?s={search_term_string}\"},\"query-input\":{\"@type\":\"PropertyValueSpecification\",\"valueRequired\":true,\"valueName\":\"search_term_string\"}}],\"inLanguage\":\"es-CL\"},{\"@type\":\"Organization\",\"@id\":\"https:\/\/explora.cl\/magallanes\/#organization\",\"name\":\"Magallanes\",\"url\":\"https:\/\/explora.cl\/magallanes\/\",\"logo\":{\"@type\":\"ImageObject\",\"inLanguage\":\"es-CL\",\"@id\":\"https:\/\/explora.cl\/magallanes\/#\/schema\/logo\/image\/\",\"url\":\"https:\/\/explora.cl\/magallanes\/wp-content\/uploads\/sites\/19\/2021\/06\/cropped-ICONO-COLOR-2.jpg\",\"contentUrl\":\"https:\/\/explora.cl\/magallanes\/wp-content\/uploads\/sites\/19\/2021\/06\/cropped-ICONO-COLOR-2.jpg\",\"width\":1181,\"height\":1181,\"caption\":\"Magallanes\"},\"image\":{\"@id\":\"https:\/\/explora.cl\/magallanes\/#\/schema\/logo\/image\/\"}},{\"@type\":\"Person\",\"@id\":\"https:\/\/explora.cl\/magallanes\/#\/schema\/person\/cb8349c13ea2d324080adf8480d7ba5d\",\"name\":\"webman\",\"image\":{\"@type\":\"ImageObject\",\"inLanguage\":\"es-CL\",\"@id\":\"https:\/\/explora.cl\/magallanes\/#\/schema\/person\/image\/\",\"url\":\"https:\/\/secure.gravatar.com\/avatar\/eeff3c82f2c02f7177d13663b7e6f890e9a6a0647ce9bb29cae02dcb094c7312?s=96&d=mm&r=g\",\"contentUrl\":\"https:\/\/secure.gravatar.com\/avatar\/eeff3c82f2c02f7177d13663b7e6f890e9a6a0647ce9bb29cae02dcb094c7312?s=96&d=mm&r=g\",\"caption\":\"webman\"},\"url\":\"https:\/\/explora.cl\/magallanes\/author\/webman\/\"}]}<\/script>\n<!-- \/ Yoast SEO plugin. -->","yoast_head_json":{"title":"Exposici\u00f3n itinerante: \u201cViajando con los Microcazadores de Luz\u201d - Magallanes","robots":{"index":"index","follow":"follow","max-snippet":"max-snippet:-1","max-image-preview":"max-image-preview:large","max-video-preview":"max-video-preview:-1"},"canonical":"https:\/\/explora.cl\/magallanes\/exposicion-itinerante-viajando-con-los-microcazadores-de-luz\/","og_locale":"es_ES","og_type":"article","og_title":"Exposici\u00f3n itinerante: \u201cViajando con los Microcazadores de Luz\u201d - Magallanes","og_description":"Gloria S\u00e1nchez, Doctora en Ciencias Biol\u00f3gicas prepar\u00f3 una exposici\u00f3n sobre microalgas destinada a la comunidad estudiantil de la Regi\u00f3n de Magallanes y Ant\u00e1rtica Chilena. La exposici\u00f3n est\u00e1 compuesta por 11 pendones, en los cuales se abarcan diferentes temas relacionados con estos organismos y se dan varios ejemplos de investigaci\u00f3n que se han realizado en el [&hellip;]","og_url":"https:\/\/explora.cl\/magallanes\/exposicion-itinerante-viajando-con-los-microcazadores-de-luz\/","og_site_name":"Magallanes","article_published_time":"2016-06-21T04:00:00+00:00","article_modified_time":"2019-05-20T21:38:09+00:00","og_image":[{"url":"https:\/\/scontent.fgig1-2.fna.fbcdn.net\/t31.0-0\/p240x240\/14362668_1813970962173082_3804755574386190510_o.png","type":"","width":"","height":""}],"author":"webman","twitter_card":"summary_large_image","twitter_misc":{"Escrito por":"webman","Tiempo estimado de lectura":"1 minuto"},"schema":{"@context":"https:\/\/schema.org","@graph":[{"@type":"Article","@id":"https:\/\/explora.cl\/magallanes\/exposicion-itinerante-viajando-con-los-microcazadores-de-luz\/#article","isPartOf":{"@id":"https:\/\/explora.cl\/magallanes\/exposicion-itinerante-viajando-con-los-microcazadores-de-luz\/"},"author":{"name":"webman","@id":"https:\/\/explora.cl\/magallanes\/#\/schema\/person\/cb8349c13ea2d324080adf8480d7ba5d"},"headline":"Exposici\u00f3n itinerante: \u201cViajando con los Microcazadores de Luz\u201d","datePublished":"2016-06-21T04:00:00+00:00","dateModified":"2019-05-20T21:38:09+00:00","mainEntityOfPage":{"@id":"https:\/\/explora.cl\/magallanes\/exposicion-itinerante-viajando-con-los-microcazadores-de-luz\/"},"wordCount":183,"commentCount":0,"publisher":{"@id":"https:\/\/explora.cl\/magallanes\/#organization"},"image":{"@id":"https:\/\/explora.cl\/magallanes\/exposicion-itinerante-viajando-con-los-microcazadores-de-luz\/#primaryimage"},"thumbnailUrl":"https:\/\/scontent.fgig1-2.fna.fbcdn.net\/t31.0-0\/p240x240\/14362668_1813970962173082_3804755574386190510_o.png","articleSection":["Noticias"],"inLanguage":"es-CL","potentialAction":[{"@type":"CommentAction","name":"Comment","target":["https:\/\/explora.cl\/magallanes\/exposicion-itinerante-viajando-con-los-microcazadores-de-luz\/#respond"]}]},{"@type":"WebPage","@id":"https:\/\/explora.cl\/magallanes\/exposicion-itinerante-viajando-con-los-microcazadores-de-luz\/","url":"https:\/\/explora.cl\/magallanes\/exposicion-itinerante-viajando-con-los-microcazadores-de-luz\/","name":"Exposici\u00f3n itinerante: \u201cViajando con los Microcazadores de Luz\u201d - Magallanes","isPartOf":{"@id":"https:\/\/explora.cl\/magallanes\/#website"},"primaryImageOfPage":{"@id":"https:\/\/explora.cl\/magallanes\/exposicion-itinerante-viajando-con-los-microcazadores-de-luz\/#primaryimage"},"image":{"@id":"https:\/\/explora.cl\/magallanes\/exposicion-itinerante-viajando-con-los-microcazadores-de-luz\/#primaryimage"},"thumbnailUrl":"https:\/\/scontent.fgig1-2.fna.fbcdn.net\/t31.0-0\/p240x240\/14362668_1813970962173082_3804755574386190510_o.png","datePublished":"2016-06-21T04:00:00+00:00","dateModified":"2019-05-20T21:38:09+00:00","breadcrumb":{"@id":"https:\/\/explora.cl\/magallanes\/exposicion-itinerante-viajando-con-los-microcazadores-de-luz\/#breadcrumb"},"inLanguage":"es-CL","potentialAction":[{"@type":"ReadAction","target":["https:\/\/explora.cl\/magallanes\/exposicion-itinerante-viajando-con-los-microcazadores-de-luz\/"]}]},{"@type":"ImageObject","inLanguage":"es-CL","@id":"https:\/\/explora.cl\/magallanes\/exposicion-itinerante-viajando-con-los-microcazadores-de-luz\/#primaryimage","url":"https:\/\/scontent.fgig1-2.fna.fbcdn.net\/t31.0-0\/p240x240\/14362668_1813970962173082_3804755574386190510_o.png","contentUrl":"https:\/\/scontent.fgig1-2.fna.fbcdn.net\/t31.0-0\/p240x240\/14362668_1813970962173082_3804755574386190510_o.png"},{"@type":"BreadcrumbList","@id":"https:\/\/explora.cl\/magallanes\/exposicion-itinerante-viajando-con-los-microcazadores-de-luz\/#breadcrumb","itemListElement":[{"@type":"ListItem","position":1,"name":"Portada","item":"https:\/\/explora.cl\/magallanes\/"},{"@type":"ListItem","position":2,"name":"Exposici\u00f3n itinerante: \u201cViajando con los Microcazadores de Luz\u201d"}]},{"@type":"WebSite","@id":"https:\/\/explora.cl\/magallanes\/#website","url":"https:\/\/explora.cl\/magallanes\/","name":"Magallanes","description":"Otro sitio m\u00e1s de explora.cl","publisher":{"@id":"https:\/\/explora.cl\/magallanes\/#organization"},"potentialAction":[{"@type":"SearchAction","target":{"@type":"EntryPoint","urlTemplate":"https:\/\/explora.cl\/magallanes\/?s={search_term_string}"},"query-input":{"@type":"PropertyValueSpecification","valueRequired":true,"valueName":"search_term_string"}}],"inLanguage":"es-CL"},{"@type":"Organization","@id":"https:\/\/explora.cl\/magallanes\/#organization","name":"Magallanes","url":"https:\/\/explora.cl\/magallanes\/","logo":{"@type":"ImageObject","inLanguage":"es-CL","@id":"https:\/\/explora.cl\/magallanes\/#\/schema\/logo\/image\/","url":"https:\/\/explora.cl\/magallanes\/wp-content\/uploads\/sites\/19\/2021\/06\/cropped-ICONO-COLOR-2.jpg","contentUrl":"https:\/\/explora.cl\/magallanes\/wp-content\/uploads\/sites\/19\/2021\/06\/cropped-ICONO-COLOR-2.jpg","width":1181,"height":1181,"caption":"Magallanes"},"image":{"@id":"https:\/\/explora.cl\/magallanes\/#\/schema\/logo\/image\/"}},{"@type":"Person","@id":"https:\/\/explora.cl\/magallanes\/#\/schema\/person\/cb8349c13ea2d324080adf8480d7ba5d","name":"webman","image":{"@type":"ImageObject","inLanguage":"es-CL","@id":"https:\/\/explora.cl\/magallanes\/#\/schema\/person\/image\/","url":"https:\/\/secure.gravatar.com\/avatar\/eeff3c82f2c02f7177d13663b7e6f890e9a6a0647ce9bb29cae02dcb094c7312?s=96&d=mm&r=g","contentUrl":"https:\/\/secure.gravatar.com\/avatar\/eeff3c82f2c02f7177d13663b7e6f890e9a6a0647ce9bb29cae02dcb094c7312?s=96&d=mm&r=g","caption":"webman"},"url":"https:\/\/explora.cl\/magallanes\/author\/webman\/"}]}},"_links":{"self":[{"href":"https:\/\/explora.cl\/magallanes\/wp-json\/wp\/v2\/posts\/395","targetHints":{"allow":["GET"]}}],"collection":[{"href":"https:\/\/explora.cl\/magallanes\/wp-json\/wp\/v2\/posts"}],"about":[{"href":"https:\/\/explora.cl\/magallanes\/wp-json\/wp\/v2\/types\/post"}],"author":[{"embeddable":true,"href":"https:\/\/explora.cl\/magallanes\/wp-json\/wp\/v2\/users\/2"}],"replies":[{"embeddable":true,"href":"https:\/\/explora.cl\/magallanes\/wp-json\/wp\/v2\/comments?post=395"}],"version-history":[{"count":1,"href":"https:\/\/explora.cl\/magallanes\/wp-json\/wp\/v2\/posts\/395\/revisions"}],"predecessor-version":[{"id":37849,"href":"https:\/\/explora.cl\/magallanes\/wp-json\/wp\/v2\/posts\/395\/revisions\/37849"}],"wp:attachment":[{"href":"https:\/\/explora.cl\/magallanes\/wp-json\/wp\/v2\/media?parent=395"}],"wp:term":[{"taxonomy":"category","embeddable":true,"href":"https:\/\/explora.cl\/magallanes\/wp-json\/wp\/v2\/categories?post=395"},{"taxonomy":"post_tag","embeddable":true,"href":"https:\/\/explora.cl\/magallanes\/wp-json\/wp\/v2\/tags?post=395"}],"curies":[{"name":"wp","href":"https:\/\/api.w.org\/{rel}","templated":true}]}}