{"id":390,"date":"2016-06-20T00:00:00","date_gmt":"2016-06-20T04:00:00","guid":{"rendered":"https:\/\/explora.cl\/magallanes\/blog\/2016\/06\/20\/escolares-de-puerto-natales-y-punta-arenas-se-capacitaron-para-participar-en-el-iv-torneo-interescolar-de-debates-en-ciencia-y-tecnologia\/"},"modified":"2019-05-20T21:38:11","modified_gmt":"2019-05-20T21:38:11","slug":"escolares-de-puerto-natales-y-punta-arenas-se-capacitaron-para-participar-en-el-iv-torneo-interescolar-de-debates-en-ciencia-y-tecnologia","status":"publish","type":"post","link":"https:\/\/explora.cl\/magallanes\/escolares-de-puerto-natales-y-punta-arenas-se-capacitaron-para-participar-en-el-iv-torneo-interescolar-de-debates-en-ciencia-y-tecnologia\/","title":{"rendered":"Escolares de Puerto Natales y Punta Arenas se capacitaron para participar en el IV Torneo Interescolar de Debates en Ciencia y Tecnolog\u00eda"},"content":{"rendered":"<div style=\"color: #222222;font-family: arial, sans-serif;font-size: 12.8px;line-height: normal;text-align: justify\"><img fetchpriority=\"high\" decoding=\"async\" class=\" size-full wp-image-18256\" src=\"http:\/\/ec2-54-245-22-188.us-west-2.compute.amazonaws.com\/wp-content\/uploads\/2016\/06\/Debates.jpg\" alt=\"\" width=\"615\" height=\"408\" \/><\/div>\n<div style=\"color: #222222;font-family: arial, sans-serif;font-size: 12.8px;line-height: normal;text-align: justify\">\u00a0<\/div>\n<div style=\"color: #222222;font-family: arial, sans-serif;font-size: 12.8px;line-height: normal;text-align: justify\">Este viernes y s\u00e1bado, estudiantes de Punta Arenas y Puerto Natales participaron en la capacitaci\u00f3n del IV Torneo Interescolar de Debates en Ciencias y Tecnolog\u00eda que organiza PAR Explora Magallanes y Ant\u00e1rtica Chilena.<\/div>\n<div style=\"color: #222222;font-family: arial, sans-serif;font-size: 12.8px;line-height: normal;text-align: justify\">\u00a0<\/div>\n<div style=\"color: #222222;font-family: arial, sans-serif;font-size: 12.8px;line-height: normal;text-align: justify\">Participaron m\u00e1s de 30 j\u00f3venes\u00a0del Liceo San Jos\u00e9, Liceo Mar\u00eda Auxiliadora, Colegio Nobelius, Colegio Brit\u00e1nico, Colegio Alem\u00e1n y Colegio Puerto Natales, quienes\u00a0comprendieron este nuevo\u00a0modelo de debates que consiste en dos equipos debatientes y uno investigador, adem\u00e1s de revisar las bases y la importancia de investigar y analizar fuentes confiables.<\/div>\n<div style=\"color: #222222;font-family: arial, sans-serif;font-size: 12.8px;line-height: normal;text-align: justify\">\u00a0<\/div>\n<div style=\"color: #222222;font-family: arial, sans-serif;font-size: 12.8px;line-height: normal;text-align: justify\">Las relator\u00edas estuvieron a cargo de Elia Soto, Directora de PAR Explora RM Norte y V\u00edctor Vergara, Coordinador de Debates cient\u00edficos, quienes hicieron un recorrido por las bases de este torneo y las principales caracter\u00edsticas de la argumentaci\u00f3n. &#8220;El d\u00eda viernes hicimos la capacitaci\u00f3n general, explicando en qu\u00e9 consiste el modelo del debate, la estructura en la que se deben presentar los argumentos y los objetivos principales de debatir. Hoy, estamos realizando una experiencia pr\u00e1ctica con los estudiantes, tratando de simular con exactitud el modelo de debate explicado y resolviendo las dudas que vayan surgiendo&#8221;, coment\u00f3 Vergara.<\/div>\n<div style=\"color: #222222;font-family: arial, sans-serif;font-size: 12.8px;line-height: normal;text-align: justify\">\u00a0<\/div>\n<div style=\"color: #222222;font-family: arial, sans-serif;font-size: 12.8px;line-height: normal;text-align: justify\">Los jueces de esta iniciativa tambi\u00e9n fueron capacitados y se insisti\u00f3 en la importancia de retroalimentar las intervenciones, as\u00ed se\u00f1al\u00f3 Daniela Navarro, Docente del Departamento de Qu\u00edmica de la Universidad de Magallanes y juez del IV Torneo de Debates. &#8220;Nosotros debemos velar para que ambas bancadas en el debate argumenten en forma s\u00f3lida su postura frente a una tem\u00e1tica cient\u00edfica, adem\u00e1s de evaluar el desempe\u00f1o del equipo investigador que introduce el tema antes de comenzar a debatir&#8221;, explic\u00f3.<\/div>\n<div style=\"color: #222222;font-family: arial, sans-serif;font-size: 12.8px;line-height: normal;text-align: justify\">\u00a0<\/div>\n<div style=\"color: #222222;font-family: arial, sans-serif;font-size: 12.8px;line-height: normal;text-align: justify\">Al finalizar la jornada se realiz\u00f3 el sorteo de tem\u00e1ticas y equipos debatientes e investigadores, quienes\u00a0tendr\u00e1n un mes y medio de preparaci\u00f3n, ya que el torneo comenzar\u00e1 en agosto. Mientras que\u00a0la\u00a0final regional se realizar\u00e1 a principios de octubre y el equipo ganador representar\u00e1 a Magallanes en una final interegional en la que participar\u00e1n los equipos destacados \u00a0de Antofagasta y Santiago.<\/div>\n<div style=\"color: #222222;font-family: arial, sans-serif;font-size: 12.8px;line-height: normal;text-align: justify\">\u00a0<\/div>\n<div style=\"color: #222222;font-family: arial, sans-serif;font-size: 12.8px;line-height: normal;text-align: justify\">\u00a0<\/div>\n<div style=\"color: #222222;font-family: arial, sans-serif;font-size: 12.8px;line-height: normal;text-align: justify\">\u00a0<\/div>\n<div style=\"color: #222222;font-family: arial, sans-serif;font-size: 12.8px;line-height: normal;text-align: justify\">\u00a0<\/div>\n","protected":false},"excerpt":{"rendered":"<p>\u00a0 Este viernes y s\u00e1bado, estudiantes de Punta Arenas y Puerto Natales participaron en la capacitaci\u00f3n del IV Torneo Interescolar de Debates en Ciencias y Tecnolog\u00eda que organiza PAR Explora Magallanes y Ant\u00e1rtica Chilena. \u00a0 Participaron m\u00e1s de 30 j\u00f3venes\u00a0del Liceo San Jos\u00e9, Liceo Mar\u00eda Auxiliadora, Colegio Nobelius, Colegio Brit\u00e1nico, Colegio Alem\u00e1n y Colegio Puerto [&hellip;]<\/p>\n","protected":false},"author":2,"featured_media":391,"comment_status":"open","ping_status":"open","sticky":false,"template":"","format":"standard","meta":{"_acf_changed":false,"_exactmetrics_skip_tracking":false,"_exactmetrics_sitenote_active":false,"_exactmetrics_sitenote_note":"","_exactmetrics_sitenote_category":0,"footnotes":"","_links_to":"","_links_to_target":""},"categories":[4],"tags":[],"class_list":["post-390","post","type-post","status-publish","format-standard","has-post-thumbnail","hentry","category-noticias"],"acf":[],"yoast_head":"<!-- This site is optimized with the Yoast SEO plugin v26.9 - https:\/\/yoast.com\/product\/yoast-seo-wordpress\/ -->\n<title>Escolares de Puerto Natales y Punta Arenas se capacitaron para participar en el IV Torneo Interescolar de Debates en Ciencia y Tecnolog\u00eda - Magallanes<\/title>\n<meta name=\"robots\" content=\"index, follow, max-snippet:-1, max-image-preview:large, max-video-preview:-1\" \/>\n<link rel=\"canonical\" href=\"https:\/\/explora.cl\/magallanes\/escolares-de-puerto-natales-y-punta-arenas-se-capacitaron-para-participar-en-el-iv-torneo-interescolar-de-debates-en-ciencia-y-tecnologia\/\" class=\"yoast-seo-meta-tag\" \/>\n<meta property=\"og:locale\" content=\"es_ES\" class=\"yoast-seo-meta-tag\" \/>\n<meta property=\"og:type\" content=\"article\" class=\"yoast-seo-meta-tag\" \/>\n<meta property=\"og:title\" content=\"Escolares de Puerto Natales y Punta Arenas se capacitaron para participar en el IV Torneo Interescolar de Debates en Ciencia y Tecnolog\u00eda - Magallanes\" class=\"yoast-seo-meta-tag\" \/>\n<meta property=\"og:description\" content=\"\u00a0 Este viernes y s\u00e1bado, estudiantes de Punta Arenas y Puerto Natales participaron en la capacitaci\u00f3n del IV Torneo Interescolar de Debates en Ciencias y Tecnolog\u00eda que organiza PAR Explora Magallanes y Ant\u00e1rtica Chilena. \u00a0 Participaron m\u00e1s de 30 j\u00f3venes\u00a0del Liceo San Jos\u00e9, Liceo Mar\u00eda Auxiliadora, Colegio Nobelius, Colegio Brit\u00e1nico, Colegio Alem\u00e1n y Colegio Puerto [&hellip;]\" class=\"yoast-seo-meta-tag\" \/>\n<meta property=\"og:url\" content=\"https:\/\/explora.cl\/magallanes\/escolares-de-puerto-natales-y-punta-arenas-se-capacitaron-para-participar-en-el-iv-torneo-interescolar-de-debates-en-ciencia-y-tecnologia\/\" class=\"yoast-seo-meta-tag\" \/>\n<meta property=\"og:site_name\" content=\"Magallanes\" class=\"yoast-seo-meta-tag\" \/>\n<meta property=\"article:published_time\" content=\"2016-06-20T04:00:00+00:00\" class=\"yoast-seo-meta-tag\" \/>\n<meta property=\"article:modified_time\" content=\"2019-05-20T21:38:11+00:00\" class=\"yoast-seo-meta-tag\" \/>\n<meta property=\"og:image\" content=\"https:\/\/explora.cl\/magallanes\/wp-content\/uploads\/sites\/19\/2018\/06\/Debates-1024x678.jpg\" class=\"yoast-seo-meta-tag\" \/>\n\t<meta property=\"og:image:width\" content=\"1024\" class=\"yoast-seo-meta-tag\" \/>\n\t<meta property=\"og:image:height\" content=\"678\" class=\"yoast-seo-meta-tag\" \/>\n\t<meta property=\"og:image:type\" content=\"image\/jpeg\" class=\"yoast-seo-meta-tag\" \/>\n<meta name=\"author\" content=\"webman\" class=\"yoast-seo-meta-tag\" \/>\n<meta name=\"twitter:card\" content=\"summary_large_image\" class=\"yoast-seo-meta-tag\" \/>\n<meta name=\"twitter:label1\" content=\"Escrito por\" class=\"yoast-seo-meta-tag\" \/>\n\t<meta name=\"twitter:data1\" content=\"webman\" class=\"yoast-seo-meta-tag\" \/>\n\t<meta name=\"twitter:label2\" content=\"Tiempo estimado de lectura\" class=\"yoast-seo-meta-tag\" \/>\n\t<meta name=\"twitter:data2\" content=\"2 minutos\" class=\"yoast-seo-meta-tag\" \/>\n<script type=\"application\/ld+json\" class=\"yoast-schema-graph\">{\"@context\":\"https:\/\/schema.org\",\"@graph\":[{\"@type\":\"Article\",\"@id\":\"https:\/\/explora.cl\/magallanes\/escolares-de-puerto-natales-y-punta-arenas-se-capacitaron-para-participar-en-el-iv-torneo-interescolar-de-debates-en-ciencia-y-tecnologia\/#article\",\"isPartOf\":{\"@id\":\"https:\/\/explora.cl\/magallanes\/escolares-de-puerto-natales-y-punta-arenas-se-capacitaron-para-participar-en-el-iv-torneo-interescolar-de-debates-en-ciencia-y-tecnologia\/\"},\"author\":{\"name\":\"webman\",\"@id\":\"https:\/\/explora.cl\/magallanes\/#\/schema\/person\/cb8349c13ea2d324080adf8480d7ba5d\"},\"headline\":\"Escolares de Puerto Natales y Punta Arenas se capacitaron para participar en el IV Torneo Interescolar de Debates en Ciencia y Tecnolog\u00eda\",\"datePublished\":\"2016-06-20T04:00:00+00:00\",\"dateModified\":\"2019-05-20T21:38:11+00:00\",\"mainEntityOfPage\":{\"@id\":\"https:\/\/explora.cl\/magallanes\/escolares-de-puerto-natales-y-punta-arenas-se-capacitaron-para-participar-en-el-iv-torneo-interescolar-de-debates-en-ciencia-y-tecnologia\/\"},\"wordCount\":375,\"commentCount\":0,\"publisher\":{\"@id\":\"https:\/\/explora.cl\/magallanes\/#organization\"},\"image\":{\"@id\":\"https:\/\/explora.cl\/magallanes\/escolares-de-puerto-natales-y-punta-arenas-se-capacitaron-para-participar-en-el-iv-torneo-interescolar-de-debates-en-ciencia-y-tecnologia\/#primaryimage\"},\"thumbnailUrl\":\"https:\/\/explora.cl\/magallanes\/wp-content\/uploads\/sites\/19\/2018\/06\/Debates.jpg\",\"articleSection\":[\"Noticias\"],\"inLanguage\":\"es-CL\",\"potentialAction\":[{\"@type\":\"CommentAction\",\"name\":\"Comment\",\"target\":[\"https:\/\/explora.cl\/magallanes\/escolares-de-puerto-natales-y-punta-arenas-se-capacitaron-para-participar-en-el-iv-torneo-interescolar-de-debates-en-ciencia-y-tecnologia\/#respond\"]}]},{\"@type\":\"WebPage\",\"@id\":\"https:\/\/explora.cl\/magallanes\/escolares-de-puerto-natales-y-punta-arenas-se-capacitaron-para-participar-en-el-iv-torneo-interescolar-de-debates-en-ciencia-y-tecnologia\/\",\"url\":\"https:\/\/explora.cl\/magallanes\/escolares-de-puerto-natales-y-punta-arenas-se-capacitaron-para-participar-en-el-iv-torneo-interescolar-de-debates-en-ciencia-y-tecnologia\/\",\"name\":\"Escolares de Puerto Natales y Punta Arenas se capacitaron para participar en el IV Torneo Interescolar de Debates en Ciencia y Tecnolog\u00eda - Magallanes\",\"isPartOf\":{\"@id\":\"https:\/\/explora.cl\/magallanes\/#website\"},\"primaryImageOfPage\":{\"@id\":\"https:\/\/explora.cl\/magallanes\/escolares-de-puerto-natales-y-punta-arenas-se-capacitaron-para-participar-en-el-iv-torneo-interescolar-de-debates-en-ciencia-y-tecnologia\/#primaryimage\"},\"image\":{\"@id\":\"https:\/\/explora.cl\/magallanes\/escolares-de-puerto-natales-y-punta-arenas-se-capacitaron-para-participar-en-el-iv-torneo-interescolar-de-debates-en-ciencia-y-tecnologia\/#primaryimage\"},\"thumbnailUrl\":\"https:\/\/explora.cl\/magallanes\/wp-content\/uploads\/sites\/19\/2018\/06\/Debates.jpg\",\"datePublished\":\"2016-06-20T04:00:00+00:00\",\"dateModified\":\"2019-05-20T21:38:11+00:00\",\"breadcrumb\":{\"@id\":\"https:\/\/explora.cl\/magallanes\/escolares-de-puerto-natales-y-punta-arenas-se-capacitaron-para-participar-en-el-iv-torneo-interescolar-de-debates-en-ciencia-y-tecnologia\/#breadcrumb\"},\"inLanguage\":\"es-CL\",\"potentialAction\":[{\"@type\":\"ReadAction\",\"target\":[\"https:\/\/explora.cl\/magallanes\/escolares-de-puerto-natales-y-punta-arenas-se-capacitaron-para-participar-en-el-iv-torneo-interescolar-de-debates-en-ciencia-y-tecnologia\/\"]}]},{\"@type\":\"ImageObject\",\"inLanguage\":\"es-CL\",\"@id\":\"https:\/\/explora.cl\/magallanes\/escolares-de-puerto-natales-y-punta-arenas-se-capacitaron-para-participar-en-el-iv-torneo-interescolar-de-debates-en-ciencia-y-tecnologia\/#primaryimage\",\"url\":\"https:\/\/explora.cl\/magallanes\/wp-content\/uploads\/sites\/19\/2018\/06\/Debates.jpg\",\"contentUrl\":\"https:\/\/explora.cl\/magallanes\/wp-content\/uploads\/sites\/19\/2018\/06\/Debates.jpg\",\"width\":4928,\"height\":3264},{\"@type\":\"BreadcrumbList\",\"@id\":\"https:\/\/explora.cl\/magallanes\/escolares-de-puerto-natales-y-punta-arenas-se-capacitaron-para-participar-en-el-iv-torneo-interescolar-de-debates-en-ciencia-y-tecnologia\/#breadcrumb\",\"itemListElement\":[{\"@type\":\"ListItem\",\"position\":1,\"name\":\"Portada\",\"item\":\"https:\/\/explora.cl\/magallanes\/\"},{\"@type\":\"ListItem\",\"position\":2,\"name\":\"Escolares de Puerto Natales y Punta Arenas se capacitaron para participar en el IV Torneo Interescolar de Debates en Ciencia y Tecnolog\u00eda\"}]},{\"@type\":\"WebSite\",\"@id\":\"https:\/\/explora.cl\/magallanes\/#website\",\"url\":\"https:\/\/explora.cl\/magallanes\/\",\"name\":\"Magallanes\",\"description\":\"Otro sitio m\u00e1s de explora.cl\",\"publisher\":{\"@id\":\"https:\/\/explora.cl\/magallanes\/#organization\"},\"potentialAction\":[{\"@type\":\"SearchAction\",\"target\":{\"@type\":\"EntryPoint\",\"urlTemplate\":\"https:\/\/explora.cl\/magallanes\/?s={search_term_string}\"},\"query-input\":{\"@type\":\"PropertyValueSpecification\",\"valueRequired\":true,\"valueName\":\"search_term_string\"}}],\"inLanguage\":\"es-CL\"},{\"@type\":\"Organization\",\"@id\":\"https:\/\/explora.cl\/magallanes\/#organization\",\"name\":\"Magallanes\",\"url\":\"https:\/\/explora.cl\/magallanes\/\",\"logo\":{\"@type\":\"ImageObject\",\"inLanguage\":\"es-CL\",\"@id\":\"https:\/\/explora.cl\/magallanes\/#\/schema\/logo\/image\/\",\"url\":\"https:\/\/explora.cl\/magallanes\/wp-content\/uploads\/sites\/19\/2021\/06\/cropped-ICONO-COLOR-2.jpg\",\"contentUrl\":\"https:\/\/explora.cl\/magallanes\/wp-content\/uploads\/sites\/19\/2021\/06\/cropped-ICONO-COLOR-2.jpg\",\"width\":1181,\"height\":1181,\"caption\":\"Magallanes\"},\"image\":{\"@id\":\"https:\/\/explora.cl\/magallanes\/#\/schema\/logo\/image\/\"}},{\"@type\":\"Person\",\"@id\":\"https:\/\/explora.cl\/magallanes\/#\/schema\/person\/cb8349c13ea2d324080adf8480d7ba5d\",\"name\":\"webman\",\"image\":{\"@type\":\"ImageObject\",\"inLanguage\":\"es-CL\",\"@id\":\"https:\/\/explora.cl\/magallanes\/#\/schema\/person\/image\/\",\"url\":\"https:\/\/secure.gravatar.com\/avatar\/eeff3c82f2c02f7177d13663b7e6f890e9a6a0647ce9bb29cae02dcb094c7312?s=96&d=mm&r=g\",\"contentUrl\":\"https:\/\/secure.gravatar.com\/avatar\/eeff3c82f2c02f7177d13663b7e6f890e9a6a0647ce9bb29cae02dcb094c7312?s=96&d=mm&r=g\",\"caption\":\"webman\"},\"url\":\"https:\/\/explora.cl\/magallanes\/author\/webman\/\"}]}<\/script>\n<!-- \/ Yoast SEO plugin. -->","yoast_head_json":{"title":"Escolares de Puerto Natales y Punta Arenas se capacitaron para participar en el IV Torneo Interescolar de Debates en Ciencia y Tecnolog\u00eda - Magallanes","robots":{"index":"index","follow":"follow","max-snippet":"max-snippet:-1","max-image-preview":"max-image-preview:large","max-video-preview":"max-video-preview:-1"},"canonical":"https:\/\/explora.cl\/magallanes\/escolares-de-puerto-natales-y-punta-arenas-se-capacitaron-para-participar-en-el-iv-torneo-interescolar-de-debates-en-ciencia-y-tecnologia\/","og_locale":"es_ES","og_type":"article","og_title":"Escolares de Puerto Natales y Punta Arenas se capacitaron para participar en el IV Torneo Interescolar de Debates en Ciencia y Tecnolog\u00eda - Magallanes","og_description":"\u00a0 Este viernes y s\u00e1bado, estudiantes de Punta Arenas y Puerto Natales participaron en la capacitaci\u00f3n del IV Torneo Interescolar de Debates en Ciencias y Tecnolog\u00eda que organiza PAR Explora Magallanes y Ant\u00e1rtica Chilena. \u00a0 Participaron m\u00e1s de 30 j\u00f3venes\u00a0del Liceo San Jos\u00e9, Liceo Mar\u00eda Auxiliadora, Colegio Nobelius, Colegio Brit\u00e1nico, Colegio Alem\u00e1n y Colegio Puerto [&hellip;]","og_url":"https:\/\/explora.cl\/magallanes\/escolares-de-puerto-natales-y-punta-arenas-se-capacitaron-para-participar-en-el-iv-torneo-interescolar-de-debates-en-ciencia-y-tecnologia\/","og_site_name":"Magallanes","article_published_time":"2016-06-20T04:00:00+00:00","article_modified_time":"2019-05-20T21:38:11+00:00","og_image":[{"width":1024,"height":678,"url":"https:\/\/explora.cl\/magallanes\/wp-content\/uploads\/sites\/19\/2018\/06\/Debates-1024x678.jpg","type":"image\/jpeg"}],"author":"webman","twitter_card":"summary_large_image","twitter_misc":{"Escrito por":"webman","Tiempo estimado de lectura":"2 minutos"},"schema":{"@context":"https:\/\/schema.org","@graph":[{"@type":"Article","@id":"https:\/\/explora.cl\/magallanes\/escolares-de-puerto-natales-y-punta-arenas-se-capacitaron-para-participar-en-el-iv-torneo-interescolar-de-debates-en-ciencia-y-tecnologia\/#article","isPartOf":{"@id":"https:\/\/explora.cl\/magallanes\/escolares-de-puerto-natales-y-punta-arenas-se-capacitaron-para-participar-en-el-iv-torneo-interescolar-de-debates-en-ciencia-y-tecnologia\/"},"author":{"name":"webman","@id":"https:\/\/explora.cl\/magallanes\/#\/schema\/person\/cb8349c13ea2d324080adf8480d7ba5d"},"headline":"Escolares de Puerto Natales y Punta Arenas se capacitaron para participar en el IV Torneo Interescolar de Debates en Ciencia y Tecnolog\u00eda","datePublished":"2016-06-20T04:00:00+00:00","dateModified":"2019-05-20T21:38:11+00:00","mainEntityOfPage":{"@id":"https:\/\/explora.cl\/magallanes\/escolares-de-puerto-natales-y-punta-arenas-se-capacitaron-para-participar-en-el-iv-torneo-interescolar-de-debates-en-ciencia-y-tecnologia\/"},"wordCount":375,"commentCount":0,"publisher":{"@id":"https:\/\/explora.cl\/magallanes\/#organization"},"image":{"@id":"https:\/\/explora.cl\/magallanes\/escolares-de-puerto-natales-y-punta-arenas-se-capacitaron-para-participar-en-el-iv-torneo-interescolar-de-debates-en-ciencia-y-tecnologia\/#primaryimage"},"thumbnailUrl":"https:\/\/explora.cl\/magallanes\/wp-content\/uploads\/sites\/19\/2018\/06\/Debates.jpg","articleSection":["Noticias"],"inLanguage":"es-CL","potentialAction":[{"@type":"CommentAction","name":"Comment","target":["https:\/\/explora.cl\/magallanes\/escolares-de-puerto-natales-y-punta-arenas-se-capacitaron-para-participar-en-el-iv-torneo-interescolar-de-debates-en-ciencia-y-tecnologia\/#respond"]}]},{"@type":"WebPage","@id":"https:\/\/explora.cl\/magallanes\/escolares-de-puerto-natales-y-punta-arenas-se-capacitaron-para-participar-en-el-iv-torneo-interescolar-de-debates-en-ciencia-y-tecnologia\/","url":"https:\/\/explora.cl\/magallanes\/escolares-de-puerto-natales-y-punta-arenas-se-capacitaron-para-participar-en-el-iv-torneo-interescolar-de-debates-en-ciencia-y-tecnologia\/","name":"Escolares de Puerto Natales y Punta Arenas se capacitaron para participar en el IV Torneo Interescolar de Debates en Ciencia y Tecnolog\u00eda - Magallanes","isPartOf":{"@id":"https:\/\/explora.cl\/magallanes\/#website"},"primaryImageOfPage":{"@id":"https:\/\/explora.cl\/magallanes\/escolares-de-puerto-natales-y-punta-arenas-se-capacitaron-para-participar-en-el-iv-torneo-interescolar-de-debates-en-ciencia-y-tecnologia\/#primaryimage"},"image":{"@id":"https:\/\/explora.cl\/magallanes\/escolares-de-puerto-natales-y-punta-arenas-se-capacitaron-para-participar-en-el-iv-torneo-interescolar-de-debates-en-ciencia-y-tecnologia\/#primaryimage"},"thumbnailUrl":"https:\/\/explora.cl\/magallanes\/wp-content\/uploads\/sites\/19\/2018\/06\/Debates.jpg","datePublished":"2016-06-20T04:00:00+00:00","dateModified":"2019-05-20T21:38:11+00:00","breadcrumb":{"@id":"https:\/\/explora.cl\/magallanes\/escolares-de-puerto-natales-y-punta-arenas-se-capacitaron-para-participar-en-el-iv-torneo-interescolar-de-debates-en-ciencia-y-tecnologia\/#breadcrumb"},"inLanguage":"es-CL","potentialAction":[{"@type":"ReadAction","target":["https:\/\/explora.cl\/magallanes\/escolares-de-puerto-natales-y-punta-arenas-se-capacitaron-para-participar-en-el-iv-torneo-interescolar-de-debates-en-ciencia-y-tecnologia\/"]}]},{"@type":"ImageObject","inLanguage":"es-CL","@id":"https:\/\/explora.cl\/magallanes\/escolares-de-puerto-natales-y-punta-arenas-se-capacitaron-para-participar-en-el-iv-torneo-interescolar-de-debates-en-ciencia-y-tecnologia\/#primaryimage","url":"https:\/\/explora.cl\/magallanes\/wp-content\/uploads\/sites\/19\/2018\/06\/Debates.jpg","contentUrl":"https:\/\/explora.cl\/magallanes\/wp-content\/uploads\/sites\/19\/2018\/06\/Debates.jpg","width":4928,"height":3264},{"@type":"BreadcrumbList","@id":"https:\/\/explora.cl\/magallanes\/escolares-de-puerto-natales-y-punta-arenas-se-capacitaron-para-participar-en-el-iv-torneo-interescolar-de-debates-en-ciencia-y-tecnologia\/#breadcrumb","itemListElement":[{"@type":"ListItem","position":1,"name":"Portada","item":"https:\/\/explora.cl\/magallanes\/"},{"@type":"ListItem","position":2,"name":"Escolares de Puerto Natales y Punta Arenas se capacitaron para participar en el IV Torneo Interescolar de Debates en Ciencia y Tecnolog\u00eda"}]},{"@type":"WebSite","@id":"https:\/\/explora.cl\/magallanes\/#website","url":"https:\/\/explora.cl\/magallanes\/","name":"Magallanes","description":"Otro sitio m\u00e1s de explora.cl","publisher":{"@id":"https:\/\/explora.cl\/magallanes\/#organization"},"potentialAction":[{"@type":"SearchAction","target":{"@type":"EntryPoint","urlTemplate":"https:\/\/explora.cl\/magallanes\/?s={search_term_string}"},"query-input":{"@type":"PropertyValueSpecification","valueRequired":true,"valueName":"search_term_string"}}],"inLanguage":"es-CL"},{"@type":"Organization","@id":"https:\/\/explora.cl\/magallanes\/#organization","name":"Magallanes","url":"https:\/\/explora.cl\/magallanes\/","logo":{"@type":"ImageObject","inLanguage":"es-CL","@id":"https:\/\/explora.cl\/magallanes\/#\/schema\/logo\/image\/","url":"https:\/\/explora.cl\/magallanes\/wp-content\/uploads\/sites\/19\/2021\/06\/cropped-ICONO-COLOR-2.jpg","contentUrl":"https:\/\/explora.cl\/magallanes\/wp-content\/uploads\/sites\/19\/2021\/06\/cropped-ICONO-COLOR-2.jpg","width":1181,"height":1181,"caption":"Magallanes"},"image":{"@id":"https:\/\/explora.cl\/magallanes\/#\/schema\/logo\/image\/"}},{"@type":"Person","@id":"https:\/\/explora.cl\/magallanes\/#\/schema\/person\/cb8349c13ea2d324080adf8480d7ba5d","name":"webman","image":{"@type":"ImageObject","inLanguage":"es-CL","@id":"https:\/\/explora.cl\/magallanes\/#\/schema\/person\/image\/","url":"https:\/\/secure.gravatar.com\/avatar\/eeff3c82f2c02f7177d13663b7e6f890e9a6a0647ce9bb29cae02dcb094c7312?s=96&d=mm&r=g","contentUrl":"https:\/\/secure.gravatar.com\/avatar\/eeff3c82f2c02f7177d13663b7e6f890e9a6a0647ce9bb29cae02dcb094c7312?s=96&d=mm&r=g","caption":"webman"},"url":"https:\/\/explora.cl\/magallanes\/author\/webman\/"}]}},"_links":{"self":[{"href":"https:\/\/explora.cl\/magallanes\/wp-json\/wp\/v2\/posts\/390","targetHints":{"allow":["GET"]}}],"collection":[{"href":"https:\/\/explora.cl\/magallanes\/wp-json\/wp\/v2\/posts"}],"about":[{"href":"https:\/\/explora.cl\/magallanes\/wp-json\/wp\/v2\/types\/post"}],"author":[{"embeddable":true,"href":"https:\/\/explora.cl\/magallanes\/wp-json\/wp\/v2\/users\/2"}],"replies":[{"embeddable":true,"href":"https:\/\/explora.cl\/magallanes\/wp-json\/wp\/v2\/comments?post=390"}],"version-history":[{"count":1,"href":"https:\/\/explora.cl\/magallanes\/wp-json\/wp\/v2\/posts\/390\/revisions"}],"predecessor-version":[{"id":37850,"href":"https:\/\/explora.cl\/magallanes\/wp-json\/wp\/v2\/posts\/390\/revisions\/37850"}],"wp:featuredmedia":[{"embeddable":true,"href":"https:\/\/explora.cl\/magallanes\/wp-json\/wp\/v2\/media\/391"}],"wp:attachment":[{"href":"https:\/\/explora.cl\/magallanes\/wp-json\/wp\/v2\/media?parent=390"}],"wp:term":[{"taxonomy":"category","embeddable":true,"href":"https:\/\/explora.cl\/magallanes\/wp-json\/wp\/v2\/categories?post=390"},{"taxonomy":"post_tag","embeddable":true,"href":"https:\/\/explora.cl\/magallanes\/wp-json\/wp\/v2\/tags?post=390"}],"curies":[{"name":"wp","href":"https:\/\/api.w.org\/{rel}","templated":true}]}}