{"id":386,"date":"2016-06-15T00:00:00","date_gmt":"2016-06-15T04:00:00","guid":{"rendered":"https:\/\/explora.cl\/magallanes\/blog\/2016\/06\/15\/emotiva-finalizacion-de-taller-conociendo-las-aves-de-mi-region-con-agrupacion-manos-de-hermanos\/"},"modified":"2019-05-20T21:38:12","modified_gmt":"2019-05-20T21:38:12","slug":"emotiva-finalizacion-de-taller-conociendo-las-aves-de-mi-region-con-agrupacion-manos-de-hermanos","status":"publish","type":"post","link":"https:\/\/explora.cl\/magallanes\/emotiva-finalizacion-de-taller-conociendo-las-aves-de-mi-region-con-agrupacion-manos-de-hermanos\/","title":{"rendered":"Emotiva finalizaci\u00f3n de taller Conociendo las Aves de mi Regi\u00f3n con Agrupaci\u00f3n Manos de Hermanos"},"content":{"rendered":"<p class=\"MsoNormal\" style=\"text-align: justify\"><img fetchpriority=\"high\" decoding=\"async\" class=\" size-full wp-image-18164\" src=\"http:\/\/ec2-54-245-22-188.us-west-2.compute.amazonaws.com\/wp-content\/uploads\/2016\/06\/CeremoniaAves.jpg\" alt=\"\" width=\"548\" height=\"411\" \/><\/p>\n<p class=\"MsoNormal\" style=\"text-align: justify\">Este martes finaliz\u00f3 el taller de ornitolog\u00eda que PAR Explora Magallanes y Ant\u00e1rtica Chilena realiz\u00f3 durante dos meses con la Agrupaci\u00f3n Manos de Hermanos. Esta actividad cont\u00f3 con el apoyo del Centro Bah\u00eda Lomas, Museo de Historia Natural R\u00edo Seco y CONAF.<\/p>\n<p class=\"MsoNormal\" style=\"text-align: justify\">Jessica Paredes, Bi\u00f3loga Marina y amante de las aves fue la encargada de liderar este taller y no ocult\u00f3 su emoci\u00f3n en la ceremonia. \u201cPara mi, trabajar con ellos fue todo un desaf\u00edo, porque nunca hab\u00eda trabajado con personas en situaci\u00f3n de discapacidad y no sab\u00eda cu\u00e1l iba a ser su reacci\u00f3n, sin embargo termin\u00e9 muy feliz, porque siempre estaban dispuestos a participar y aprender\u201d, coment\u00f3.<\/p>\n<p class=\"MsoNormal\" style=\"text-align: justify\">El taller se dividi\u00f3 en 9 sesiones, donde los participantes aprendieron a usar binoculares y a reconocer el canto y las principales caracter\u00edsticas de las aves que habitan en la regi\u00f3n. Adem\u00e1s, realizaron avistamientos de especies en la Costanera del Estrecho, Humedal Tres Puentes, Sendero Ecol\u00f3gico del Parque Cruz de Froward y Reserva Nacional Magallanes.<\/p>\n<p class=\"MsoNormal\" style=\"text-align: justify\">La actividad super\u00f3 las expectativas y los organizadores pretenden realizar una segunda versi\u00f3n en el mes de octubre. \u201cEspero el segundo semestre continuar trabajando con ellos y repetir algunos terrenos para que entiendan y vean la diferencia de hacer avistamiento de aves en oto\u00f1o y en primavera, donde podremos ver el plumaje de algunas aves en \u00e9poca reproductiva, cortejo, nidificaci\u00f3n y sus polluelos\u201d, expres\u00f3 Paredes.<\/p>\n<p class=\"MsoNormal\" style=\"text-align: justify\">Esta actividad finaliz\u00f3 con la entrega de diplomas de participaci\u00f3n y una presentaci\u00f3n fotogr\u00e1fica con el proceso de aprendizaje vivido, adem\u00e1s los asistentes pudieron compartir experiencias, an\u00e9cdotas y un c\u00f3ctel con sus familiares m\u00e1s cercanos.<\/p>\n<p class=\"MsoNormal\" style=\"text-align: justify\"><img decoding=\"async\" class=\" size-full wp-image-18165\" src=\"http:\/\/ec2-54-245-22-188.us-west-2.compute.amazonaws.com\/wp-content\/uploads\/2016\/06\/diplomas1.jpg\" alt=\"\" width=\"279\" height=\"209\" \/>\u00a0<img decoding=\"async\" class=\" size-full wp-image-18166\" src=\"http:\/\/ec2-54-245-22-188.us-west-2.compute.amazonaws.com\/wp-content\/uploads\/2016\/06\/diplomas2.jpg\" alt=\"\" width=\"278\" height=\"208\" \/><\/p>\n<p class=\"MsoNormal\" style=\"text-align: justify\">\u00a0<\/p>\n<p class=\"MsoNormal\" style=\"text-align: justify\"><strong>\u00a0<\/strong><\/p>\n","protected":false},"excerpt":{"rendered":"<p>Este martes finaliz\u00f3 el taller de ornitolog\u00eda que PAR Explora Magallanes y Ant\u00e1rtica Chilena realiz\u00f3 durante dos meses con la Agrupaci\u00f3n Manos de Hermanos. Esta actividad cont\u00f3 con el apoyo del Centro Bah\u00eda Lomas, Museo de Historia Natural R\u00edo Seco y CONAF. Jessica Paredes, Bi\u00f3loga Marina y amante de las aves fue la encargada de [&hellip;]<\/p>\n","protected":false},"author":2,"featured_media":387,"comment_status":"open","ping_status":"open","sticky":false,"template":"","format":"standard","meta":{"_acf_changed":false,"_exactmetrics_skip_tracking":false,"_exactmetrics_sitenote_active":false,"_exactmetrics_sitenote_note":"","_exactmetrics_sitenote_category":0,"footnotes":"","_links_to":"","_links_to_target":""},"categories":[4],"tags":[],"class_list":["post-386","post","type-post","status-publish","format-standard","has-post-thumbnail","hentry","category-noticias"],"acf":[],"yoast_head":"<!-- This site is optimized with the Yoast SEO plugin v26.9 - https:\/\/yoast.com\/product\/yoast-seo-wordpress\/ -->\n<title>Emotiva finalizaci\u00f3n de taller Conociendo las Aves de mi Regi\u00f3n con Agrupaci\u00f3n Manos de Hermanos - Magallanes<\/title>\n<meta name=\"robots\" content=\"index, follow, max-snippet:-1, max-image-preview:large, max-video-preview:-1\" \/>\n<link rel=\"canonical\" href=\"https:\/\/explora.cl\/magallanes\/emotiva-finalizacion-de-taller-conociendo-las-aves-de-mi-region-con-agrupacion-manos-de-hermanos\/\" class=\"yoast-seo-meta-tag\" \/>\n<meta property=\"og:locale\" content=\"es_ES\" class=\"yoast-seo-meta-tag\" \/>\n<meta property=\"og:type\" content=\"article\" class=\"yoast-seo-meta-tag\" \/>\n<meta property=\"og:title\" content=\"Emotiva finalizaci\u00f3n de taller Conociendo las Aves de mi Regi\u00f3n con Agrupaci\u00f3n Manos de Hermanos - Magallanes\" class=\"yoast-seo-meta-tag\" \/>\n<meta property=\"og:description\" content=\"Este martes finaliz\u00f3 el taller de ornitolog\u00eda que PAR Explora Magallanes y Ant\u00e1rtica Chilena realiz\u00f3 durante dos meses con la Agrupaci\u00f3n Manos de Hermanos. Esta actividad cont\u00f3 con el apoyo del Centro Bah\u00eda Lomas, Museo de Historia Natural R\u00edo Seco y CONAF. Jessica Paredes, Bi\u00f3loga Marina y amante de las aves fue la encargada de [&hellip;]\" class=\"yoast-seo-meta-tag\" \/>\n<meta property=\"og:url\" content=\"https:\/\/explora.cl\/magallanes\/emotiva-finalizacion-de-taller-conociendo-las-aves-de-mi-region-con-agrupacion-manos-de-hermanos\/\" class=\"yoast-seo-meta-tag\" \/>\n<meta property=\"og:site_name\" content=\"Magallanes\" class=\"yoast-seo-meta-tag\" \/>\n<meta property=\"article:published_time\" content=\"2016-06-15T04:00:00+00:00\" class=\"yoast-seo-meta-tag\" \/>\n<meta property=\"article:modified_time\" content=\"2019-05-20T21:38:12+00:00\" class=\"yoast-seo-meta-tag\" \/>\n<meta property=\"og:image\" content=\"https:\/\/explora.cl\/magallanes\/wp-content\/uploads\/sites\/19\/2018\/06\/CeremoniaAves.jpg\" class=\"yoast-seo-meta-tag\" \/>\n\t<meta property=\"og:image:width\" content=\"2048\" class=\"yoast-seo-meta-tag\" \/>\n\t<meta property=\"og:image:height\" content=\"1536\" class=\"yoast-seo-meta-tag\" \/>\n\t<meta property=\"og:image:type\" content=\"image\/jpeg\" class=\"yoast-seo-meta-tag\" \/>\n<meta name=\"author\" content=\"webman\" class=\"yoast-seo-meta-tag\" \/>\n<meta name=\"twitter:card\" content=\"summary_large_image\" class=\"yoast-seo-meta-tag\" \/>\n<meta name=\"twitter:label1\" content=\"Escrito por\" class=\"yoast-seo-meta-tag\" \/>\n\t<meta name=\"twitter:data1\" content=\"webman\" class=\"yoast-seo-meta-tag\" \/>\n\t<meta name=\"twitter:label2\" content=\"Tiempo estimado de lectura\" class=\"yoast-seo-meta-tag\" \/>\n\t<meta name=\"twitter:data2\" content=\"1 minuto\" class=\"yoast-seo-meta-tag\" \/>\n<script type=\"application\/ld+json\" class=\"yoast-schema-graph\">{\"@context\":\"https:\/\/schema.org\",\"@graph\":[{\"@type\":\"Article\",\"@id\":\"https:\/\/explora.cl\/magallanes\/emotiva-finalizacion-de-taller-conociendo-las-aves-de-mi-region-con-agrupacion-manos-de-hermanos\/#article\",\"isPartOf\":{\"@id\":\"https:\/\/explora.cl\/magallanes\/emotiva-finalizacion-de-taller-conociendo-las-aves-de-mi-region-con-agrupacion-manos-de-hermanos\/\"},\"author\":{\"name\":\"webman\",\"@id\":\"https:\/\/explora.cl\/magallanes\/#\/schema\/person\/cb8349c13ea2d324080adf8480d7ba5d\"},\"headline\":\"Emotiva finalizaci\u00f3n de taller Conociendo las Aves de mi Regi\u00f3n con Agrupaci\u00f3n Manos de Hermanos\",\"datePublished\":\"2016-06-15T04:00:00+00:00\",\"dateModified\":\"2019-05-20T21:38:12+00:00\",\"mainEntityOfPage\":{\"@id\":\"https:\/\/explora.cl\/magallanes\/emotiva-finalizacion-de-taller-conociendo-las-aves-de-mi-region-con-agrupacion-manos-de-hermanos\/\"},\"wordCount\":307,\"commentCount\":0,\"publisher\":{\"@id\":\"https:\/\/explora.cl\/magallanes\/#organization\"},\"image\":{\"@id\":\"https:\/\/explora.cl\/magallanes\/emotiva-finalizacion-de-taller-conociendo-las-aves-de-mi-region-con-agrupacion-manos-de-hermanos\/#primaryimage\"},\"thumbnailUrl\":\"https:\/\/explora.cl\/magallanes\/wp-content\/uploads\/sites\/19\/2018\/06\/CeremoniaAves.jpg\",\"articleSection\":[\"Noticias\"],\"inLanguage\":\"es-CL\",\"potentialAction\":[{\"@type\":\"CommentAction\",\"name\":\"Comment\",\"target\":[\"https:\/\/explora.cl\/magallanes\/emotiva-finalizacion-de-taller-conociendo-las-aves-de-mi-region-con-agrupacion-manos-de-hermanos\/#respond\"]}]},{\"@type\":\"WebPage\",\"@id\":\"https:\/\/explora.cl\/magallanes\/emotiva-finalizacion-de-taller-conociendo-las-aves-de-mi-region-con-agrupacion-manos-de-hermanos\/\",\"url\":\"https:\/\/explora.cl\/magallanes\/emotiva-finalizacion-de-taller-conociendo-las-aves-de-mi-region-con-agrupacion-manos-de-hermanos\/\",\"name\":\"Emotiva finalizaci\u00f3n de taller Conociendo las Aves de mi Regi\u00f3n con Agrupaci\u00f3n Manos de Hermanos - Magallanes\",\"isPartOf\":{\"@id\":\"https:\/\/explora.cl\/magallanes\/#website\"},\"primaryImageOfPage\":{\"@id\":\"https:\/\/explora.cl\/magallanes\/emotiva-finalizacion-de-taller-conociendo-las-aves-de-mi-region-con-agrupacion-manos-de-hermanos\/#primaryimage\"},\"image\":{\"@id\":\"https:\/\/explora.cl\/magallanes\/emotiva-finalizacion-de-taller-conociendo-las-aves-de-mi-region-con-agrupacion-manos-de-hermanos\/#primaryimage\"},\"thumbnailUrl\":\"https:\/\/explora.cl\/magallanes\/wp-content\/uploads\/sites\/19\/2018\/06\/CeremoniaAves.jpg\",\"datePublished\":\"2016-06-15T04:00:00+00:00\",\"dateModified\":\"2019-05-20T21:38:12+00:00\",\"breadcrumb\":{\"@id\":\"https:\/\/explora.cl\/magallanes\/emotiva-finalizacion-de-taller-conociendo-las-aves-de-mi-region-con-agrupacion-manos-de-hermanos\/#breadcrumb\"},\"inLanguage\":\"es-CL\",\"potentialAction\":[{\"@type\":\"ReadAction\",\"target\":[\"https:\/\/explora.cl\/magallanes\/emotiva-finalizacion-de-taller-conociendo-las-aves-de-mi-region-con-agrupacion-manos-de-hermanos\/\"]}]},{\"@type\":\"ImageObject\",\"inLanguage\":\"es-CL\",\"@id\":\"https:\/\/explora.cl\/magallanes\/emotiva-finalizacion-de-taller-conociendo-las-aves-de-mi-region-con-agrupacion-manos-de-hermanos\/#primaryimage\",\"url\":\"https:\/\/explora.cl\/magallanes\/wp-content\/uploads\/sites\/19\/2018\/06\/CeremoniaAves.jpg\",\"contentUrl\":\"https:\/\/explora.cl\/magallanes\/wp-content\/uploads\/sites\/19\/2018\/06\/CeremoniaAves.jpg\",\"width\":2048,\"height\":1536},{\"@type\":\"BreadcrumbList\",\"@id\":\"https:\/\/explora.cl\/magallanes\/emotiva-finalizacion-de-taller-conociendo-las-aves-de-mi-region-con-agrupacion-manos-de-hermanos\/#breadcrumb\",\"itemListElement\":[{\"@type\":\"ListItem\",\"position\":1,\"name\":\"Portada\",\"item\":\"https:\/\/explora.cl\/magallanes\/\"},{\"@type\":\"ListItem\",\"position\":2,\"name\":\"Emotiva finalizaci\u00f3n de taller Conociendo las Aves de mi Regi\u00f3n con Agrupaci\u00f3n Manos de Hermanos\"}]},{\"@type\":\"WebSite\",\"@id\":\"https:\/\/explora.cl\/magallanes\/#website\",\"url\":\"https:\/\/explora.cl\/magallanes\/\",\"name\":\"Magallanes\",\"description\":\"Otro sitio m\u00e1s de explora.cl\",\"publisher\":{\"@id\":\"https:\/\/explora.cl\/magallanes\/#organization\"},\"potentialAction\":[{\"@type\":\"SearchAction\",\"target\":{\"@type\":\"EntryPoint\",\"urlTemplate\":\"https:\/\/explora.cl\/magallanes\/?s={search_term_string}\"},\"query-input\":{\"@type\":\"PropertyValueSpecification\",\"valueRequired\":true,\"valueName\":\"search_term_string\"}}],\"inLanguage\":\"es-CL\"},{\"@type\":\"Organization\",\"@id\":\"https:\/\/explora.cl\/magallanes\/#organization\",\"name\":\"Magallanes\",\"url\":\"https:\/\/explora.cl\/magallanes\/\",\"logo\":{\"@type\":\"ImageObject\",\"inLanguage\":\"es-CL\",\"@id\":\"https:\/\/explora.cl\/magallanes\/#\/schema\/logo\/image\/\",\"url\":\"https:\/\/explora.cl\/magallanes\/wp-content\/uploads\/sites\/19\/2021\/06\/cropped-ICONO-COLOR-2.jpg\",\"contentUrl\":\"https:\/\/explora.cl\/magallanes\/wp-content\/uploads\/sites\/19\/2021\/06\/cropped-ICONO-COLOR-2.jpg\",\"width\":1181,\"height\":1181,\"caption\":\"Magallanes\"},\"image\":{\"@id\":\"https:\/\/explora.cl\/magallanes\/#\/schema\/logo\/image\/\"}},{\"@type\":\"Person\",\"@id\":\"https:\/\/explora.cl\/magallanes\/#\/schema\/person\/cb8349c13ea2d324080adf8480d7ba5d\",\"name\":\"webman\",\"image\":{\"@type\":\"ImageObject\",\"inLanguage\":\"es-CL\",\"@id\":\"https:\/\/explora.cl\/magallanes\/#\/schema\/person\/image\/\",\"url\":\"https:\/\/secure.gravatar.com\/avatar\/eeff3c82f2c02f7177d13663b7e6f890e9a6a0647ce9bb29cae02dcb094c7312?s=96&d=mm&r=g\",\"contentUrl\":\"https:\/\/secure.gravatar.com\/avatar\/eeff3c82f2c02f7177d13663b7e6f890e9a6a0647ce9bb29cae02dcb094c7312?s=96&d=mm&r=g\",\"caption\":\"webman\"},\"url\":\"https:\/\/explora.cl\/magallanes\/author\/webman\/\"}]}<\/script>\n<!-- \/ Yoast SEO plugin. -->","yoast_head_json":{"title":"Emotiva finalizaci\u00f3n de taller Conociendo las Aves de mi Regi\u00f3n con Agrupaci\u00f3n Manos de Hermanos - Magallanes","robots":{"index":"index","follow":"follow","max-snippet":"max-snippet:-1","max-image-preview":"max-image-preview:large","max-video-preview":"max-video-preview:-1"},"canonical":"https:\/\/explora.cl\/magallanes\/emotiva-finalizacion-de-taller-conociendo-las-aves-de-mi-region-con-agrupacion-manos-de-hermanos\/","og_locale":"es_ES","og_type":"article","og_title":"Emotiva finalizaci\u00f3n de taller Conociendo las Aves de mi Regi\u00f3n con Agrupaci\u00f3n Manos de Hermanos - Magallanes","og_description":"Este martes finaliz\u00f3 el taller de ornitolog\u00eda que PAR Explora Magallanes y Ant\u00e1rtica Chilena realiz\u00f3 durante dos meses con la Agrupaci\u00f3n Manos de Hermanos. Esta actividad cont\u00f3 con el apoyo del Centro Bah\u00eda Lomas, Museo de Historia Natural R\u00edo Seco y CONAF. Jessica Paredes, Bi\u00f3loga Marina y amante de las aves fue la encargada de [&hellip;]","og_url":"https:\/\/explora.cl\/magallanes\/emotiva-finalizacion-de-taller-conociendo-las-aves-de-mi-region-con-agrupacion-manos-de-hermanos\/","og_site_name":"Magallanes","article_published_time":"2016-06-15T04:00:00+00:00","article_modified_time":"2019-05-20T21:38:12+00:00","og_image":[{"width":2048,"height":1536,"url":"https:\/\/explora.cl\/magallanes\/wp-content\/uploads\/sites\/19\/2018\/06\/CeremoniaAves.jpg","type":"image\/jpeg"}],"author":"webman","twitter_card":"summary_large_image","twitter_misc":{"Escrito por":"webman","Tiempo estimado de lectura":"1 minuto"},"schema":{"@context":"https:\/\/schema.org","@graph":[{"@type":"Article","@id":"https:\/\/explora.cl\/magallanes\/emotiva-finalizacion-de-taller-conociendo-las-aves-de-mi-region-con-agrupacion-manos-de-hermanos\/#article","isPartOf":{"@id":"https:\/\/explora.cl\/magallanes\/emotiva-finalizacion-de-taller-conociendo-las-aves-de-mi-region-con-agrupacion-manos-de-hermanos\/"},"author":{"name":"webman","@id":"https:\/\/explora.cl\/magallanes\/#\/schema\/person\/cb8349c13ea2d324080adf8480d7ba5d"},"headline":"Emotiva finalizaci\u00f3n de taller Conociendo las Aves de mi Regi\u00f3n con Agrupaci\u00f3n Manos de Hermanos","datePublished":"2016-06-15T04:00:00+00:00","dateModified":"2019-05-20T21:38:12+00:00","mainEntityOfPage":{"@id":"https:\/\/explora.cl\/magallanes\/emotiva-finalizacion-de-taller-conociendo-las-aves-de-mi-region-con-agrupacion-manos-de-hermanos\/"},"wordCount":307,"commentCount":0,"publisher":{"@id":"https:\/\/explora.cl\/magallanes\/#organization"},"image":{"@id":"https:\/\/explora.cl\/magallanes\/emotiva-finalizacion-de-taller-conociendo-las-aves-de-mi-region-con-agrupacion-manos-de-hermanos\/#primaryimage"},"thumbnailUrl":"https:\/\/explora.cl\/magallanes\/wp-content\/uploads\/sites\/19\/2018\/06\/CeremoniaAves.jpg","articleSection":["Noticias"],"inLanguage":"es-CL","potentialAction":[{"@type":"CommentAction","name":"Comment","target":["https:\/\/explora.cl\/magallanes\/emotiva-finalizacion-de-taller-conociendo-las-aves-de-mi-region-con-agrupacion-manos-de-hermanos\/#respond"]}]},{"@type":"WebPage","@id":"https:\/\/explora.cl\/magallanes\/emotiva-finalizacion-de-taller-conociendo-las-aves-de-mi-region-con-agrupacion-manos-de-hermanos\/","url":"https:\/\/explora.cl\/magallanes\/emotiva-finalizacion-de-taller-conociendo-las-aves-de-mi-region-con-agrupacion-manos-de-hermanos\/","name":"Emotiva finalizaci\u00f3n de taller Conociendo las Aves de mi Regi\u00f3n con Agrupaci\u00f3n Manos de Hermanos - Magallanes","isPartOf":{"@id":"https:\/\/explora.cl\/magallanes\/#website"},"primaryImageOfPage":{"@id":"https:\/\/explora.cl\/magallanes\/emotiva-finalizacion-de-taller-conociendo-las-aves-de-mi-region-con-agrupacion-manos-de-hermanos\/#primaryimage"},"image":{"@id":"https:\/\/explora.cl\/magallanes\/emotiva-finalizacion-de-taller-conociendo-las-aves-de-mi-region-con-agrupacion-manos-de-hermanos\/#primaryimage"},"thumbnailUrl":"https:\/\/explora.cl\/magallanes\/wp-content\/uploads\/sites\/19\/2018\/06\/CeremoniaAves.jpg","datePublished":"2016-06-15T04:00:00+00:00","dateModified":"2019-05-20T21:38:12+00:00","breadcrumb":{"@id":"https:\/\/explora.cl\/magallanes\/emotiva-finalizacion-de-taller-conociendo-las-aves-de-mi-region-con-agrupacion-manos-de-hermanos\/#breadcrumb"},"inLanguage":"es-CL","potentialAction":[{"@type":"ReadAction","target":["https:\/\/explora.cl\/magallanes\/emotiva-finalizacion-de-taller-conociendo-las-aves-de-mi-region-con-agrupacion-manos-de-hermanos\/"]}]},{"@type":"ImageObject","inLanguage":"es-CL","@id":"https:\/\/explora.cl\/magallanes\/emotiva-finalizacion-de-taller-conociendo-las-aves-de-mi-region-con-agrupacion-manos-de-hermanos\/#primaryimage","url":"https:\/\/explora.cl\/magallanes\/wp-content\/uploads\/sites\/19\/2018\/06\/CeremoniaAves.jpg","contentUrl":"https:\/\/explora.cl\/magallanes\/wp-content\/uploads\/sites\/19\/2018\/06\/CeremoniaAves.jpg","width":2048,"height":1536},{"@type":"BreadcrumbList","@id":"https:\/\/explora.cl\/magallanes\/emotiva-finalizacion-de-taller-conociendo-las-aves-de-mi-region-con-agrupacion-manos-de-hermanos\/#breadcrumb","itemListElement":[{"@type":"ListItem","position":1,"name":"Portada","item":"https:\/\/explora.cl\/magallanes\/"},{"@type":"ListItem","position":2,"name":"Emotiva finalizaci\u00f3n de taller Conociendo las Aves de mi Regi\u00f3n con Agrupaci\u00f3n Manos de Hermanos"}]},{"@type":"WebSite","@id":"https:\/\/explora.cl\/magallanes\/#website","url":"https:\/\/explora.cl\/magallanes\/","name":"Magallanes","description":"Otro sitio m\u00e1s de explora.cl","publisher":{"@id":"https:\/\/explora.cl\/magallanes\/#organization"},"potentialAction":[{"@type":"SearchAction","target":{"@type":"EntryPoint","urlTemplate":"https:\/\/explora.cl\/magallanes\/?s={search_term_string}"},"query-input":{"@type":"PropertyValueSpecification","valueRequired":true,"valueName":"search_term_string"}}],"inLanguage":"es-CL"},{"@type":"Organization","@id":"https:\/\/explora.cl\/magallanes\/#organization","name":"Magallanes","url":"https:\/\/explora.cl\/magallanes\/","logo":{"@type":"ImageObject","inLanguage":"es-CL","@id":"https:\/\/explora.cl\/magallanes\/#\/schema\/logo\/image\/","url":"https:\/\/explora.cl\/magallanes\/wp-content\/uploads\/sites\/19\/2021\/06\/cropped-ICONO-COLOR-2.jpg","contentUrl":"https:\/\/explora.cl\/magallanes\/wp-content\/uploads\/sites\/19\/2021\/06\/cropped-ICONO-COLOR-2.jpg","width":1181,"height":1181,"caption":"Magallanes"},"image":{"@id":"https:\/\/explora.cl\/magallanes\/#\/schema\/logo\/image\/"}},{"@type":"Person","@id":"https:\/\/explora.cl\/magallanes\/#\/schema\/person\/cb8349c13ea2d324080adf8480d7ba5d","name":"webman","image":{"@type":"ImageObject","inLanguage":"es-CL","@id":"https:\/\/explora.cl\/magallanes\/#\/schema\/person\/image\/","url":"https:\/\/secure.gravatar.com\/avatar\/eeff3c82f2c02f7177d13663b7e6f890e9a6a0647ce9bb29cae02dcb094c7312?s=96&d=mm&r=g","contentUrl":"https:\/\/secure.gravatar.com\/avatar\/eeff3c82f2c02f7177d13663b7e6f890e9a6a0647ce9bb29cae02dcb094c7312?s=96&d=mm&r=g","caption":"webman"},"url":"https:\/\/explora.cl\/magallanes\/author\/webman\/"}]}},"_links":{"self":[{"href":"https:\/\/explora.cl\/magallanes\/wp-json\/wp\/v2\/posts\/386","targetHints":{"allow":["GET"]}}],"collection":[{"href":"https:\/\/explora.cl\/magallanes\/wp-json\/wp\/v2\/posts"}],"about":[{"href":"https:\/\/explora.cl\/magallanes\/wp-json\/wp\/v2\/types\/post"}],"author":[{"embeddable":true,"href":"https:\/\/explora.cl\/magallanes\/wp-json\/wp\/v2\/users\/2"}],"replies":[{"embeddable":true,"href":"https:\/\/explora.cl\/magallanes\/wp-json\/wp\/v2\/comments?post=386"}],"version-history":[{"count":1,"href":"https:\/\/explora.cl\/magallanes\/wp-json\/wp\/v2\/posts\/386\/revisions"}],"predecessor-version":[{"id":37852,"href":"https:\/\/explora.cl\/magallanes\/wp-json\/wp\/v2\/posts\/386\/revisions\/37852"}],"wp:featuredmedia":[{"embeddable":true,"href":"https:\/\/explora.cl\/magallanes\/wp-json\/wp\/v2\/media\/387"}],"wp:attachment":[{"href":"https:\/\/explora.cl\/magallanes\/wp-json\/wp\/v2\/media?parent=386"}],"wp:term":[{"taxonomy":"category","embeddable":true,"href":"https:\/\/explora.cl\/magallanes\/wp-json\/wp\/v2\/categories?post=386"},{"taxonomy":"post_tag","embeddable":true,"href":"https:\/\/explora.cl\/magallanes\/wp-json\/wp\/v2\/tags?post=386"}],"curies":[{"name":"wp","href":"https:\/\/api.w.org\/{rel}","templated":true}]}}