{"id":384,"date":"2016-06-14T00:00:00","date_gmt":"2016-06-14T04:00:00","guid":{"rendered":"https:\/\/explora.cl\/magallanes\/blog\/2016\/06\/14\/comenzo-la-academia-escolar-de-ciencia-antartica\/"},"modified":"2019-05-20T21:38:13","modified_gmt":"2019-05-20T21:38:13","slug":"comenzo-la-academia-escolar-de-ciencia-antartica","status":"publish","type":"post","link":"https:\/\/explora.cl\/magallanes\/comenzo-la-academia-escolar-de-ciencia-antartica\/","title":{"rendered":"Comenz\u00f3 la Academia Escolar de Ciencia Ant\u00e1rtica"},"content":{"rendered":"<\/p>\n<p class=\"MsoNormal\" style=\"text-align: justify\">Promover la investigaci\u00f3n cient\u00edfica con foco en la Ant\u00e1rtica por parte de equipos escolares de segundo ciclo de educaci\u00f3n b\u00e1sica, es el objetivo de la iniciativa conjunta del Instituto Ant\u00e1rtico Chileno (INACH) y el PAR EXPLORA Magallanes y Ant\u00e1rtica Chilena llamada \u201cAcademia Escolar de Ciencia Ant\u00e1rtica\u201d, que se dio cita por primera vez el viernes 3 de junio.<\/p>\n<p class=\"MsoNormal\" style=\"text-align: justify\">\u00a0<\/p>\n<p class=\"MsoNormal\" style=\"text-align: justify\">Partiendo por el por qu\u00e9 la Ant\u00e1rtica se llama as\u00ed, comenz\u00f3 la primera de diez sesiones grupales presenciales que se desarrollar\u00e1n en el INACH. Paulina Rojas Paredes, encargada de Educaci\u00f3n y Vinculaci\u00f3n con el Medio del INACH, se\u00f1ala que \u201ccon el \u00e1nimo de aprovechar la proximidad de Chile al Continente Blanco, impulsamos estas reuniones junto a j\u00f3venes generadores de nuevo conocimiento ant\u00e1rtico\u201d.<\/p>\n<p class=\"MsoNormal\" style=\"text-align: justify\">\u00a0<\/p>\n<p class=\"MsoNormal\" style=\"text-align: justify\">En la primera jornada de la academia, se remarcaron los tipos de investigaciones que los estudiantes podr\u00edan desarrollar (descriptivas, cient\u00edficas o aplicadas), dejando en ellos la inquietud de vincular o detectar temas que sean de su inter\u00e9s.<\/p>\n<p class=\"MsoNormal\" style=\"text-align: justify\">\u00a0<\/p>\n<p class=\"MsoNormal\" style=\"text-align: justify\">Los resultados de las investigaciones que se desarrollen ser\u00e1n socializados al interior de sus establecimientos y tambi\u00e9n postular\u00e1n al Congreso Regional Escolar de Ciencia y Tecnolog\u00eda de EXPLORA Magallanes y Ant\u00e1rtica.<\/p>\n<p class=\"MsoNormal\" style=\"text-align: justify\">\u00a0<\/p>\n<p class=\"MsoNormal\" style=\"text-align: justify\"><img fetchpriority=\"high\" decoding=\"async\" class=\" size-full wp-image-18107\" src=\"http:\/\/ec2-54-245-22-188.us-west-2.compute.amazonaws.com\/wp-content\/uploads\/2016\/06\/AcademiaAntartica.jpg\" alt=\"\" width=\"800\" height=\"406\" \/><\/p>\n<p class=\"MsoNormal\" style=\"text-align: justify\">\u00a0<\/p>\n<p class=\"MsoNormal\" style=\"text-align: justify\">La tercera sesi\u00f3n de esta iniciativa se efectuar\u00e1 el viernes 24 de junio. Quienes deseen sumarse a la Academia, a\u00fan pueden inscribirse al correo electr\u00f3nico magallanes.explora@gmail.com.<\/p>\n","protected":false},"excerpt":{"rendered":"<p>Promover la investigaci\u00f3n cient\u00edfica con foco en la Ant\u00e1rtica por parte de equipos escolares de segundo ciclo de educaci\u00f3n b\u00e1sica, es el objetivo de la iniciativa conjunta del Instituto Ant\u00e1rtico Chileno (INACH) y el PAR EXPLORA Magallanes y Ant\u00e1rtica Chilena llamada \u201cAcademia Escolar de Ciencia Ant\u00e1rtica\u201d, que se dio cita por primera vez el viernes [&hellip;]<\/p>\n","protected":false},"author":2,"featured_media":385,"comment_status":"open","ping_status":"open","sticky":false,"template":"","format":"standard","meta":{"_acf_changed":false,"_exactmetrics_skip_tracking":false,"_exactmetrics_sitenote_active":false,"_exactmetrics_sitenote_note":"","_exactmetrics_sitenote_category":0,"footnotes":"","_links_to":"","_links_to_target":""},"categories":[4],"tags":[],"class_list":["post-384","post","type-post","status-publish","format-standard","has-post-thumbnail","hentry","category-noticias"],"acf":[],"yoast_head":"<!-- This site is optimized with the Yoast SEO plugin v26.9 - https:\/\/yoast.com\/product\/yoast-seo-wordpress\/ -->\n<title>Comenz\u00f3 la Academia Escolar de Ciencia Ant\u00e1rtica - Magallanes<\/title>\n<meta name=\"robots\" content=\"index, follow, max-snippet:-1, max-image-preview:large, max-video-preview:-1\" \/>\n<link rel=\"canonical\" href=\"https:\/\/explora.cl\/magallanes\/comenzo-la-academia-escolar-de-ciencia-antartica\/\" class=\"yoast-seo-meta-tag\" \/>\n<meta property=\"og:locale\" content=\"es_ES\" class=\"yoast-seo-meta-tag\" \/>\n<meta property=\"og:type\" content=\"article\" class=\"yoast-seo-meta-tag\" \/>\n<meta property=\"og:title\" content=\"Comenz\u00f3 la Academia Escolar de Ciencia Ant\u00e1rtica - Magallanes\" class=\"yoast-seo-meta-tag\" \/>\n<meta property=\"og:description\" content=\"Promover la investigaci\u00f3n cient\u00edfica con foco en la Ant\u00e1rtica por parte de equipos escolares de segundo ciclo de educaci\u00f3n b\u00e1sica, es el objetivo de la iniciativa conjunta del Instituto Ant\u00e1rtico Chileno (INACH) y el PAR EXPLORA Magallanes y Ant\u00e1rtica Chilena llamada \u201cAcademia Escolar de Ciencia Ant\u00e1rtica\u201d, que se dio cita por primera vez el viernes [&hellip;]\" class=\"yoast-seo-meta-tag\" \/>\n<meta property=\"og:url\" content=\"https:\/\/explora.cl\/magallanes\/comenzo-la-academia-escolar-de-ciencia-antartica\/\" class=\"yoast-seo-meta-tag\" \/>\n<meta property=\"og:site_name\" content=\"Magallanes\" class=\"yoast-seo-meta-tag\" \/>\n<meta property=\"article:published_time\" content=\"2016-06-14T04:00:00+00:00\" class=\"yoast-seo-meta-tag\" \/>\n<meta property=\"article:modified_time\" content=\"2019-05-20T21:38:13+00:00\" class=\"yoast-seo-meta-tag\" \/>\n<meta property=\"og:image\" content=\"https:\/\/explora.cl\/magallanes\/wp-content\/uploads\/sites\/19\/2018\/06\/AcademiaAntartica.jpg\" class=\"yoast-seo-meta-tag\" \/>\n\t<meta property=\"og:image:width\" content=\"800\" class=\"yoast-seo-meta-tag\" \/>\n\t<meta property=\"og:image:height\" content=\"406\" class=\"yoast-seo-meta-tag\" \/>\n\t<meta property=\"og:image:type\" content=\"image\/jpeg\" class=\"yoast-seo-meta-tag\" \/>\n<meta name=\"author\" content=\"webman\" class=\"yoast-seo-meta-tag\" \/>\n<meta name=\"twitter:card\" content=\"summary_large_image\" class=\"yoast-seo-meta-tag\" \/>\n<meta name=\"twitter:label1\" content=\"Escrito por\" class=\"yoast-seo-meta-tag\" \/>\n\t<meta name=\"twitter:data1\" content=\"webman\" class=\"yoast-seo-meta-tag\" \/>\n\t<meta name=\"twitter:label2\" content=\"Tiempo estimado de lectura\" class=\"yoast-seo-meta-tag\" \/>\n\t<meta name=\"twitter:data2\" content=\"1 minuto\" class=\"yoast-seo-meta-tag\" \/>\n<script type=\"application\/ld+json\" class=\"yoast-schema-graph\">{\"@context\":\"https:\/\/schema.org\",\"@graph\":[{\"@type\":\"Article\",\"@id\":\"https:\/\/explora.cl\/magallanes\/comenzo-la-academia-escolar-de-ciencia-antartica\/#article\",\"isPartOf\":{\"@id\":\"https:\/\/explora.cl\/magallanes\/comenzo-la-academia-escolar-de-ciencia-antartica\/\"},\"author\":{\"name\":\"webman\",\"@id\":\"https:\/\/explora.cl\/magallanes\/#\/schema\/person\/cb8349c13ea2d324080adf8480d7ba5d\"},\"headline\":\"Comenz\u00f3 la Academia Escolar de Ciencia Ant\u00e1rtica\",\"datePublished\":\"2016-06-14T04:00:00+00:00\",\"dateModified\":\"2019-05-20T21:38:13+00:00\",\"mainEntityOfPage\":{\"@id\":\"https:\/\/explora.cl\/magallanes\/comenzo-la-academia-escolar-de-ciencia-antartica\/\"},\"wordCount\":249,\"commentCount\":0,\"publisher\":{\"@id\":\"https:\/\/explora.cl\/magallanes\/#organization\"},\"image\":{\"@id\":\"https:\/\/explora.cl\/magallanes\/comenzo-la-academia-escolar-de-ciencia-antartica\/#primaryimage\"},\"thumbnailUrl\":\"https:\/\/explora.cl\/magallanes\/wp-content\/uploads\/sites\/19\/2018\/06\/AcademiaAntartica.jpg\",\"articleSection\":[\"Noticias\"],\"inLanguage\":\"es-CL\",\"potentialAction\":[{\"@type\":\"CommentAction\",\"name\":\"Comment\",\"target\":[\"https:\/\/explora.cl\/magallanes\/comenzo-la-academia-escolar-de-ciencia-antartica\/#respond\"]}]},{\"@type\":\"WebPage\",\"@id\":\"https:\/\/explora.cl\/magallanes\/comenzo-la-academia-escolar-de-ciencia-antartica\/\",\"url\":\"https:\/\/explora.cl\/magallanes\/comenzo-la-academia-escolar-de-ciencia-antartica\/\",\"name\":\"Comenz\u00f3 la Academia Escolar de Ciencia Ant\u00e1rtica - Magallanes\",\"isPartOf\":{\"@id\":\"https:\/\/explora.cl\/magallanes\/#website\"},\"primaryImageOfPage\":{\"@id\":\"https:\/\/explora.cl\/magallanes\/comenzo-la-academia-escolar-de-ciencia-antartica\/#primaryimage\"},\"image\":{\"@id\":\"https:\/\/explora.cl\/magallanes\/comenzo-la-academia-escolar-de-ciencia-antartica\/#primaryimage\"},\"thumbnailUrl\":\"https:\/\/explora.cl\/magallanes\/wp-content\/uploads\/sites\/19\/2018\/06\/AcademiaAntartica.jpg\",\"datePublished\":\"2016-06-14T04:00:00+00:00\",\"dateModified\":\"2019-05-20T21:38:13+00:00\",\"breadcrumb\":{\"@id\":\"https:\/\/explora.cl\/magallanes\/comenzo-la-academia-escolar-de-ciencia-antartica\/#breadcrumb\"},\"inLanguage\":\"es-CL\",\"potentialAction\":[{\"@type\":\"ReadAction\",\"target\":[\"https:\/\/explora.cl\/magallanes\/comenzo-la-academia-escolar-de-ciencia-antartica\/\"]}]},{\"@type\":\"ImageObject\",\"inLanguage\":\"es-CL\",\"@id\":\"https:\/\/explora.cl\/magallanes\/comenzo-la-academia-escolar-de-ciencia-antartica\/#primaryimage\",\"url\":\"https:\/\/explora.cl\/magallanes\/wp-content\/uploads\/sites\/19\/2018\/06\/AcademiaAntartica.jpg\",\"contentUrl\":\"https:\/\/explora.cl\/magallanes\/wp-content\/uploads\/sites\/19\/2018\/06\/AcademiaAntartica.jpg\",\"width\":800,\"height\":406},{\"@type\":\"BreadcrumbList\",\"@id\":\"https:\/\/explora.cl\/magallanes\/comenzo-la-academia-escolar-de-ciencia-antartica\/#breadcrumb\",\"itemListElement\":[{\"@type\":\"ListItem\",\"position\":1,\"name\":\"Portada\",\"item\":\"https:\/\/explora.cl\/magallanes\/\"},{\"@type\":\"ListItem\",\"position\":2,\"name\":\"Comenz\u00f3 la Academia Escolar de Ciencia Ant\u00e1rtica\"}]},{\"@type\":\"WebSite\",\"@id\":\"https:\/\/explora.cl\/magallanes\/#website\",\"url\":\"https:\/\/explora.cl\/magallanes\/\",\"name\":\"Magallanes\",\"description\":\"Otro sitio m\u00e1s de explora.cl\",\"publisher\":{\"@id\":\"https:\/\/explora.cl\/magallanes\/#organization\"},\"potentialAction\":[{\"@type\":\"SearchAction\",\"target\":{\"@type\":\"EntryPoint\",\"urlTemplate\":\"https:\/\/explora.cl\/magallanes\/?s={search_term_string}\"},\"query-input\":{\"@type\":\"PropertyValueSpecification\",\"valueRequired\":true,\"valueName\":\"search_term_string\"}}],\"inLanguage\":\"es-CL\"},{\"@type\":\"Organization\",\"@id\":\"https:\/\/explora.cl\/magallanes\/#organization\",\"name\":\"Magallanes\",\"url\":\"https:\/\/explora.cl\/magallanes\/\",\"logo\":{\"@type\":\"ImageObject\",\"inLanguage\":\"es-CL\",\"@id\":\"https:\/\/explora.cl\/magallanes\/#\/schema\/logo\/image\/\",\"url\":\"https:\/\/explora.cl\/magallanes\/wp-content\/uploads\/sites\/19\/2021\/06\/cropped-ICONO-COLOR-2.jpg\",\"contentUrl\":\"https:\/\/explora.cl\/magallanes\/wp-content\/uploads\/sites\/19\/2021\/06\/cropped-ICONO-COLOR-2.jpg\",\"width\":1181,\"height\":1181,\"caption\":\"Magallanes\"},\"image\":{\"@id\":\"https:\/\/explora.cl\/magallanes\/#\/schema\/logo\/image\/\"}},{\"@type\":\"Person\",\"@id\":\"https:\/\/explora.cl\/magallanes\/#\/schema\/person\/cb8349c13ea2d324080adf8480d7ba5d\",\"name\":\"webman\",\"image\":{\"@type\":\"ImageObject\",\"inLanguage\":\"es-CL\",\"@id\":\"https:\/\/explora.cl\/magallanes\/#\/schema\/person\/image\/\",\"url\":\"https:\/\/secure.gravatar.com\/avatar\/eeff3c82f2c02f7177d13663b7e6f890e9a6a0647ce9bb29cae02dcb094c7312?s=96&d=mm&r=g\",\"contentUrl\":\"https:\/\/secure.gravatar.com\/avatar\/eeff3c82f2c02f7177d13663b7e6f890e9a6a0647ce9bb29cae02dcb094c7312?s=96&d=mm&r=g\",\"caption\":\"webman\"},\"url\":\"https:\/\/explora.cl\/magallanes\/author\/webman\/\"}]}<\/script>\n<!-- \/ Yoast SEO plugin. -->","yoast_head_json":{"title":"Comenz\u00f3 la Academia Escolar de Ciencia Ant\u00e1rtica - Magallanes","robots":{"index":"index","follow":"follow","max-snippet":"max-snippet:-1","max-image-preview":"max-image-preview:large","max-video-preview":"max-video-preview:-1"},"canonical":"https:\/\/explora.cl\/magallanes\/comenzo-la-academia-escolar-de-ciencia-antartica\/","og_locale":"es_ES","og_type":"article","og_title":"Comenz\u00f3 la Academia Escolar de Ciencia Ant\u00e1rtica - Magallanes","og_description":"Promover la investigaci\u00f3n cient\u00edfica con foco en la Ant\u00e1rtica por parte de equipos escolares de segundo ciclo de educaci\u00f3n b\u00e1sica, es el objetivo de la iniciativa conjunta del Instituto Ant\u00e1rtico Chileno (INACH) y el PAR EXPLORA Magallanes y Ant\u00e1rtica Chilena llamada \u201cAcademia Escolar de Ciencia Ant\u00e1rtica\u201d, que se dio cita por primera vez el viernes [&hellip;]","og_url":"https:\/\/explora.cl\/magallanes\/comenzo-la-academia-escolar-de-ciencia-antartica\/","og_site_name":"Magallanes","article_published_time":"2016-06-14T04:00:00+00:00","article_modified_time":"2019-05-20T21:38:13+00:00","og_image":[{"width":800,"height":406,"url":"https:\/\/explora.cl\/magallanes\/wp-content\/uploads\/sites\/19\/2018\/06\/AcademiaAntartica.jpg","type":"image\/jpeg"}],"author":"webman","twitter_card":"summary_large_image","twitter_misc":{"Escrito por":"webman","Tiempo estimado de lectura":"1 minuto"},"schema":{"@context":"https:\/\/schema.org","@graph":[{"@type":"Article","@id":"https:\/\/explora.cl\/magallanes\/comenzo-la-academia-escolar-de-ciencia-antartica\/#article","isPartOf":{"@id":"https:\/\/explora.cl\/magallanes\/comenzo-la-academia-escolar-de-ciencia-antartica\/"},"author":{"name":"webman","@id":"https:\/\/explora.cl\/magallanes\/#\/schema\/person\/cb8349c13ea2d324080adf8480d7ba5d"},"headline":"Comenz\u00f3 la Academia Escolar de Ciencia Ant\u00e1rtica","datePublished":"2016-06-14T04:00:00+00:00","dateModified":"2019-05-20T21:38:13+00:00","mainEntityOfPage":{"@id":"https:\/\/explora.cl\/magallanes\/comenzo-la-academia-escolar-de-ciencia-antartica\/"},"wordCount":249,"commentCount":0,"publisher":{"@id":"https:\/\/explora.cl\/magallanes\/#organization"},"image":{"@id":"https:\/\/explora.cl\/magallanes\/comenzo-la-academia-escolar-de-ciencia-antartica\/#primaryimage"},"thumbnailUrl":"https:\/\/explora.cl\/magallanes\/wp-content\/uploads\/sites\/19\/2018\/06\/AcademiaAntartica.jpg","articleSection":["Noticias"],"inLanguage":"es-CL","potentialAction":[{"@type":"CommentAction","name":"Comment","target":["https:\/\/explora.cl\/magallanes\/comenzo-la-academia-escolar-de-ciencia-antartica\/#respond"]}]},{"@type":"WebPage","@id":"https:\/\/explora.cl\/magallanes\/comenzo-la-academia-escolar-de-ciencia-antartica\/","url":"https:\/\/explora.cl\/magallanes\/comenzo-la-academia-escolar-de-ciencia-antartica\/","name":"Comenz\u00f3 la Academia Escolar de Ciencia Ant\u00e1rtica - Magallanes","isPartOf":{"@id":"https:\/\/explora.cl\/magallanes\/#website"},"primaryImageOfPage":{"@id":"https:\/\/explora.cl\/magallanes\/comenzo-la-academia-escolar-de-ciencia-antartica\/#primaryimage"},"image":{"@id":"https:\/\/explora.cl\/magallanes\/comenzo-la-academia-escolar-de-ciencia-antartica\/#primaryimage"},"thumbnailUrl":"https:\/\/explora.cl\/magallanes\/wp-content\/uploads\/sites\/19\/2018\/06\/AcademiaAntartica.jpg","datePublished":"2016-06-14T04:00:00+00:00","dateModified":"2019-05-20T21:38:13+00:00","breadcrumb":{"@id":"https:\/\/explora.cl\/magallanes\/comenzo-la-academia-escolar-de-ciencia-antartica\/#breadcrumb"},"inLanguage":"es-CL","potentialAction":[{"@type":"ReadAction","target":["https:\/\/explora.cl\/magallanes\/comenzo-la-academia-escolar-de-ciencia-antartica\/"]}]},{"@type":"ImageObject","inLanguage":"es-CL","@id":"https:\/\/explora.cl\/magallanes\/comenzo-la-academia-escolar-de-ciencia-antartica\/#primaryimage","url":"https:\/\/explora.cl\/magallanes\/wp-content\/uploads\/sites\/19\/2018\/06\/AcademiaAntartica.jpg","contentUrl":"https:\/\/explora.cl\/magallanes\/wp-content\/uploads\/sites\/19\/2018\/06\/AcademiaAntartica.jpg","width":800,"height":406},{"@type":"BreadcrumbList","@id":"https:\/\/explora.cl\/magallanes\/comenzo-la-academia-escolar-de-ciencia-antartica\/#breadcrumb","itemListElement":[{"@type":"ListItem","position":1,"name":"Portada","item":"https:\/\/explora.cl\/magallanes\/"},{"@type":"ListItem","position":2,"name":"Comenz\u00f3 la Academia Escolar de Ciencia Ant\u00e1rtica"}]},{"@type":"WebSite","@id":"https:\/\/explora.cl\/magallanes\/#website","url":"https:\/\/explora.cl\/magallanes\/","name":"Magallanes","description":"Otro sitio m\u00e1s de explora.cl","publisher":{"@id":"https:\/\/explora.cl\/magallanes\/#organization"},"potentialAction":[{"@type":"SearchAction","target":{"@type":"EntryPoint","urlTemplate":"https:\/\/explora.cl\/magallanes\/?s={search_term_string}"},"query-input":{"@type":"PropertyValueSpecification","valueRequired":true,"valueName":"search_term_string"}}],"inLanguage":"es-CL"},{"@type":"Organization","@id":"https:\/\/explora.cl\/magallanes\/#organization","name":"Magallanes","url":"https:\/\/explora.cl\/magallanes\/","logo":{"@type":"ImageObject","inLanguage":"es-CL","@id":"https:\/\/explora.cl\/magallanes\/#\/schema\/logo\/image\/","url":"https:\/\/explora.cl\/magallanes\/wp-content\/uploads\/sites\/19\/2021\/06\/cropped-ICONO-COLOR-2.jpg","contentUrl":"https:\/\/explora.cl\/magallanes\/wp-content\/uploads\/sites\/19\/2021\/06\/cropped-ICONO-COLOR-2.jpg","width":1181,"height":1181,"caption":"Magallanes"},"image":{"@id":"https:\/\/explora.cl\/magallanes\/#\/schema\/logo\/image\/"}},{"@type":"Person","@id":"https:\/\/explora.cl\/magallanes\/#\/schema\/person\/cb8349c13ea2d324080adf8480d7ba5d","name":"webman","image":{"@type":"ImageObject","inLanguage":"es-CL","@id":"https:\/\/explora.cl\/magallanes\/#\/schema\/person\/image\/","url":"https:\/\/secure.gravatar.com\/avatar\/eeff3c82f2c02f7177d13663b7e6f890e9a6a0647ce9bb29cae02dcb094c7312?s=96&d=mm&r=g","contentUrl":"https:\/\/secure.gravatar.com\/avatar\/eeff3c82f2c02f7177d13663b7e6f890e9a6a0647ce9bb29cae02dcb094c7312?s=96&d=mm&r=g","caption":"webman"},"url":"https:\/\/explora.cl\/magallanes\/author\/webman\/"}]}},"_links":{"self":[{"href":"https:\/\/explora.cl\/magallanes\/wp-json\/wp\/v2\/posts\/384","targetHints":{"allow":["GET"]}}],"collection":[{"href":"https:\/\/explora.cl\/magallanes\/wp-json\/wp\/v2\/posts"}],"about":[{"href":"https:\/\/explora.cl\/magallanes\/wp-json\/wp\/v2\/types\/post"}],"author":[{"embeddable":true,"href":"https:\/\/explora.cl\/magallanes\/wp-json\/wp\/v2\/users\/2"}],"replies":[{"embeddable":true,"href":"https:\/\/explora.cl\/magallanes\/wp-json\/wp\/v2\/comments?post=384"}],"version-history":[{"count":1,"href":"https:\/\/explora.cl\/magallanes\/wp-json\/wp\/v2\/posts\/384\/revisions"}],"predecessor-version":[{"id":37853,"href":"https:\/\/explora.cl\/magallanes\/wp-json\/wp\/v2\/posts\/384\/revisions\/37853"}],"wp:featuredmedia":[{"embeddable":true,"href":"https:\/\/explora.cl\/magallanes\/wp-json\/wp\/v2\/media\/385"}],"wp:attachment":[{"href":"https:\/\/explora.cl\/magallanes\/wp-json\/wp\/v2\/media?parent=384"}],"wp:term":[{"taxonomy":"category","embeddable":true,"href":"https:\/\/explora.cl\/magallanes\/wp-json\/wp\/v2\/categories?post=384"},{"taxonomy":"post_tag","embeddable":true,"href":"https:\/\/explora.cl\/magallanes\/wp-json\/wp\/v2\/tags?post=384"}],"curies":[{"name":"wp","href":"https:\/\/api.w.org\/{rel}","templated":true}]}}