{"id":382,"date":"2016-06-13T00:00:00","date_gmt":"2016-06-13T04:00:00","guid":{"rendered":"https:\/\/explora.cl\/magallanes\/blog\/2016\/06\/13\/conferencia-de-gigantes-a-sirenas\/"},"modified":"2019-05-20T21:38:13","modified_gmt":"2019-05-20T21:38:13","slug":"conferencia-de-gigantes-a-sirenas","status":"publish","type":"post","link":"https:\/\/explora.cl\/magallanes\/conferencia-de-gigantes-a-sirenas\/","title":{"rendered":"Conferencia: De Gigantes a Sirenas"},"content":{"rendered":"<p style=\"text-align: justify\">PAR Explora Magallanes y Ant\u00e1rtica Chilena en conjunto con el Instituto de la Patagonia y la Universidad de Magallanes lo invitan a la Conferencia De Gigantes a Sirenas, a cargo de Jorge Gibbons y Emiliano M\u00e9ndez.<\/p>\n<p style=\"text-align: justify\">Esta actividad se realizar\u00e1 el pr\u00f3ximo jueves 16 de junio a las 10:00hrs en el Auditorio Ernesto Livacic y est\u00e1 orientadas a estudiantes de segundo ciclo b\u00e1sico.<\/p>\n<p style=\"text-align: justify\"><strong><span style=\"text-decoration: underline\">RESE\u00d1A<\/span><\/strong><\/p>\n<p style=\"text-align: justify\">Los seres vivos se nos muestran en m\u00faltiples tama\u00f1os, formas y costumbres.<\/p>\n<p style=\"text-align: justify\">A nosotros los humanos, los gigantes siempre nos han atrapado la imaginaci\u00f3n, sean vestidos de dinosaurios o de gigantes de cuentos como El Gigante Ego\u00edsta o los Ents del Se\u00f1or de los Anillos. En esta charla nos interesar\u00e1 perseguir, junto con el p\u00fablico, c\u00f3mo los animales pueden llegar a ser gigantes, qu\u00e9 tan riesgoso es, y sobre todo c\u00f3mo puede ser su vida si la comparamos con la nuestra. Nos preguntaremos en conjunto sobre sus relaciones sociales y familiares, sobre c\u00f3mo es ser ni\u00f1o y joven en vidas de seres distintos a nosotros y en especial sobre su sensibilidad y su m\u00fasica.<\/p>\n<p style=\"text-align: justify\">\u00a0<\/p>\n<p style=\"text-align: justify\">Para participar de esta conferencia se debe enviar un correo electr\u00f3nico a magallanes.explora@gmail.com<\/p>\n<p style=\"text-align: justify\">\u00a0<\/p>\n<p style=\"text-align: justify\">\u00a0<\/p>\n","protected":false},"excerpt":{"rendered":"<p>PAR Explora Magallanes y Ant\u00e1rtica Chilena en conjunto con el Instituto de la Patagonia y la Universidad de Magallanes lo invitan a la Conferencia De Gigantes a Sirenas, a cargo de Jorge Gibbons y Emiliano M\u00e9ndez. Esta actividad se realizar\u00e1 el pr\u00f3ximo jueves 16 de junio a las 10:00hrs en el Auditorio Ernesto Livacic y [&hellip;]<\/p>\n","protected":false},"author":2,"featured_media":383,"comment_status":"open","ping_status":"open","sticky":false,"template":"","format":"standard","meta":{"_acf_changed":false,"_exactmetrics_skip_tracking":false,"_exactmetrics_sitenote_active":false,"_exactmetrics_sitenote_note":"","_exactmetrics_sitenote_category":0,"footnotes":"","_links_to":"","_links_to_target":""},"categories":[4],"tags":[],"class_list":["post-382","post","type-post","status-publish","format-standard","has-post-thumbnail","hentry","category-noticias"],"acf":[],"yoast_head":"<!-- This site is optimized with the Yoast SEO plugin v26.9 - https:\/\/yoast.com\/product\/yoast-seo-wordpress\/ -->\n<title>Conferencia: De Gigantes a Sirenas - Magallanes<\/title>\n<meta name=\"robots\" content=\"index, follow, max-snippet:-1, max-image-preview:large, max-video-preview:-1\" \/>\n<link rel=\"canonical\" href=\"https:\/\/explora.cl\/magallanes\/conferencia-de-gigantes-a-sirenas\/\" class=\"yoast-seo-meta-tag\" \/>\n<meta property=\"og:locale\" content=\"es_ES\" class=\"yoast-seo-meta-tag\" \/>\n<meta property=\"og:type\" content=\"article\" class=\"yoast-seo-meta-tag\" \/>\n<meta property=\"og:title\" content=\"Conferencia: De Gigantes a Sirenas - Magallanes\" class=\"yoast-seo-meta-tag\" \/>\n<meta property=\"og:description\" content=\"PAR Explora Magallanes y Ant\u00e1rtica Chilena en conjunto con el Instituto de la Patagonia y la Universidad de Magallanes lo invitan a la Conferencia De Gigantes a Sirenas, a cargo de Jorge Gibbons y Emiliano M\u00e9ndez. Esta actividad se realizar\u00e1 el pr\u00f3ximo jueves 16 de junio a las 10:00hrs en el Auditorio Ernesto Livacic y [&hellip;]\" class=\"yoast-seo-meta-tag\" \/>\n<meta property=\"og:url\" content=\"https:\/\/explora.cl\/magallanes\/conferencia-de-gigantes-a-sirenas\/\" class=\"yoast-seo-meta-tag\" \/>\n<meta property=\"og:site_name\" content=\"Magallanes\" class=\"yoast-seo-meta-tag\" \/>\n<meta property=\"article:published_time\" content=\"2016-06-13T04:00:00+00:00\" class=\"yoast-seo-meta-tag\" \/>\n<meta property=\"article:modified_time\" content=\"2019-05-20T21:38:13+00:00\" class=\"yoast-seo-meta-tag\" \/>\n<meta property=\"og:image\" content=\"https:\/\/explora.cl\/magallanes\/wp-content\/uploads\/sites\/19\/2018\/06\/DeGigantes4.jpg\" class=\"yoast-seo-meta-tag\" \/>\n\t<meta property=\"og:image:width\" content=\"1141\" class=\"yoast-seo-meta-tag\" \/>\n\t<meta property=\"og:image:height\" content=\"424\" class=\"yoast-seo-meta-tag\" \/>\n\t<meta property=\"og:image:type\" content=\"image\/jpeg\" class=\"yoast-seo-meta-tag\" \/>\n<meta name=\"author\" content=\"webman\" class=\"yoast-seo-meta-tag\" \/>\n<meta name=\"twitter:card\" content=\"summary_large_image\" class=\"yoast-seo-meta-tag\" \/>\n<meta name=\"twitter:label1\" content=\"Escrito por\" class=\"yoast-seo-meta-tag\" \/>\n\t<meta name=\"twitter:data1\" content=\"webman\" class=\"yoast-seo-meta-tag\" \/>\n\t<meta name=\"twitter:label2\" content=\"Tiempo estimado de lectura\" class=\"yoast-seo-meta-tag\" \/>\n\t<meta name=\"twitter:data2\" content=\"1 minuto\" class=\"yoast-seo-meta-tag\" \/>\n<script type=\"application\/ld+json\" class=\"yoast-schema-graph\">{\"@context\":\"https:\/\/schema.org\",\"@graph\":[{\"@type\":\"Article\",\"@id\":\"https:\/\/explora.cl\/magallanes\/conferencia-de-gigantes-a-sirenas\/#article\",\"isPartOf\":{\"@id\":\"https:\/\/explora.cl\/magallanes\/conferencia-de-gigantes-a-sirenas\/\"},\"author\":{\"name\":\"webman\",\"@id\":\"https:\/\/explora.cl\/magallanes\/#\/schema\/person\/cb8349c13ea2d324080adf8480d7ba5d\"},\"headline\":\"Conferencia: De Gigantes a Sirenas\",\"datePublished\":\"2016-06-13T04:00:00+00:00\",\"dateModified\":\"2019-05-20T21:38:13+00:00\",\"mainEntityOfPage\":{\"@id\":\"https:\/\/explora.cl\/magallanes\/conferencia-de-gigantes-a-sirenas\/\"},\"wordCount\":215,\"commentCount\":0,\"publisher\":{\"@id\":\"https:\/\/explora.cl\/magallanes\/#organization\"},\"image\":{\"@id\":\"https:\/\/explora.cl\/magallanes\/conferencia-de-gigantes-a-sirenas\/#primaryimage\"},\"thumbnailUrl\":\"https:\/\/explora.cl\/magallanes\/wp-content\/uploads\/sites\/19\/2018\/06\/DeGigantes4.jpg\",\"articleSection\":[\"Noticias\"],\"inLanguage\":\"es-CL\",\"potentialAction\":[{\"@type\":\"CommentAction\",\"name\":\"Comment\",\"target\":[\"https:\/\/explora.cl\/magallanes\/conferencia-de-gigantes-a-sirenas\/#respond\"]}]},{\"@type\":\"WebPage\",\"@id\":\"https:\/\/explora.cl\/magallanes\/conferencia-de-gigantes-a-sirenas\/\",\"url\":\"https:\/\/explora.cl\/magallanes\/conferencia-de-gigantes-a-sirenas\/\",\"name\":\"Conferencia: De Gigantes a Sirenas - Magallanes\",\"isPartOf\":{\"@id\":\"https:\/\/explora.cl\/magallanes\/#website\"},\"primaryImageOfPage\":{\"@id\":\"https:\/\/explora.cl\/magallanes\/conferencia-de-gigantes-a-sirenas\/#primaryimage\"},\"image\":{\"@id\":\"https:\/\/explora.cl\/magallanes\/conferencia-de-gigantes-a-sirenas\/#primaryimage\"},\"thumbnailUrl\":\"https:\/\/explora.cl\/magallanes\/wp-content\/uploads\/sites\/19\/2018\/06\/DeGigantes4.jpg\",\"datePublished\":\"2016-06-13T04:00:00+00:00\",\"dateModified\":\"2019-05-20T21:38:13+00:00\",\"breadcrumb\":{\"@id\":\"https:\/\/explora.cl\/magallanes\/conferencia-de-gigantes-a-sirenas\/#breadcrumb\"},\"inLanguage\":\"es-CL\",\"potentialAction\":[{\"@type\":\"ReadAction\",\"target\":[\"https:\/\/explora.cl\/magallanes\/conferencia-de-gigantes-a-sirenas\/\"]}]},{\"@type\":\"ImageObject\",\"inLanguage\":\"es-CL\",\"@id\":\"https:\/\/explora.cl\/magallanes\/conferencia-de-gigantes-a-sirenas\/#primaryimage\",\"url\":\"https:\/\/explora.cl\/magallanes\/wp-content\/uploads\/sites\/19\/2018\/06\/DeGigantes4.jpg\",\"contentUrl\":\"https:\/\/explora.cl\/magallanes\/wp-content\/uploads\/sites\/19\/2018\/06\/DeGigantes4.jpg\",\"width\":1141,\"height\":424},{\"@type\":\"BreadcrumbList\",\"@id\":\"https:\/\/explora.cl\/magallanes\/conferencia-de-gigantes-a-sirenas\/#breadcrumb\",\"itemListElement\":[{\"@type\":\"ListItem\",\"position\":1,\"name\":\"Portada\",\"item\":\"https:\/\/explora.cl\/magallanes\/\"},{\"@type\":\"ListItem\",\"position\":2,\"name\":\"Conferencia: De Gigantes a Sirenas\"}]},{\"@type\":\"WebSite\",\"@id\":\"https:\/\/explora.cl\/magallanes\/#website\",\"url\":\"https:\/\/explora.cl\/magallanes\/\",\"name\":\"Magallanes\",\"description\":\"Otro sitio m\u00e1s de explora.cl\",\"publisher\":{\"@id\":\"https:\/\/explora.cl\/magallanes\/#organization\"},\"potentialAction\":[{\"@type\":\"SearchAction\",\"target\":{\"@type\":\"EntryPoint\",\"urlTemplate\":\"https:\/\/explora.cl\/magallanes\/?s={search_term_string}\"},\"query-input\":{\"@type\":\"PropertyValueSpecification\",\"valueRequired\":true,\"valueName\":\"search_term_string\"}}],\"inLanguage\":\"es-CL\"},{\"@type\":\"Organization\",\"@id\":\"https:\/\/explora.cl\/magallanes\/#organization\",\"name\":\"Magallanes\",\"url\":\"https:\/\/explora.cl\/magallanes\/\",\"logo\":{\"@type\":\"ImageObject\",\"inLanguage\":\"es-CL\",\"@id\":\"https:\/\/explora.cl\/magallanes\/#\/schema\/logo\/image\/\",\"url\":\"https:\/\/explora.cl\/magallanes\/wp-content\/uploads\/sites\/19\/2021\/06\/cropped-ICONO-COLOR-2.jpg\",\"contentUrl\":\"https:\/\/explora.cl\/magallanes\/wp-content\/uploads\/sites\/19\/2021\/06\/cropped-ICONO-COLOR-2.jpg\",\"width\":1181,\"height\":1181,\"caption\":\"Magallanes\"},\"image\":{\"@id\":\"https:\/\/explora.cl\/magallanes\/#\/schema\/logo\/image\/\"}},{\"@type\":\"Person\",\"@id\":\"https:\/\/explora.cl\/magallanes\/#\/schema\/person\/cb8349c13ea2d324080adf8480d7ba5d\",\"name\":\"webman\",\"image\":{\"@type\":\"ImageObject\",\"inLanguage\":\"es-CL\",\"@id\":\"https:\/\/explora.cl\/magallanes\/#\/schema\/person\/image\/\",\"url\":\"https:\/\/secure.gravatar.com\/avatar\/eeff3c82f2c02f7177d13663b7e6f890e9a6a0647ce9bb29cae02dcb094c7312?s=96&d=mm&r=g\",\"contentUrl\":\"https:\/\/secure.gravatar.com\/avatar\/eeff3c82f2c02f7177d13663b7e6f890e9a6a0647ce9bb29cae02dcb094c7312?s=96&d=mm&r=g\",\"caption\":\"webman\"},\"url\":\"https:\/\/explora.cl\/magallanes\/author\/webman\/\"}]}<\/script>\n<!-- \/ Yoast SEO plugin. -->","yoast_head_json":{"title":"Conferencia: De Gigantes a Sirenas - Magallanes","robots":{"index":"index","follow":"follow","max-snippet":"max-snippet:-1","max-image-preview":"max-image-preview:large","max-video-preview":"max-video-preview:-1"},"canonical":"https:\/\/explora.cl\/magallanes\/conferencia-de-gigantes-a-sirenas\/","og_locale":"es_ES","og_type":"article","og_title":"Conferencia: De Gigantes a Sirenas - Magallanes","og_description":"PAR Explora Magallanes y Ant\u00e1rtica Chilena en conjunto con el Instituto de la Patagonia y la Universidad de Magallanes lo invitan a la Conferencia De Gigantes a Sirenas, a cargo de Jorge Gibbons y Emiliano M\u00e9ndez. Esta actividad se realizar\u00e1 el pr\u00f3ximo jueves 16 de junio a las 10:00hrs en el Auditorio Ernesto Livacic y [&hellip;]","og_url":"https:\/\/explora.cl\/magallanes\/conferencia-de-gigantes-a-sirenas\/","og_site_name":"Magallanes","article_published_time":"2016-06-13T04:00:00+00:00","article_modified_time":"2019-05-20T21:38:13+00:00","og_image":[{"width":1141,"height":424,"url":"https:\/\/explora.cl\/magallanes\/wp-content\/uploads\/sites\/19\/2018\/06\/DeGigantes4.jpg","type":"image\/jpeg"}],"author":"webman","twitter_card":"summary_large_image","twitter_misc":{"Escrito por":"webman","Tiempo estimado de lectura":"1 minuto"},"schema":{"@context":"https:\/\/schema.org","@graph":[{"@type":"Article","@id":"https:\/\/explora.cl\/magallanes\/conferencia-de-gigantes-a-sirenas\/#article","isPartOf":{"@id":"https:\/\/explora.cl\/magallanes\/conferencia-de-gigantes-a-sirenas\/"},"author":{"name":"webman","@id":"https:\/\/explora.cl\/magallanes\/#\/schema\/person\/cb8349c13ea2d324080adf8480d7ba5d"},"headline":"Conferencia: De Gigantes a Sirenas","datePublished":"2016-06-13T04:00:00+00:00","dateModified":"2019-05-20T21:38:13+00:00","mainEntityOfPage":{"@id":"https:\/\/explora.cl\/magallanes\/conferencia-de-gigantes-a-sirenas\/"},"wordCount":215,"commentCount":0,"publisher":{"@id":"https:\/\/explora.cl\/magallanes\/#organization"},"image":{"@id":"https:\/\/explora.cl\/magallanes\/conferencia-de-gigantes-a-sirenas\/#primaryimage"},"thumbnailUrl":"https:\/\/explora.cl\/magallanes\/wp-content\/uploads\/sites\/19\/2018\/06\/DeGigantes4.jpg","articleSection":["Noticias"],"inLanguage":"es-CL","potentialAction":[{"@type":"CommentAction","name":"Comment","target":["https:\/\/explora.cl\/magallanes\/conferencia-de-gigantes-a-sirenas\/#respond"]}]},{"@type":"WebPage","@id":"https:\/\/explora.cl\/magallanes\/conferencia-de-gigantes-a-sirenas\/","url":"https:\/\/explora.cl\/magallanes\/conferencia-de-gigantes-a-sirenas\/","name":"Conferencia: De Gigantes a Sirenas - Magallanes","isPartOf":{"@id":"https:\/\/explora.cl\/magallanes\/#website"},"primaryImageOfPage":{"@id":"https:\/\/explora.cl\/magallanes\/conferencia-de-gigantes-a-sirenas\/#primaryimage"},"image":{"@id":"https:\/\/explora.cl\/magallanes\/conferencia-de-gigantes-a-sirenas\/#primaryimage"},"thumbnailUrl":"https:\/\/explora.cl\/magallanes\/wp-content\/uploads\/sites\/19\/2018\/06\/DeGigantes4.jpg","datePublished":"2016-06-13T04:00:00+00:00","dateModified":"2019-05-20T21:38:13+00:00","breadcrumb":{"@id":"https:\/\/explora.cl\/magallanes\/conferencia-de-gigantes-a-sirenas\/#breadcrumb"},"inLanguage":"es-CL","potentialAction":[{"@type":"ReadAction","target":["https:\/\/explora.cl\/magallanes\/conferencia-de-gigantes-a-sirenas\/"]}]},{"@type":"ImageObject","inLanguage":"es-CL","@id":"https:\/\/explora.cl\/magallanes\/conferencia-de-gigantes-a-sirenas\/#primaryimage","url":"https:\/\/explora.cl\/magallanes\/wp-content\/uploads\/sites\/19\/2018\/06\/DeGigantes4.jpg","contentUrl":"https:\/\/explora.cl\/magallanes\/wp-content\/uploads\/sites\/19\/2018\/06\/DeGigantes4.jpg","width":1141,"height":424},{"@type":"BreadcrumbList","@id":"https:\/\/explora.cl\/magallanes\/conferencia-de-gigantes-a-sirenas\/#breadcrumb","itemListElement":[{"@type":"ListItem","position":1,"name":"Portada","item":"https:\/\/explora.cl\/magallanes\/"},{"@type":"ListItem","position":2,"name":"Conferencia: De Gigantes a Sirenas"}]},{"@type":"WebSite","@id":"https:\/\/explora.cl\/magallanes\/#website","url":"https:\/\/explora.cl\/magallanes\/","name":"Magallanes","description":"Otro sitio m\u00e1s de explora.cl","publisher":{"@id":"https:\/\/explora.cl\/magallanes\/#organization"},"potentialAction":[{"@type":"SearchAction","target":{"@type":"EntryPoint","urlTemplate":"https:\/\/explora.cl\/magallanes\/?s={search_term_string}"},"query-input":{"@type":"PropertyValueSpecification","valueRequired":true,"valueName":"search_term_string"}}],"inLanguage":"es-CL"},{"@type":"Organization","@id":"https:\/\/explora.cl\/magallanes\/#organization","name":"Magallanes","url":"https:\/\/explora.cl\/magallanes\/","logo":{"@type":"ImageObject","inLanguage":"es-CL","@id":"https:\/\/explora.cl\/magallanes\/#\/schema\/logo\/image\/","url":"https:\/\/explora.cl\/magallanes\/wp-content\/uploads\/sites\/19\/2021\/06\/cropped-ICONO-COLOR-2.jpg","contentUrl":"https:\/\/explora.cl\/magallanes\/wp-content\/uploads\/sites\/19\/2021\/06\/cropped-ICONO-COLOR-2.jpg","width":1181,"height":1181,"caption":"Magallanes"},"image":{"@id":"https:\/\/explora.cl\/magallanes\/#\/schema\/logo\/image\/"}},{"@type":"Person","@id":"https:\/\/explora.cl\/magallanes\/#\/schema\/person\/cb8349c13ea2d324080adf8480d7ba5d","name":"webman","image":{"@type":"ImageObject","inLanguage":"es-CL","@id":"https:\/\/explora.cl\/magallanes\/#\/schema\/person\/image\/","url":"https:\/\/secure.gravatar.com\/avatar\/eeff3c82f2c02f7177d13663b7e6f890e9a6a0647ce9bb29cae02dcb094c7312?s=96&d=mm&r=g","contentUrl":"https:\/\/secure.gravatar.com\/avatar\/eeff3c82f2c02f7177d13663b7e6f890e9a6a0647ce9bb29cae02dcb094c7312?s=96&d=mm&r=g","caption":"webman"},"url":"https:\/\/explora.cl\/magallanes\/author\/webman\/"}]}},"_links":{"self":[{"href":"https:\/\/explora.cl\/magallanes\/wp-json\/wp\/v2\/posts\/382","targetHints":{"allow":["GET"]}}],"collection":[{"href":"https:\/\/explora.cl\/magallanes\/wp-json\/wp\/v2\/posts"}],"about":[{"href":"https:\/\/explora.cl\/magallanes\/wp-json\/wp\/v2\/types\/post"}],"author":[{"embeddable":true,"href":"https:\/\/explora.cl\/magallanes\/wp-json\/wp\/v2\/users\/2"}],"replies":[{"embeddable":true,"href":"https:\/\/explora.cl\/magallanes\/wp-json\/wp\/v2\/comments?post=382"}],"version-history":[{"count":1,"href":"https:\/\/explora.cl\/magallanes\/wp-json\/wp\/v2\/posts\/382\/revisions"}],"predecessor-version":[{"id":37854,"href":"https:\/\/explora.cl\/magallanes\/wp-json\/wp\/v2\/posts\/382\/revisions\/37854"}],"wp:featuredmedia":[{"embeddable":true,"href":"https:\/\/explora.cl\/magallanes\/wp-json\/wp\/v2\/media\/383"}],"wp:attachment":[{"href":"https:\/\/explora.cl\/magallanes\/wp-json\/wp\/v2\/media?parent=382"}],"wp:term":[{"taxonomy":"category","embeddable":true,"href":"https:\/\/explora.cl\/magallanes\/wp-json\/wp\/v2\/categories?post=382"},{"taxonomy":"post_tag","embeddable":true,"href":"https:\/\/explora.cl\/magallanes\/wp-json\/wp\/v2\/tags?post=382"}],"curies":[{"name":"wp","href":"https:\/\/api.w.org\/{rel}","templated":true}]}}