{"id":37234,"date":"2018-12-03T00:00:40","date_gmt":"2018-12-03T04:00:40","guid":{"rendered":"https:\/\/explora.cl\/magallanes\/?p=37234"},"modified":"2019-05-20T21:34:20","modified_gmt":"2019-05-20T21:34:20","slug":"puerto-natales-revisa-aqui-los-talleres-disponibles-para-el-campamento-cientifico-escolar","status":"publish","type":"post","link":"https:\/\/explora.cl\/magallanes\/puerto-natales-revisa-aqui-los-talleres-disponibles-para-el-campamento-cientifico-escolar\/","title":{"rendered":"[Puerto Natales] Revisa aqu\u00ed los talleres disponibles para el Campamento Cient\u00edfico Escolar"},"content":{"rendered":"<p style=\"text-align: left\"><img fetchpriority=\"high\" decoding=\"async\" class=\" wp-image-37236 aligncenter\" src=\"https:\/\/explora.cl\/magallanes\/wp-content\/uploads\/sites\/19\/2018\/12\/PORTADA-FACEBOOK-CAMPAMENTO2-300x200.png\" alt=\"\" width=\"853\" height=\"568\" srcset=\"https:\/\/explora.cl\/magallanes\/wp-content\/uploads\/sites\/19\/2018\/12\/PORTADA-FACEBOOK-CAMPAMENTO2-300x200.png 300w, https:\/\/explora.cl\/magallanes\/wp-content\/uploads\/sites\/19\/2018\/12\/PORTADA-FACEBOOK-CAMPAMENTO2-768x512.png 768w, https:\/\/explora.cl\/magallanes\/wp-content\/uploads\/sites\/19\/2018\/12\/PORTADA-FACEBOOK-CAMPAMENTO2-1024x683.png 1024w, https:\/\/explora.cl\/magallanes\/wp-content\/uploads\/sites\/19\/2018\/12\/PORTADA-FACEBOOK-CAMPAMENTO2.png 1200w\" sizes=\"(max-width: 853px) 100vw, 853px\" \/><\/p>\n<p style=\"text-align: left\">Este lunes comenz\u00f3 la inscripci\u00f3n para los talleres de verano enmarcados en el <a href=\"https:\/\/explora.cl\/magallanes\/blog\/2018\/11\/30\/puerto-natales-se-alista-para-el-ii-campamento-cientifico-escolar\/\" target=\"_blank\" rel=\"noopener noreferrer\"><strong>&#8220;Campamento Cient\u00edfico Escolar&#8221;<\/strong><\/a>, que se desarrollar\u00e1 entre el <strong>7 y el 11 de enero<\/strong> en la Escuela Coronel Santiago Bueras, en Puerto Natales. Ser\u00e1n <strong>m\u00e1s de cinco talleres disponibles para ni\u00f1os, ni\u00f1as y j\u00f3venes<\/strong>, entre los cuatro y los 17 a\u00f1os.<\/p>\n<p style=\"text-align: left\">A continuaci\u00f3n te dejamos el listado de talleres que tenemos en esta segunda versi\u00f3n de campamento. Si a\u00fan no te inscribes <strong>haz click <a href=\"https:\/\/goo.gl\/forms\/PKtVCNswACITe1zi1\" target=\"_blank\" rel=\"noopener noreferrer\">aqu\u00ed<\/a>.<\/strong><\/p>\n<p style=\"text-align: left\"><strong>La geolog\u00eda que nos rodea (10 a 17 a\u00f1os)<\/strong><\/p>\n<p style=\"text-align: left\">\u00bfPor qu\u00e9 existen las monta\u00f1as? \u00bfDe qu\u00e9 se compone nuestro planeta?, En este taller aprender\u00e1s conceptos de geolog\u00eda que te ayudar\u00e1n a comprender tu entorno, su forma y su origen, todo acompa\u00f1ado de salidas pr\u00e1cticas y entretenidas.<\/p>\n<p style=\"text-align: left\"><strong>Los microcazadores de luz (7 a 12 a\u00f1os)<\/strong><\/p>\n<p style=\"text-align: left\">\u00bfConoces las microalgas? Estos peque\u00f1os seres vivos se encuentran en el agua \u00a1y son un mundo que debes conocer! V\u00edstete de cient\u00edfico y acomp\u00e1\u00f1anos a conocer distintos grupos de microalgas, recolectarlas en diversas salidas a terreno, y observarlas a trav\u00e9s de equipos tecnol\u00f3gicos sofisticados.<\/p>\n<p style=\"text-align: left\"><strong>Artereciklarte: Naturaleza y arte (4 a 7 a\u00f1os)<\/strong><\/p>\n<p style=\"text-align: left\">Expresarte y cuidar el medio ambiente es posible, aqu\u00ed aprender\u00e1s como usar materiales reciclados para crear verdaderas obras art\u00edsticas que representen los bellos paisajes que nos rodean.<\/p>\n<p style=\"text-align: left\"><strong>\u00bfLocura o genialidad? \u00a1Vicociencia! (10 a 16 a\u00f1os)<\/strong><\/p>\n<p style=\"text-align: left\">Observa tu vida cotidiana desde los ojos de un cient\u00edfico, acomp\u00e1\u00f1anos en este viaje por las ramas de la biolog\u00eda, f\u00edsica y qu\u00edmica, que te ayudaran a comprender los misterios que se esconden detr\u00e1s de los fen\u00f3menos que participan en tu entorno.<\/p>\n<p style=\"text-align: left\"><strong>La ciencia de nuestras ra\u00edces (9 a 13 a\u00f1os)<\/strong><\/p>\n<p style=\"text-align: left\">En este taller aprender\u00e1s conocimientos ancestrales acerca de las plantas curativas de nuestra regi\u00f3n,\u00a0participaras en la elaboraci\u00f3n de infusiones medicinales, pomadas para cicatrices y dolores musculares, entre otros productos.<\/p>\n<p style=\"text-align: left\"><strong>Huerta Org\u00e1nica (10 a 12 a\u00f1os)<\/strong><\/p>\n<p style=\"text-align: left\">Comida saludable y autosustentable, aprende con nosotros las propiedades de las distintas hortalizas que consumes en tu diario vivir y aprende como hacerlos crecer por ti mismo.<\/p>\n<p style=\"text-align: left\">*Cada jornada incluye materiales para cada taller, colaciones y almuerzo.<\/p>\n","protected":false},"excerpt":{"rendered":"<p>Este lunes comenz\u00f3 la inscripci\u00f3n para los talleres de verano enmarcados en el &#8220;Campamento Cient\u00edfico Escolar&#8221;, que se desarrollar\u00e1 entre el 7 y el 11 de enero en la Escuela Coronel Santiago Bueras, en Puerto Natales. Ser\u00e1n m\u00e1s de cinco talleres disponibles para ni\u00f1os, ni\u00f1as y j\u00f3venes, entre los cuatro y los 17 a\u00f1os. A [&hellip;]<\/p>\n","protected":false},"author":2,"featured_media":37236,"comment_status":"closed","ping_status":"open","sticky":false,"template":"","format":"standard","meta":{"_acf_changed":false,"_exactmetrics_skip_tracking":false,"_exactmetrics_sitenote_active":false,"_exactmetrics_sitenote_note":"","_exactmetrics_sitenote_category":0,"footnotes":"","_links_to":"","_links_to_target":""},"categories":[4],"tags":[199,109,159,107,166,105,164,23,30,240,236,263,158,264,76,265],"class_list":["post-37234","post","type-post","status-publish","format-standard","has-post-thumbnail","hentry","category-noticias","tag-biodiversidad-y-medio-ambiente","tag-biologia","tag-campamento","tag-ciencia","tag-cientificos","tag-educacion","tag-escolares","tag-explora","tag-geologia","tag-magallanes","tag-par-explora-magallanes","tag-puerto-natales","tag-taller","tag-talleres","tag-tecnologia","tag-verano"],"acf":[],"yoast_head":"<!-- This site is optimized with the Yoast SEO plugin v26.9 - https:\/\/yoast.com\/product\/yoast-seo-wordpress\/ -->\n<title>[Puerto Natales] Revisa aqu\u00ed los talleres disponibles para el Campamento Cient\u00edfico Escolar - Magallanes<\/title>\n<meta name=\"robots\" content=\"index, follow, max-snippet:-1, max-image-preview:large, max-video-preview:-1\" \/>\n<link rel=\"canonical\" href=\"https:\/\/explora.cl\/magallanes\/puerto-natales-revisa-aqui-los-talleres-disponibles-para-el-campamento-cientifico-escolar\/\" class=\"yoast-seo-meta-tag\" \/>\n<meta property=\"og:locale\" content=\"es_ES\" class=\"yoast-seo-meta-tag\" \/>\n<meta property=\"og:type\" content=\"article\" class=\"yoast-seo-meta-tag\" \/>\n<meta property=\"og:title\" content=\"[Puerto Natales] Revisa aqu\u00ed los talleres disponibles para el Campamento Cient\u00edfico Escolar - Magallanes\" class=\"yoast-seo-meta-tag\" \/>\n<meta property=\"og:description\" content=\"Este lunes comenz\u00f3 la inscripci\u00f3n para los talleres de verano enmarcados en el &#8220;Campamento Cient\u00edfico Escolar&#8221;, que se desarrollar\u00e1 entre el 7 y el 11 de enero en la Escuela Coronel Santiago Bueras, en Puerto Natales. Ser\u00e1n m\u00e1s de cinco talleres disponibles para ni\u00f1os, ni\u00f1as y j\u00f3venes, entre los cuatro y los 17 a\u00f1os. A [&hellip;]\" class=\"yoast-seo-meta-tag\" \/>\n<meta property=\"og:url\" content=\"https:\/\/explora.cl\/magallanes\/puerto-natales-revisa-aqui-los-talleres-disponibles-para-el-campamento-cientifico-escolar\/\" class=\"yoast-seo-meta-tag\" \/>\n<meta property=\"og:site_name\" content=\"Magallanes\" class=\"yoast-seo-meta-tag\" \/>\n<meta property=\"article:published_time\" content=\"2018-12-03T04:00:40+00:00\" class=\"yoast-seo-meta-tag\" \/>\n<meta property=\"article:modified_time\" content=\"2019-05-20T21:34:20+00:00\" class=\"yoast-seo-meta-tag\" \/>\n<meta property=\"og:image\" content=\"https:\/\/explora.cl\/magallanes\/wp-content\/uploads\/sites\/19\/2018\/12\/PORTADA-FACEBOOK-CAMPAMENTO2.png\" class=\"yoast-seo-meta-tag\" \/>\n\t<meta property=\"og:image:width\" content=\"1200\" class=\"yoast-seo-meta-tag\" \/>\n\t<meta property=\"og:image:height\" content=\"800\" class=\"yoast-seo-meta-tag\" \/>\n\t<meta property=\"og:image:type\" content=\"image\/png\" class=\"yoast-seo-meta-tag\" \/>\n<meta name=\"author\" content=\"webman\" class=\"yoast-seo-meta-tag\" \/>\n<meta name=\"twitter:card\" content=\"summary_large_image\" class=\"yoast-seo-meta-tag\" \/>\n<meta name=\"twitter:label1\" content=\"Escrito por\" class=\"yoast-seo-meta-tag\" \/>\n\t<meta name=\"twitter:data1\" content=\"webman\" class=\"yoast-seo-meta-tag\" \/>\n\t<meta name=\"twitter:label2\" content=\"Tiempo estimado de lectura\" class=\"yoast-seo-meta-tag\" \/>\n\t<meta name=\"twitter:data2\" content=\"2 minutos\" class=\"yoast-seo-meta-tag\" \/>\n<script type=\"application\/ld+json\" class=\"yoast-schema-graph\">{\"@context\":\"https:\/\/schema.org\",\"@graph\":[{\"@type\":\"Article\",\"@id\":\"https:\/\/explora.cl\/magallanes\/puerto-natales-revisa-aqui-los-talleres-disponibles-para-el-campamento-cientifico-escolar\/#article\",\"isPartOf\":{\"@id\":\"https:\/\/explora.cl\/magallanes\/puerto-natales-revisa-aqui-los-talleres-disponibles-para-el-campamento-cientifico-escolar\/\"},\"author\":{\"name\":\"webman\",\"@id\":\"https:\/\/explora.cl\/magallanes\/#\/schema\/person\/cb8349c13ea2d324080adf8480d7ba5d\"},\"headline\":\"[Puerto Natales] Revisa aqu\u00ed los talleres disponibles para el Campamento Cient\u00edfico Escolar\",\"datePublished\":\"2018-12-03T04:00:40+00:00\",\"dateModified\":\"2019-05-20T21:34:20+00:00\",\"mainEntityOfPage\":{\"@id\":\"https:\/\/explora.cl\/magallanes\/puerto-natales-revisa-aqui-los-talleres-disponibles-para-el-campamento-cientifico-escolar\/\"},\"wordCount\":385,\"publisher\":{\"@id\":\"https:\/\/explora.cl\/magallanes\/#organization\"},\"image\":{\"@id\":\"https:\/\/explora.cl\/magallanes\/puerto-natales-revisa-aqui-los-talleres-disponibles-para-el-campamento-cientifico-escolar\/#primaryimage\"},\"thumbnailUrl\":\"https:\/\/explora.cl\/magallanes\/wp-content\/uploads\/sites\/19\/2018\/12\/PORTADA-FACEBOOK-CAMPAMENTO2.png\",\"keywords\":[\"Biodiversidad y Medio Ambiente\",\"biolog\u00eda\",\"campamento\",\"ciencia\",\"cient\u00edficos\",\"educaci\u00f3n\",\"escolares\",\"EXPLORA\",\"geolog\u00eda\",\"magallanes,\",\"par explora magallanes,\",\"puerto natales\",\"taller\",\"talleres\",\"tecnolog\u00eda\",\"verano\"],\"articleSection\":[\"Noticias\"],\"inLanguage\":\"es-CL\"},{\"@type\":\"WebPage\",\"@id\":\"https:\/\/explora.cl\/magallanes\/puerto-natales-revisa-aqui-los-talleres-disponibles-para-el-campamento-cientifico-escolar\/\",\"url\":\"https:\/\/explora.cl\/magallanes\/puerto-natales-revisa-aqui-los-talleres-disponibles-para-el-campamento-cientifico-escolar\/\",\"name\":\"[Puerto Natales] Revisa aqu\u00ed los talleres disponibles para el Campamento Cient\u00edfico Escolar - Magallanes\",\"isPartOf\":{\"@id\":\"https:\/\/explora.cl\/magallanes\/#website\"},\"primaryImageOfPage\":{\"@id\":\"https:\/\/explora.cl\/magallanes\/puerto-natales-revisa-aqui-los-talleres-disponibles-para-el-campamento-cientifico-escolar\/#primaryimage\"},\"image\":{\"@id\":\"https:\/\/explora.cl\/magallanes\/puerto-natales-revisa-aqui-los-talleres-disponibles-para-el-campamento-cientifico-escolar\/#primaryimage\"},\"thumbnailUrl\":\"https:\/\/explora.cl\/magallanes\/wp-content\/uploads\/sites\/19\/2018\/12\/PORTADA-FACEBOOK-CAMPAMENTO2.png\",\"datePublished\":\"2018-12-03T04:00:40+00:00\",\"dateModified\":\"2019-05-20T21:34:20+00:00\",\"breadcrumb\":{\"@id\":\"https:\/\/explora.cl\/magallanes\/puerto-natales-revisa-aqui-los-talleres-disponibles-para-el-campamento-cientifico-escolar\/#breadcrumb\"},\"inLanguage\":\"es-CL\",\"potentialAction\":[{\"@type\":\"ReadAction\",\"target\":[\"https:\/\/explora.cl\/magallanes\/puerto-natales-revisa-aqui-los-talleres-disponibles-para-el-campamento-cientifico-escolar\/\"]}]},{\"@type\":\"ImageObject\",\"inLanguage\":\"es-CL\",\"@id\":\"https:\/\/explora.cl\/magallanes\/puerto-natales-revisa-aqui-los-talleres-disponibles-para-el-campamento-cientifico-escolar\/#primaryimage\",\"url\":\"https:\/\/explora.cl\/magallanes\/wp-content\/uploads\/sites\/19\/2018\/12\/PORTADA-FACEBOOK-CAMPAMENTO2.png\",\"contentUrl\":\"https:\/\/explora.cl\/magallanes\/wp-content\/uploads\/sites\/19\/2018\/12\/PORTADA-FACEBOOK-CAMPAMENTO2.png\",\"width\":1200,\"height\":800},{\"@type\":\"BreadcrumbList\",\"@id\":\"https:\/\/explora.cl\/magallanes\/puerto-natales-revisa-aqui-los-talleres-disponibles-para-el-campamento-cientifico-escolar\/#breadcrumb\",\"itemListElement\":[{\"@type\":\"ListItem\",\"position\":1,\"name\":\"Portada\",\"item\":\"https:\/\/explora.cl\/magallanes\/\"},{\"@type\":\"ListItem\",\"position\":2,\"name\":\"[Puerto Natales] Revisa aqu\u00ed los talleres disponibles para el Campamento Cient\u00edfico Escolar\"}]},{\"@type\":\"WebSite\",\"@id\":\"https:\/\/explora.cl\/magallanes\/#website\",\"url\":\"https:\/\/explora.cl\/magallanes\/\",\"name\":\"Magallanes\",\"description\":\"Otro sitio m\u00e1s de explora.cl\",\"publisher\":{\"@id\":\"https:\/\/explora.cl\/magallanes\/#organization\"},\"potentialAction\":[{\"@type\":\"SearchAction\",\"target\":{\"@type\":\"EntryPoint\",\"urlTemplate\":\"https:\/\/explora.cl\/magallanes\/?s={search_term_string}\"},\"query-input\":{\"@type\":\"PropertyValueSpecification\",\"valueRequired\":true,\"valueName\":\"search_term_string\"}}],\"inLanguage\":\"es-CL\"},{\"@type\":\"Organization\",\"@id\":\"https:\/\/explora.cl\/magallanes\/#organization\",\"name\":\"Magallanes\",\"url\":\"https:\/\/explora.cl\/magallanes\/\",\"logo\":{\"@type\":\"ImageObject\",\"inLanguage\":\"es-CL\",\"@id\":\"https:\/\/explora.cl\/magallanes\/#\/schema\/logo\/image\/\",\"url\":\"https:\/\/explora.cl\/magallanes\/wp-content\/uploads\/sites\/19\/2021\/06\/cropped-ICONO-COLOR-2.jpg\",\"contentUrl\":\"https:\/\/explora.cl\/magallanes\/wp-content\/uploads\/sites\/19\/2021\/06\/cropped-ICONO-COLOR-2.jpg\",\"width\":1181,\"height\":1181,\"caption\":\"Magallanes\"},\"image\":{\"@id\":\"https:\/\/explora.cl\/magallanes\/#\/schema\/logo\/image\/\"}},{\"@type\":\"Person\",\"@id\":\"https:\/\/explora.cl\/magallanes\/#\/schema\/person\/cb8349c13ea2d324080adf8480d7ba5d\",\"name\":\"webman\",\"image\":{\"@type\":\"ImageObject\",\"inLanguage\":\"es-CL\",\"@id\":\"https:\/\/explora.cl\/magallanes\/#\/schema\/person\/image\/\",\"url\":\"https:\/\/secure.gravatar.com\/avatar\/eeff3c82f2c02f7177d13663b7e6f890e9a6a0647ce9bb29cae02dcb094c7312?s=96&d=mm&r=g\",\"contentUrl\":\"https:\/\/secure.gravatar.com\/avatar\/eeff3c82f2c02f7177d13663b7e6f890e9a6a0647ce9bb29cae02dcb094c7312?s=96&d=mm&r=g\",\"caption\":\"webman\"},\"url\":\"https:\/\/explora.cl\/magallanes\/author\/webman\/\"}]}<\/script>\n<!-- \/ Yoast SEO plugin. -->","yoast_head_json":{"title":"[Puerto Natales] Revisa aqu\u00ed los talleres disponibles para el Campamento Cient\u00edfico Escolar - Magallanes","robots":{"index":"index","follow":"follow","max-snippet":"max-snippet:-1","max-image-preview":"max-image-preview:large","max-video-preview":"max-video-preview:-1"},"canonical":"https:\/\/explora.cl\/magallanes\/puerto-natales-revisa-aqui-los-talleres-disponibles-para-el-campamento-cientifico-escolar\/","og_locale":"es_ES","og_type":"article","og_title":"[Puerto Natales] Revisa aqu\u00ed los talleres disponibles para el Campamento Cient\u00edfico Escolar - Magallanes","og_description":"Este lunes comenz\u00f3 la inscripci\u00f3n para los talleres de verano enmarcados en el &#8220;Campamento Cient\u00edfico Escolar&#8221;, que se desarrollar\u00e1 entre el 7 y el 11 de enero en la Escuela Coronel Santiago Bueras, en Puerto Natales. Ser\u00e1n m\u00e1s de cinco talleres disponibles para ni\u00f1os, ni\u00f1as y j\u00f3venes, entre los cuatro y los 17 a\u00f1os. A [&hellip;]","og_url":"https:\/\/explora.cl\/magallanes\/puerto-natales-revisa-aqui-los-talleres-disponibles-para-el-campamento-cientifico-escolar\/","og_site_name":"Magallanes","article_published_time":"2018-12-03T04:00:40+00:00","article_modified_time":"2019-05-20T21:34:20+00:00","og_image":[{"width":1200,"height":800,"url":"https:\/\/explora.cl\/magallanes\/wp-content\/uploads\/sites\/19\/2018\/12\/PORTADA-FACEBOOK-CAMPAMENTO2.png","type":"image\/png"}],"author":"webman","twitter_card":"summary_large_image","twitter_misc":{"Escrito por":"webman","Tiempo estimado de lectura":"2 minutos"},"schema":{"@context":"https:\/\/schema.org","@graph":[{"@type":"Article","@id":"https:\/\/explora.cl\/magallanes\/puerto-natales-revisa-aqui-los-talleres-disponibles-para-el-campamento-cientifico-escolar\/#article","isPartOf":{"@id":"https:\/\/explora.cl\/magallanes\/puerto-natales-revisa-aqui-los-talleres-disponibles-para-el-campamento-cientifico-escolar\/"},"author":{"name":"webman","@id":"https:\/\/explora.cl\/magallanes\/#\/schema\/person\/cb8349c13ea2d324080adf8480d7ba5d"},"headline":"[Puerto Natales] Revisa aqu\u00ed los talleres disponibles para el Campamento Cient\u00edfico Escolar","datePublished":"2018-12-03T04:00:40+00:00","dateModified":"2019-05-20T21:34:20+00:00","mainEntityOfPage":{"@id":"https:\/\/explora.cl\/magallanes\/puerto-natales-revisa-aqui-los-talleres-disponibles-para-el-campamento-cientifico-escolar\/"},"wordCount":385,"publisher":{"@id":"https:\/\/explora.cl\/magallanes\/#organization"},"image":{"@id":"https:\/\/explora.cl\/magallanes\/puerto-natales-revisa-aqui-los-talleres-disponibles-para-el-campamento-cientifico-escolar\/#primaryimage"},"thumbnailUrl":"https:\/\/explora.cl\/magallanes\/wp-content\/uploads\/sites\/19\/2018\/12\/PORTADA-FACEBOOK-CAMPAMENTO2.png","keywords":["Biodiversidad y Medio Ambiente","biolog\u00eda","campamento","ciencia","cient\u00edficos","educaci\u00f3n","escolares","EXPLORA","geolog\u00eda","magallanes,","par explora magallanes,","puerto natales","taller","talleres","tecnolog\u00eda","verano"],"articleSection":["Noticias"],"inLanguage":"es-CL"},{"@type":"WebPage","@id":"https:\/\/explora.cl\/magallanes\/puerto-natales-revisa-aqui-los-talleres-disponibles-para-el-campamento-cientifico-escolar\/","url":"https:\/\/explora.cl\/magallanes\/puerto-natales-revisa-aqui-los-talleres-disponibles-para-el-campamento-cientifico-escolar\/","name":"[Puerto Natales] Revisa aqu\u00ed los talleres disponibles para el Campamento Cient\u00edfico Escolar - Magallanes","isPartOf":{"@id":"https:\/\/explora.cl\/magallanes\/#website"},"primaryImageOfPage":{"@id":"https:\/\/explora.cl\/magallanes\/puerto-natales-revisa-aqui-los-talleres-disponibles-para-el-campamento-cientifico-escolar\/#primaryimage"},"image":{"@id":"https:\/\/explora.cl\/magallanes\/puerto-natales-revisa-aqui-los-talleres-disponibles-para-el-campamento-cientifico-escolar\/#primaryimage"},"thumbnailUrl":"https:\/\/explora.cl\/magallanes\/wp-content\/uploads\/sites\/19\/2018\/12\/PORTADA-FACEBOOK-CAMPAMENTO2.png","datePublished":"2018-12-03T04:00:40+00:00","dateModified":"2019-05-20T21:34:20+00:00","breadcrumb":{"@id":"https:\/\/explora.cl\/magallanes\/puerto-natales-revisa-aqui-los-talleres-disponibles-para-el-campamento-cientifico-escolar\/#breadcrumb"},"inLanguage":"es-CL","potentialAction":[{"@type":"ReadAction","target":["https:\/\/explora.cl\/magallanes\/puerto-natales-revisa-aqui-los-talleres-disponibles-para-el-campamento-cientifico-escolar\/"]}]},{"@type":"ImageObject","inLanguage":"es-CL","@id":"https:\/\/explora.cl\/magallanes\/puerto-natales-revisa-aqui-los-talleres-disponibles-para-el-campamento-cientifico-escolar\/#primaryimage","url":"https:\/\/explora.cl\/magallanes\/wp-content\/uploads\/sites\/19\/2018\/12\/PORTADA-FACEBOOK-CAMPAMENTO2.png","contentUrl":"https:\/\/explora.cl\/magallanes\/wp-content\/uploads\/sites\/19\/2018\/12\/PORTADA-FACEBOOK-CAMPAMENTO2.png","width":1200,"height":800},{"@type":"BreadcrumbList","@id":"https:\/\/explora.cl\/magallanes\/puerto-natales-revisa-aqui-los-talleres-disponibles-para-el-campamento-cientifico-escolar\/#breadcrumb","itemListElement":[{"@type":"ListItem","position":1,"name":"Portada","item":"https:\/\/explora.cl\/magallanes\/"},{"@type":"ListItem","position":2,"name":"[Puerto Natales] Revisa aqu\u00ed los talleres disponibles para el Campamento Cient\u00edfico Escolar"}]},{"@type":"WebSite","@id":"https:\/\/explora.cl\/magallanes\/#website","url":"https:\/\/explora.cl\/magallanes\/","name":"Magallanes","description":"Otro sitio m\u00e1s de explora.cl","publisher":{"@id":"https:\/\/explora.cl\/magallanes\/#organization"},"potentialAction":[{"@type":"SearchAction","target":{"@type":"EntryPoint","urlTemplate":"https:\/\/explora.cl\/magallanes\/?s={search_term_string}"},"query-input":{"@type":"PropertyValueSpecification","valueRequired":true,"valueName":"search_term_string"}}],"inLanguage":"es-CL"},{"@type":"Organization","@id":"https:\/\/explora.cl\/magallanes\/#organization","name":"Magallanes","url":"https:\/\/explora.cl\/magallanes\/","logo":{"@type":"ImageObject","inLanguage":"es-CL","@id":"https:\/\/explora.cl\/magallanes\/#\/schema\/logo\/image\/","url":"https:\/\/explora.cl\/magallanes\/wp-content\/uploads\/sites\/19\/2021\/06\/cropped-ICONO-COLOR-2.jpg","contentUrl":"https:\/\/explora.cl\/magallanes\/wp-content\/uploads\/sites\/19\/2021\/06\/cropped-ICONO-COLOR-2.jpg","width":1181,"height":1181,"caption":"Magallanes"},"image":{"@id":"https:\/\/explora.cl\/magallanes\/#\/schema\/logo\/image\/"}},{"@type":"Person","@id":"https:\/\/explora.cl\/magallanes\/#\/schema\/person\/cb8349c13ea2d324080adf8480d7ba5d","name":"webman","image":{"@type":"ImageObject","inLanguage":"es-CL","@id":"https:\/\/explora.cl\/magallanes\/#\/schema\/person\/image\/","url":"https:\/\/secure.gravatar.com\/avatar\/eeff3c82f2c02f7177d13663b7e6f890e9a6a0647ce9bb29cae02dcb094c7312?s=96&d=mm&r=g","contentUrl":"https:\/\/secure.gravatar.com\/avatar\/eeff3c82f2c02f7177d13663b7e6f890e9a6a0647ce9bb29cae02dcb094c7312?s=96&d=mm&r=g","caption":"webman"},"url":"https:\/\/explora.cl\/magallanes\/author\/webman\/"}]}},"_links":{"self":[{"href":"https:\/\/explora.cl\/magallanes\/wp-json\/wp\/v2\/posts\/37234","targetHints":{"allow":["GET"]}}],"collection":[{"href":"https:\/\/explora.cl\/magallanes\/wp-json\/wp\/v2\/posts"}],"about":[{"href":"https:\/\/explora.cl\/magallanes\/wp-json\/wp\/v2\/types\/post"}],"author":[{"embeddable":true,"href":"https:\/\/explora.cl\/magallanes\/wp-json\/wp\/v2\/users\/2"}],"replies":[{"embeddable":true,"href":"https:\/\/explora.cl\/magallanes\/wp-json\/wp\/v2\/comments?post=37234"}],"version-history":[{"count":1,"href":"https:\/\/explora.cl\/magallanes\/wp-json\/wp\/v2\/posts\/37234\/revisions"}],"predecessor-version":[{"id":37578,"href":"https:\/\/explora.cl\/magallanes\/wp-json\/wp\/v2\/posts\/37234\/revisions\/37578"}],"wp:featuredmedia":[{"embeddable":true,"href":"https:\/\/explora.cl\/magallanes\/wp-json\/wp\/v2\/media\/37236"}],"wp:attachment":[{"href":"https:\/\/explora.cl\/magallanes\/wp-json\/wp\/v2\/media?parent=37234"}],"wp:term":[{"taxonomy":"category","embeddable":true,"href":"https:\/\/explora.cl\/magallanes\/wp-json\/wp\/v2\/categories?post=37234"},{"taxonomy":"post_tag","embeddable":true,"href":"https:\/\/explora.cl\/magallanes\/wp-json\/wp\/v2\/tags?post=37234"}],"curies":[{"name":"wp","href":"https:\/\/api.w.org\/{rel}","templated":true}]}}