{"id":37227,"date":"2018-11-30T17:37:24","date_gmt":"2018-11-30T21:37:24","guid":{"rendered":"https:\/\/explora.cl\/magallanes\/?p=37227"},"modified":"2019-05-20T21:34:20","modified_gmt":"2019-05-20T21:34:20","slug":"puerto-natales-se-alista-para-el-ii-campamento-cientifico-escolar","status":"publish","type":"post","link":"https:\/\/explora.cl\/magallanes\/puerto-natales-se-alista-para-el-ii-campamento-cientifico-escolar\/","title":{"rendered":"Puerto Natales se alista para el II Campamento Cient\u00edfico Escolar"},"content":{"rendered":"<p><img fetchpriority=\"high\" decoding=\"async\" class=\"alignleft size-full wp-image-37230\" src=\"https:\/\/explora.cl\/magallanes\/wp-content\/uploads\/sites\/19\/2018\/11\/descarga.jpg\" alt=\"\" width=\"296\" height=\"170\" \/>La Escuela Coronel Santiago Bueras ser\u00e1 el anfitri\u00f3n de la II versi\u00f3n del <strong>\u201cCampamento Cient\u00edfico Escolar\u201d<\/strong> en Puerto Natales, organizada por el <strong>Proyecto Asociativo Regional (PAR) Explora Magallanes y de la Ant\u00e1rtica Chilena, de la Universidad de Magallanes.<\/strong><br \/>\nEsta iniciativa busca acercar a los ni\u00f1os, ni\u00f1as y j\u00f3venes a la ciencia a trav\u00e9s de diversos talleres donde <strong>podr\u00e1n aprender sobre el cuidado del medio ambiente, secretos sobre la regi\u00f3n y su composici\u00f3n geol\u00f3gica, y alimenta<\/strong><strong>ci\u00f3n sustentable, entre otros.<\/strong><br \/>\n\u201cQueremos incentivar que Puerto Natales tengan una alternativa m\u00e1s durante las vacaciones, donde puedan acercarse al mundo cient\u00edfico y tecnol\u00f3gico, y de esta forma<strong> los m\u00e1s peque\u00f1os aprendan del laboratorio natural en que vivimos y se interesen por \u00e9l\u201d<\/strong>, explic\u00f3 Hermann Reiher, coordinador ejecutivo del PAR Explora Magallanes.<br \/>\nEl encargado de la actividad agrega que la capital de \u00daltima Esperanza ha contado siempre con una cultura cient\u00edfica, quedando demostrado en el \u00faltimo Congreso Regional de Ciencia y Tecnolog\u00eda, donde dos de los cinco proyectos ganadores pertenecen a esta comuna.<br \/>\n\u201c<strong>Queremos seguir descentralizando las actividades que realizamos, de manera que la ciencia pueda abarcar todos los rincones de nuestra regi\u00f3n<\/strong> y todos los ni\u00f1os y ni\u00f1as tengan las mismas posibilidades de entretenerse y aprender, independiente de qu\u00e9 tan lejos vivan o del establecimiento en el que estudien\u201d, asegur\u00f3.<br \/>\nEn esta oportunidad ser\u00e1n seis talleres en total: \u201cLa geolog\u00eda que nos rodea\u201d, \u201cLos microcazadores de luz\u201d, \u201cArtereciklarte: Naturaleza y arte\u201d, \u201cHuerta Org\u00e1nica\u201d, La Ciencia de Nuestras Ra\u00edces y \u00bfLocura o genialidad? Vicociencia! En tanto las inscripciones se realizar\u00e1n v\u00eda online del 3 al 7 de diciembre.<\/p>\n","protected":false},"excerpt":{"rendered":"<p>La Escuela Coronel Santiago Bueras ser\u00e1 el anfitri\u00f3n de la II versi\u00f3n del \u201cCampamento Cient\u00edfico Escolar\u201d en Puerto Natales, organizada por el Proyecto Asociativo Regional (PAR) Explora Magallanes y de la Ant\u00e1rtica Chilena, de la Universidad de Magallanes. Esta iniciativa busca acercar a los ni\u00f1os, ni\u00f1as y j\u00f3venes a la ciencia a trav\u00e9s de diversos [&hellip;]<\/p>\n","protected":false},"author":2,"featured_media":37228,"comment_status":"closed","ping_status":"open","sticky":false,"template":"","format":"standard","meta":{"_acf_changed":false,"_exactmetrics_skip_tracking":false,"_exactmetrics_sitenote_active":false,"_exactmetrics_sitenote_note":"","_exactmetrics_sitenote_category":0,"footnotes":"","_links_to":"","_links_to_target":""},"categories":[4],"tags":[159,107,166,260,105,261,23,240,262,263,264,76,265],"class_list":["post-37227","post","type-post","status-publish","format-standard","has-post-thumbnail","hentry","category-noticias","tag-campamento","tag-ciencia","tag-cientificos","tag-difusion","tag-educacion","tag-escolar","tag-explora","tag-magallanes","tag-panoramas","tag-puerto-natales","tag-talleres","tag-tecnologia","tag-verano"],"acf":[],"yoast_head":"<!-- This site is optimized with the Yoast SEO plugin v26.9 - https:\/\/yoast.com\/product\/yoast-seo-wordpress\/ -->\n<title>Puerto Natales se alista para el II Campamento Cient\u00edfico Escolar - Magallanes<\/title>\n<meta name=\"robots\" content=\"index, follow, max-snippet:-1, max-image-preview:large, max-video-preview:-1\" \/>\n<link rel=\"canonical\" href=\"https:\/\/explora.cl\/magallanes\/puerto-natales-se-alista-para-el-ii-campamento-cientifico-escolar\/\" class=\"yoast-seo-meta-tag\" \/>\n<meta property=\"og:locale\" content=\"es_ES\" class=\"yoast-seo-meta-tag\" \/>\n<meta property=\"og:type\" content=\"article\" class=\"yoast-seo-meta-tag\" \/>\n<meta property=\"og:title\" content=\"Puerto Natales se alista para el II Campamento Cient\u00edfico Escolar - Magallanes\" class=\"yoast-seo-meta-tag\" \/>\n<meta property=\"og:description\" content=\"La Escuela Coronel Santiago Bueras ser\u00e1 el anfitri\u00f3n de la II versi\u00f3n del \u201cCampamento Cient\u00edfico Escolar\u201d en Puerto Natales, organizada por el Proyecto Asociativo Regional (PAR) Explora Magallanes y de la Ant\u00e1rtica Chilena, de la Universidad de Magallanes. Esta iniciativa busca acercar a los ni\u00f1os, ni\u00f1as y j\u00f3venes a la ciencia a trav\u00e9s de diversos [&hellip;]\" class=\"yoast-seo-meta-tag\" \/>\n<meta property=\"og:url\" content=\"https:\/\/explora.cl\/magallanes\/puerto-natales-se-alista-para-el-ii-campamento-cientifico-escolar\/\" class=\"yoast-seo-meta-tag\" \/>\n<meta property=\"og:site_name\" content=\"Magallanes\" class=\"yoast-seo-meta-tag\" \/>\n<meta property=\"article:published_time\" content=\"2018-11-30T21:37:24+00:00\" class=\"yoast-seo-meta-tag\" \/>\n<meta property=\"article:modified_time\" content=\"2019-05-20T21:34:20+00:00\" class=\"yoast-seo-meta-tag\" \/>\n<meta property=\"og:image\" content=\"https:\/\/explora.cl\/magallanes\/wp-content\/uploads\/sites\/19\/2018\/11\/Explorines.jpg\" class=\"yoast-seo-meta-tag\" \/>\n\t<meta property=\"og:image:width\" content=\"1385\" class=\"yoast-seo-meta-tag\" \/>\n\t<meta property=\"og:image:height\" content=\"924\" class=\"yoast-seo-meta-tag\" \/>\n\t<meta property=\"og:image:type\" content=\"image\/jpeg\" class=\"yoast-seo-meta-tag\" \/>\n<meta name=\"author\" content=\"webman\" class=\"yoast-seo-meta-tag\" \/>\n<meta name=\"twitter:card\" content=\"summary_large_image\" class=\"yoast-seo-meta-tag\" \/>\n<meta name=\"twitter:label1\" content=\"Escrito por\" class=\"yoast-seo-meta-tag\" \/>\n\t<meta name=\"twitter:data1\" content=\"webman\" class=\"yoast-seo-meta-tag\" \/>\n\t<meta name=\"twitter:label2\" content=\"Tiempo estimado de lectura\" class=\"yoast-seo-meta-tag\" \/>\n\t<meta name=\"twitter:data2\" content=\"1 minuto\" class=\"yoast-seo-meta-tag\" \/>\n<script type=\"application\/ld+json\" class=\"yoast-schema-graph\">{\"@context\":\"https:\/\/schema.org\",\"@graph\":[{\"@type\":\"Article\",\"@id\":\"https:\/\/explora.cl\/magallanes\/puerto-natales-se-alista-para-el-ii-campamento-cientifico-escolar\/#article\",\"isPartOf\":{\"@id\":\"https:\/\/explora.cl\/magallanes\/puerto-natales-se-alista-para-el-ii-campamento-cientifico-escolar\/\"},\"author\":{\"name\":\"webman\",\"@id\":\"https:\/\/explora.cl\/magallanes\/#\/schema\/person\/cb8349c13ea2d324080adf8480d7ba5d\"},\"headline\":\"Puerto Natales se alista para el II Campamento Cient\u00edfico Escolar\",\"datePublished\":\"2018-11-30T21:37:24+00:00\",\"dateModified\":\"2019-05-20T21:34:20+00:00\",\"mainEntityOfPage\":{\"@id\":\"https:\/\/explora.cl\/magallanes\/puerto-natales-se-alista-para-el-ii-campamento-cientifico-escolar\/\"},\"wordCount\":301,\"publisher\":{\"@id\":\"https:\/\/explora.cl\/magallanes\/#organization\"},\"image\":{\"@id\":\"https:\/\/explora.cl\/magallanes\/puerto-natales-se-alista-para-el-ii-campamento-cientifico-escolar\/#primaryimage\"},\"thumbnailUrl\":\"https:\/\/explora.cl\/magallanes\/wp-content\/uploads\/sites\/19\/2018\/11\/Explorines.jpg\",\"keywords\":[\"campamento\",\"ciencia\",\"cient\u00edficos\",\"difusi\u00f3n\",\"educaci\u00f3n\",\"escolar\",\"EXPLORA\",\"magallanes,\",\"panoramas\",\"puerto natales\",\"talleres\",\"tecnolog\u00eda\",\"verano\"],\"articleSection\":[\"Noticias\"],\"inLanguage\":\"es-CL\"},{\"@type\":\"WebPage\",\"@id\":\"https:\/\/explora.cl\/magallanes\/puerto-natales-se-alista-para-el-ii-campamento-cientifico-escolar\/\",\"url\":\"https:\/\/explora.cl\/magallanes\/puerto-natales-se-alista-para-el-ii-campamento-cientifico-escolar\/\",\"name\":\"Puerto Natales se alista para el II Campamento Cient\u00edfico Escolar - Magallanes\",\"isPartOf\":{\"@id\":\"https:\/\/explora.cl\/magallanes\/#website\"},\"primaryImageOfPage\":{\"@id\":\"https:\/\/explora.cl\/magallanes\/puerto-natales-se-alista-para-el-ii-campamento-cientifico-escolar\/#primaryimage\"},\"image\":{\"@id\":\"https:\/\/explora.cl\/magallanes\/puerto-natales-se-alista-para-el-ii-campamento-cientifico-escolar\/#primaryimage\"},\"thumbnailUrl\":\"https:\/\/explora.cl\/magallanes\/wp-content\/uploads\/sites\/19\/2018\/11\/Explorines.jpg\",\"datePublished\":\"2018-11-30T21:37:24+00:00\",\"dateModified\":\"2019-05-20T21:34:20+00:00\",\"breadcrumb\":{\"@id\":\"https:\/\/explora.cl\/magallanes\/puerto-natales-se-alista-para-el-ii-campamento-cientifico-escolar\/#breadcrumb\"},\"inLanguage\":\"es-CL\",\"potentialAction\":[{\"@type\":\"ReadAction\",\"target\":[\"https:\/\/explora.cl\/magallanes\/puerto-natales-se-alista-para-el-ii-campamento-cientifico-escolar\/\"]}]},{\"@type\":\"ImageObject\",\"inLanguage\":\"es-CL\",\"@id\":\"https:\/\/explora.cl\/magallanes\/puerto-natales-se-alista-para-el-ii-campamento-cientifico-escolar\/#primaryimage\",\"url\":\"https:\/\/explora.cl\/magallanes\/wp-content\/uploads\/sites\/19\/2018\/11\/Explorines.jpg\",\"contentUrl\":\"https:\/\/explora.cl\/magallanes\/wp-content\/uploads\/sites\/19\/2018\/11\/Explorines.jpg\",\"width\":1385,\"height\":924,\"caption\":\"\\\"Explorines\\\", uno de los talleres del 2017 en Puerto Natales.\"},{\"@type\":\"BreadcrumbList\",\"@id\":\"https:\/\/explora.cl\/magallanes\/puerto-natales-se-alista-para-el-ii-campamento-cientifico-escolar\/#breadcrumb\",\"itemListElement\":[{\"@type\":\"ListItem\",\"position\":1,\"name\":\"Portada\",\"item\":\"https:\/\/explora.cl\/magallanes\/\"},{\"@type\":\"ListItem\",\"position\":2,\"name\":\"Puerto Natales se alista para el II Campamento Cient\u00edfico Escolar\"}]},{\"@type\":\"WebSite\",\"@id\":\"https:\/\/explora.cl\/magallanes\/#website\",\"url\":\"https:\/\/explora.cl\/magallanes\/\",\"name\":\"Magallanes\",\"description\":\"Otro sitio m\u00e1s de explora.cl\",\"publisher\":{\"@id\":\"https:\/\/explora.cl\/magallanes\/#organization\"},\"potentialAction\":[{\"@type\":\"SearchAction\",\"target\":{\"@type\":\"EntryPoint\",\"urlTemplate\":\"https:\/\/explora.cl\/magallanes\/?s={search_term_string}\"},\"query-input\":{\"@type\":\"PropertyValueSpecification\",\"valueRequired\":true,\"valueName\":\"search_term_string\"}}],\"inLanguage\":\"es-CL\"},{\"@type\":\"Organization\",\"@id\":\"https:\/\/explora.cl\/magallanes\/#organization\",\"name\":\"Magallanes\",\"url\":\"https:\/\/explora.cl\/magallanes\/\",\"logo\":{\"@type\":\"ImageObject\",\"inLanguage\":\"es-CL\",\"@id\":\"https:\/\/explora.cl\/magallanes\/#\/schema\/logo\/image\/\",\"url\":\"https:\/\/explora.cl\/magallanes\/wp-content\/uploads\/sites\/19\/2021\/06\/cropped-ICONO-COLOR-2.jpg\",\"contentUrl\":\"https:\/\/explora.cl\/magallanes\/wp-content\/uploads\/sites\/19\/2021\/06\/cropped-ICONO-COLOR-2.jpg\",\"width\":1181,\"height\":1181,\"caption\":\"Magallanes\"},\"image\":{\"@id\":\"https:\/\/explora.cl\/magallanes\/#\/schema\/logo\/image\/\"}},{\"@type\":\"Person\",\"@id\":\"https:\/\/explora.cl\/magallanes\/#\/schema\/person\/cb8349c13ea2d324080adf8480d7ba5d\",\"name\":\"webman\",\"image\":{\"@type\":\"ImageObject\",\"inLanguage\":\"es-CL\",\"@id\":\"https:\/\/explora.cl\/magallanes\/#\/schema\/person\/image\/\",\"url\":\"https:\/\/secure.gravatar.com\/avatar\/eeff3c82f2c02f7177d13663b7e6f890e9a6a0647ce9bb29cae02dcb094c7312?s=96&d=mm&r=g\",\"contentUrl\":\"https:\/\/secure.gravatar.com\/avatar\/eeff3c82f2c02f7177d13663b7e6f890e9a6a0647ce9bb29cae02dcb094c7312?s=96&d=mm&r=g\",\"caption\":\"webman\"},\"url\":\"https:\/\/explora.cl\/magallanes\/author\/webman\/\"}]}<\/script>\n<!-- \/ Yoast SEO plugin. -->","yoast_head_json":{"title":"Puerto Natales se alista para el II Campamento Cient\u00edfico Escolar - Magallanes","robots":{"index":"index","follow":"follow","max-snippet":"max-snippet:-1","max-image-preview":"max-image-preview:large","max-video-preview":"max-video-preview:-1"},"canonical":"https:\/\/explora.cl\/magallanes\/puerto-natales-se-alista-para-el-ii-campamento-cientifico-escolar\/","og_locale":"es_ES","og_type":"article","og_title":"Puerto Natales se alista para el II Campamento Cient\u00edfico Escolar - Magallanes","og_description":"La Escuela Coronel Santiago Bueras ser\u00e1 el anfitri\u00f3n de la II versi\u00f3n del \u201cCampamento Cient\u00edfico Escolar\u201d en Puerto Natales, organizada por el Proyecto Asociativo Regional (PAR) Explora Magallanes y de la Ant\u00e1rtica Chilena, de la Universidad de Magallanes. Esta iniciativa busca acercar a los ni\u00f1os, ni\u00f1as y j\u00f3venes a la ciencia a trav\u00e9s de diversos [&hellip;]","og_url":"https:\/\/explora.cl\/magallanes\/puerto-natales-se-alista-para-el-ii-campamento-cientifico-escolar\/","og_site_name":"Magallanes","article_published_time":"2018-11-30T21:37:24+00:00","article_modified_time":"2019-05-20T21:34:20+00:00","og_image":[{"width":1385,"height":924,"url":"https:\/\/explora.cl\/magallanes\/wp-content\/uploads\/sites\/19\/2018\/11\/Explorines.jpg","type":"image\/jpeg"}],"author":"webman","twitter_card":"summary_large_image","twitter_misc":{"Escrito por":"webman","Tiempo estimado de lectura":"1 minuto"},"schema":{"@context":"https:\/\/schema.org","@graph":[{"@type":"Article","@id":"https:\/\/explora.cl\/magallanes\/puerto-natales-se-alista-para-el-ii-campamento-cientifico-escolar\/#article","isPartOf":{"@id":"https:\/\/explora.cl\/magallanes\/puerto-natales-se-alista-para-el-ii-campamento-cientifico-escolar\/"},"author":{"name":"webman","@id":"https:\/\/explora.cl\/magallanes\/#\/schema\/person\/cb8349c13ea2d324080adf8480d7ba5d"},"headline":"Puerto Natales se alista para el II Campamento Cient\u00edfico Escolar","datePublished":"2018-11-30T21:37:24+00:00","dateModified":"2019-05-20T21:34:20+00:00","mainEntityOfPage":{"@id":"https:\/\/explora.cl\/magallanes\/puerto-natales-se-alista-para-el-ii-campamento-cientifico-escolar\/"},"wordCount":301,"publisher":{"@id":"https:\/\/explora.cl\/magallanes\/#organization"},"image":{"@id":"https:\/\/explora.cl\/magallanes\/puerto-natales-se-alista-para-el-ii-campamento-cientifico-escolar\/#primaryimage"},"thumbnailUrl":"https:\/\/explora.cl\/magallanes\/wp-content\/uploads\/sites\/19\/2018\/11\/Explorines.jpg","keywords":["campamento","ciencia","cient\u00edficos","difusi\u00f3n","educaci\u00f3n","escolar","EXPLORA","magallanes,","panoramas","puerto natales","talleres","tecnolog\u00eda","verano"],"articleSection":["Noticias"],"inLanguage":"es-CL"},{"@type":"WebPage","@id":"https:\/\/explora.cl\/magallanes\/puerto-natales-se-alista-para-el-ii-campamento-cientifico-escolar\/","url":"https:\/\/explora.cl\/magallanes\/puerto-natales-se-alista-para-el-ii-campamento-cientifico-escolar\/","name":"Puerto Natales se alista para el II Campamento Cient\u00edfico Escolar - Magallanes","isPartOf":{"@id":"https:\/\/explora.cl\/magallanes\/#website"},"primaryImageOfPage":{"@id":"https:\/\/explora.cl\/magallanes\/puerto-natales-se-alista-para-el-ii-campamento-cientifico-escolar\/#primaryimage"},"image":{"@id":"https:\/\/explora.cl\/magallanes\/puerto-natales-se-alista-para-el-ii-campamento-cientifico-escolar\/#primaryimage"},"thumbnailUrl":"https:\/\/explora.cl\/magallanes\/wp-content\/uploads\/sites\/19\/2018\/11\/Explorines.jpg","datePublished":"2018-11-30T21:37:24+00:00","dateModified":"2019-05-20T21:34:20+00:00","breadcrumb":{"@id":"https:\/\/explora.cl\/magallanes\/puerto-natales-se-alista-para-el-ii-campamento-cientifico-escolar\/#breadcrumb"},"inLanguage":"es-CL","potentialAction":[{"@type":"ReadAction","target":["https:\/\/explora.cl\/magallanes\/puerto-natales-se-alista-para-el-ii-campamento-cientifico-escolar\/"]}]},{"@type":"ImageObject","inLanguage":"es-CL","@id":"https:\/\/explora.cl\/magallanes\/puerto-natales-se-alista-para-el-ii-campamento-cientifico-escolar\/#primaryimage","url":"https:\/\/explora.cl\/magallanes\/wp-content\/uploads\/sites\/19\/2018\/11\/Explorines.jpg","contentUrl":"https:\/\/explora.cl\/magallanes\/wp-content\/uploads\/sites\/19\/2018\/11\/Explorines.jpg","width":1385,"height":924,"caption":"\"Explorines\", uno de los talleres del 2017 en Puerto Natales."},{"@type":"BreadcrumbList","@id":"https:\/\/explora.cl\/magallanes\/puerto-natales-se-alista-para-el-ii-campamento-cientifico-escolar\/#breadcrumb","itemListElement":[{"@type":"ListItem","position":1,"name":"Portada","item":"https:\/\/explora.cl\/magallanes\/"},{"@type":"ListItem","position":2,"name":"Puerto Natales se alista para el II Campamento Cient\u00edfico Escolar"}]},{"@type":"WebSite","@id":"https:\/\/explora.cl\/magallanes\/#website","url":"https:\/\/explora.cl\/magallanes\/","name":"Magallanes","description":"Otro sitio m\u00e1s de explora.cl","publisher":{"@id":"https:\/\/explora.cl\/magallanes\/#organization"},"potentialAction":[{"@type":"SearchAction","target":{"@type":"EntryPoint","urlTemplate":"https:\/\/explora.cl\/magallanes\/?s={search_term_string}"},"query-input":{"@type":"PropertyValueSpecification","valueRequired":true,"valueName":"search_term_string"}}],"inLanguage":"es-CL"},{"@type":"Organization","@id":"https:\/\/explora.cl\/magallanes\/#organization","name":"Magallanes","url":"https:\/\/explora.cl\/magallanes\/","logo":{"@type":"ImageObject","inLanguage":"es-CL","@id":"https:\/\/explora.cl\/magallanes\/#\/schema\/logo\/image\/","url":"https:\/\/explora.cl\/magallanes\/wp-content\/uploads\/sites\/19\/2021\/06\/cropped-ICONO-COLOR-2.jpg","contentUrl":"https:\/\/explora.cl\/magallanes\/wp-content\/uploads\/sites\/19\/2021\/06\/cropped-ICONO-COLOR-2.jpg","width":1181,"height":1181,"caption":"Magallanes"},"image":{"@id":"https:\/\/explora.cl\/magallanes\/#\/schema\/logo\/image\/"}},{"@type":"Person","@id":"https:\/\/explora.cl\/magallanes\/#\/schema\/person\/cb8349c13ea2d324080adf8480d7ba5d","name":"webman","image":{"@type":"ImageObject","inLanguage":"es-CL","@id":"https:\/\/explora.cl\/magallanes\/#\/schema\/person\/image\/","url":"https:\/\/secure.gravatar.com\/avatar\/eeff3c82f2c02f7177d13663b7e6f890e9a6a0647ce9bb29cae02dcb094c7312?s=96&d=mm&r=g","contentUrl":"https:\/\/secure.gravatar.com\/avatar\/eeff3c82f2c02f7177d13663b7e6f890e9a6a0647ce9bb29cae02dcb094c7312?s=96&d=mm&r=g","caption":"webman"},"url":"https:\/\/explora.cl\/magallanes\/author\/webman\/"}]}},"_links":{"self":[{"href":"https:\/\/explora.cl\/magallanes\/wp-json\/wp\/v2\/posts\/37227","targetHints":{"allow":["GET"]}}],"collection":[{"href":"https:\/\/explora.cl\/magallanes\/wp-json\/wp\/v2\/posts"}],"about":[{"href":"https:\/\/explora.cl\/magallanes\/wp-json\/wp\/v2\/types\/post"}],"author":[{"embeddable":true,"href":"https:\/\/explora.cl\/magallanes\/wp-json\/wp\/v2\/users\/2"}],"replies":[{"embeddable":true,"href":"https:\/\/explora.cl\/magallanes\/wp-json\/wp\/v2\/comments?post=37227"}],"version-history":[{"count":1,"href":"https:\/\/explora.cl\/magallanes\/wp-json\/wp\/v2\/posts\/37227\/revisions"}],"predecessor-version":[{"id":37579,"href":"https:\/\/explora.cl\/magallanes\/wp-json\/wp\/v2\/posts\/37227\/revisions\/37579"}],"wp:featuredmedia":[{"embeddable":true,"href":"https:\/\/explora.cl\/magallanes\/wp-json\/wp\/v2\/media\/37228"}],"wp:attachment":[{"href":"https:\/\/explora.cl\/magallanes\/wp-json\/wp\/v2\/media?parent=37227"}],"wp:term":[{"taxonomy":"category","embeddable":true,"href":"https:\/\/explora.cl\/magallanes\/wp-json\/wp\/v2\/categories?post=37227"},{"taxonomy":"post_tag","embeddable":true,"href":"https:\/\/explora.cl\/magallanes\/wp-json\/wp\/v2\/tags?post=37227"}],"curies":[{"name":"wp","href":"https:\/\/api.w.org\/{rel}","templated":true}]}}