{"id":36907,"date":"2018-10-05T21:33:14","date_gmt":"2018-10-06T01:33:14","guid":{"rendered":"https:\/\/explora.cl\/blog\/2018\/10\/05\/este-viernes-se-realizo-el-lanzamiento-oficial-de-la-semana-nacional-de-la-ciencia-y-la-tecnologia\/"},"modified":"2019-05-20T21:34:21","modified_gmt":"2019-05-20T21:34:21","slug":"este-viernes-se-realizo-el-lanzamiento-oficial-de-la-semana-nacional-de-la-ciencia-y-la-tecnologia","status":"publish","type":"post","link":"https:\/\/explora.cl\/magallanes\/este-viernes-se-realizo-el-lanzamiento-oficial-de-la-semana-nacional-de-la-ciencia-y-la-tecnologia\/","title":{"rendered":"Este viernes se realiz\u00f3 el lanzamiento oficial de la Semana Nacional de la Ciencia y la Tecnolog\u00eda"},"content":{"rendered":"<h5>\u00a0<img fetchpriority=\"high\" decoding=\"async\" class=\" size-full wp-image-36905\" src=\"https:\/\/explora.cl\/wp-content\/uploads\/2018\/10\/IMG_1179.jpg\" alt=\"IMG 1179\" width=\"1343\" height=\"895\" \/><\/h5>\n<h5><strong>La iniciativa organizada por PAR Explora de CONICYT, Magallanes y de la Ant\u00e1rtica Chilena, se desarrollar\u00e1 del 8 al 12 de octubre con diversas actividades en todas las comundas de la regi\u00f3n.\u00a0<\/strong><\/h5>\n<p style=\"text-align: justify\">En el Museo del Recuerdo, ubicado en el Instituto de la Patagonia, se dio inicio oficial a las actividades de la <strong>Semana Nacional de la Ciencia y la Tecnolog\u00eda<\/strong>, organizado por el Proyecto Asociativo Regional (PAR), Explora de CONICYT, Regi\u00f3n de Magallanes y de la Ant\u00e1rtica Chilena, y ejecutado por la Universidad de Magallanes.<\/p>\n<p style=\"text-align: justify\"><strong>Claudia Salinas<\/strong>,<strong> Directora de PAR Explora de CONICYT, Regi\u00f3n de Magallanes y de la Ant\u00e1rtica Chilena<\/strong>, coment\u00f3 que la importancia de esta iniciativa es \u201cpoder <strong>generar curiosidad en torno a la ciencia y la tecnolog\u00eda<\/strong>, y pese a que nosotros trabajamos generalmente con escolares, en esta semana de actividades queremos que la comunidad tambi\u00e9n se nos una, y que todos puedan aprender y disfrutar\u201d.<\/p>\n<p style=\"text-align: justify\">En la oportunidad tambi\u00e9n se hicieron presentes diversas autoridades regionales, entre ellas el <strong>intendente (s) Nicol\u00e1s Cogler,<\/strong> quien asegur\u00f3 que la ciencia es un tema muy relevante para Magallanes m\u00e1s a\u00fan cuando los indicadores posicionan a esta tem\u00e1tica por sobre el turismo en la regi\u00f3n.<\/p>\n<p style=\"text-align: justify\">\u201cEn esta Semana <strong>la invitaci\u00f3n es a hablar un poco m\u00e1s de ciencia, a vincularse con el medio, y por supuesto poder transmitir este desarrollo cient\u00edfico y tecnol\u00f3gico a los vecinos y la comunidad en general\u201d<\/strong>, explic\u00f3 la autoridad.<\/p>\n<p style=\"text-align: justify\">Por su parte el <strong>seremi de Educaci\u00f3n asever\u00f3 que \u201cuna vez que aterrizamos la ciencia a nuestra realidad le vamos encontrando un sentido que realmente da la posibilidad sobre todo a los m\u00e1s peque\u00f1os a que vayan entendiendo el porqu\u00e9 de las cosas.<\/strong> De ah\u00ed tambi\u00e9n las felicitaciones a las autoridades universitarias y a quienes est\u00e1n implicados en estas actividades por el m\u00e9rito de llevar esta celebraci\u00f3n a los distintos rincones de Magallanes\u201d.<\/p>\n<p style=\"text-align: justify\"><strong>Desde hace 24 a\u00f1os, CONICYT organiza esta celebraci\u00f3n en torno a la ciencia y la tecnolog\u00eda considerada la m\u00e1s antigua a nivel nacional y con presencia en todas las regiones del pa\u00eds. De ah\u00ed que la invitaci\u00f3n en esta semana de actividades sea a motivar y acercar a los magall\u00e1nicos a conocer el desarrollo y beneficio de la ciencia y la tecnolog\u00eda, a trav\u00e9s de diferentes iniciativas abiertas a todo p\u00fablico y totalmente gratuitas.<\/strong><\/p>\n<p style=\"text-align: justify\"><strong>PANORAMAS PARA TODOS LOS GUSTOS<\/strong><\/p>\n<p style=\"text-align: justify\">Desde el lunes 8 de octubre se dar\u00e1n inicio a las actividades conmemorativas por el Mes de la Ciencia, comenzando con \u201cNi\u00f1@s preguntan, la ciencia responde\u201d, a contar de las 8.30 hora en el auditorio Ernesto Livacic, en la Universidad de Magallanes.<\/p>\n<p style=\"text-align: justify\">Otra de las actividades destacadas es el seminario \u201cMigraci\u00f3n en Magallanes, comprendiendo una realidad\u201d, donde se abordar\u00e1 el fen\u00f3meno migratorio presente en la regi\u00f3n, la cual a lo largo de su \u00a0historia ha forjado una cultura propia gracias a quienes llegan a la zona en busca de oportunidades.<\/p>\n<p style=\"text-align: justify\">Finalmente para el viernes est\u00e1 contemplada la \u201cFiesta de la Ciencia\u201d, actividad masiva y gratuita que se celebrar\u00e1 simult\u00e1neamente en Punta Arenas, Porvenir, Puerto Natales y Puerto Williams.<\/p>\n<p><img decoding=\"async\" class=\" size-full wp-image-36906\" style=\"margin-left: auto;margin-right: auto\" src=\"https:\/\/explora.cl\/wp-content\/uploads\/2018\/10\/actividades_sncyt_2018_magallanes.png\" alt=\"actividades sncyt 2018 magallanes\" width=\"614\" height=\"664\" \/><\/p>\n","protected":false},"excerpt":{"rendered":"<p>\u00a0 La iniciativa organizada por PAR Explora de CONICYT, Magallanes y de la Ant\u00e1rtica Chilena, se desarrollar\u00e1 del 8 al 12 de octubre con diversas actividades en todas las comundas de la regi\u00f3n.\u00a0 En el Museo del Recuerdo, ubicado en el Instituto de la Patagonia, se dio inicio oficial a las actividades de la Semana [&hellip;]<\/p>\n","protected":false},"author":2,"featured_media":37276,"comment_status":"closed","ping_status":"open","sticky":false,"template":"","format":"standard","meta":{"_acf_changed":false,"_exactmetrics_skip_tracking":false,"_exactmetrics_sitenote_active":false,"_exactmetrics_sitenote_note":"","_exactmetrics_sitenote_category":0,"footnotes":"","_links_to":"","_links_to_target":""},"categories":[4],"tags":[107,255,23,256,257,240,236,258,106,114,76,246,259],"class_list":["post-36907","post","type-post","status-publish","format-standard","has-post-thumbnail","hentry","category-noticias","tag-ciencia","tag-claudia-salinas","tag-explora","tag-explora-de-conicyt","tag-fiesta-de-la-ciencia","tag-magallanes","tag-par-explora-magallanes","tag-patagonia","tag-semana-de-la-ciencia","tag-sncyt","tag-tecnologia","tag-umag","tag-universidad-de-magallanes"],"acf":[],"yoast_head":"<!-- This site is optimized with the Yoast SEO plugin v26.9 - https:\/\/yoast.com\/product\/yoast-seo-wordpress\/ -->\n<title>Este viernes se realiz\u00f3 el lanzamiento oficial de la Semana Nacional de la Ciencia y la Tecnolog\u00eda - Magallanes<\/title>\n<meta name=\"robots\" content=\"index, follow, max-snippet:-1, max-image-preview:large, max-video-preview:-1\" \/>\n<link rel=\"canonical\" href=\"https:\/\/explora.cl\/magallanes\/este-viernes-se-realizo-el-lanzamiento-oficial-de-la-semana-nacional-de-la-ciencia-y-la-tecnologia\/\" class=\"yoast-seo-meta-tag\" \/>\n<meta property=\"og:locale\" content=\"es_ES\" class=\"yoast-seo-meta-tag\" \/>\n<meta property=\"og:type\" content=\"article\" class=\"yoast-seo-meta-tag\" \/>\n<meta property=\"og:title\" content=\"Este viernes se realiz\u00f3 el lanzamiento oficial de la Semana Nacional de la Ciencia y la Tecnolog\u00eda - Magallanes\" class=\"yoast-seo-meta-tag\" \/>\n<meta property=\"og:description\" content=\"\u00a0 La iniciativa organizada por PAR Explora de CONICYT, Magallanes y de la Ant\u00e1rtica Chilena, se desarrollar\u00e1 del 8 al 12 de octubre con diversas actividades en todas las comundas de la regi\u00f3n.\u00a0 En el Museo del Recuerdo, ubicado en el Instituto de la Patagonia, se dio inicio oficial a las actividades de la Semana [&hellip;]\" class=\"yoast-seo-meta-tag\" \/>\n<meta property=\"og:url\" content=\"https:\/\/explora.cl\/magallanes\/este-viernes-se-realizo-el-lanzamiento-oficial-de-la-semana-nacional-de-la-ciencia-y-la-tecnologia\/\" class=\"yoast-seo-meta-tag\" \/>\n<meta property=\"og:site_name\" content=\"Magallanes\" class=\"yoast-seo-meta-tag\" \/>\n<meta property=\"article:published_time\" content=\"2018-10-06T01:33:14+00:00\" class=\"yoast-seo-meta-tag\" \/>\n<meta property=\"article:modified_time\" content=\"2019-05-20T21:34:21+00:00\" class=\"yoast-seo-meta-tag\" \/>\n<meta property=\"og:image\" content=\"https:\/\/explora.cl\/magallanes\/wp-content\/uploads\/sites\/19\/2018\/10\/sncyt.jpg\" class=\"yoast-seo-meta-tag\" \/>\n\t<meta property=\"og:image:width\" content=\"896\" class=\"yoast-seo-meta-tag\" \/>\n\t<meta property=\"og:image:height\" content=\"672\" class=\"yoast-seo-meta-tag\" \/>\n\t<meta property=\"og:image:type\" content=\"image\/jpeg\" class=\"yoast-seo-meta-tag\" \/>\n<meta name=\"author\" content=\"webman\" class=\"yoast-seo-meta-tag\" \/>\n<meta name=\"twitter:card\" content=\"summary_large_image\" class=\"yoast-seo-meta-tag\" \/>\n<meta name=\"twitter:label1\" content=\"Escrito por\" class=\"yoast-seo-meta-tag\" \/>\n\t<meta name=\"twitter:data1\" content=\"webman\" class=\"yoast-seo-meta-tag\" \/>\n\t<meta name=\"twitter:label2\" content=\"Tiempo estimado de lectura\" class=\"yoast-seo-meta-tag\" \/>\n\t<meta name=\"twitter:data2\" content=\"3 minutos\" class=\"yoast-seo-meta-tag\" \/>\n<script type=\"application\/ld+json\" class=\"yoast-schema-graph\">{\"@context\":\"https:\/\/schema.org\",\"@graph\":[{\"@type\":\"Article\",\"@id\":\"https:\/\/explora.cl\/magallanes\/este-viernes-se-realizo-el-lanzamiento-oficial-de-la-semana-nacional-de-la-ciencia-y-la-tecnologia\/#article\",\"isPartOf\":{\"@id\":\"https:\/\/explora.cl\/magallanes\/este-viernes-se-realizo-el-lanzamiento-oficial-de-la-semana-nacional-de-la-ciencia-y-la-tecnologia\/\"},\"author\":{\"name\":\"webman\",\"@id\":\"https:\/\/explora.cl\/magallanes\/#\/schema\/person\/cb8349c13ea2d324080adf8480d7ba5d\"},\"headline\":\"Este viernes se realiz\u00f3 el lanzamiento oficial de la Semana Nacional de la Ciencia y la Tecnolog\u00eda\",\"datePublished\":\"2018-10-06T01:33:14+00:00\",\"dateModified\":\"2019-05-20T21:34:21+00:00\",\"mainEntityOfPage\":{\"@id\":\"https:\/\/explora.cl\/magallanes\/este-viernes-se-realizo-el-lanzamiento-oficial-de-la-semana-nacional-de-la-ciencia-y-la-tecnologia\/\"},\"wordCount\":559,\"publisher\":{\"@id\":\"https:\/\/explora.cl\/magallanes\/#organization\"},\"image\":{\"@id\":\"https:\/\/explora.cl\/magallanes\/este-viernes-se-realizo-el-lanzamiento-oficial-de-la-semana-nacional-de-la-ciencia-y-la-tecnologia\/#primaryimage\"},\"thumbnailUrl\":\"https:\/\/explora.cl\/magallanes\/wp-content\/uploads\/sites\/19\/2018\/10\/sncyt.jpg\",\"keywords\":[\"ciencia\",\"claudia salinas\",\"EXPLORA\",\"explora de conicyt\",\"fiesta de la ciencia\",\"magallanes,\",\"par explora magallanes,\",\"patagonia\",\"semana de la ciencia\",\"sncyt\",\"tecnolog\u00eda\",\"umag,\",\"universidad de magallanes\"],\"articleSection\":[\"Noticias\"],\"inLanguage\":\"es-CL\"},{\"@type\":\"WebPage\",\"@id\":\"https:\/\/explora.cl\/magallanes\/este-viernes-se-realizo-el-lanzamiento-oficial-de-la-semana-nacional-de-la-ciencia-y-la-tecnologia\/\",\"url\":\"https:\/\/explora.cl\/magallanes\/este-viernes-se-realizo-el-lanzamiento-oficial-de-la-semana-nacional-de-la-ciencia-y-la-tecnologia\/\",\"name\":\"Este viernes se realiz\u00f3 el lanzamiento oficial de la Semana Nacional de la Ciencia y la Tecnolog\u00eda - Magallanes\",\"isPartOf\":{\"@id\":\"https:\/\/explora.cl\/magallanes\/#website\"},\"primaryImageOfPage\":{\"@id\":\"https:\/\/explora.cl\/magallanes\/este-viernes-se-realizo-el-lanzamiento-oficial-de-la-semana-nacional-de-la-ciencia-y-la-tecnologia\/#primaryimage\"},\"image\":{\"@id\":\"https:\/\/explora.cl\/magallanes\/este-viernes-se-realizo-el-lanzamiento-oficial-de-la-semana-nacional-de-la-ciencia-y-la-tecnologia\/#primaryimage\"},\"thumbnailUrl\":\"https:\/\/explora.cl\/magallanes\/wp-content\/uploads\/sites\/19\/2018\/10\/sncyt.jpg\",\"datePublished\":\"2018-10-06T01:33:14+00:00\",\"dateModified\":\"2019-05-20T21:34:21+00:00\",\"breadcrumb\":{\"@id\":\"https:\/\/explora.cl\/magallanes\/este-viernes-se-realizo-el-lanzamiento-oficial-de-la-semana-nacional-de-la-ciencia-y-la-tecnologia\/#breadcrumb\"},\"inLanguage\":\"es-CL\",\"potentialAction\":[{\"@type\":\"ReadAction\",\"target\":[\"https:\/\/explora.cl\/magallanes\/este-viernes-se-realizo-el-lanzamiento-oficial-de-la-semana-nacional-de-la-ciencia-y-la-tecnologia\/\"]}]},{\"@type\":\"ImageObject\",\"inLanguage\":\"es-CL\",\"@id\":\"https:\/\/explora.cl\/magallanes\/este-viernes-se-realizo-el-lanzamiento-oficial-de-la-semana-nacional-de-la-ciencia-y-la-tecnologia\/#primaryimage\",\"url\":\"https:\/\/explora.cl\/magallanes\/wp-content\/uploads\/sites\/19\/2018\/10\/sncyt.jpg\",\"contentUrl\":\"https:\/\/explora.cl\/magallanes\/wp-content\/uploads\/sites\/19\/2018\/10\/sncyt.jpg\",\"width\":896,\"height\":672},{\"@type\":\"BreadcrumbList\",\"@id\":\"https:\/\/explora.cl\/magallanes\/este-viernes-se-realizo-el-lanzamiento-oficial-de-la-semana-nacional-de-la-ciencia-y-la-tecnologia\/#breadcrumb\",\"itemListElement\":[{\"@type\":\"ListItem\",\"position\":1,\"name\":\"Portada\",\"item\":\"https:\/\/explora.cl\/magallanes\/\"},{\"@type\":\"ListItem\",\"position\":2,\"name\":\"Este viernes se realiz\u00f3 el lanzamiento oficial de la Semana Nacional de la Ciencia y la Tecnolog\u00eda\"}]},{\"@type\":\"WebSite\",\"@id\":\"https:\/\/explora.cl\/magallanes\/#website\",\"url\":\"https:\/\/explora.cl\/magallanes\/\",\"name\":\"Magallanes\",\"description\":\"Otro sitio m\u00e1s de explora.cl\",\"publisher\":{\"@id\":\"https:\/\/explora.cl\/magallanes\/#organization\"},\"potentialAction\":[{\"@type\":\"SearchAction\",\"target\":{\"@type\":\"EntryPoint\",\"urlTemplate\":\"https:\/\/explora.cl\/magallanes\/?s={search_term_string}\"},\"query-input\":{\"@type\":\"PropertyValueSpecification\",\"valueRequired\":true,\"valueName\":\"search_term_string\"}}],\"inLanguage\":\"es-CL\"},{\"@type\":\"Organization\",\"@id\":\"https:\/\/explora.cl\/magallanes\/#organization\",\"name\":\"Magallanes\",\"url\":\"https:\/\/explora.cl\/magallanes\/\",\"logo\":{\"@type\":\"ImageObject\",\"inLanguage\":\"es-CL\",\"@id\":\"https:\/\/explora.cl\/magallanes\/#\/schema\/logo\/image\/\",\"url\":\"https:\/\/explora.cl\/magallanes\/wp-content\/uploads\/sites\/19\/2021\/06\/cropped-ICONO-COLOR-2.jpg\",\"contentUrl\":\"https:\/\/explora.cl\/magallanes\/wp-content\/uploads\/sites\/19\/2021\/06\/cropped-ICONO-COLOR-2.jpg\",\"width\":1181,\"height\":1181,\"caption\":\"Magallanes\"},\"image\":{\"@id\":\"https:\/\/explora.cl\/magallanes\/#\/schema\/logo\/image\/\"}},{\"@type\":\"Person\",\"@id\":\"https:\/\/explora.cl\/magallanes\/#\/schema\/person\/cb8349c13ea2d324080adf8480d7ba5d\",\"name\":\"webman\",\"image\":{\"@type\":\"ImageObject\",\"inLanguage\":\"es-CL\",\"@id\":\"https:\/\/explora.cl\/magallanes\/#\/schema\/person\/image\/\",\"url\":\"https:\/\/secure.gravatar.com\/avatar\/eeff3c82f2c02f7177d13663b7e6f890e9a6a0647ce9bb29cae02dcb094c7312?s=96&d=mm&r=g\",\"contentUrl\":\"https:\/\/secure.gravatar.com\/avatar\/eeff3c82f2c02f7177d13663b7e6f890e9a6a0647ce9bb29cae02dcb094c7312?s=96&d=mm&r=g\",\"caption\":\"webman\"},\"url\":\"https:\/\/explora.cl\/magallanes\/author\/webman\/\"}]}<\/script>\n<!-- \/ Yoast SEO plugin. -->","yoast_head_json":{"title":"Este viernes se realiz\u00f3 el lanzamiento oficial de la Semana Nacional de la Ciencia y la Tecnolog\u00eda - Magallanes","robots":{"index":"index","follow":"follow","max-snippet":"max-snippet:-1","max-image-preview":"max-image-preview:large","max-video-preview":"max-video-preview:-1"},"canonical":"https:\/\/explora.cl\/magallanes\/este-viernes-se-realizo-el-lanzamiento-oficial-de-la-semana-nacional-de-la-ciencia-y-la-tecnologia\/","og_locale":"es_ES","og_type":"article","og_title":"Este viernes se realiz\u00f3 el lanzamiento oficial de la Semana Nacional de la Ciencia y la Tecnolog\u00eda - Magallanes","og_description":"\u00a0 La iniciativa organizada por PAR Explora de CONICYT, Magallanes y de la Ant\u00e1rtica Chilena, se desarrollar\u00e1 del 8 al 12 de octubre con diversas actividades en todas las comundas de la regi\u00f3n.\u00a0 En el Museo del Recuerdo, ubicado en el Instituto de la Patagonia, se dio inicio oficial a las actividades de la Semana [&hellip;]","og_url":"https:\/\/explora.cl\/magallanes\/este-viernes-se-realizo-el-lanzamiento-oficial-de-la-semana-nacional-de-la-ciencia-y-la-tecnologia\/","og_site_name":"Magallanes","article_published_time":"2018-10-06T01:33:14+00:00","article_modified_time":"2019-05-20T21:34:21+00:00","og_image":[{"width":896,"height":672,"url":"https:\/\/explora.cl\/magallanes\/wp-content\/uploads\/sites\/19\/2018\/10\/sncyt.jpg","type":"image\/jpeg"}],"author":"webman","twitter_card":"summary_large_image","twitter_misc":{"Escrito por":"webman","Tiempo estimado de lectura":"3 minutos"},"schema":{"@context":"https:\/\/schema.org","@graph":[{"@type":"Article","@id":"https:\/\/explora.cl\/magallanes\/este-viernes-se-realizo-el-lanzamiento-oficial-de-la-semana-nacional-de-la-ciencia-y-la-tecnologia\/#article","isPartOf":{"@id":"https:\/\/explora.cl\/magallanes\/este-viernes-se-realizo-el-lanzamiento-oficial-de-la-semana-nacional-de-la-ciencia-y-la-tecnologia\/"},"author":{"name":"webman","@id":"https:\/\/explora.cl\/magallanes\/#\/schema\/person\/cb8349c13ea2d324080adf8480d7ba5d"},"headline":"Este viernes se realiz\u00f3 el lanzamiento oficial de la Semana Nacional de la Ciencia y la Tecnolog\u00eda","datePublished":"2018-10-06T01:33:14+00:00","dateModified":"2019-05-20T21:34:21+00:00","mainEntityOfPage":{"@id":"https:\/\/explora.cl\/magallanes\/este-viernes-se-realizo-el-lanzamiento-oficial-de-la-semana-nacional-de-la-ciencia-y-la-tecnologia\/"},"wordCount":559,"publisher":{"@id":"https:\/\/explora.cl\/magallanes\/#organization"},"image":{"@id":"https:\/\/explora.cl\/magallanes\/este-viernes-se-realizo-el-lanzamiento-oficial-de-la-semana-nacional-de-la-ciencia-y-la-tecnologia\/#primaryimage"},"thumbnailUrl":"https:\/\/explora.cl\/magallanes\/wp-content\/uploads\/sites\/19\/2018\/10\/sncyt.jpg","keywords":["ciencia","claudia salinas","EXPLORA","explora de conicyt","fiesta de la ciencia","magallanes,","par explora magallanes,","patagonia","semana de la ciencia","sncyt","tecnolog\u00eda","umag,","universidad de magallanes"],"articleSection":["Noticias"],"inLanguage":"es-CL"},{"@type":"WebPage","@id":"https:\/\/explora.cl\/magallanes\/este-viernes-se-realizo-el-lanzamiento-oficial-de-la-semana-nacional-de-la-ciencia-y-la-tecnologia\/","url":"https:\/\/explora.cl\/magallanes\/este-viernes-se-realizo-el-lanzamiento-oficial-de-la-semana-nacional-de-la-ciencia-y-la-tecnologia\/","name":"Este viernes se realiz\u00f3 el lanzamiento oficial de la Semana Nacional de la Ciencia y la Tecnolog\u00eda - Magallanes","isPartOf":{"@id":"https:\/\/explora.cl\/magallanes\/#website"},"primaryImageOfPage":{"@id":"https:\/\/explora.cl\/magallanes\/este-viernes-se-realizo-el-lanzamiento-oficial-de-la-semana-nacional-de-la-ciencia-y-la-tecnologia\/#primaryimage"},"image":{"@id":"https:\/\/explora.cl\/magallanes\/este-viernes-se-realizo-el-lanzamiento-oficial-de-la-semana-nacional-de-la-ciencia-y-la-tecnologia\/#primaryimage"},"thumbnailUrl":"https:\/\/explora.cl\/magallanes\/wp-content\/uploads\/sites\/19\/2018\/10\/sncyt.jpg","datePublished":"2018-10-06T01:33:14+00:00","dateModified":"2019-05-20T21:34:21+00:00","breadcrumb":{"@id":"https:\/\/explora.cl\/magallanes\/este-viernes-se-realizo-el-lanzamiento-oficial-de-la-semana-nacional-de-la-ciencia-y-la-tecnologia\/#breadcrumb"},"inLanguage":"es-CL","potentialAction":[{"@type":"ReadAction","target":["https:\/\/explora.cl\/magallanes\/este-viernes-se-realizo-el-lanzamiento-oficial-de-la-semana-nacional-de-la-ciencia-y-la-tecnologia\/"]}]},{"@type":"ImageObject","inLanguage":"es-CL","@id":"https:\/\/explora.cl\/magallanes\/este-viernes-se-realizo-el-lanzamiento-oficial-de-la-semana-nacional-de-la-ciencia-y-la-tecnologia\/#primaryimage","url":"https:\/\/explora.cl\/magallanes\/wp-content\/uploads\/sites\/19\/2018\/10\/sncyt.jpg","contentUrl":"https:\/\/explora.cl\/magallanes\/wp-content\/uploads\/sites\/19\/2018\/10\/sncyt.jpg","width":896,"height":672},{"@type":"BreadcrumbList","@id":"https:\/\/explora.cl\/magallanes\/este-viernes-se-realizo-el-lanzamiento-oficial-de-la-semana-nacional-de-la-ciencia-y-la-tecnologia\/#breadcrumb","itemListElement":[{"@type":"ListItem","position":1,"name":"Portada","item":"https:\/\/explora.cl\/magallanes\/"},{"@type":"ListItem","position":2,"name":"Este viernes se realiz\u00f3 el lanzamiento oficial de la Semana Nacional de la Ciencia y la Tecnolog\u00eda"}]},{"@type":"WebSite","@id":"https:\/\/explora.cl\/magallanes\/#website","url":"https:\/\/explora.cl\/magallanes\/","name":"Magallanes","description":"Otro sitio m\u00e1s de explora.cl","publisher":{"@id":"https:\/\/explora.cl\/magallanes\/#organization"},"potentialAction":[{"@type":"SearchAction","target":{"@type":"EntryPoint","urlTemplate":"https:\/\/explora.cl\/magallanes\/?s={search_term_string}"},"query-input":{"@type":"PropertyValueSpecification","valueRequired":true,"valueName":"search_term_string"}}],"inLanguage":"es-CL"},{"@type":"Organization","@id":"https:\/\/explora.cl\/magallanes\/#organization","name":"Magallanes","url":"https:\/\/explora.cl\/magallanes\/","logo":{"@type":"ImageObject","inLanguage":"es-CL","@id":"https:\/\/explora.cl\/magallanes\/#\/schema\/logo\/image\/","url":"https:\/\/explora.cl\/magallanes\/wp-content\/uploads\/sites\/19\/2021\/06\/cropped-ICONO-COLOR-2.jpg","contentUrl":"https:\/\/explora.cl\/magallanes\/wp-content\/uploads\/sites\/19\/2021\/06\/cropped-ICONO-COLOR-2.jpg","width":1181,"height":1181,"caption":"Magallanes"},"image":{"@id":"https:\/\/explora.cl\/magallanes\/#\/schema\/logo\/image\/"}},{"@type":"Person","@id":"https:\/\/explora.cl\/magallanes\/#\/schema\/person\/cb8349c13ea2d324080adf8480d7ba5d","name":"webman","image":{"@type":"ImageObject","inLanguage":"es-CL","@id":"https:\/\/explora.cl\/magallanes\/#\/schema\/person\/image\/","url":"https:\/\/secure.gravatar.com\/avatar\/eeff3c82f2c02f7177d13663b7e6f890e9a6a0647ce9bb29cae02dcb094c7312?s=96&d=mm&r=g","contentUrl":"https:\/\/secure.gravatar.com\/avatar\/eeff3c82f2c02f7177d13663b7e6f890e9a6a0647ce9bb29cae02dcb094c7312?s=96&d=mm&r=g","caption":"webman"},"url":"https:\/\/explora.cl\/magallanes\/author\/webman\/"}]}},"_links":{"self":[{"href":"https:\/\/explora.cl\/magallanes\/wp-json\/wp\/v2\/posts\/36907","targetHints":{"allow":["GET"]}}],"collection":[{"href":"https:\/\/explora.cl\/magallanes\/wp-json\/wp\/v2\/posts"}],"about":[{"href":"https:\/\/explora.cl\/magallanes\/wp-json\/wp\/v2\/types\/post"}],"author":[{"embeddable":true,"href":"https:\/\/explora.cl\/magallanes\/wp-json\/wp\/v2\/users\/2"}],"replies":[{"embeddable":true,"href":"https:\/\/explora.cl\/magallanes\/wp-json\/wp\/v2\/comments?post=36907"}],"version-history":[{"count":1,"href":"https:\/\/explora.cl\/magallanes\/wp-json\/wp\/v2\/posts\/36907\/revisions"}],"predecessor-version":[{"id":37580,"href":"https:\/\/explora.cl\/magallanes\/wp-json\/wp\/v2\/posts\/36907\/revisions\/37580"}],"wp:featuredmedia":[{"embeddable":true,"href":"https:\/\/explora.cl\/magallanes\/wp-json\/wp\/v2\/media\/37276"}],"wp:attachment":[{"href":"https:\/\/explora.cl\/magallanes\/wp-json\/wp\/v2\/media?parent=36907"}],"wp:term":[{"taxonomy":"category","embeddable":true,"href":"https:\/\/explora.cl\/magallanes\/wp-json\/wp\/v2\/categories?post=36907"},{"taxonomy":"post_tag","embeddable":true,"href":"https:\/\/explora.cl\/magallanes\/wp-json\/wp\/v2\/tags?post=36907"}],"curies":[{"name":"wp","href":"https:\/\/api.w.org\/{rel}","templated":true}]}}