{"id":367,"date":"2016-06-02T00:00:00","date_gmt":"2016-06-02T04:00:00","guid":{"rendered":"https:\/\/explora.cl\/magallanes\/blog\/2016\/06\/02\/iv-torneo-interescolar-de-debates-en-ciencia-y-tecnologia\/"},"modified":"2019-05-20T21:38:17","modified_gmt":"2019-05-20T21:38:17","slug":"iv-torneo-interescolar-de-debates-en-ciencia-y-tecnologia","status":"publish","type":"post","link":"https:\/\/explora.cl\/magallanes\/iv-torneo-interescolar-de-debates-en-ciencia-y-tecnologia\/","title":{"rendered":"IV Torneo Interescolar de Debates en Ciencia y Tecnolog\u00eda"},"content":{"rendered":"<p style=\"text-align: justify\"><img fetchpriority=\"high\" decoding=\"async\" class=\" size-full wp-image-17889\" src=\"http:\/\/ec2-54-245-22-188.us-west-2.compute.amazonaws.com\/wp-content\/uploads\/2016\/06\/9e5240d2cff702b53c77c05fa5d24be3_L.jpg\" alt=\"\" width=\"600\" height=\"217\" \/><\/p>\n<p style=\"text-align: justify\">PAR Explora Magallanes y Ant\u00e1rtica Chilena tiene el agrado de invitarlos a participar del\u00a0 IV Torneo Interescolar de Debates en Ciencia y Tecnolog\u00eda. Este evento est\u00e1 destinado a grupos de estudiantes de 1\u00ba a 4\u00ba medio, interesados en investigar, escuchar y argumentar diferentes posturas.<\/p>\n<p style=\"text-align: justify\">La iniciativa busca fortalecer en las y los j\u00f3venes habilidades de pensamiento cr\u00edtico en el contexto de discusi\u00f3n e identificaci\u00f3n de distintos puntos de vista en conflicto, mediante discursos argumentativos orientados a la resoluci\u00f3n razonada del problema.<\/p>\n<p style=\"text-align: justify\">Para inscribir equipos hay plazo hasta el martes 14 de junio, ya que los d\u00edas 17 y 18 se realizar\u00e1 una capacitaci\u00f3n para profesores y estudiantes.<\/p>\n<p>Se adjunta formulario de inscripci\u00f3n.<\/p>\n<p>Para m\u00e1s informaci\u00f3n escribir a <a href=\"mailto:magallanes.explora@gmail.com\">magallanes.explora@gmail.com<\/a><\/p>\n<p><span style=\"margin: 0px;padding: 0px 4px 0px 0px;border: 0px;color: #555555;font-weight: bold;font-family: 'Trebuchet MS', helvetica, arial, sans-serif;font-size: 15px\">Descargar archivos adjuntos:<\/span><span style=\"color: #666666;font-family: 'Trebuchet MS', helvetica, arial, sans-serif;font-size: 15px\">\u00a0<\/span><\/p>\n<ul class=\"itemAttachments\" style=\"margin: 0px;padding: 0px;border: 0px;color: #666666;font-family: 'Trebuchet MS', helvetica, arial, sans-serif;font-size: 15px\">\n<li style=\"margin: 0px;padding: 0px 4px;border: 0px;background-image: url('http:\/\/regiones.explora.cl\/plugins\/system\/jat3\/jat3\/base-themes\/default\/images\/bullet.gif');line-height: 24px;overflow: hidden;text-align: center;background-position: 20px 7px\"><a style=\"margin: 0px;padding: 0px;border: 0px;color: #666666;cursor: pointer\" title=\"Inscripcion_Torneo_de_Debates_1.docx\" href=\"http:\/\/regiones.explora.cl\/magallanes\/noticias-magallanes\/download\/1628_8e19364b136bd948f2f52535907bc14f\">Inscripci\u00f3n IV Torneo Interescolar de Debates<\/a><\/li>\n<\/ul>\n","protected":false},"excerpt":{"rendered":"<p>PAR Explora Magallanes y Ant\u00e1rtica Chilena tiene el agrado de invitarlos a participar del\u00a0 IV Torneo Interescolar de Debates en Ciencia y Tecnolog\u00eda. Este evento est\u00e1 destinado a grupos de estudiantes de 1\u00ba a 4\u00ba medio, interesados en investigar, escuchar y argumentar diferentes posturas. La iniciativa busca fortalecer en las y los j\u00f3venes habilidades de [&hellip;]<\/p>\n","protected":false},"author":2,"featured_media":368,"comment_status":"open","ping_status":"open","sticky":false,"template":"","format":"standard","meta":{"_acf_changed":false,"_exactmetrics_skip_tracking":false,"_exactmetrics_sitenote_active":false,"_exactmetrics_sitenote_note":"","_exactmetrics_sitenote_category":0,"footnotes":"","_links_to":"","_links_to_target":""},"categories":[4],"tags":[],"class_list":["post-367","post","type-post","status-publish","format-standard","has-post-thumbnail","hentry","category-noticias"],"acf":[],"yoast_head":"<!-- This site is optimized with the Yoast SEO plugin v26.9 - https:\/\/yoast.com\/product\/yoast-seo-wordpress\/ -->\n<title>IV Torneo Interescolar de Debates en Ciencia y Tecnolog\u00eda - Magallanes<\/title>\n<meta name=\"robots\" content=\"index, follow, max-snippet:-1, max-image-preview:large, max-video-preview:-1\" \/>\n<link rel=\"canonical\" href=\"https:\/\/explora.cl\/magallanes\/iv-torneo-interescolar-de-debates-en-ciencia-y-tecnologia\/\" class=\"yoast-seo-meta-tag\" \/>\n<meta property=\"og:locale\" content=\"es_ES\" class=\"yoast-seo-meta-tag\" \/>\n<meta property=\"og:type\" content=\"article\" class=\"yoast-seo-meta-tag\" \/>\n<meta property=\"og:title\" content=\"IV Torneo Interescolar de Debates en Ciencia y Tecnolog\u00eda - Magallanes\" class=\"yoast-seo-meta-tag\" \/>\n<meta property=\"og:description\" content=\"PAR Explora Magallanes y Ant\u00e1rtica Chilena tiene el agrado de invitarlos a participar del\u00a0 IV Torneo Interescolar de Debates en Ciencia y Tecnolog\u00eda. Este evento est\u00e1 destinado a grupos de estudiantes de 1\u00ba a 4\u00ba medio, interesados en investigar, escuchar y argumentar diferentes posturas. La iniciativa busca fortalecer en las y los j\u00f3venes habilidades de [&hellip;]\" class=\"yoast-seo-meta-tag\" \/>\n<meta property=\"og:url\" content=\"https:\/\/explora.cl\/magallanes\/iv-torneo-interescolar-de-debates-en-ciencia-y-tecnologia\/\" class=\"yoast-seo-meta-tag\" \/>\n<meta property=\"og:site_name\" content=\"Magallanes\" class=\"yoast-seo-meta-tag\" \/>\n<meta property=\"article:published_time\" content=\"2016-06-02T04:00:00+00:00\" class=\"yoast-seo-meta-tag\" \/>\n<meta property=\"article:modified_time\" content=\"2019-05-20T21:38:17+00:00\" class=\"yoast-seo-meta-tag\" \/>\n<meta property=\"og:image\" content=\"https:\/\/explora.cl\/magallanes\/wp-content\/uploads\/sites\/19\/2018\/06\/9e5240d2cff702b53c77c05fa5d24be3_L.jpg\" class=\"yoast-seo-meta-tag\" \/>\n\t<meta property=\"og:image:width\" content=\"600\" class=\"yoast-seo-meta-tag\" \/>\n\t<meta property=\"og:image:height\" content=\"217\" class=\"yoast-seo-meta-tag\" \/>\n\t<meta property=\"og:image:type\" content=\"image\/jpeg\" class=\"yoast-seo-meta-tag\" \/>\n<meta name=\"author\" content=\"webman\" class=\"yoast-seo-meta-tag\" \/>\n<meta name=\"twitter:card\" content=\"summary_large_image\" class=\"yoast-seo-meta-tag\" \/>\n<meta name=\"twitter:label1\" content=\"Escrito por\" class=\"yoast-seo-meta-tag\" \/>\n\t<meta name=\"twitter:data1\" content=\"webman\" class=\"yoast-seo-meta-tag\" \/>\n\t<meta name=\"twitter:label2\" content=\"Tiempo estimado de lectura\" class=\"yoast-seo-meta-tag\" \/>\n\t<meta name=\"twitter:data2\" content=\"1 minuto\" class=\"yoast-seo-meta-tag\" \/>\n<script type=\"application\/ld+json\" class=\"yoast-schema-graph\">{\"@context\":\"https:\/\/schema.org\",\"@graph\":[{\"@type\":\"Article\",\"@id\":\"https:\/\/explora.cl\/magallanes\/iv-torneo-interescolar-de-debates-en-ciencia-y-tecnologia\/#article\",\"isPartOf\":{\"@id\":\"https:\/\/explora.cl\/magallanes\/iv-torneo-interescolar-de-debates-en-ciencia-y-tecnologia\/\"},\"author\":{\"name\":\"webman\",\"@id\":\"https:\/\/explora.cl\/magallanes\/#\/schema\/person\/cb8349c13ea2d324080adf8480d7ba5d\"},\"headline\":\"IV Torneo Interescolar de Debates en Ciencia y Tecnolog\u00eda\",\"datePublished\":\"2016-06-02T04:00:00+00:00\",\"dateModified\":\"2019-05-20T21:38:17+00:00\",\"mainEntityOfPage\":{\"@id\":\"https:\/\/explora.cl\/magallanes\/iv-torneo-interescolar-de-debates-en-ciencia-y-tecnologia\/\"},\"wordCount\":148,\"commentCount\":0,\"publisher\":{\"@id\":\"https:\/\/explora.cl\/magallanes\/#organization\"},\"image\":{\"@id\":\"https:\/\/explora.cl\/magallanes\/iv-torneo-interescolar-de-debates-en-ciencia-y-tecnologia\/#primaryimage\"},\"thumbnailUrl\":\"https:\/\/explora.cl\/magallanes\/wp-content\/uploads\/sites\/19\/2018\/06\/9e5240d2cff702b53c77c05fa5d24be3_L.jpg\",\"articleSection\":[\"Noticias\"],\"inLanguage\":\"es-CL\",\"potentialAction\":[{\"@type\":\"CommentAction\",\"name\":\"Comment\",\"target\":[\"https:\/\/explora.cl\/magallanes\/iv-torneo-interescolar-de-debates-en-ciencia-y-tecnologia\/#respond\"]}]},{\"@type\":\"WebPage\",\"@id\":\"https:\/\/explora.cl\/magallanes\/iv-torneo-interescolar-de-debates-en-ciencia-y-tecnologia\/\",\"url\":\"https:\/\/explora.cl\/magallanes\/iv-torneo-interescolar-de-debates-en-ciencia-y-tecnologia\/\",\"name\":\"IV Torneo Interescolar de Debates en Ciencia y Tecnolog\u00eda - Magallanes\",\"isPartOf\":{\"@id\":\"https:\/\/explora.cl\/magallanes\/#website\"},\"primaryImageOfPage\":{\"@id\":\"https:\/\/explora.cl\/magallanes\/iv-torneo-interescolar-de-debates-en-ciencia-y-tecnologia\/#primaryimage\"},\"image\":{\"@id\":\"https:\/\/explora.cl\/magallanes\/iv-torneo-interescolar-de-debates-en-ciencia-y-tecnologia\/#primaryimage\"},\"thumbnailUrl\":\"https:\/\/explora.cl\/magallanes\/wp-content\/uploads\/sites\/19\/2018\/06\/9e5240d2cff702b53c77c05fa5d24be3_L.jpg\",\"datePublished\":\"2016-06-02T04:00:00+00:00\",\"dateModified\":\"2019-05-20T21:38:17+00:00\",\"breadcrumb\":{\"@id\":\"https:\/\/explora.cl\/magallanes\/iv-torneo-interescolar-de-debates-en-ciencia-y-tecnologia\/#breadcrumb\"},\"inLanguage\":\"es-CL\",\"potentialAction\":[{\"@type\":\"ReadAction\",\"target\":[\"https:\/\/explora.cl\/magallanes\/iv-torneo-interescolar-de-debates-en-ciencia-y-tecnologia\/\"]}]},{\"@type\":\"ImageObject\",\"inLanguage\":\"es-CL\",\"@id\":\"https:\/\/explora.cl\/magallanes\/iv-torneo-interescolar-de-debates-en-ciencia-y-tecnologia\/#primaryimage\",\"url\":\"https:\/\/explora.cl\/magallanes\/wp-content\/uploads\/sites\/19\/2018\/06\/9e5240d2cff702b53c77c05fa5d24be3_L.jpg\",\"contentUrl\":\"https:\/\/explora.cl\/magallanes\/wp-content\/uploads\/sites\/19\/2018\/06\/9e5240d2cff702b53c77c05fa5d24be3_L.jpg\",\"width\":600,\"height\":217},{\"@type\":\"BreadcrumbList\",\"@id\":\"https:\/\/explora.cl\/magallanes\/iv-torneo-interescolar-de-debates-en-ciencia-y-tecnologia\/#breadcrumb\",\"itemListElement\":[{\"@type\":\"ListItem\",\"position\":1,\"name\":\"Portada\",\"item\":\"https:\/\/explora.cl\/magallanes\/\"},{\"@type\":\"ListItem\",\"position\":2,\"name\":\"IV Torneo Interescolar de Debates en Ciencia y Tecnolog\u00eda\"}]},{\"@type\":\"WebSite\",\"@id\":\"https:\/\/explora.cl\/magallanes\/#website\",\"url\":\"https:\/\/explora.cl\/magallanes\/\",\"name\":\"Magallanes\",\"description\":\"Otro sitio m\u00e1s de explora.cl\",\"publisher\":{\"@id\":\"https:\/\/explora.cl\/magallanes\/#organization\"},\"potentialAction\":[{\"@type\":\"SearchAction\",\"target\":{\"@type\":\"EntryPoint\",\"urlTemplate\":\"https:\/\/explora.cl\/magallanes\/?s={search_term_string}\"},\"query-input\":{\"@type\":\"PropertyValueSpecification\",\"valueRequired\":true,\"valueName\":\"search_term_string\"}}],\"inLanguage\":\"es-CL\"},{\"@type\":\"Organization\",\"@id\":\"https:\/\/explora.cl\/magallanes\/#organization\",\"name\":\"Magallanes\",\"url\":\"https:\/\/explora.cl\/magallanes\/\",\"logo\":{\"@type\":\"ImageObject\",\"inLanguage\":\"es-CL\",\"@id\":\"https:\/\/explora.cl\/magallanes\/#\/schema\/logo\/image\/\",\"url\":\"https:\/\/explora.cl\/magallanes\/wp-content\/uploads\/sites\/19\/2021\/06\/cropped-ICONO-COLOR-2.jpg\",\"contentUrl\":\"https:\/\/explora.cl\/magallanes\/wp-content\/uploads\/sites\/19\/2021\/06\/cropped-ICONO-COLOR-2.jpg\",\"width\":1181,\"height\":1181,\"caption\":\"Magallanes\"},\"image\":{\"@id\":\"https:\/\/explora.cl\/magallanes\/#\/schema\/logo\/image\/\"}},{\"@type\":\"Person\",\"@id\":\"https:\/\/explora.cl\/magallanes\/#\/schema\/person\/cb8349c13ea2d324080adf8480d7ba5d\",\"name\":\"webman\",\"image\":{\"@type\":\"ImageObject\",\"inLanguage\":\"es-CL\",\"@id\":\"https:\/\/explora.cl\/magallanes\/#\/schema\/person\/image\/\",\"url\":\"https:\/\/secure.gravatar.com\/avatar\/eeff3c82f2c02f7177d13663b7e6f890e9a6a0647ce9bb29cae02dcb094c7312?s=96&d=mm&r=g\",\"contentUrl\":\"https:\/\/secure.gravatar.com\/avatar\/eeff3c82f2c02f7177d13663b7e6f890e9a6a0647ce9bb29cae02dcb094c7312?s=96&d=mm&r=g\",\"caption\":\"webman\"},\"url\":\"https:\/\/explora.cl\/magallanes\/author\/webman\/\"}]}<\/script>\n<!-- \/ Yoast SEO plugin. -->","yoast_head_json":{"title":"IV Torneo Interescolar de Debates en Ciencia y Tecnolog\u00eda - Magallanes","robots":{"index":"index","follow":"follow","max-snippet":"max-snippet:-1","max-image-preview":"max-image-preview:large","max-video-preview":"max-video-preview:-1"},"canonical":"https:\/\/explora.cl\/magallanes\/iv-torneo-interescolar-de-debates-en-ciencia-y-tecnologia\/","og_locale":"es_ES","og_type":"article","og_title":"IV Torneo Interescolar de Debates en Ciencia y Tecnolog\u00eda - Magallanes","og_description":"PAR Explora Magallanes y Ant\u00e1rtica Chilena tiene el agrado de invitarlos a participar del\u00a0 IV Torneo Interescolar de Debates en Ciencia y Tecnolog\u00eda. Este evento est\u00e1 destinado a grupos de estudiantes de 1\u00ba a 4\u00ba medio, interesados en investigar, escuchar y argumentar diferentes posturas. La iniciativa busca fortalecer en las y los j\u00f3venes habilidades de [&hellip;]","og_url":"https:\/\/explora.cl\/magallanes\/iv-torneo-interescolar-de-debates-en-ciencia-y-tecnologia\/","og_site_name":"Magallanes","article_published_time":"2016-06-02T04:00:00+00:00","article_modified_time":"2019-05-20T21:38:17+00:00","og_image":[{"width":600,"height":217,"url":"https:\/\/explora.cl\/magallanes\/wp-content\/uploads\/sites\/19\/2018\/06\/9e5240d2cff702b53c77c05fa5d24be3_L.jpg","type":"image\/jpeg"}],"author":"webman","twitter_card":"summary_large_image","twitter_misc":{"Escrito por":"webman","Tiempo estimado de lectura":"1 minuto"},"schema":{"@context":"https:\/\/schema.org","@graph":[{"@type":"Article","@id":"https:\/\/explora.cl\/magallanes\/iv-torneo-interescolar-de-debates-en-ciencia-y-tecnologia\/#article","isPartOf":{"@id":"https:\/\/explora.cl\/magallanes\/iv-torneo-interescolar-de-debates-en-ciencia-y-tecnologia\/"},"author":{"name":"webman","@id":"https:\/\/explora.cl\/magallanes\/#\/schema\/person\/cb8349c13ea2d324080adf8480d7ba5d"},"headline":"IV Torneo Interescolar de Debates en Ciencia y Tecnolog\u00eda","datePublished":"2016-06-02T04:00:00+00:00","dateModified":"2019-05-20T21:38:17+00:00","mainEntityOfPage":{"@id":"https:\/\/explora.cl\/magallanes\/iv-torneo-interescolar-de-debates-en-ciencia-y-tecnologia\/"},"wordCount":148,"commentCount":0,"publisher":{"@id":"https:\/\/explora.cl\/magallanes\/#organization"},"image":{"@id":"https:\/\/explora.cl\/magallanes\/iv-torneo-interescolar-de-debates-en-ciencia-y-tecnologia\/#primaryimage"},"thumbnailUrl":"https:\/\/explora.cl\/magallanes\/wp-content\/uploads\/sites\/19\/2018\/06\/9e5240d2cff702b53c77c05fa5d24be3_L.jpg","articleSection":["Noticias"],"inLanguage":"es-CL","potentialAction":[{"@type":"CommentAction","name":"Comment","target":["https:\/\/explora.cl\/magallanes\/iv-torneo-interescolar-de-debates-en-ciencia-y-tecnologia\/#respond"]}]},{"@type":"WebPage","@id":"https:\/\/explora.cl\/magallanes\/iv-torneo-interescolar-de-debates-en-ciencia-y-tecnologia\/","url":"https:\/\/explora.cl\/magallanes\/iv-torneo-interescolar-de-debates-en-ciencia-y-tecnologia\/","name":"IV Torneo Interescolar de Debates en Ciencia y Tecnolog\u00eda - Magallanes","isPartOf":{"@id":"https:\/\/explora.cl\/magallanes\/#website"},"primaryImageOfPage":{"@id":"https:\/\/explora.cl\/magallanes\/iv-torneo-interescolar-de-debates-en-ciencia-y-tecnologia\/#primaryimage"},"image":{"@id":"https:\/\/explora.cl\/magallanes\/iv-torneo-interescolar-de-debates-en-ciencia-y-tecnologia\/#primaryimage"},"thumbnailUrl":"https:\/\/explora.cl\/magallanes\/wp-content\/uploads\/sites\/19\/2018\/06\/9e5240d2cff702b53c77c05fa5d24be3_L.jpg","datePublished":"2016-06-02T04:00:00+00:00","dateModified":"2019-05-20T21:38:17+00:00","breadcrumb":{"@id":"https:\/\/explora.cl\/magallanes\/iv-torneo-interescolar-de-debates-en-ciencia-y-tecnologia\/#breadcrumb"},"inLanguage":"es-CL","potentialAction":[{"@type":"ReadAction","target":["https:\/\/explora.cl\/magallanes\/iv-torneo-interescolar-de-debates-en-ciencia-y-tecnologia\/"]}]},{"@type":"ImageObject","inLanguage":"es-CL","@id":"https:\/\/explora.cl\/magallanes\/iv-torneo-interescolar-de-debates-en-ciencia-y-tecnologia\/#primaryimage","url":"https:\/\/explora.cl\/magallanes\/wp-content\/uploads\/sites\/19\/2018\/06\/9e5240d2cff702b53c77c05fa5d24be3_L.jpg","contentUrl":"https:\/\/explora.cl\/magallanes\/wp-content\/uploads\/sites\/19\/2018\/06\/9e5240d2cff702b53c77c05fa5d24be3_L.jpg","width":600,"height":217},{"@type":"BreadcrumbList","@id":"https:\/\/explora.cl\/magallanes\/iv-torneo-interescolar-de-debates-en-ciencia-y-tecnologia\/#breadcrumb","itemListElement":[{"@type":"ListItem","position":1,"name":"Portada","item":"https:\/\/explora.cl\/magallanes\/"},{"@type":"ListItem","position":2,"name":"IV Torneo Interescolar de Debates en Ciencia y Tecnolog\u00eda"}]},{"@type":"WebSite","@id":"https:\/\/explora.cl\/magallanes\/#website","url":"https:\/\/explora.cl\/magallanes\/","name":"Magallanes","description":"Otro sitio m\u00e1s de explora.cl","publisher":{"@id":"https:\/\/explora.cl\/magallanes\/#organization"},"potentialAction":[{"@type":"SearchAction","target":{"@type":"EntryPoint","urlTemplate":"https:\/\/explora.cl\/magallanes\/?s={search_term_string}"},"query-input":{"@type":"PropertyValueSpecification","valueRequired":true,"valueName":"search_term_string"}}],"inLanguage":"es-CL"},{"@type":"Organization","@id":"https:\/\/explora.cl\/magallanes\/#organization","name":"Magallanes","url":"https:\/\/explora.cl\/magallanes\/","logo":{"@type":"ImageObject","inLanguage":"es-CL","@id":"https:\/\/explora.cl\/magallanes\/#\/schema\/logo\/image\/","url":"https:\/\/explora.cl\/magallanes\/wp-content\/uploads\/sites\/19\/2021\/06\/cropped-ICONO-COLOR-2.jpg","contentUrl":"https:\/\/explora.cl\/magallanes\/wp-content\/uploads\/sites\/19\/2021\/06\/cropped-ICONO-COLOR-2.jpg","width":1181,"height":1181,"caption":"Magallanes"},"image":{"@id":"https:\/\/explora.cl\/magallanes\/#\/schema\/logo\/image\/"}},{"@type":"Person","@id":"https:\/\/explora.cl\/magallanes\/#\/schema\/person\/cb8349c13ea2d324080adf8480d7ba5d","name":"webman","image":{"@type":"ImageObject","inLanguage":"es-CL","@id":"https:\/\/explora.cl\/magallanes\/#\/schema\/person\/image\/","url":"https:\/\/secure.gravatar.com\/avatar\/eeff3c82f2c02f7177d13663b7e6f890e9a6a0647ce9bb29cae02dcb094c7312?s=96&d=mm&r=g","contentUrl":"https:\/\/secure.gravatar.com\/avatar\/eeff3c82f2c02f7177d13663b7e6f890e9a6a0647ce9bb29cae02dcb094c7312?s=96&d=mm&r=g","caption":"webman"},"url":"https:\/\/explora.cl\/magallanes\/author\/webman\/"}]}},"_links":{"self":[{"href":"https:\/\/explora.cl\/magallanes\/wp-json\/wp\/v2\/posts\/367","targetHints":{"allow":["GET"]}}],"collection":[{"href":"https:\/\/explora.cl\/magallanes\/wp-json\/wp\/v2\/posts"}],"about":[{"href":"https:\/\/explora.cl\/magallanes\/wp-json\/wp\/v2\/types\/post"}],"author":[{"embeddable":true,"href":"https:\/\/explora.cl\/magallanes\/wp-json\/wp\/v2\/users\/2"}],"replies":[{"embeddable":true,"href":"https:\/\/explora.cl\/magallanes\/wp-json\/wp\/v2\/comments?post=367"}],"version-history":[{"count":1,"href":"https:\/\/explora.cl\/magallanes\/wp-json\/wp\/v2\/posts\/367\/revisions"}],"predecessor-version":[{"id":37860,"href":"https:\/\/explora.cl\/magallanes\/wp-json\/wp\/v2\/posts\/367\/revisions\/37860"}],"wp:featuredmedia":[{"embeddable":true,"href":"https:\/\/explora.cl\/magallanes\/wp-json\/wp\/v2\/media\/368"}],"wp:attachment":[{"href":"https:\/\/explora.cl\/magallanes\/wp-json\/wp\/v2\/media?parent=367"}],"wp:term":[{"taxonomy":"category","embeddable":true,"href":"https:\/\/explora.cl\/magallanes\/wp-json\/wp\/v2\/categories?post=367"},{"taxonomy":"post_tag","embeddable":true,"href":"https:\/\/explora.cl\/magallanes\/wp-json\/wp\/v2\/tags?post=367"}],"curies":[{"name":"wp","href":"https:\/\/api.w.org\/{rel}","templated":true}]}}