{"id":359,"date":"2016-04-14T00:00:00","date_gmt":"2016-04-14T04:00:00","guid":{"rendered":"https:\/\/explora.cl\/magallanes\/blog\/2016\/04\/14\/participa-en-la-xvii-feria-cientifica-de-puerto-natales\/"},"modified":"2019-05-20T21:38:19","modified_gmt":"2019-05-20T21:38:19","slug":"participa-en-la-xvii-feria-cientifica-de-puerto-natales","status":"publish","type":"post","link":"https:\/\/explora.cl\/magallanes\/participa-en-la-xvii-feria-cientifica-de-puerto-natales\/","title":{"rendered":"Participa en la XVII Feria Cient\u00edfica de Puerto Natales"},"content":{"rendered":"<p><img fetchpriority=\"high\" decoding=\"async\" class=\" size-full wp-image-16508\" src=\"http:\/\/ec2-54-245-22-188.us-west-2.compute.amazonaws.com\/wp-content\/uploads\/2016\/04\/65ffeb67f829dcdf29044a6634d01dfc.jpg\" alt=\"\" width=\"525\" height=\"273\" \/><\/p>\n<p>&nbsp;<\/p>\n<p style=\"text-align: justify\">PAR EXPLORA Magallanes y Ant\u00e1rtica Chilena, Liceo Mar\u00eda Mazzarello y Universidad de Magallanes invitan a equipos de estudiantes que se encuentren cursando entre 7\u00ba B\u00e1sico y 3\u00b0 Medio a participar de la XVII Feria Cient\u00edfica de Puerto Natales.<\/p>\n<p style=\"text-align: justify\">Los equipos interesados deber\u00e1n enviar su trabajo de investigaci\u00f3n cient\u00edfica y desarrollo tecnol\u00f3gico y preparar a dos expositores que los d\u00edas 25, 26 y 27 de mayo representar\u00e1n a su equipo de investigaci\u00f3n.<\/p>\n<p style=\"text-align: justify\">Esta es una instancia destinada a incentivar y socializar las investigaciones cient\u00edficas y tecnol\u00f3gicas desarrolladas por los estudiantes de Educaci\u00f3n B\u00e1sica y Educaci\u00f3n Media de establecimientos educacionales municipalizados, subvencionados y privados de la regi\u00f3n.<\/p>\n<p>&nbsp;<\/p>\n<p>&nbsp;<\/p>\n<p style=\"text-align: justify\"><strong>Fecha de realizaci\u00f3n:<\/strong> 25, 26 y 27 de Mayo de 2016<\/p>\n<p style=\"text-align: justify\"><strong>Lugar:<\/strong> Liceo Mar\u00eda Mazzarello, Puerto Natales.<\/p>\n<p style=\"text-align: justify\"><strong>Organizan:<\/strong> PAR Explora Magallanes y Ant\u00e1rtica Chilena y Liceo Mar\u00eda Mazzarello<\/p>\n<p style=\"text-align: justify\"><strong>Auspician:<\/strong> I. Municipalidad de Puerto Natales, PAR EXPLORA Magallanes y Ant\u00e1rtica Chilena, Universidad de Magallanes y&nbsp;Liceo Mar\u00eda Mazzarello.<\/p>\n<p style=\"text-align: justify\">Las bases y formularios de postulaci\u00f3n se pueden descargar al final de esta nota.<\/p>\n<p style=\"text-align: justify\">Para m\u00e1s informaci\u00f3n escribir a magallanes.explora@gmail.com<\/p>\n<p>&nbsp;<\/p>\n","protected":false},"excerpt":{"rendered":"<p>&nbsp; PAR EXPLORA Magallanes y Ant\u00e1rtica Chilena, Liceo Mar\u00eda Mazzarello y Universidad de Magallanes invitan a equipos de estudiantes que se encuentren cursando entre 7\u00ba B\u00e1sico y 3\u00b0 Medio a participar de la XVII Feria Cient\u00edfica de Puerto Natales. Los equipos interesados deber\u00e1n enviar su trabajo de investigaci\u00f3n cient\u00edfica y desarrollo tecnol\u00f3gico y preparar a [&hellip;]<\/p>\n","protected":false},"author":2,"featured_media":360,"comment_status":"open","ping_status":"open","sticky":false,"template":"","format":"standard","meta":{"_acf_changed":false,"_exactmetrics_skip_tracking":false,"_exactmetrics_sitenote_active":false,"_exactmetrics_sitenote_note":"","_exactmetrics_sitenote_category":0,"footnotes":"","_links_to":"","_links_to_target":""},"categories":[4],"tags":[],"class_list":["post-359","post","type-post","status-publish","format-standard","has-post-thumbnail","hentry","category-noticias"],"acf":[],"yoast_head":"<!-- This site is optimized with the Yoast SEO plugin v26.9 - https:\/\/yoast.com\/product\/yoast-seo-wordpress\/ -->\n<title>Participa en la XVII Feria Cient\u00edfica de Puerto Natales - Magallanes<\/title>\n<meta name=\"robots\" content=\"index, follow, max-snippet:-1, max-image-preview:large, max-video-preview:-1\" \/>\n<link rel=\"canonical\" href=\"https:\/\/explora.cl\/magallanes\/participa-en-la-xvii-feria-cientifica-de-puerto-natales\/\" class=\"yoast-seo-meta-tag\" \/>\n<meta property=\"og:locale\" content=\"es_ES\" class=\"yoast-seo-meta-tag\" \/>\n<meta property=\"og:type\" content=\"article\" class=\"yoast-seo-meta-tag\" \/>\n<meta property=\"og:title\" content=\"Participa en la XVII Feria Cient\u00edfica de Puerto Natales - Magallanes\" class=\"yoast-seo-meta-tag\" \/>\n<meta property=\"og:description\" content=\"&nbsp; PAR EXPLORA Magallanes y Ant\u00e1rtica Chilena, Liceo Mar\u00eda Mazzarello y Universidad de Magallanes invitan a equipos de estudiantes que se encuentren cursando entre 7\u00ba B\u00e1sico y 3\u00b0 Medio a participar de la XVII Feria Cient\u00edfica de Puerto Natales. Los equipos interesados deber\u00e1n enviar su trabajo de investigaci\u00f3n cient\u00edfica y desarrollo tecnol\u00f3gico y preparar a [&hellip;]\" class=\"yoast-seo-meta-tag\" \/>\n<meta property=\"og:url\" content=\"https:\/\/explora.cl\/magallanes\/participa-en-la-xvii-feria-cientifica-de-puerto-natales\/\" class=\"yoast-seo-meta-tag\" \/>\n<meta property=\"og:site_name\" content=\"Magallanes\" class=\"yoast-seo-meta-tag\" \/>\n<meta property=\"article:published_time\" content=\"2016-04-14T04:00:00+00:00\" class=\"yoast-seo-meta-tag\" \/>\n<meta property=\"article:modified_time\" content=\"2019-05-20T21:38:19+00:00\" class=\"yoast-seo-meta-tag\" \/>\n<meta property=\"og:image\" content=\"https:\/\/explora.cl\/magallanes\/wp-content\/uploads\/sites\/19\/2018\/06\/65ffeb67f829dcdf29044a6634d01dfc.jpg\" class=\"yoast-seo-meta-tag\" \/>\n\t<meta property=\"og:image:width\" content=\"525\" class=\"yoast-seo-meta-tag\" \/>\n\t<meta property=\"og:image:height\" content=\"273\" class=\"yoast-seo-meta-tag\" \/>\n\t<meta property=\"og:image:type\" content=\"image\/jpeg\" class=\"yoast-seo-meta-tag\" \/>\n<meta name=\"author\" content=\"webman\" class=\"yoast-seo-meta-tag\" \/>\n<meta name=\"twitter:card\" content=\"summary_large_image\" class=\"yoast-seo-meta-tag\" \/>\n<meta name=\"twitter:label1\" content=\"Escrito por\" class=\"yoast-seo-meta-tag\" \/>\n\t<meta name=\"twitter:data1\" content=\"webman\" class=\"yoast-seo-meta-tag\" \/>\n\t<meta name=\"twitter:label2\" content=\"Tiempo estimado de lectura\" class=\"yoast-seo-meta-tag\" \/>\n\t<meta name=\"twitter:data2\" content=\"1 minuto\" class=\"yoast-seo-meta-tag\" \/>\n<script type=\"application\/ld+json\" class=\"yoast-schema-graph\">{\"@context\":\"https:\/\/schema.org\",\"@graph\":[{\"@type\":\"Article\",\"@id\":\"https:\/\/explora.cl\/magallanes\/participa-en-la-xvii-feria-cientifica-de-puerto-natales\/#article\",\"isPartOf\":{\"@id\":\"https:\/\/explora.cl\/magallanes\/participa-en-la-xvii-feria-cientifica-de-puerto-natales\/\"},\"author\":{\"name\":\"webman\",\"@id\":\"https:\/\/explora.cl\/magallanes\/#\/schema\/person\/cb8349c13ea2d324080adf8480d7ba5d\"},\"headline\":\"Participa en la XVII Feria Cient\u00edfica de Puerto Natales\",\"datePublished\":\"2016-04-14T04:00:00+00:00\",\"dateModified\":\"2019-05-20T21:38:19+00:00\",\"mainEntityOfPage\":{\"@id\":\"https:\/\/explora.cl\/magallanes\/participa-en-la-xvii-feria-cientifica-de-puerto-natales\/\"},\"wordCount\":207,\"commentCount\":0,\"publisher\":{\"@id\":\"https:\/\/explora.cl\/magallanes\/#organization\"},\"image\":{\"@id\":\"https:\/\/explora.cl\/magallanes\/participa-en-la-xvii-feria-cientifica-de-puerto-natales\/#primaryimage\"},\"thumbnailUrl\":\"https:\/\/explora.cl\/magallanes\/wp-content\/uploads\/sites\/19\/2018\/06\/65ffeb67f829dcdf29044a6634d01dfc.jpg\",\"articleSection\":[\"Noticias\"],\"inLanguage\":\"es-CL\",\"potentialAction\":[{\"@type\":\"CommentAction\",\"name\":\"Comment\",\"target\":[\"https:\/\/explora.cl\/magallanes\/participa-en-la-xvii-feria-cientifica-de-puerto-natales\/#respond\"]}]},{\"@type\":\"WebPage\",\"@id\":\"https:\/\/explora.cl\/magallanes\/participa-en-la-xvii-feria-cientifica-de-puerto-natales\/\",\"url\":\"https:\/\/explora.cl\/magallanes\/participa-en-la-xvii-feria-cientifica-de-puerto-natales\/\",\"name\":\"Participa en la XVII Feria Cient\u00edfica de Puerto Natales - Magallanes\",\"isPartOf\":{\"@id\":\"https:\/\/explora.cl\/magallanes\/#website\"},\"primaryImageOfPage\":{\"@id\":\"https:\/\/explora.cl\/magallanes\/participa-en-la-xvii-feria-cientifica-de-puerto-natales\/#primaryimage\"},\"image\":{\"@id\":\"https:\/\/explora.cl\/magallanes\/participa-en-la-xvii-feria-cientifica-de-puerto-natales\/#primaryimage\"},\"thumbnailUrl\":\"https:\/\/explora.cl\/magallanes\/wp-content\/uploads\/sites\/19\/2018\/06\/65ffeb67f829dcdf29044a6634d01dfc.jpg\",\"datePublished\":\"2016-04-14T04:00:00+00:00\",\"dateModified\":\"2019-05-20T21:38:19+00:00\",\"breadcrumb\":{\"@id\":\"https:\/\/explora.cl\/magallanes\/participa-en-la-xvii-feria-cientifica-de-puerto-natales\/#breadcrumb\"},\"inLanguage\":\"es-CL\",\"potentialAction\":[{\"@type\":\"ReadAction\",\"target\":[\"https:\/\/explora.cl\/magallanes\/participa-en-la-xvii-feria-cientifica-de-puerto-natales\/\"]}]},{\"@type\":\"ImageObject\",\"inLanguage\":\"es-CL\",\"@id\":\"https:\/\/explora.cl\/magallanes\/participa-en-la-xvii-feria-cientifica-de-puerto-natales\/#primaryimage\",\"url\":\"https:\/\/explora.cl\/magallanes\/wp-content\/uploads\/sites\/19\/2018\/06\/65ffeb67f829dcdf29044a6634d01dfc.jpg\",\"contentUrl\":\"https:\/\/explora.cl\/magallanes\/wp-content\/uploads\/sites\/19\/2018\/06\/65ffeb67f829dcdf29044a6634d01dfc.jpg\",\"width\":525,\"height\":273},{\"@type\":\"BreadcrumbList\",\"@id\":\"https:\/\/explora.cl\/magallanes\/participa-en-la-xvii-feria-cientifica-de-puerto-natales\/#breadcrumb\",\"itemListElement\":[{\"@type\":\"ListItem\",\"position\":1,\"name\":\"Portada\",\"item\":\"https:\/\/explora.cl\/magallanes\/\"},{\"@type\":\"ListItem\",\"position\":2,\"name\":\"Participa en la XVII Feria Cient\u00edfica de Puerto Natales\"}]},{\"@type\":\"WebSite\",\"@id\":\"https:\/\/explora.cl\/magallanes\/#website\",\"url\":\"https:\/\/explora.cl\/magallanes\/\",\"name\":\"Magallanes\",\"description\":\"Otro sitio m\u00e1s de explora.cl\",\"publisher\":{\"@id\":\"https:\/\/explora.cl\/magallanes\/#organization\"},\"potentialAction\":[{\"@type\":\"SearchAction\",\"target\":{\"@type\":\"EntryPoint\",\"urlTemplate\":\"https:\/\/explora.cl\/magallanes\/?s={search_term_string}\"},\"query-input\":{\"@type\":\"PropertyValueSpecification\",\"valueRequired\":true,\"valueName\":\"search_term_string\"}}],\"inLanguage\":\"es-CL\"},{\"@type\":\"Organization\",\"@id\":\"https:\/\/explora.cl\/magallanes\/#organization\",\"name\":\"Magallanes\",\"url\":\"https:\/\/explora.cl\/magallanes\/\",\"logo\":{\"@type\":\"ImageObject\",\"inLanguage\":\"es-CL\",\"@id\":\"https:\/\/explora.cl\/magallanes\/#\/schema\/logo\/image\/\",\"url\":\"https:\/\/explora.cl\/magallanes\/wp-content\/uploads\/sites\/19\/2021\/06\/cropped-ICONO-COLOR-2.jpg\",\"contentUrl\":\"https:\/\/explora.cl\/magallanes\/wp-content\/uploads\/sites\/19\/2021\/06\/cropped-ICONO-COLOR-2.jpg\",\"width\":1181,\"height\":1181,\"caption\":\"Magallanes\"},\"image\":{\"@id\":\"https:\/\/explora.cl\/magallanes\/#\/schema\/logo\/image\/\"}},{\"@type\":\"Person\",\"@id\":\"https:\/\/explora.cl\/magallanes\/#\/schema\/person\/cb8349c13ea2d324080adf8480d7ba5d\",\"name\":\"webman\",\"image\":{\"@type\":\"ImageObject\",\"inLanguage\":\"es-CL\",\"@id\":\"https:\/\/explora.cl\/magallanes\/#\/schema\/person\/image\/\",\"url\":\"https:\/\/secure.gravatar.com\/avatar\/eeff3c82f2c02f7177d13663b7e6f890e9a6a0647ce9bb29cae02dcb094c7312?s=96&d=mm&r=g\",\"contentUrl\":\"https:\/\/secure.gravatar.com\/avatar\/eeff3c82f2c02f7177d13663b7e6f890e9a6a0647ce9bb29cae02dcb094c7312?s=96&d=mm&r=g\",\"caption\":\"webman\"},\"url\":\"https:\/\/explora.cl\/magallanes\/author\/webman\/\"}]}<\/script>\n<!-- \/ Yoast SEO plugin. -->","yoast_head_json":{"title":"Participa en la XVII Feria Cient\u00edfica de Puerto Natales - Magallanes","robots":{"index":"index","follow":"follow","max-snippet":"max-snippet:-1","max-image-preview":"max-image-preview:large","max-video-preview":"max-video-preview:-1"},"canonical":"https:\/\/explora.cl\/magallanes\/participa-en-la-xvii-feria-cientifica-de-puerto-natales\/","og_locale":"es_ES","og_type":"article","og_title":"Participa en la XVII Feria Cient\u00edfica de Puerto Natales - Magallanes","og_description":"&nbsp; PAR EXPLORA Magallanes y Ant\u00e1rtica Chilena, Liceo Mar\u00eda Mazzarello y Universidad de Magallanes invitan a equipos de estudiantes que se encuentren cursando entre 7\u00ba B\u00e1sico y 3\u00b0 Medio a participar de la XVII Feria Cient\u00edfica de Puerto Natales. Los equipos interesados deber\u00e1n enviar su trabajo de investigaci\u00f3n cient\u00edfica y desarrollo tecnol\u00f3gico y preparar a [&hellip;]","og_url":"https:\/\/explora.cl\/magallanes\/participa-en-la-xvii-feria-cientifica-de-puerto-natales\/","og_site_name":"Magallanes","article_published_time":"2016-04-14T04:00:00+00:00","article_modified_time":"2019-05-20T21:38:19+00:00","og_image":[{"width":525,"height":273,"url":"https:\/\/explora.cl\/magallanes\/wp-content\/uploads\/sites\/19\/2018\/06\/65ffeb67f829dcdf29044a6634d01dfc.jpg","type":"image\/jpeg"}],"author":"webman","twitter_card":"summary_large_image","twitter_misc":{"Escrito por":"webman","Tiempo estimado de lectura":"1 minuto"},"schema":{"@context":"https:\/\/schema.org","@graph":[{"@type":"Article","@id":"https:\/\/explora.cl\/magallanes\/participa-en-la-xvii-feria-cientifica-de-puerto-natales\/#article","isPartOf":{"@id":"https:\/\/explora.cl\/magallanes\/participa-en-la-xvii-feria-cientifica-de-puerto-natales\/"},"author":{"name":"webman","@id":"https:\/\/explora.cl\/magallanes\/#\/schema\/person\/cb8349c13ea2d324080adf8480d7ba5d"},"headline":"Participa en la XVII Feria Cient\u00edfica de Puerto Natales","datePublished":"2016-04-14T04:00:00+00:00","dateModified":"2019-05-20T21:38:19+00:00","mainEntityOfPage":{"@id":"https:\/\/explora.cl\/magallanes\/participa-en-la-xvii-feria-cientifica-de-puerto-natales\/"},"wordCount":207,"commentCount":0,"publisher":{"@id":"https:\/\/explora.cl\/magallanes\/#organization"},"image":{"@id":"https:\/\/explora.cl\/magallanes\/participa-en-la-xvii-feria-cientifica-de-puerto-natales\/#primaryimage"},"thumbnailUrl":"https:\/\/explora.cl\/magallanes\/wp-content\/uploads\/sites\/19\/2018\/06\/65ffeb67f829dcdf29044a6634d01dfc.jpg","articleSection":["Noticias"],"inLanguage":"es-CL","potentialAction":[{"@type":"CommentAction","name":"Comment","target":["https:\/\/explora.cl\/magallanes\/participa-en-la-xvii-feria-cientifica-de-puerto-natales\/#respond"]}]},{"@type":"WebPage","@id":"https:\/\/explora.cl\/magallanes\/participa-en-la-xvii-feria-cientifica-de-puerto-natales\/","url":"https:\/\/explora.cl\/magallanes\/participa-en-la-xvii-feria-cientifica-de-puerto-natales\/","name":"Participa en la XVII Feria Cient\u00edfica de Puerto Natales - Magallanes","isPartOf":{"@id":"https:\/\/explora.cl\/magallanes\/#website"},"primaryImageOfPage":{"@id":"https:\/\/explora.cl\/magallanes\/participa-en-la-xvii-feria-cientifica-de-puerto-natales\/#primaryimage"},"image":{"@id":"https:\/\/explora.cl\/magallanes\/participa-en-la-xvii-feria-cientifica-de-puerto-natales\/#primaryimage"},"thumbnailUrl":"https:\/\/explora.cl\/magallanes\/wp-content\/uploads\/sites\/19\/2018\/06\/65ffeb67f829dcdf29044a6634d01dfc.jpg","datePublished":"2016-04-14T04:00:00+00:00","dateModified":"2019-05-20T21:38:19+00:00","breadcrumb":{"@id":"https:\/\/explora.cl\/magallanes\/participa-en-la-xvii-feria-cientifica-de-puerto-natales\/#breadcrumb"},"inLanguage":"es-CL","potentialAction":[{"@type":"ReadAction","target":["https:\/\/explora.cl\/magallanes\/participa-en-la-xvii-feria-cientifica-de-puerto-natales\/"]}]},{"@type":"ImageObject","inLanguage":"es-CL","@id":"https:\/\/explora.cl\/magallanes\/participa-en-la-xvii-feria-cientifica-de-puerto-natales\/#primaryimage","url":"https:\/\/explora.cl\/magallanes\/wp-content\/uploads\/sites\/19\/2018\/06\/65ffeb67f829dcdf29044a6634d01dfc.jpg","contentUrl":"https:\/\/explora.cl\/magallanes\/wp-content\/uploads\/sites\/19\/2018\/06\/65ffeb67f829dcdf29044a6634d01dfc.jpg","width":525,"height":273},{"@type":"BreadcrumbList","@id":"https:\/\/explora.cl\/magallanes\/participa-en-la-xvii-feria-cientifica-de-puerto-natales\/#breadcrumb","itemListElement":[{"@type":"ListItem","position":1,"name":"Portada","item":"https:\/\/explora.cl\/magallanes\/"},{"@type":"ListItem","position":2,"name":"Participa en la XVII Feria Cient\u00edfica de Puerto Natales"}]},{"@type":"WebSite","@id":"https:\/\/explora.cl\/magallanes\/#website","url":"https:\/\/explora.cl\/magallanes\/","name":"Magallanes","description":"Otro sitio m\u00e1s de explora.cl","publisher":{"@id":"https:\/\/explora.cl\/magallanes\/#organization"},"potentialAction":[{"@type":"SearchAction","target":{"@type":"EntryPoint","urlTemplate":"https:\/\/explora.cl\/magallanes\/?s={search_term_string}"},"query-input":{"@type":"PropertyValueSpecification","valueRequired":true,"valueName":"search_term_string"}}],"inLanguage":"es-CL"},{"@type":"Organization","@id":"https:\/\/explora.cl\/magallanes\/#organization","name":"Magallanes","url":"https:\/\/explora.cl\/magallanes\/","logo":{"@type":"ImageObject","inLanguage":"es-CL","@id":"https:\/\/explora.cl\/magallanes\/#\/schema\/logo\/image\/","url":"https:\/\/explora.cl\/magallanes\/wp-content\/uploads\/sites\/19\/2021\/06\/cropped-ICONO-COLOR-2.jpg","contentUrl":"https:\/\/explora.cl\/magallanes\/wp-content\/uploads\/sites\/19\/2021\/06\/cropped-ICONO-COLOR-2.jpg","width":1181,"height":1181,"caption":"Magallanes"},"image":{"@id":"https:\/\/explora.cl\/magallanes\/#\/schema\/logo\/image\/"}},{"@type":"Person","@id":"https:\/\/explora.cl\/magallanes\/#\/schema\/person\/cb8349c13ea2d324080adf8480d7ba5d","name":"webman","image":{"@type":"ImageObject","inLanguage":"es-CL","@id":"https:\/\/explora.cl\/magallanes\/#\/schema\/person\/image\/","url":"https:\/\/secure.gravatar.com\/avatar\/eeff3c82f2c02f7177d13663b7e6f890e9a6a0647ce9bb29cae02dcb094c7312?s=96&d=mm&r=g","contentUrl":"https:\/\/secure.gravatar.com\/avatar\/eeff3c82f2c02f7177d13663b7e6f890e9a6a0647ce9bb29cae02dcb094c7312?s=96&d=mm&r=g","caption":"webman"},"url":"https:\/\/explora.cl\/magallanes\/author\/webman\/"}]}},"_links":{"self":[{"href":"https:\/\/explora.cl\/magallanes\/wp-json\/wp\/v2\/posts\/359","targetHints":{"allow":["GET"]}}],"collection":[{"href":"https:\/\/explora.cl\/magallanes\/wp-json\/wp\/v2\/posts"}],"about":[{"href":"https:\/\/explora.cl\/magallanes\/wp-json\/wp\/v2\/types\/post"}],"author":[{"embeddable":true,"href":"https:\/\/explora.cl\/magallanes\/wp-json\/wp\/v2\/users\/2"}],"replies":[{"embeddable":true,"href":"https:\/\/explora.cl\/magallanes\/wp-json\/wp\/v2\/comments?post=359"}],"version-history":[{"count":1,"href":"https:\/\/explora.cl\/magallanes\/wp-json\/wp\/v2\/posts\/359\/revisions"}],"predecessor-version":[{"id":37864,"href":"https:\/\/explora.cl\/magallanes\/wp-json\/wp\/v2\/posts\/359\/revisions\/37864"}],"wp:featuredmedia":[{"embeddable":true,"href":"https:\/\/explora.cl\/magallanes\/wp-json\/wp\/v2\/media\/360"}],"wp:attachment":[{"href":"https:\/\/explora.cl\/magallanes\/wp-json\/wp\/v2\/media?parent=359"}],"wp:term":[{"taxonomy":"category","embeddable":true,"href":"https:\/\/explora.cl\/magallanes\/wp-json\/wp\/v2\/categories?post=359"},{"taxonomy":"post_tag","embeddable":true,"href":"https:\/\/explora.cl\/magallanes\/wp-json\/wp\/v2\/tags?post=359"}],"curies":[{"name":"wp","href":"https:\/\/api.w.org\/{rel}","templated":true}]}}