{"id":358,"date":"2015-11-25T00:00:00","date_gmt":"2015-11-25T04:00:00","guid":{"rendered":"https:\/\/explora.cl\/magallanes\/blog\/2015\/11\/25\/jovenes-de-magallanes-en-el-xvi-congreso-nacional-escolar-de-ciencia-y-tecnologia\/"},"modified":"2019-05-20T21:39:27","modified_gmt":"2019-05-20T21:39:27","slug":"jovenes-de-magallanes-en-el-xvi-congreso-nacional-escolar-de-ciencia-y-tecnologia","status":"publish","type":"post","link":"https:\/\/explora.cl\/magallanes\/jovenes-de-magallanes-en-el-xvi-congreso-nacional-escolar-de-ciencia-y-tecnologia\/","title":{"rendered":"J\u00f3venes magall\u00e1nicos en el XVI Congreso Nacional Escolar de Ciencia y Tecnolog\u00eda"},"content":{"rendered":"<p style=\"text-align: justify\"><span style=\"font-family: arial,helvetica,sans-serif\"><span style=\"color: #000000\">Delegaciones de todo el pa\u00eds est\u00e1n reunidas en Valpara\u00edso en el XVI Congreso Nacional Escolar de Ciencia y Tecnolog\u00eda. En esta oportunidad, estudiantes de la Escuela Pedro Pablo Lemaitre, Colegio Luterano y Colegio Brit\u00e1nico representan a la regi\u00f3n, luego de obtener los m\u00e1ximos puntajes en el Congreso Regional realizado en Punta Arenas a fines de octubre<\/span><\/span>.<\/p>\n<p style=\"text-align: justify\">Durante el d\u00eda de ayer las delegaciones de todo el territorio nacional estuvieron en stand ubicados en Plaza Sotomayor y hoy se est\u00e1n realizando exposiciones orales en la Escuela Naval, instancia que los jurados pueden observar y evaluar la calidad de los proyectos.<\/p>\n<p style=\"text-align: justify\">Javiera Rubilar, estudiante del Colegio Brit\u00e1nico nos cuenta su experiencia &#8220;Ha sido bastante divertido, porque se conoce a mucha gente y el ambiente es super bueno. El primer d\u00eda de exposici\u00f3n en el stand fue muy agradable, muchas personas nos visitaron y consultaron por nuestra investigaci\u00f3n. En la ma\u00f1ana tuvimos la exposici\u00f3n oral, donde le contamos al jurado detalles de nuestro proyecto los Efectos del Ozono en el crecimiento de la planta <i>Lens culinaris&#8221;, <\/i>expres\u00f3.<\/p>\n<p style=\"text-align: justify\">Por su parte, C\u00e9sar Lemus de la Escuela Pedro Pablo Lemaitre se mostr\u00f3 contento con la recepci\u00f3n del p\u00fablico, ya que por primera vez expone en un espacio abierto como es la Plaza Sotomayor. &#8220;Los evaluadores encontraron bueno nuestro proyecto, nos felicitaron y el p\u00fablico que asisti\u00f3 era muy respetuoso y quer\u00eda escucharnos. Las exposiciones del d\u00eda de hoy han estado muy buenas, hay varias sobre sismos, secado de madera y otros proyectos de innovaci\u00f3n tecnol\u00f3gica muy interesantes&#8221;, coment\u00f3.<\/p>\n<p style=\"text-align: justify\">Con respecto a la premiaci\u00f3n de ma\u00f1ana expres\u00f3 su tranquilidad y ganas de obtener alguna distinci\u00f3n. &#8220;Ojal\u00e1 tengamos buenos resultados y saquemos un lugar para as\u00ed dar la cara por Magallanes&#8221;, finaliz\u00f3.<\/p>\n<p style=\"text-align: justify\">Gianfranco Cavallieri del Colegio Luterano coment\u00f3 el nivel de las investigaciones. &#8220;Hay trabajos bastante buenos y la competencia est\u00e1 dificil&#8221;. Con respecto a la visita a Valpara\u00edso se\u00f1al\u00f3 &#8220;Lo hemos pasado bien, hemos ido a comer hartas cosas y recorrido harto. Adem\u00e1s, he podido conocer a compa\u00f1eros de otras regiones&#8221;, expres\u00f3 Cavallieri.<\/p>\n<p style=\"text-align: justify\">El d\u00eda de ma\u00f1ana los estudiantes recorrer\u00e1n la ciudad de Valpara\u00edso en un circuito patrimonial, mientras los evaluadores afinan los \u00faltimos detalles de la premiaci\u00f3n que se realizar\u00e1 durante la tarde del jueves. Los ganadores podr\u00e1n representar a Chile en congresos de ciencia escolar en M\u00e9xico y Estados Unidos.<\/p>\n<p style=\"text-align: justify\">Proyectos que representan a Magallanes en el XVI Congreso Nacional Escolar de Ciencia y Tecnolog\u00eda son:<\/p>\n<p style=\"text-align: justify\"><strong>Educaci\u00f3n B\u00e1sica: <\/strong><\/p>\n<p style=\"text-align: justify\">&#8211; La acidez de las frutas expresadas en notas musicales.<\/p>\n<p style=\"text-align: justify\">Escuela Pedro Pablo Lemaitre<\/p>\n<p style=\"text-align: justify\">Alumnos: Tom\u00e1s Vasquez y C\u00e9sar Lemus,<\/p>\n<p style=\"text-align: justify\">Profesor: Juan Carlos G\u00fcichapane.<\/p>\n<p style=\"text-align: justify\"><strong>Educaci\u00f3n Media:<\/strong><\/p>\n<p style=\"text-align: justify\">&#8211; Ecolog\u00eda de la especie ex\u00f3tica <i>Bombus terrestris<\/i> en Magallanes.<\/p>\n<p style=\"text-align: justify\">Colegio Luterano<\/p>\n<p style=\"text-align: justify\">Alumnos: Pablo Sanhueza Aguilar y Gianfranco Cavallieri.<\/p>\n<p style=\"text-align: justify\">Profesor: Alan Maldonado.<\/p>\n<p style=\"text-align: justify\">&#8211; Efectos del Ozono en el crecimiento de la planta <i>Lens culinaris.<\/i><\/p>\n<p style=\"text-align: justify\">Colegio Brit\u00e1nico<\/p>\n<p style=\"text-align: justify\">Alumnos: Joaqu\u00edn Torres Oyaneder y Javiera Rubilar Feris.<\/p>\n<p style=\"text-align: justify\">Profesora: Daniela Vargas.<\/p>\n<p>&nbsp;<\/p>\n","protected":false},"excerpt":{"rendered":"<p>Delegaciones de todo el pa\u00eds est\u00e1n reunidas en Valpara\u00edso en el XVI Congreso Nacional Escolar de Ciencia y Tecnolog\u00eda. En esta oportunidad, estudiantes de la Escuela Pedro Pablo Lemaitre, Colegio Luterano y Colegio Brit\u00e1nico representan a la regi\u00f3n, luego de obtener los m\u00e1ximos puntajes en el Congreso Regional realizado en Punta Arenas a fines de [&hellip;]<\/p>\n","protected":false},"author":2,"featured_media":0,"comment_status":"open","ping_status":"open","sticky":false,"template":"","format":"standard","meta":{"_acf_changed":false,"_exactmetrics_skip_tracking":false,"_exactmetrics_sitenote_active":false,"_exactmetrics_sitenote_note":"","_exactmetrics_sitenote_category":0,"footnotes":"","_links_to":"","_links_to_target":""},"categories":[4],"tags":[207],"class_list":["post-358","post","type-post","status-publish","format-standard","hentry","category-noticias","tag-congresos"],"acf":[],"yoast_head":"<!-- This site is optimized with the Yoast SEO plugin v26.9 - https:\/\/yoast.com\/product\/yoast-seo-wordpress\/ -->\n<title>J\u00f3venes magall\u00e1nicos en el XVI Congreso Nacional Escolar de Ciencia y Tecnolog\u00eda - Magallanes<\/title>\n<meta name=\"robots\" content=\"index, follow, max-snippet:-1, max-image-preview:large, max-video-preview:-1\" \/>\n<link rel=\"canonical\" href=\"https:\/\/explora.cl\/magallanes\/jovenes-de-magallanes-en-el-xvi-congreso-nacional-escolar-de-ciencia-y-tecnologia\/\" class=\"yoast-seo-meta-tag\" \/>\n<meta property=\"og:locale\" content=\"es_ES\" class=\"yoast-seo-meta-tag\" \/>\n<meta property=\"og:type\" content=\"article\" class=\"yoast-seo-meta-tag\" \/>\n<meta property=\"og:title\" content=\"J\u00f3venes magall\u00e1nicos en el XVI Congreso Nacional Escolar de Ciencia y Tecnolog\u00eda - Magallanes\" class=\"yoast-seo-meta-tag\" \/>\n<meta property=\"og:description\" content=\"Delegaciones de todo el pa\u00eds est\u00e1n reunidas en Valpara\u00edso en el XVI Congreso Nacional Escolar de Ciencia y Tecnolog\u00eda. En esta oportunidad, estudiantes de la Escuela Pedro Pablo Lemaitre, Colegio Luterano y Colegio Brit\u00e1nico representan a la regi\u00f3n, luego de obtener los m\u00e1ximos puntajes en el Congreso Regional realizado en Punta Arenas a fines de [&hellip;]\" class=\"yoast-seo-meta-tag\" \/>\n<meta property=\"og:url\" content=\"https:\/\/explora.cl\/magallanes\/jovenes-de-magallanes-en-el-xvi-congreso-nacional-escolar-de-ciencia-y-tecnologia\/\" class=\"yoast-seo-meta-tag\" \/>\n<meta property=\"og:site_name\" content=\"Magallanes\" class=\"yoast-seo-meta-tag\" \/>\n<meta property=\"article:published_time\" content=\"2015-11-25T04:00:00+00:00\" class=\"yoast-seo-meta-tag\" \/>\n<meta property=\"article:modified_time\" content=\"2019-05-20T21:39:27+00:00\" class=\"yoast-seo-meta-tag\" \/>\n<meta name=\"author\" content=\"webman\" class=\"yoast-seo-meta-tag\" \/>\n<meta name=\"twitter:card\" content=\"summary_large_image\" class=\"yoast-seo-meta-tag\" \/>\n<meta name=\"twitter:label1\" content=\"Escrito por\" class=\"yoast-seo-meta-tag\" \/>\n\t<meta name=\"twitter:data1\" content=\"webman\" class=\"yoast-seo-meta-tag\" \/>\n\t<meta name=\"twitter:label2\" content=\"Tiempo estimado de lectura\" class=\"yoast-seo-meta-tag\" \/>\n\t<meta name=\"twitter:data2\" content=\"3 minutos\" class=\"yoast-seo-meta-tag\" \/>\n<script type=\"application\/ld+json\" class=\"yoast-schema-graph\">{\"@context\":\"https:\/\/schema.org\",\"@graph\":[{\"@type\":\"Article\",\"@id\":\"https:\/\/explora.cl\/magallanes\/jovenes-de-magallanes-en-el-xvi-congreso-nacional-escolar-de-ciencia-y-tecnologia\/#article\",\"isPartOf\":{\"@id\":\"https:\/\/explora.cl\/magallanes\/jovenes-de-magallanes-en-el-xvi-congreso-nacional-escolar-de-ciencia-y-tecnologia\/\"},\"author\":{\"name\":\"webman\",\"@id\":\"https:\/\/explora.cl\/magallanes\/#\/schema\/person\/cb8349c13ea2d324080adf8480d7ba5d\"},\"headline\":\"J\u00f3venes magall\u00e1nicos en el XVI Congreso Nacional Escolar de Ciencia y Tecnolog\u00eda\",\"datePublished\":\"2015-11-25T04:00:00+00:00\",\"dateModified\":\"2019-05-20T21:39:27+00:00\",\"mainEntityOfPage\":{\"@id\":\"https:\/\/explora.cl\/magallanes\/jovenes-de-magallanes-en-el-xvi-congreso-nacional-escolar-de-ciencia-y-tecnologia\/\"},\"wordCount\":541,\"commentCount\":0,\"publisher\":{\"@id\":\"https:\/\/explora.cl\/magallanes\/#organization\"},\"keywords\":[\"CONGRESOS\"],\"articleSection\":[\"Noticias\"],\"inLanguage\":\"es-CL\",\"potentialAction\":[{\"@type\":\"CommentAction\",\"name\":\"Comment\",\"target\":[\"https:\/\/explora.cl\/magallanes\/jovenes-de-magallanes-en-el-xvi-congreso-nacional-escolar-de-ciencia-y-tecnologia\/#respond\"]}]},{\"@type\":\"WebPage\",\"@id\":\"https:\/\/explora.cl\/magallanes\/jovenes-de-magallanes-en-el-xvi-congreso-nacional-escolar-de-ciencia-y-tecnologia\/\",\"url\":\"https:\/\/explora.cl\/magallanes\/jovenes-de-magallanes-en-el-xvi-congreso-nacional-escolar-de-ciencia-y-tecnologia\/\",\"name\":\"J\u00f3venes magall\u00e1nicos en el XVI Congreso Nacional Escolar de Ciencia y Tecnolog\u00eda - Magallanes\",\"isPartOf\":{\"@id\":\"https:\/\/explora.cl\/magallanes\/#website\"},\"datePublished\":\"2015-11-25T04:00:00+00:00\",\"dateModified\":\"2019-05-20T21:39:27+00:00\",\"breadcrumb\":{\"@id\":\"https:\/\/explora.cl\/magallanes\/jovenes-de-magallanes-en-el-xvi-congreso-nacional-escolar-de-ciencia-y-tecnologia\/#breadcrumb\"},\"inLanguage\":\"es-CL\",\"potentialAction\":[{\"@type\":\"ReadAction\",\"target\":[\"https:\/\/explora.cl\/magallanes\/jovenes-de-magallanes-en-el-xvi-congreso-nacional-escolar-de-ciencia-y-tecnologia\/\"]}]},{\"@type\":\"BreadcrumbList\",\"@id\":\"https:\/\/explora.cl\/magallanes\/jovenes-de-magallanes-en-el-xvi-congreso-nacional-escolar-de-ciencia-y-tecnologia\/#breadcrumb\",\"itemListElement\":[{\"@type\":\"ListItem\",\"position\":1,\"name\":\"Portada\",\"item\":\"https:\/\/explora.cl\/magallanes\/\"},{\"@type\":\"ListItem\",\"position\":2,\"name\":\"J\u00f3venes magall\u00e1nicos en el XVI Congreso Nacional Escolar de Ciencia y Tecnolog\u00eda\"}]},{\"@type\":\"WebSite\",\"@id\":\"https:\/\/explora.cl\/magallanes\/#website\",\"url\":\"https:\/\/explora.cl\/magallanes\/\",\"name\":\"Magallanes\",\"description\":\"Otro sitio m\u00e1s de explora.cl\",\"publisher\":{\"@id\":\"https:\/\/explora.cl\/magallanes\/#organization\"},\"potentialAction\":[{\"@type\":\"SearchAction\",\"target\":{\"@type\":\"EntryPoint\",\"urlTemplate\":\"https:\/\/explora.cl\/magallanes\/?s={search_term_string}\"},\"query-input\":{\"@type\":\"PropertyValueSpecification\",\"valueRequired\":true,\"valueName\":\"search_term_string\"}}],\"inLanguage\":\"es-CL\"},{\"@type\":\"Organization\",\"@id\":\"https:\/\/explora.cl\/magallanes\/#organization\",\"name\":\"Magallanes\",\"url\":\"https:\/\/explora.cl\/magallanes\/\",\"logo\":{\"@type\":\"ImageObject\",\"inLanguage\":\"es-CL\",\"@id\":\"https:\/\/explora.cl\/magallanes\/#\/schema\/logo\/image\/\",\"url\":\"https:\/\/explora.cl\/magallanes\/wp-content\/uploads\/sites\/19\/2021\/06\/cropped-ICONO-COLOR-2.jpg\",\"contentUrl\":\"https:\/\/explora.cl\/magallanes\/wp-content\/uploads\/sites\/19\/2021\/06\/cropped-ICONO-COLOR-2.jpg\",\"width\":1181,\"height\":1181,\"caption\":\"Magallanes\"},\"image\":{\"@id\":\"https:\/\/explora.cl\/magallanes\/#\/schema\/logo\/image\/\"}},{\"@type\":\"Person\",\"@id\":\"https:\/\/explora.cl\/magallanes\/#\/schema\/person\/cb8349c13ea2d324080adf8480d7ba5d\",\"name\":\"webman\",\"image\":{\"@type\":\"ImageObject\",\"inLanguage\":\"es-CL\",\"@id\":\"https:\/\/explora.cl\/magallanes\/#\/schema\/person\/image\/\",\"url\":\"https:\/\/secure.gravatar.com\/avatar\/eeff3c82f2c02f7177d13663b7e6f890e9a6a0647ce9bb29cae02dcb094c7312?s=96&d=mm&r=g\",\"contentUrl\":\"https:\/\/secure.gravatar.com\/avatar\/eeff3c82f2c02f7177d13663b7e6f890e9a6a0647ce9bb29cae02dcb094c7312?s=96&d=mm&r=g\",\"caption\":\"webman\"},\"url\":\"https:\/\/explora.cl\/magallanes\/author\/webman\/\"}]}<\/script>\n<!-- \/ Yoast SEO plugin. -->","yoast_head_json":{"title":"J\u00f3venes magall\u00e1nicos en el XVI Congreso Nacional Escolar de Ciencia y Tecnolog\u00eda - Magallanes","robots":{"index":"index","follow":"follow","max-snippet":"max-snippet:-1","max-image-preview":"max-image-preview:large","max-video-preview":"max-video-preview:-1"},"canonical":"https:\/\/explora.cl\/magallanes\/jovenes-de-magallanes-en-el-xvi-congreso-nacional-escolar-de-ciencia-y-tecnologia\/","og_locale":"es_ES","og_type":"article","og_title":"J\u00f3venes magall\u00e1nicos en el XVI Congreso Nacional Escolar de Ciencia y Tecnolog\u00eda - Magallanes","og_description":"Delegaciones de todo el pa\u00eds est\u00e1n reunidas en Valpara\u00edso en el XVI Congreso Nacional Escolar de Ciencia y Tecnolog\u00eda. En esta oportunidad, estudiantes de la Escuela Pedro Pablo Lemaitre, Colegio Luterano y Colegio Brit\u00e1nico representan a la regi\u00f3n, luego de obtener los m\u00e1ximos puntajes en el Congreso Regional realizado en Punta Arenas a fines de [&hellip;]","og_url":"https:\/\/explora.cl\/magallanes\/jovenes-de-magallanes-en-el-xvi-congreso-nacional-escolar-de-ciencia-y-tecnologia\/","og_site_name":"Magallanes","article_published_time":"2015-11-25T04:00:00+00:00","article_modified_time":"2019-05-20T21:39:27+00:00","author":"webman","twitter_card":"summary_large_image","twitter_misc":{"Escrito por":"webman","Tiempo estimado de lectura":"3 minutos"},"schema":{"@context":"https:\/\/schema.org","@graph":[{"@type":"Article","@id":"https:\/\/explora.cl\/magallanes\/jovenes-de-magallanes-en-el-xvi-congreso-nacional-escolar-de-ciencia-y-tecnologia\/#article","isPartOf":{"@id":"https:\/\/explora.cl\/magallanes\/jovenes-de-magallanes-en-el-xvi-congreso-nacional-escolar-de-ciencia-y-tecnologia\/"},"author":{"name":"webman","@id":"https:\/\/explora.cl\/magallanes\/#\/schema\/person\/cb8349c13ea2d324080adf8480d7ba5d"},"headline":"J\u00f3venes magall\u00e1nicos en el XVI Congreso Nacional Escolar de Ciencia y Tecnolog\u00eda","datePublished":"2015-11-25T04:00:00+00:00","dateModified":"2019-05-20T21:39:27+00:00","mainEntityOfPage":{"@id":"https:\/\/explora.cl\/magallanes\/jovenes-de-magallanes-en-el-xvi-congreso-nacional-escolar-de-ciencia-y-tecnologia\/"},"wordCount":541,"commentCount":0,"publisher":{"@id":"https:\/\/explora.cl\/magallanes\/#organization"},"keywords":["CONGRESOS"],"articleSection":["Noticias"],"inLanguage":"es-CL","potentialAction":[{"@type":"CommentAction","name":"Comment","target":["https:\/\/explora.cl\/magallanes\/jovenes-de-magallanes-en-el-xvi-congreso-nacional-escolar-de-ciencia-y-tecnologia\/#respond"]}]},{"@type":"WebPage","@id":"https:\/\/explora.cl\/magallanes\/jovenes-de-magallanes-en-el-xvi-congreso-nacional-escolar-de-ciencia-y-tecnologia\/","url":"https:\/\/explora.cl\/magallanes\/jovenes-de-magallanes-en-el-xvi-congreso-nacional-escolar-de-ciencia-y-tecnologia\/","name":"J\u00f3venes magall\u00e1nicos en el XVI Congreso Nacional Escolar de Ciencia y Tecnolog\u00eda - Magallanes","isPartOf":{"@id":"https:\/\/explora.cl\/magallanes\/#website"},"datePublished":"2015-11-25T04:00:00+00:00","dateModified":"2019-05-20T21:39:27+00:00","breadcrumb":{"@id":"https:\/\/explora.cl\/magallanes\/jovenes-de-magallanes-en-el-xvi-congreso-nacional-escolar-de-ciencia-y-tecnologia\/#breadcrumb"},"inLanguage":"es-CL","potentialAction":[{"@type":"ReadAction","target":["https:\/\/explora.cl\/magallanes\/jovenes-de-magallanes-en-el-xvi-congreso-nacional-escolar-de-ciencia-y-tecnologia\/"]}]},{"@type":"BreadcrumbList","@id":"https:\/\/explora.cl\/magallanes\/jovenes-de-magallanes-en-el-xvi-congreso-nacional-escolar-de-ciencia-y-tecnologia\/#breadcrumb","itemListElement":[{"@type":"ListItem","position":1,"name":"Portada","item":"https:\/\/explora.cl\/magallanes\/"},{"@type":"ListItem","position":2,"name":"J\u00f3venes magall\u00e1nicos en el XVI Congreso Nacional Escolar de Ciencia y Tecnolog\u00eda"}]},{"@type":"WebSite","@id":"https:\/\/explora.cl\/magallanes\/#website","url":"https:\/\/explora.cl\/magallanes\/","name":"Magallanes","description":"Otro sitio m\u00e1s de explora.cl","publisher":{"@id":"https:\/\/explora.cl\/magallanes\/#organization"},"potentialAction":[{"@type":"SearchAction","target":{"@type":"EntryPoint","urlTemplate":"https:\/\/explora.cl\/magallanes\/?s={search_term_string}"},"query-input":{"@type":"PropertyValueSpecification","valueRequired":true,"valueName":"search_term_string"}}],"inLanguage":"es-CL"},{"@type":"Organization","@id":"https:\/\/explora.cl\/magallanes\/#organization","name":"Magallanes","url":"https:\/\/explora.cl\/magallanes\/","logo":{"@type":"ImageObject","inLanguage":"es-CL","@id":"https:\/\/explora.cl\/magallanes\/#\/schema\/logo\/image\/","url":"https:\/\/explora.cl\/magallanes\/wp-content\/uploads\/sites\/19\/2021\/06\/cropped-ICONO-COLOR-2.jpg","contentUrl":"https:\/\/explora.cl\/magallanes\/wp-content\/uploads\/sites\/19\/2021\/06\/cropped-ICONO-COLOR-2.jpg","width":1181,"height":1181,"caption":"Magallanes"},"image":{"@id":"https:\/\/explora.cl\/magallanes\/#\/schema\/logo\/image\/"}},{"@type":"Person","@id":"https:\/\/explora.cl\/magallanes\/#\/schema\/person\/cb8349c13ea2d324080adf8480d7ba5d","name":"webman","image":{"@type":"ImageObject","inLanguage":"es-CL","@id":"https:\/\/explora.cl\/magallanes\/#\/schema\/person\/image\/","url":"https:\/\/secure.gravatar.com\/avatar\/eeff3c82f2c02f7177d13663b7e6f890e9a6a0647ce9bb29cae02dcb094c7312?s=96&d=mm&r=g","contentUrl":"https:\/\/secure.gravatar.com\/avatar\/eeff3c82f2c02f7177d13663b7e6f890e9a6a0647ce9bb29cae02dcb094c7312?s=96&d=mm&r=g","caption":"webman"},"url":"https:\/\/explora.cl\/magallanes\/author\/webman\/"}]}},"_links":{"self":[{"href":"https:\/\/explora.cl\/magallanes\/wp-json\/wp\/v2\/posts\/358","targetHints":{"allow":["GET"]}}],"collection":[{"href":"https:\/\/explora.cl\/magallanes\/wp-json\/wp\/v2\/posts"}],"about":[{"href":"https:\/\/explora.cl\/magallanes\/wp-json\/wp\/v2\/types\/post"}],"author":[{"embeddable":true,"href":"https:\/\/explora.cl\/magallanes\/wp-json\/wp\/v2\/users\/2"}],"replies":[{"embeddable":true,"href":"https:\/\/explora.cl\/magallanes\/wp-json\/wp\/v2\/comments?post=358"}],"version-history":[{"count":1,"href":"https:\/\/explora.cl\/magallanes\/wp-json\/wp\/v2\/posts\/358\/revisions"}],"predecessor-version":[{"id":37866,"href":"https:\/\/explora.cl\/magallanes\/wp-json\/wp\/v2\/posts\/358\/revisions\/37866"}],"wp:attachment":[{"href":"https:\/\/explora.cl\/magallanes\/wp-json\/wp\/v2\/media?parent=358"}],"wp:term":[{"taxonomy":"category","embeddable":true,"href":"https:\/\/explora.cl\/magallanes\/wp-json\/wp\/v2\/categories?post=358"},{"taxonomy":"post_tag","embeddable":true,"href":"https:\/\/explora.cl\/magallanes\/wp-json\/wp\/v2\/tags?post=358"}],"curies":[{"name":"wp","href":"https:\/\/api.w.org\/{rel}","templated":true}]}}