{"id":357,"date":"2015-11-25T00:00:00","date_gmt":"2015-11-25T04:00:00","guid":{"rendered":"https:\/\/explora.cl\/magallanes\/blog\/2015\/11\/25\/proximo-martes-comienzan-las-inscripciones-para-el-campamento-cientifico-escolar-2016\/"},"modified":"2019-05-20T21:39:26","modified_gmt":"2019-05-20T21:39:26","slug":"proximo-martes-comienzan-las-inscripciones-para-el-campamento-cientifico-escolar-2016","status":"publish","type":"post","link":"https:\/\/explora.cl\/magallanes\/proximo-martes-comienzan-las-inscripciones-para-el-campamento-cientifico-escolar-2016\/","title":{"rendered":"Pr\u00f3ximo martes comienzan las inscripciones para el Campamento Cient\u00edfico Escolar 2016"},"content":{"rendered":"<p>&nbsp;<\/p>\n<p style=\"text-align: justify\"><span>El pr\u00f3ximo martes 1 de diciembre comienzan las inscripciones para participar del Campamento Cient\u00edfico Escolar 2016, evento que re\u00fane a ni\u00f1os y j\u00f3venes de la regi\u00f3n en torno a la investigaci\u00f3n cient\u00edfica y tecnol\u00f3gica.<\/span><\/p>\n<p style=\"text-align: justify\"><span>En cada una de las actividades programadas durante esta semana los ni\u00f1os, ni\u00f1as y j\u00f3venes juegan un rol protag\u00f3nico, desarrollan habilidades sociales y ponen a prueba su creatividad.<\/span><\/p>\n<p style=\"text-align: justify\"><span>En el Campamento Cient\u00edfico Escolar 2016 pueden participar ni\u00f1os entre 5 y 17 a\u00f1os e inscribirse en diferentes talleres que incluyen salidas a terreno y experiencias en laboratorios. Los asistentes podr\u00e1n aprender sobre geolog\u00eda, reciclaje, la vida microsc\u00f3pica, observaci\u00f3n de aves, juegos matem\u00e1ticos, f\u00edsica, biolog\u00eda y qu\u00edmica.<\/span><\/p>\n<p style=\"text-align: justify\"><span>Las actividades se desarrollar\u00e1n entre el 4 y 9 de enero entre las 09:00 horas y las 18:00 horas. Se incluyen colaciones a media ma\u00f1ana y media tarde y tambi\u00e9n almuerzo.<\/span><\/p>\n<p style=\"text-align: justify\"><span><\/span><\/p>\n<p style=\"margin-bottom: 0.0001pt;text-align: justify;line-height: normal\"><strong>Valores:<\/strong><\/p>\n<p style=\"margin-bottom: 0.0001pt;text-align: justify;line-height: normal\">Estudiantes de establecimientos <strong>municipalizados&nbsp;&nbsp;&nbsp;&nbsp;&nbsp; $ 6.000.-<\/strong><\/p>\n<p><span style=\"line-height: 115%;font-family: Calibri\">Estudiantes de establecimientos <strong>particulares o subvencionados&nbsp;&nbsp;&nbsp;&nbsp;&nbsp; $17.000.-<\/strong><\/span><\/p>\n<p>&nbsp;<\/p>\n<p style=\"text-align: justify\"><span>La inscripci\u00f3n se realizar\u00e1 mediante el envio del FORMULARIO DE INSCRIPCI\u00d3N a magallanes.explora@gmail.com, los que s\u00f3lo se recibir\u00e1n desde el d\u00eda martes 1 de diciembre. <\/span><\/p>\n<p style=\"text-align: justify\"><span>Descarga el listado de talleres y el formulario de inscripci\u00f3n ac\u00e1.<br data-mce-bogus=\"1\" \/><\/span><\/p>\n<p style=\"text-align: justify\"><span>&nbsp;<\/span><\/p>\n<p><span>&nbsp;<\/span><\/p>\n<p>&nbsp;<\/p>\n<p>&nbsp;<\/p>\n","protected":false},"excerpt":{"rendered":"<p>&nbsp; El pr\u00f3ximo martes 1 de diciembre comienzan las inscripciones para participar del Campamento Cient\u00edfico Escolar 2016, evento que re\u00fane a ni\u00f1os y j\u00f3venes de la regi\u00f3n en torno a la investigaci\u00f3n cient\u00edfica y tecnol\u00f3gica. En cada una de las actividades programadas durante esta semana los ni\u00f1os, ni\u00f1as y j\u00f3venes juegan un rol protag\u00f3nico, desarrollan [&hellip;]<\/p>\n","protected":false},"author":2,"featured_media":0,"comment_status":"open","ping_status":"open","sticky":false,"template":"","format":"standard","meta":{"_acf_changed":false,"_exactmetrics_skip_tracking":false,"_exactmetrics_sitenote_active":false,"_exactmetrics_sitenote_note":"","_exactmetrics_sitenote_category":0,"footnotes":"","_links_to":"","_links_to_target":""},"categories":[4],"tags":[159,110],"class_list":["post-357","post","type-post","status-publish","format-standard","hentry","category-noticias","tag-campamento","tag-cultura-cientifica"],"acf":[],"yoast_head":"<!-- This site is optimized with the Yoast SEO plugin v26.9 - https:\/\/yoast.com\/product\/yoast-seo-wordpress\/ -->\n<title>Pr\u00f3ximo martes comienzan las inscripciones para el Campamento Cient\u00edfico Escolar 2016 - Magallanes<\/title>\n<meta name=\"robots\" content=\"index, follow, max-snippet:-1, max-image-preview:large, max-video-preview:-1\" \/>\n<link rel=\"canonical\" href=\"https:\/\/explora.cl\/magallanes\/proximo-martes-comienzan-las-inscripciones-para-el-campamento-cientifico-escolar-2016\/\" class=\"yoast-seo-meta-tag\" \/>\n<meta property=\"og:locale\" content=\"es_ES\" class=\"yoast-seo-meta-tag\" \/>\n<meta property=\"og:type\" content=\"article\" class=\"yoast-seo-meta-tag\" \/>\n<meta property=\"og:title\" content=\"Pr\u00f3ximo martes comienzan las inscripciones para el Campamento Cient\u00edfico Escolar 2016 - Magallanes\" class=\"yoast-seo-meta-tag\" \/>\n<meta property=\"og:description\" content=\"&nbsp; El pr\u00f3ximo martes 1 de diciembre comienzan las inscripciones para participar del Campamento Cient\u00edfico Escolar 2016, evento que re\u00fane a ni\u00f1os y j\u00f3venes de la regi\u00f3n en torno a la investigaci\u00f3n cient\u00edfica y tecnol\u00f3gica. En cada una de las actividades programadas durante esta semana los ni\u00f1os, ni\u00f1as y j\u00f3venes juegan un rol protag\u00f3nico, desarrollan [&hellip;]\" class=\"yoast-seo-meta-tag\" \/>\n<meta property=\"og:url\" content=\"https:\/\/explora.cl\/magallanes\/proximo-martes-comienzan-las-inscripciones-para-el-campamento-cientifico-escolar-2016\/\" class=\"yoast-seo-meta-tag\" \/>\n<meta property=\"og:site_name\" content=\"Magallanes\" class=\"yoast-seo-meta-tag\" \/>\n<meta property=\"article:published_time\" content=\"2015-11-25T04:00:00+00:00\" class=\"yoast-seo-meta-tag\" \/>\n<meta property=\"article:modified_time\" content=\"2019-05-20T21:39:26+00:00\" class=\"yoast-seo-meta-tag\" \/>\n<meta name=\"author\" content=\"webman\" class=\"yoast-seo-meta-tag\" \/>\n<meta name=\"twitter:card\" content=\"summary_large_image\" class=\"yoast-seo-meta-tag\" \/>\n<meta name=\"twitter:label1\" content=\"Escrito por\" class=\"yoast-seo-meta-tag\" \/>\n\t<meta name=\"twitter:data1\" content=\"webman\" class=\"yoast-seo-meta-tag\" \/>\n\t<meta name=\"twitter:label2\" content=\"Tiempo estimado de lectura\" class=\"yoast-seo-meta-tag\" \/>\n\t<meta name=\"twitter:data2\" content=\"1 minuto\" class=\"yoast-seo-meta-tag\" \/>\n<script type=\"application\/ld+json\" class=\"yoast-schema-graph\">{\"@context\":\"https:\/\/schema.org\",\"@graph\":[{\"@type\":\"Article\",\"@id\":\"https:\/\/explora.cl\/magallanes\/proximo-martes-comienzan-las-inscripciones-para-el-campamento-cientifico-escolar-2016\/#article\",\"isPartOf\":{\"@id\":\"https:\/\/explora.cl\/magallanes\/proximo-martes-comienzan-las-inscripciones-para-el-campamento-cientifico-escolar-2016\/\"},\"author\":{\"name\":\"webman\",\"@id\":\"https:\/\/explora.cl\/magallanes\/#\/schema\/person\/cb8349c13ea2d324080adf8480d7ba5d\"},\"headline\":\"Pr\u00f3ximo martes comienzan las inscripciones para el Campamento Cient\u00edfico Escolar 2016\",\"datePublished\":\"2015-11-25T04:00:00+00:00\",\"dateModified\":\"2019-05-20T21:39:26+00:00\",\"mainEntityOfPage\":{\"@id\":\"https:\/\/explora.cl\/magallanes\/proximo-martes-comienzan-las-inscripciones-para-el-campamento-cientifico-escolar-2016\/\"},\"wordCount\":243,\"commentCount\":0,\"publisher\":{\"@id\":\"https:\/\/explora.cl\/magallanes\/#organization\"},\"keywords\":[\"campamento\",\"cultura cientifica\"],\"articleSection\":[\"Noticias\"],\"inLanguage\":\"es-CL\",\"potentialAction\":[{\"@type\":\"CommentAction\",\"name\":\"Comment\",\"target\":[\"https:\/\/explora.cl\/magallanes\/proximo-martes-comienzan-las-inscripciones-para-el-campamento-cientifico-escolar-2016\/#respond\"]}]},{\"@type\":\"WebPage\",\"@id\":\"https:\/\/explora.cl\/magallanes\/proximo-martes-comienzan-las-inscripciones-para-el-campamento-cientifico-escolar-2016\/\",\"url\":\"https:\/\/explora.cl\/magallanes\/proximo-martes-comienzan-las-inscripciones-para-el-campamento-cientifico-escolar-2016\/\",\"name\":\"Pr\u00f3ximo martes comienzan las inscripciones para el Campamento Cient\u00edfico Escolar 2016 - Magallanes\",\"isPartOf\":{\"@id\":\"https:\/\/explora.cl\/magallanes\/#website\"},\"datePublished\":\"2015-11-25T04:00:00+00:00\",\"dateModified\":\"2019-05-20T21:39:26+00:00\",\"breadcrumb\":{\"@id\":\"https:\/\/explora.cl\/magallanes\/proximo-martes-comienzan-las-inscripciones-para-el-campamento-cientifico-escolar-2016\/#breadcrumb\"},\"inLanguage\":\"es-CL\",\"potentialAction\":[{\"@type\":\"ReadAction\",\"target\":[\"https:\/\/explora.cl\/magallanes\/proximo-martes-comienzan-las-inscripciones-para-el-campamento-cientifico-escolar-2016\/\"]}]},{\"@type\":\"BreadcrumbList\",\"@id\":\"https:\/\/explora.cl\/magallanes\/proximo-martes-comienzan-las-inscripciones-para-el-campamento-cientifico-escolar-2016\/#breadcrumb\",\"itemListElement\":[{\"@type\":\"ListItem\",\"position\":1,\"name\":\"Portada\",\"item\":\"https:\/\/explora.cl\/magallanes\/\"},{\"@type\":\"ListItem\",\"position\":2,\"name\":\"Pr\u00f3ximo martes comienzan las inscripciones para el Campamento Cient\u00edfico Escolar 2016\"}]},{\"@type\":\"WebSite\",\"@id\":\"https:\/\/explora.cl\/magallanes\/#website\",\"url\":\"https:\/\/explora.cl\/magallanes\/\",\"name\":\"Magallanes\",\"description\":\"Otro sitio m\u00e1s de explora.cl\",\"publisher\":{\"@id\":\"https:\/\/explora.cl\/magallanes\/#organization\"},\"potentialAction\":[{\"@type\":\"SearchAction\",\"target\":{\"@type\":\"EntryPoint\",\"urlTemplate\":\"https:\/\/explora.cl\/magallanes\/?s={search_term_string}\"},\"query-input\":{\"@type\":\"PropertyValueSpecification\",\"valueRequired\":true,\"valueName\":\"search_term_string\"}}],\"inLanguage\":\"es-CL\"},{\"@type\":\"Organization\",\"@id\":\"https:\/\/explora.cl\/magallanes\/#organization\",\"name\":\"Magallanes\",\"url\":\"https:\/\/explora.cl\/magallanes\/\",\"logo\":{\"@type\":\"ImageObject\",\"inLanguage\":\"es-CL\",\"@id\":\"https:\/\/explora.cl\/magallanes\/#\/schema\/logo\/image\/\",\"url\":\"https:\/\/explora.cl\/magallanes\/wp-content\/uploads\/sites\/19\/2021\/06\/cropped-ICONO-COLOR-2.jpg\",\"contentUrl\":\"https:\/\/explora.cl\/magallanes\/wp-content\/uploads\/sites\/19\/2021\/06\/cropped-ICONO-COLOR-2.jpg\",\"width\":1181,\"height\":1181,\"caption\":\"Magallanes\"},\"image\":{\"@id\":\"https:\/\/explora.cl\/magallanes\/#\/schema\/logo\/image\/\"}},{\"@type\":\"Person\",\"@id\":\"https:\/\/explora.cl\/magallanes\/#\/schema\/person\/cb8349c13ea2d324080adf8480d7ba5d\",\"name\":\"webman\",\"image\":{\"@type\":\"ImageObject\",\"inLanguage\":\"es-CL\",\"@id\":\"https:\/\/explora.cl\/magallanes\/#\/schema\/person\/image\/\",\"url\":\"https:\/\/secure.gravatar.com\/avatar\/eeff3c82f2c02f7177d13663b7e6f890e9a6a0647ce9bb29cae02dcb094c7312?s=96&d=mm&r=g\",\"contentUrl\":\"https:\/\/secure.gravatar.com\/avatar\/eeff3c82f2c02f7177d13663b7e6f890e9a6a0647ce9bb29cae02dcb094c7312?s=96&d=mm&r=g\",\"caption\":\"webman\"},\"url\":\"https:\/\/explora.cl\/magallanes\/author\/webman\/\"}]}<\/script>\n<!-- \/ Yoast SEO plugin. -->","yoast_head_json":{"title":"Pr\u00f3ximo martes comienzan las inscripciones para el Campamento Cient\u00edfico Escolar 2016 - Magallanes","robots":{"index":"index","follow":"follow","max-snippet":"max-snippet:-1","max-image-preview":"max-image-preview:large","max-video-preview":"max-video-preview:-1"},"canonical":"https:\/\/explora.cl\/magallanes\/proximo-martes-comienzan-las-inscripciones-para-el-campamento-cientifico-escolar-2016\/","og_locale":"es_ES","og_type":"article","og_title":"Pr\u00f3ximo martes comienzan las inscripciones para el Campamento Cient\u00edfico Escolar 2016 - Magallanes","og_description":"&nbsp; El pr\u00f3ximo martes 1 de diciembre comienzan las inscripciones para participar del Campamento Cient\u00edfico Escolar 2016, evento que re\u00fane a ni\u00f1os y j\u00f3venes de la regi\u00f3n en torno a la investigaci\u00f3n cient\u00edfica y tecnol\u00f3gica. En cada una de las actividades programadas durante esta semana los ni\u00f1os, ni\u00f1as y j\u00f3venes juegan un rol protag\u00f3nico, desarrollan [&hellip;]","og_url":"https:\/\/explora.cl\/magallanes\/proximo-martes-comienzan-las-inscripciones-para-el-campamento-cientifico-escolar-2016\/","og_site_name":"Magallanes","article_published_time":"2015-11-25T04:00:00+00:00","article_modified_time":"2019-05-20T21:39:26+00:00","author":"webman","twitter_card":"summary_large_image","twitter_misc":{"Escrito por":"webman","Tiempo estimado de lectura":"1 minuto"},"schema":{"@context":"https:\/\/schema.org","@graph":[{"@type":"Article","@id":"https:\/\/explora.cl\/magallanes\/proximo-martes-comienzan-las-inscripciones-para-el-campamento-cientifico-escolar-2016\/#article","isPartOf":{"@id":"https:\/\/explora.cl\/magallanes\/proximo-martes-comienzan-las-inscripciones-para-el-campamento-cientifico-escolar-2016\/"},"author":{"name":"webman","@id":"https:\/\/explora.cl\/magallanes\/#\/schema\/person\/cb8349c13ea2d324080adf8480d7ba5d"},"headline":"Pr\u00f3ximo martes comienzan las inscripciones para el Campamento Cient\u00edfico Escolar 2016","datePublished":"2015-11-25T04:00:00+00:00","dateModified":"2019-05-20T21:39:26+00:00","mainEntityOfPage":{"@id":"https:\/\/explora.cl\/magallanes\/proximo-martes-comienzan-las-inscripciones-para-el-campamento-cientifico-escolar-2016\/"},"wordCount":243,"commentCount":0,"publisher":{"@id":"https:\/\/explora.cl\/magallanes\/#organization"},"keywords":["campamento","cultura cientifica"],"articleSection":["Noticias"],"inLanguage":"es-CL","potentialAction":[{"@type":"CommentAction","name":"Comment","target":["https:\/\/explora.cl\/magallanes\/proximo-martes-comienzan-las-inscripciones-para-el-campamento-cientifico-escolar-2016\/#respond"]}]},{"@type":"WebPage","@id":"https:\/\/explora.cl\/magallanes\/proximo-martes-comienzan-las-inscripciones-para-el-campamento-cientifico-escolar-2016\/","url":"https:\/\/explora.cl\/magallanes\/proximo-martes-comienzan-las-inscripciones-para-el-campamento-cientifico-escolar-2016\/","name":"Pr\u00f3ximo martes comienzan las inscripciones para el Campamento Cient\u00edfico Escolar 2016 - Magallanes","isPartOf":{"@id":"https:\/\/explora.cl\/magallanes\/#website"},"datePublished":"2015-11-25T04:00:00+00:00","dateModified":"2019-05-20T21:39:26+00:00","breadcrumb":{"@id":"https:\/\/explora.cl\/magallanes\/proximo-martes-comienzan-las-inscripciones-para-el-campamento-cientifico-escolar-2016\/#breadcrumb"},"inLanguage":"es-CL","potentialAction":[{"@type":"ReadAction","target":["https:\/\/explora.cl\/magallanes\/proximo-martes-comienzan-las-inscripciones-para-el-campamento-cientifico-escolar-2016\/"]}]},{"@type":"BreadcrumbList","@id":"https:\/\/explora.cl\/magallanes\/proximo-martes-comienzan-las-inscripciones-para-el-campamento-cientifico-escolar-2016\/#breadcrumb","itemListElement":[{"@type":"ListItem","position":1,"name":"Portada","item":"https:\/\/explora.cl\/magallanes\/"},{"@type":"ListItem","position":2,"name":"Pr\u00f3ximo martes comienzan las inscripciones para el Campamento Cient\u00edfico Escolar 2016"}]},{"@type":"WebSite","@id":"https:\/\/explora.cl\/magallanes\/#website","url":"https:\/\/explora.cl\/magallanes\/","name":"Magallanes","description":"Otro sitio m\u00e1s de explora.cl","publisher":{"@id":"https:\/\/explora.cl\/magallanes\/#organization"},"potentialAction":[{"@type":"SearchAction","target":{"@type":"EntryPoint","urlTemplate":"https:\/\/explora.cl\/magallanes\/?s={search_term_string}"},"query-input":{"@type":"PropertyValueSpecification","valueRequired":true,"valueName":"search_term_string"}}],"inLanguage":"es-CL"},{"@type":"Organization","@id":"https:\/\/explora.cl\/magallanes\/#organization","name":"Magallanes","url":"https:\/\/explora.cl\/magallanes\/","logo":{"@type":"ImageObject","inLanguage":"es-CL","@id":"https:\/\/explora.cl\/magallanes\/#\/schema\/logo\/image\/","url":"https:\/\/explora.cl\/magallanes\/wp-content\/uploads\/sites\/19\/2021\/06\/cropped-ICONO-COLOR-2.jpg","contentUrl":"https:\/\/explora.cl\/magallanes\/wp-content\/uploads\/sites\/19\/2021\/06\/cropped-ICONO-COLOR-2.jpg","width":1181,"height":1181,"caption":"Magallanes"},"image":{"@id":"https:\/\/explora.cl\/magallanes\/#\/schema\/logo\/image\/"}},{"@type":"Person","@id":"https:\/\/explora.cl\/magallanes\/#\/schema\/person\/cb8349c13ea2d324080adf8480d7ba5d","name":"webman","image":{"@type":"ImageObject","inLanguage":"es-CL","@id":"https:\/\/explora.cl\/magallanes\/#\/schema\/person\/image\/","url":"https:\/\/secure.gravatar.com\/avatar\/eeff3c82f2c02f7177d13663b7e6f890e9a6a0647ce9bb29cae02dcb094c7312?s=96&d=mm&r=g","contentUrl":"https:\/\/secure.gravatar.com\/avatar\/eeff3c82f2c02f7177d13663b7e6f890e9a6a0647ce9bb29cae02dcb094c7312?s=96&d=mm&r=g","caption":"webman"},"url":"https:\/\/explora.cl\/magallanes\/author\/webman\/"}]}},"_links":{"self":[{"href":"https:\/\/explora.cl\/magallanes\/wp-json\/wp\/v2\/posts\/357","targetHints":{"allow":["GET"]}}],"collection":[{"href":"https:\/\/explora.cl\/magallanes\/wp-json\/wp\/v2\/posts"}],"about":[{"href":"https:\/\/explora.cl\/magallanes\/wp-json\/wp\/v2\/types\/post"}],"author":[{"embeddable":true,"href":"https:\/\/explora.cl\/magallanes\/wp-json\/wp\/v2\/users\/2"}],"replies":[{"embeddable":true,"href":"https:\/\/explora.cl\/magallanes\/wp-json\/wp\/v2\/comments?post=357"}],"version-history":[{"count":1,"href":"https:\/\/explora.cl\/magallanes\/wp-json\/wp\/v2\/posts\/357\/revisions"}],"predecessor-version":[{"id":37865,"href":"https:\/\/explora.cl\/magallanes\/wp-json\/wp\/v2\/posts\/357\/revisions\/37865"}],"wp:attachment":[{"href":"https:\/\/explora.cl\/magallanes\/wp-json\/wp\/v2\/media?parent=357"}],"wp:term":[{"taxonomy":"category","embeddable":true,"href":"https:\/\/explora.cl\/magallanes\/wp-json\/wp\/v2\/categories?post=357"},{"taxonomy":"post_tag","embeddable":true,"href":"https:\/\/explora.cl\/magallanes\/wp-json\/wp\/v2\/tags?post=357"}],"curies":[{"name":"wp","href":"https:\/\/api.w.org\/{rel}","templated":true}]}}