{"id":356,"date":"2015-11-20T00:00:00","date_gmt":"2015-11-20T04:00:00","guid":{"rendered":"https:\/\/explora.cl\/magallanes\/blog\/2015\/11\/20\/profesores-de-punta-arenas-se-capacitan-en-neurociencia-educativa\/"},"modified":"2019-05-20T21:39:28","modified_gmt":"2019-05-20T21:39:28","slug":"profesores-de-punta-arenas-se-capacitan-en-neurociencia-educativa","status":"publish","type":"post","link":"https:\/\/explora.cl\/magallanes\/profesores-de-punta-arenas-se-capacitan-en-neurociencia-educativa\/","title":{"rendered":"Profesores de Punta Arenas se capacitan en Neurociencia Educativa"},"content":{"rendered":"<p><p style=\"text-align: justify\"><span style=\"font-family: Arial;color: black\">El mi\u00e9rcoles 18 de noviembre a las 20:00hrs. se realiz\u00f3 la primera jornada de capacitaci\u00f3n organizada por la Red de Profesores de Ciencias, PAR Explora Magallanes e INACH. En esta oportunidad se abordaron aspectos biol\u00f3gicos y cognitivos del aprendizaje.<\/span><\/p>\n<p style=\"text-align: justify\"><span style=\"font-family: Arial;color: black\">La sesi\u00f3n estuvo a cargo del Director (S) del Instituto Ant\u00e1rtico Chileno Dr. Edgardo Vega, quien se ha dedicado a lo largo de su carrera a estudiar la Neurociencia. El objetivo de la sesi\u00f3n buscaba la participaci\u00f3n de los docente y que puedan mejorar sus pr\u00e1cticas did\u00e1cticas con fundamentos de la neurociencia, incorporar elementos socio-afectivo y proponiendo estrategias did\u00e1cticas para lograr un aprendizaje significativo.<\/span><\/p>\n<p style=\"text-align: justify\"><span style=\"font-family: Arial;color: black\">\u201cSe buscaba generar un espacio de conversaci\u00f3n en torno a c\u00f3mo mejorar las pr\u00e1cticas educativas y c\u00f3mo incorporar al aula el conocimiento que la neurociencia est\u00e1 generando en los procesos relacionados con el aprendizaje\u201d, se\u00f1al\u00f3 Dr. Edgardo Vega.<\/span><\/p>\n<p style=\"text-align: justify\"><span style=\"font-family: Arial;color: black\">La sesi\u00f3n comenz\u00f3 con comprender los cambios de paradigma educativo. Seg\u00fan lo explicado en la sesi\u00f3n, el tradicional es asim\u00e9trico, porque el que sabe trasmite su conocimiento al que no sabe, sin embargo esto cambi\u00f3. Actualmente el profesor se debe validar en c\u00f3mo construye espacios de aprendizaje para que los ni\u00f1os aprendan. En este sentido, la importancia radica en las habilidades y no en el contenido.<\/span><\/p>\n<p style=\"text-align: justify\"><span style=\"font-family: Arial;color: black\">Estas instancias de capacitaci\u00f3n buscan convocar a todos los profesores de Punta Arenas. Daniela Vargas, docente del Colegio Brit\u00e1nico y una de las organizadoras de la actividad, manifest\u00f3 que &#8220;muchas veces por pertenecer a instituciones privadas, el Ministerio de Educaci\u00f3n nos excluye e independiente del lugar donde uno trabaje en Magallanes existe una necesidad muy grande de actualizar contenidos en diversos temas, y esto es algo transversal&#8221;.<\/span><\/p>\n<p style=\"text-align: justify\"><span style=\"font-family: Arial;color: black\">Por otro lado, la lejan\u00eda de la regi\u00f3n muchas veces representa una barrera para mejorar las pr\u00e1cticas pedag\u00f3gicas. &#8220;Muchas veces para conseguir una capacitaci\u00f3n con expertos, es necesario viajar a la capital y buscar capacitaciones individuales. Por ese motivo surgi\u00f3 esta red&#8221;, agreg\u00f3 Vargas.<\/span><\/p>\n<p> <span style=\"font-family: Arial;color: black\">La Red de Profesores de Ciencias de Magallanes tiene planificadas m\u00e1s sesiones de capacitaci\u00f3n para el a\u00f1o 2016 y esperan que la convocatoria aumente, en pos del aprendizaje de los ni\u00f1os y j\u00f3venes de la regi\u00f3n. &#8220;Los desaf\u00edos para el 2016, es consolidar la red con profesores de ciencias de todos los niveles, trabajar en la actualizaci\u00f3n de contenidos, y buscar la mejora en las pr\u00e1cticas pedag\u00f3gicas en el aula. Todo con el apoyo de PAR Explora Magallanes, UMAG, GAIA Ant\u00e1rtica, INACH y la Pontificia Universidad Cat\u00f3lica&#8221;, expres\u00f3 Vargas.<\/span><\/p>\n","protected":false},"excerpt":{"rendered":"<p>El mi\u00e9rcoles 18 de noviembre a las 20:00hrs. se realiz\u00f3 la primera jornada de capacitaci\u00f3n organizada por la Red de Profesores de Ciencias, PAR Explora Magallanes e INACH. En esta oportunidad se abordaron aspectos biol\u00f3gicos y cognitivos del aprendizaje. La sesi\u00f3n estuvo a cargo del Director (S) del Instituto Ant\u00e1rtico Chileno Dr. Edgardo Vega, quien [&hellip;]<\/p>\n","protected":false},"author":2,"featured_media":0,"comment_status":"open","ping_status":"open","sticky":false,"template":"","format":"standard","meta":{"_acf_changed":false,"_exactmetrics_skip_tracking":false,"_exactmetrics_sitenote_active":false,"_exactmetrics_sitenote_note":"","_exactmetrics_sitenote_category":0,"footnotes":"","_links_to":"","_links_to_target":""},"categories":[4],"tags":[223],"class_list":["post-356","post","type-post","status-publish","format-standard","hentry","category-noticias","tag-neurociencia"],"acf":[],"yoast_head":"<!-- This site is optimized with the Yoast SEO plugin v26.9 - https:\/\/yoast.com\/product\/yoast-seo-wordpress\/ -->\n<title>Profesores de Punta Arenas se capacitan en Neurociencia Educativa - Magallanes<\/title>\n<meta name=\"robots\" content=\"index, follow, max-snippet:-1, max-image-preview:large, max-video-preview:-1\" \/>\n<link rel=\"canonical\" href=\"https:\/\/explora.cl\/magallanes\/profesores-de-punta-arenas-se-capacitan-en-neurociencia-educativa\/\" class=\"yoast-seo-meta-tag\" \/>\n<meta property=\"og:locale\" content=\"es_ES\" class=\"yoast-seo-meta-tag\" \/>\n<meta property=\"og:type\" content=\"article\" class=\"yoast-seo-meta-tag\" \/>\n<meta property=\"og:title\" content=\"Profesores de Punta Arenas se capacitan en Neurociencia Educativa - Magallanes\" class=\"yoast-seo-meta-tag\" \/>\n<meta property=\"og:description\" content=\"El mi\u00e9rcoles 18 de noviembre a las 20:00hrs. se realiz\u00f3 la primera jornada de capacitaci\u00f3n organizada por la Red de Profesores de Ciencias, PAR Explora Magallanes e INACH. En esta oportunidad se abordaron aspectos biol\u00f3gicos y cognitivos del aprendizaje. La sesi\u00f3n estuvo a cargo del Director (S) del Instituto Ant\u00e1rtico Chileno Dr. Edgardo Vega, quien [&hellip;]\" class=\"yoast-seo-meta-tag\" \/>\n<meta property=\"og:url\" content=\"https:\/\/explora.cl\/magallanes\/profesores-de-punta-arenas-se-capacitan-en-neurociencia-educativa\/\" class=\"yoast-seo-meta-tag\" \/>\n<meta property=\"og:site_name\" content=\"Magallanes\" class=\"yoast-seo-meta-tag\" \/>\n<meta property=\"article:published_time\" content=\"2015-11-20T04:00:00+00:00\" class=\"yoast-seo-meta-tag\" \/>\n<meta property=\"article:modified_time\" content=\"2019-05-20T21:39:28+00:00\" class=\"yoast-seo-meta-tag\" \/>\n<meta name=\"author\" content=\"webman\" class=\"yoast-seo-meta-tag\" \/>\n<meta name=\"twitter:card\" content=\"summary_large_image\" class=\"yoast-seo-meta-tag\" \/>\n<meta name=\"twitter:label1\" content=\"Escrito por\" class=\"yoast-seo-meta-tag\" \/>\n\t<meta name=\"twitter:data1\" content=\"webman\" class=\"yoast-seo-meta-tag\" \/>\n\t<meta name=\"twitter:label2\" content=\"Tiempo estimado de lectura\" class=\"yoast-seo-meta-tag\" \/>\n\t<meta name=\"twitter:data2\" content=\"2 minutos\" class=\"yoast-seo-meta-tag\" \/>\n<script type=\"application\/ld+json\" class=\"yoast-schema-graph\">{\"@context\":\"https:\/\/schema.org\",\"@graph\":[{\"@type\":\"Article\",\"@id\":\"https:\/\/explora.cl\/magallanes\/profesores-de-punta-arenas-se-capacitan-en-neurociencia-educativa\/#article\",\"isPartOf\":{\"@id\":\"https:\/\/explora.cl\/magallanes\/profesores-de-punta-arenas-se-capacitan-en-neurociencia-educativa\/\"},\"author\":{\"name\":\"webman\",\"@id\":\"https:\/\/explora.cl\/magallanes\/#\/schema\/person\/cb8349c13ea2d324080adf8480d7ba5d\"},\"headline\":\"Profesores de Punta Arenas se capacitan en Neurociencia Educativa\",\"datePublished\":\"2015-11-20T04:00:00+00:00\",\"dateModified\":\"2019-05-20T21:39:28+00:00\",\"mainEntityOfPage\":{\"@id\":\"https:\/\/explora.cl\/magallanes\/profesores-de-punta-arenas-se-capacitan-en-neurociencia-educativa\/\"},\"wordCount\":454,\"commentCount\":0,\"publisher\":{\"@id\":\"https:\/\/explora.cl\/magallanes\/#organization\"},\"keywords\":[\"neurociencia\"],\"articleSection\":[\"Noticias\"],\"inLanguage\":\"es-CL\",\"potentialAction\":[{\"@type\":\"CommentAction\",\"name\":\"Comment\",\"target\":[\"https:\/\/explora.cl\/magallanes\/profesores-de-punta-arenas-se-capacitan-en-neurociencia-educativa\/#respond\"]}]},{\"@type\":\"WebPage\",\"@id\":\"https:\/\/explora.cl\/magallanes\/profesores-de-punta-arenas-se-capacitan-en-neurociencia-educativa\/\",\"url\":\"https:\/\/explora.cl\/magallanes\/profesores-de-punta-arenas-se-capacitan-en-neurociencia-educativa\/\",\"name\":\"Profesores de Punta Arenas se capacitan en Neurociencia Educativa - Magallanes\",\"isPartOf\":{\"@id\":\"https:\/\/explora.cl\/magallanes\/#website\"},\"datePublished\":\"2015-11-20T04:00:00+00:00\",\"dateModified\":\"2019-05-20T21:39:28+00:00\",\"breadcrumb\":{\"@id\":\"https:\/\/explora.cl\/magallanes\/profesores-de-punta-arenas-se-capacitan-en-neurociencia-educativa\/#breadcrumb\"},\"inLanguage\":\"es-CL\",\"potentialAction\":[{\"@type\":\"ReadAction\",\"target\":[\"https:\/\/explora.cl\/magallanes\/profesores-de-punta-arenas-se-capacitan-en-neurociencia-educativa\/\"]}]},{\"@type\":\"BreadcrumbList\",\"@id\":\"https:\/\/explora.cl\/magallanes\/profesores-de-punta-arenas-se-capacitan-en-neurociencia-educativa\/#breadcrumb\",\"itemListElement\":[{\"@type\":\"ListItem\",\"position\":1,\"name\":\"Portada\",\"item\":\"https:\/\/explora.cl\/magallanes\/\"},{\"@type\":\"ListItem\",\"position\":2,\"name\":\"Profesores de Punta Arenas se capacitan en Neurociencia Educativa\"}]},{\"@type\":\"WebSite\",\"@id\":\"https:\/\/explora.cl\/magallanes\/#website\",\"url\":\"https:\/\/explora.cl\/magallanes\/\",\"name\":\"Magallanes\",\"description\":\"Otro sitio m\u00e1s de explora.cl\",\"publisher\":{\"@id\":\"https:\/\/explora.cl\/magallanes\/#organization\"},\"potentialAction\":[{\"@type\":\"SearchAction\",\"target\":{\"@type\":\"EntryPoint\",\"urlTemplate\":\"https:\/\/explora.cl\/magallanes\/?s={search_term_string}\"},\"query-input\":{\"@type\":\"PropertyValueSpecification\",\"valueRequired\":true,\"valueName\":\"search_term_string\"}}],\"inLanguage\":\"es-CL\"},{\"@type\":\"Organization\",\"@id\":\"https:\/\/explora.cl\/magallanes\/#organization\",\"name\":\"Magallanes\",\"url\":\"https:\/\/explora.cl\/magallanes\/\",\"logo\":{\"@type\":\"ImageObject\",\"inLanguage\":\"es-CL\",\"@id\":\"https:\/\/explora.cl\/magallanes\/#\/schema\/logo\/image\/\",\"url\":\"https:\/\/explora.cl\/magallanes\/wp-content\/uploads\/sites\/19\/2021\/06\/cropped-ICONO-COLOR-2.jpg\",\"contentUrl\":\"https:\/\/explora.cl\/magallanes\/wp-content\/uploads\/sites\/19\/2021\/06\/cropped-ICONO-COLOR-2.jpg\",\"width\":1181,\"height\":1181,\"caption\":\"Magallanes\"},\"image\":{\"@id\":\"https:\/\/explora.cl\/magallanes\/#\/schema\/logo\/image\/\"}},{\"@type\":\"Person\",\"@id\":\"https:\/\/explora.cl\/magallanes\/#\/schema\/person\/cb8349c13ea2d324080adf8480d7ba5d\",\"name\":\"webman\",\"image\":{\"@type\":\"ImageObject\",\"inLanguage\":\"es-CL\",\"@id\":\"https:\/\/explora.cl\/magallanes\/#\/schema\/person\/image\/\",\"url\":\"https:\/\/secure.gravatar.com\/avatar\/eeff3c82f2c02f7177d13663b7e6f890e9a6a0647ce9bb29cae02dcb094c7312?s=96&d=mm&r=g\",\"contentUrl\":\"https:\/\/secure.gravatar.com\/avatar\/eeff3c82f2c02f7177d13663b7e6f890e9a6a0647ce9bb29cae02dcb094c7312?s=96&d=mm&r=g\",\"caption\":\"webman\"},\"url\":\"https:\/\/explora.cl\/magallanes\/author\/webman\/\"}]}<\/script>\n<!-- \/ Yoast SEO plugin. -->","yoast_head_json":{"title":"Profesores de Punta Arenas se capacitan en Neurociencia Educativa - Magallanes","robots":{"index":"index","follow":"follow","max-snippet":"max-snippet:-1","max-image-preview":"max-image-preview:large","max-video-preview":"max-video-preview:-1"},"canonical":"https:\/\/explora.cl\/magallanes\/profesores-de-punta-arenas-se-capacitan-en-neurociencia-educativa\/","og_locale":"es_ES","og_type":"article","og_title":"Profesores de Punta Arenas se capacitan en Neurociencia Educativa - Magallanes","og_description":"El mi\u00e9rcoles 18 de noviembre a las 20:00hrs. se realiz\u00f3 la primera jornada de capacitaci\u00f3n organizada por la Red de Profesores de Ciencias, PAR Explora Magallanes e INACH. En esta oportunidad se abordaron aspectos biol\u00f3gicos y cognitivos del aprendizaje. La sesi\u00f3n estuvo a cargo del Director (S) del Instituto Ant\u00e1rtico Chileno Dr. Edgardo Vega, quien [&hellip;]","og_url":"https:\/\/explora.cl\/magallanes\/profesores-de-punta-arenas-se-capacitan-en-neurociencia-educativa\/","og_site_name":"Magallanes","article_published_time":"2015-11-20T04:00:00+00:00","article_modified_time":"2019-05-20T21:39:28+00:00","author":"webman","twitter_card":"summary_large_image","twitter_misc":{"Escrito por":"webman","Tiempo estimado de lectura":"2 minutos"},"schema":{"@context":"https:\/\/schema.org","@graph":[{"@type":"Article","@id":"https:\/\/explora.cl\/magallanes\/profesores-de-punta-arenas-se-capacitan-en-neurociencia-educativa\/#article","isPartOf":{"@id":"https:\/\/explora.cl\/magallanes\/profesores-de-punta-arenas-se-capacitan-en-neurociencia-educativa\/"},"author":{"name":"webman","@id":"https:\/\/explora.cl\/magallanes\/#\/schema\/person\/cb8349c13ea2d324080adf8480d7ba5d"},"headline":"Profesores de Punta Arenas se capacitan en Neurociencia Educativa","datePublished":"2015-11-20T04:00:00+00:00","dateModified":"2019-05-20T21:39:28+00:00","mainEntityOfPage":{"@id":"https:\/\/explora.cl\/magallanes\/profesores-de-punta-arenas-se-capacitan-en-neurociencia-educativa\/"},"wordCount":454,"commentCount":0,"publisher":{"@id":"https:\/\/explora.cl\/magallanes\/#organization"},"keywords":["neurociencia"],"articleSection":["Noticias"],"inLanguage":"es-CL","potentialAction":[{"@type":"CommentAction","name":"Comment","target":["https:\/\/explora.cl\/magallanes\/profesores-de-punta-arenas-se-capacitan-en-neurociencia-educativa\/#respond"]}]},{"@type":"WebPage","@id":"https:\/\/explora.cl\/magallanes\/profesores-de-punta-arenas-se-capacitan-en-neurociencia-educativa\/","url":"https:\/\/explora.cl\/magallanes\/profesores-de-punta-arenas-se-capacitan-en-neurociencia-educativa\/","name":"Profesores de Punta Arenas se capacitan en Neurociencia Educativa - Magallanes","isPartOf":{"@id":"https:\/\/explora.cl\/magallanes\/#website"},"datePublished":"2015-11-20T04:00:00+00:00","dateModified":"2019-05-20T21:39:28+00:00","breadcrumb":{"@id":"https:\/\/explora.cl\/magallanes\/profesores-de-punta-arenas-se-capacitan-en-neurociencia-educativa\/#breadcrumb"},"inLanguage":"es-CL","potentialAction":[{"@type":"ReadAction","target":["https:\/\/explora.cl\/magallanes\/profesores-de-punta-arenas-se-capacitan-en-neurociencia-educativa\/"]}]},{"@type":"BreadcrumbList","@id":"https:\/\/explora.cl\/magallanes\/profesores-de-punta-arenas-se-capacitan-en-neurociencia-educativa\/#breadcrumb","itemListElement":[{"@type":"ListItem","position":1,"name":"Portada","item":"https:\/\/explora.cl\/magallanes\/"},{"@type":"ListItem","position":2,"name":"Profesores de Punta Arenas se capacitan en Neurociencia Educativa"}]},{"@type":"WebSite","@id":"https:\/\/explora.cl\/magallanes\/#website","url":"https:\/\/explora.cl\/magallanes\/","name":"Magallanes","description":"Otro sitio m\u00e1s de explora.cl","publisher":{"@id":"https:\/\/explora.cl\/magallanes\/#organization"},"potentialAction":[{"@type":"SearchAction","target":{"@type":"EntryPoint","urlTemplate":"https:\/\/explora.cl\/magallanes\/?s={search_term_string}"},"query-input":{"@type":"PropertyValueSpecification","valueRequired":true,"valueName":"search_term_string"}}],"inLanguage":"es-CL"},{"@type":"Organization","@id":"https:\/\/explora.cl\/magallanes\/#organization","name":"Magallanes","url":"https:\/\/explora.cl\/magallanes\/","logo":{"@type":"ImageObject","inLanguage":"es-CL","@id":"https:\/\/explora.cl\/magallanes\/#\/schema\/logo\/image\/","url":"https:\/\/explora.cl\/magallanes\/wp-content\/uploads\/sites\/19\/2021\/06\/cropped-ICONO-COLOR-2.jpg","contentUrl":"https:\/\/explora.cl\/magallanes\/wp-content\/uploads\/sites\/19\/2021\/06\/cropped-ICONO-COLOR-2.jpg","width":1181,"height":1181,"caption":"Magallanes"},"image":{"@id":"https:\/\/explora.cl\/magallanes\/#\/schema\/logo\/image\/"}},{"@type":"Person","@id":"https:\/\/explora.cl\/magallanes\/#\/schema\/person\/cb8349c13ea2d324080adf8480d7ba5d","name":"webman","image":{"@type":"ImageObject","inLanguage":"es-CL","@id":"https:\/\/explora.cl\/magallanes\/#\/schema\/person\/image\/","url":"https:\/\/secure.gravatar.com\/avatar\/eeff3c82f2c02f7177d13663b7e6f890e9a6a0647ce9bb29cae02dcb094c7312?s=96&d=mm&r=g","contentUrl":"https:\/\/secure.gravatar.com\/avatar\/eeff3c82f2c02f7177d13663b7e6f890e9a6a0647ce9bb29cae02dcb094c7312?s=96&d=mm&r=g","caption":"webman"},"url":"https:\/\/explora.cl\/magallanes\/author\/webman\/"}]}},"_links":{"self":[{"href":"https:\/\/explora.cl\/magallanes\/wp-json\/wp\/v2\/posts\/356","targetHints":{"allow":["GET"]}}],"collection":[{"href":"https:\/\/explora.cl\/magallanes\/wp-json\/wp\/v2\/posts"}],"about":[{"href":"https:\/\/explora.cl\/magallanes\/wp-json\/wp\/v2\/types\/post"}],"author":[{"embeddable":true,"href":"https:\/\/explora.cl\/magallanes\/wp-json\/wp\/v2\/users\/2"}],"replies":[{"embeddable":true,"href":"https:\/\/explora.cl\/magallanes\/wp-json\/wp\/v2\/comments?post=356"}],"version-history":[{"count":1,"href":"https:\/\/explora.cl\/magallanes\/wp-json\/wp\/v2\/posts\/356\/revisions"}],"predecessor-version":[{"id":37868,"href":"https:\/\/explora.cl\/magallanes\/wp-json\/wp\/v2\/posts\/356\/revisions\/37868"}],"wp:attachment":[{"href":"https:\/\/explora.cl\/magallanes\/wp-json\/wp\/v2\/media?parent=356"}],"wp:term":[{"taxonomy":"category","embeddable":true,"href":"https:\/\/explora.cl\/magallanes\/wp-json\/wp\/v2\/categories?post=356"},{"taxonomy":"post_tag","embeddable":true,"href":"https:\/\/explora.cl\/magallanes\/wp-json\/wp\/v2\/tags?post=356"}],"curies":[{"name":"wp","href":"https:\/\/api.w.org\/{rel}","templated":true}]}}