{"id":352,"date":"2015-11-16T00:00:00","date_gmt":"2015-11-16T04:00:00","guid":{"rendered":"https:\/\/explora.cl\/magallanes\/blog\/2015\/11\/16\/invitacion-taller-de-neurociencia-educativa\/"},"modified":"2019-05-20T21:39:29","modified_gmt":"2019-05-20T21:39:29","slug":"invitacion-taller-de-neurociencia-educativa","status":"publish","type":"post","link":"https:\/\/explora.cl\/magallanes\/invitacion-taller-de-neurociencia-educativa\/","title":{"rendered":"INVITACI\u00d3N: Taller de Neurociencia Educativa"},"content":{"rendered":"<p style=\"text-align: justify\">La Red de Profesores de Ciencias de Magallanes y PAR Explora Magallanes invitan a usted a participar del Taller &#8220;Neurociencia Educativa&#8221; dictado por el Director (S) del Instituto Ant\u00e1rtico Chileno Edgardo Vega.<\/p>\n<p style=\"text-align: justify\">El taller se realizar\u00e1 el mi\u00e9rcoles 18 de noviembre en el laboratorio del Liceo Bicentenario Luis Alberto Barrera (Av. Col\u00f3n 1250, Punta Arenas). <\/p>\n<p style=\"text-align: justify\"><span>Se trata de una conferencia participativa, para profesores que est\u00e9n interesados en mejorar sus pr\u00e1cticas did\u00e1cticas con fundamentos en la neurociencia. En ella se abordan los aspectos biol\u00f3gicos y cognitivos del aprendizaje, incorporando los elementos socio-afectivos y proponiendo estrategias did\u00e1cticas para lograr un aprendizaje significativo. Se busca generar un espacio de conversaci\u00f3n en torno a c\u00f3mo mejorar las pr\u00e1cticas educativas y c\u00f3mo incorporar al aula el conocimiento que la neurociencia est\u00e1 generando de los procesos relacionados con el aprendizaje.<\/span><\/p>\n<p style=\"text-align: justify\">&nbsp;<\/p>\n<p style=\"text-align: justify\">Inscripciones a magallanes.explora@gmail.com<\/p>\n","protected":false},"excerpt":{"rendered":"<p>La Red de Profesores de Ciencias de Magallanes y PAR Explora Magallanes invitan a usted a participar del Taller &#8220;Neurociencia Educativa&#8221; dictado por el Director (S) del Instituto Ant\u00e1rtico Chileno Edgardo Vega. El taller se realizar\u00e1 el mi\u00e9rcoles 18 de noviembre en el laboratorio del Liceo Bicentenario Luis Alberto Barrera (Av. Col\u00f3n 1250, Punta Arenas). [&hellip;]<\/p>\n","protected":false},"author":2,"featured_media":0,"comment_status":"open","ping_status":"open","sticky":false,"template":"","format":"standard","meta":{"_acf_changed":false,"_exactmetrics_skip_tracking":false,"_exactmetrics_sitenote_active":false,"_exactmetrics_sitenote_note":"","_exactmetrics_sitenote_category":0,"footnotes":"","_links_to":"","_links_to_target":""},"categories":[4],"tags":[223],"class_list":["post-352","post","type-post","status-publish","format-standard","hentry","category-noticias","tag-neurociencia"],"acf":[],"yoast_head":"<!-- This site is optimized with the Yoast SEO plugin v26.9 - https:\/\/yoast.com\/product\/yoast-seo-wordpress\/ -->\n<title>INVITACI\u00d3N: Taller de Neurociencia Educativa - Magallanes<\/title>\n<meta name=\"robots\" content=\"index, follow, max-snippet:-1, max-image-preview:large, max-video-preview:-1\" \/>\n<link rel=\"canonical\" href=\"https:\/\/explora.cl\/magallanes\/invitacion-taller-de-neurociencia-educativa\/\" class=\"yoast-seo-meta-tag\" \/>\n<meta property=\"og:locale\" content=\"es_ES\" class=\"yoast-seo-meta-tag\" \/>\n<meta property=\"og:type\" content=\"article\" class=\"yoast-seo-meta-tag\" \/>\n<meta property=\"og:title\" content=\"INVITACI\u00d3N: Taller de Neurociencia Educativa - Magallanes\" class=\"yoast-seo-meta-tag\" \/>\n<meta property=\"og:description\" content=\"La Red de Profesores de Ciencias de Magallanes y PAR Explora Magallanes invitan a usted a participar del Taller &#8220;Neurociencia Educativa&#8221; dictado por el Director (S) del Instituto Ant\u00e1rtico Chileno Edgardo Vega. El taller se realizar\u00e1 el mi\u00e9rcoles 18 de noviembre en el laboratorio del Liceo Bicentenario Luis Alberto Barrera (Av. Col\u00f3n 1250, Punta Arenas). [&hellip;]\" class=\"yoast-seo-meta-tag\" \/>\n<meta property=\"og:url\" content=\"https:\/\/explora.cl\/magallanes\/invitacion-taller-de-neurociencia-educativa\/\" class=\"yoast-seo-meta-tag\" \/>\n<meta property=\"og:site_name\" content=\"Magallanes\" class=\"yoast-seo-meta-tag\" \/>\n<meta property=\"article:published_time\" content=\"2015-11-16T04:00:00+00:00\" class=\"yoast-seo-meta-tag\" \/>\n<meta property=\"article:modified_time\" content=\"2019-05-20T21:39:29+00:00\" class=\"yoast-seo-meta-tag\" \/>\n<meta name=\"author\" content=\"webman\" class=\"yoast-seo-meta-tag\" \/>\n<meta name=\"twitter:card\" content=\"summary_large_image\" class=\"yoast-seo-meta-tag\" \/>\n<meta name=\"twitter:label1\" content=\"Escrito por\" class=\"yoast-seo-meta-tag\" \/>\n\t<meta name=\"twitter:data1\" content=\"webman\" class=\"yoast-seo-meta-tag\" \/>\n\t<meta name=\"twitter:label2\" content=\"Tiempo estimado de lectura\" class=\"yoast-seo-meta-tag\" \/>\n\t<meta name=\"twitter:data2\" content=\"1 minuto\" class=\"yoast-seo-meta-tag\" \/>\n<script type=\"application\/ld+json\" class=\"yoast-schema-graph\">{\"@context\":\"https:\/\/schema.org\",\"@graph\":[{\"@type\":\"Article\",\"@id\":\"https:\/\/explora.cl\/magallanes\/invitacion-taller-de-neurociencia-educativa\/#article\",\"isPartOf\":{\"@id\":\"https:\/\/explora.cl\/magallanes\/invitacion-taller-de-neurociencia-educativa\/\"},\"author\":{\"name\":\"webman\",\"@id\":\"https:\/\/explora.cl\/magallanes\/#\/schema\/person\/cb8349c13ea2d324080adf8480d7ba5d\"},\"headline\":\"INVITACI\u00d3N: Taller de Neurociencia Educativa\",\"datePublished\":\"2015-11-16T04:00:00+00:00\",\"dateModified\":\"2019-05-20T21:39:29+00:00\",\"mainEntityOfPage\":{\"@id\":\"https:\/\/explora.cl\/magallanes\/invitacion-taller-de-neurociencia-educativa\/\"},\"wordCount\":157,\"commentCount\":0,\"publisher\":{\"@id\":\"https:\/\/explora.cl\/magallanes\/#organization\"},\"keywords\":[\"neurociencia\"],\"articleSection\":[\"Noticias\"],\"inLanguage\":\"es-CL\",\"potentialAction\":[{\"@type\":\"CommentAction\",\"name\":\"Comment\",\"target\":[\"https:\/\/explora.cl\/magallanes\/invitacion-taller-de-neurociencia-educativa\/#respond\"]}]},{\"@type\":\"WebPage\",\"@id\":\"https:\/\/explora.cl\/magallanes\/invitacion-taller-de-neurociencia-educativa\/\",\"url\":\"https:\/\/explora.cl\/magallanes\/invitacion-taller-de-neurociencia-educativa\/\",\"name\":\"INVITACI\u00d3N: Taller de Neurociencia Educativa - Magallanes\",\"isPartOf\":{\"@id\":\"https:\/\/explora.cl\/magallanes\/#website\"},\"datePublished\":\"2015-11-16T04:00:00+00:00\",\"dateModified\":\"2019-05-20T21:39:29+00:00\",\"breadcrumb\":{\"@id\":\"https:\/\/explora.cl\/magallanes\/invitacion-taller-de-neurociencia-educativa\/#breadcrumb\"},\"inLanguage\":\"es-CL\",\"potentialAction\":[{\"@type\":\"ReadAction\",\"target\":[\"https:\/\/explora.cl\/magallanes\/invitacion-taller-de-neurociencia-educativa\/\"]}]},{\"@type\":\"BreadcrumbList\",\"@id\":\"https:\/\/explora.cl\/magallanes\/invitacion-taller-de-neurociencia-educativa\/#breadcrumb\",\"itemListElement\":[{\"@type\":\"ListItem\",\"position\":1,\"name\":\"Portada\",\"item\":\"https:\/\/explora.cl\/magallanes\/\"},{\"@type\":\"ListItem\",\"position\":2,\"name\":\"INVITACI\u00d3N: Taller de Neurociencia Educativa\"}]},{\"@type\":\"WebSite\",\"@id\":\"https:\/\/explora.cl\/magallanes\/#website\",\"url\":\"https:\/\/explora.cl\/magallanes\/\",\"name\":\"Magallanes\",\"description\":\"Otro sitio m\u00e1s de explora.cl\",\"publisher\":{\"@id\":\"https:\/\/explora.cl\/magallanes\/#organization\"},\"potentialAction\":[{\"@type\":\"SearchAction\",\"target\":{\"@type\":\"EntryPoint\",\"urlTemplate\":\"https:\/\/explora.cl\/magallanes\/?s={search_term_string}\"},\"query-input\":{\"@type\":\"PropertyValueSpecification\",\"valueRequired\":true,\"valueName\":\"search_term_string\"}}],\"inLanguage\":\"es-CL\"},{\"@type\":\"Organization\",\"@id\":\"https:\/\/explora.cl\/magallanes\/#organization\",\"name\":\"Magallanes\",\"url\":\"https:\/\/explora.cl\/magallanes\/\",\"logo\":{\"@type\":\"ImageObject\",\"inLanguage\":\"es-CL\",\"@id\":\"https:\/\/explora.cl\/magallanes\/#\/schema\/logo\/image\/\",\"url\":\"https:\/\/explora.cl\/magallanes\/wp-content\/uploads\/sites\/19\/2021\/06\/cropped-ICONO-COLOR-2.jpg\",\"contentUrl\":\"https:\/\/explora.cl\/magallanes\/wp-content\/uploads\/sites\/19\/2021\/06\/cropped-ICONO-COLOR-2.jpg\",\"width\":1181,\"height\":1181,\"caption\":\"Magallanes\"},\"image\":{\"@id\":\"https:\/\/explora.cl\/magallanes\/#\/schema\/logo\/image\/\"}},{\"@type\":\"Person\",\"@id\":\"https:\/\/explora.cl\/magallanes\/#\/schema\/person\/cb8349c13ea2d324080adf8480d7ba5d\",\"name\":\"webman\",\"image\":{\"@type\":\"ImageObject\",\"inLanguage\":\"es-CL\",\"@id\":\"https:\/\/explora.cl\/magallanes\/#\/schema\/person\/image\/\",\"url\":\"https:\/\/secure.gravatar.com\/avatar\/eeff3c82f2c02f7177d13663b7e6f890e9a6a0647ce9bb29cae02dcb094c7312?s=96&d=mm&r=g\",\"contentUrl\":\"https:\/\/secure.gravatar.com\/avatar\/eeff3c82f2c02f7177d13663b7e6f890e9a6a0647ce9bb29cae02dcb094c7312?s=96&d=mm&r=g\",\"caption\":\"webman\"},\"url\":\"https:\/\/explora.cl\/magallanes\/author\/webman\/\"}]}<\/script>\n<!-- \/ Yoast SEO plugin. -->","yoast_head_json":{"title":"INVITACI\u00d3N: Taller de Neurociencia Educativa - Magallanes","robots":{"index":"index","follow":"follow","max-snippet":"max-snippet:-1","max-image-preview":"max-image-preview:large","max-video-preview":"max-video-preview:-1"},"canonical":"https:\/\/explora.cl\/magallanes\/invitacion-taller-de-neurociencia-educativa\/","og_locale":"es_ES","og_type":"article","og_title":"INVITACI\u00d3N: Taller de Neurociencia Educativa - Magallanes","og_description":"La Red de Profesores de Ciencias de Magallanes y PAR Explora Magallanes invitan a usted a participar del Taller &#8220;Neurociencia Educativa&#8221; dictado por el Director (S) del Instituto Ant\u00e1rtico Chileno Edgardo Vega. El taller se realizar\u00e1 el mi\u00e9rcoles 18 de noviembre en el laboratorio del Liceo Bicentenario Luis Alberto Barrera (Av. Col\u00f3n 1250, Punta Arenas). [&hellip;]","og_url":"https:\/\/explora.cl\/magallanes\/invitacion-taller-de-neurociencia-educativa\/","og_site_name":"Magallanes","article_published_time":"2015-11-16T04:00:00+00:00","article_modified_time":"2019-05-20T21:39:29+00:00","author":"webman","twitter_card":"summary_large_image","twitter_misc":{"Escrito por":"webman","Tiempo estimado de lectura":"1 minuto"},"schema":{"@context":"https:\/\/schema.org","@graph":[{"@type":"Article","@id":"https:\/\/explora.cl\/magallanes\/invitacion-taller-de-neurociencia-educativa\/#article","isPartOf":{"@id":"https:\/\/explora.cl\/magallanes\/invitacion-taller-de-neurociencia-educativa\/"},"author":{"name":"webman","@id":"https:\/\/explora.cl\/magallanes\/#\/schema\/person\/cb8349c13ea2d324080adf8480d7ba5d"},"headline":"INVITACI\u00d3N: Taller de Neurociencia Educativa","datePublished":"2015-11-16T04:00:00+00:00","dateModified":"2019-05-20T21:39:29+00:00","mainEntityOfPage":{"@id":"https:\/\/explora.cl\/magallanes\/invitacion-taller-de-neurociencia-educativa\/"},"wordCount":157,"commentCount":0,"publisher":{"@id":"https:\/\/explora.cl\/magallanes\/#organization"},"keywords":["neurociencia"],"articleSection":["Noticias"],"inLanguage":"es-CL","potentialAction":[{"@type":"CommentAction","name":"Comment","target":["https:\/\/explora.cl\/magallanes\/invitacion-taller-de-neurociencia-educativa\/#respond"]}]},{"@type":"WebPage","@id":"https:\/\/explora.cl\/magallanes\/invitacion-taller-de-neurociencia-educativa\/","url":"https:\/\/explora.cl\/magallanes\/invitacion-taller-de-neurociencia-educativa\/","name":"INVITACI\u00d3N: Taller de Neurociencia Educativa - Magallanes","isPartOf":{"@id":"https:\/\/explora.cl\/magallanes\/#website"},"datePublished":"2015-11-16T04:00:00+00:00","dateModified":"2019-05-20T21:39:29+00:00","breadcrumb":{"@id":"https:\/\/explora.cl\/magallanes\/invitacion-taller-de-neurociencia-educativa\/#breadcrumb"},"inLanguage":"es-CL","potentialAction":[{"@type":"ReadAction","target":["https:\/\/explora.cl\/magallanes\/invitacion-taller-de-neurociencia-educativa\/"]}]},{"@type":"BreadcrumbList","@id":"https:\/\/explora.cl\/magallanes\/invitacion-taller-de-neurociencia-educativa\/#breadcrumb","itemListElement":[{"@type":"ListItem","position":1,"name":"Portada","item":"https:\/\/explora.cl\/magallanes\/"},{"@type":"ListItem","position":2,"name":"INVITACI\u00d3N: Taller de Neurociencia Educativa"}]},{"@type":"WebSite","@id":"https:\/\/explora.cl\/magallanes\/#website","url":"https:\/\/explora.cl\/magallanes\/","name":"Magallanes","description":"Otro sitio m\u00e1s de explora.cl","publisher":{"@id":"https:\/\/explora.cl\/magallanes\/#organization"},"potentialAction":[{"@type":"SearchAction","target":{"@type":"EntryPoint","urlTemplate":"https:\/\/explora.cl\/magallanes\/?s={search_term_string}"},"query-input":{"@type":"PropertyValueSpecification","valueRequired":true,"valueName":"search_term_string"}}],"inLanguage":"es-CL"},{"@type":"Organization","@id":"https:\/\/explora.cl\/magallanes\/#organization","name":"Magallanes","url":"https:\/\/explora.cl\/magallanes\/","logo":{"@type":"ImageObject","inLanguage":"es-CL","@id":"https:\/\/explora.cl\/magallanes\/#\/schema\/logo\/image\/","url":"https:\/\/explora.cl\/magallanes\/wp-content\/uploads\/sites\/19\/2021\/06\/cropped-ICONO-COLOR-2.jpg","contentUrl":"https:\/\/explora.cl\/magallanes\/wp-content\/uploads\/sites\/19\/2021\/06\/cropped-ICONO-COLOR-2.jpg","width":1181,"height":1181,"caption":"Magallanes"},"image":{"@id":"https:\/\/explora.cl\/magallanes\/#\/schema\/logo\/image\/"}},{"@type":"Person","@id":"https:\/\/explora.cl\/magallanes\/#\/schema\/person\/cb8349c13ea2d324080adf8480d7ba5d","name":"webman","image":{"@type":"ImageObject","inLanguage":"es-CL","@id":"https:\/\/explora.cl\/magallanes\/#\/schema\/person\/image\/","url":"https:\/\/secure.gravatar.com\/avatar\/eeff3c82f2c02f7177d13663b7e6f890e9a6a0647ce9bb29cae02dcb094c7312?s=96&d=mm&r=g","contentUrl":"https:\/\/secure.gravatar.com\/avatar\/eeff3c82f2c02f7177d13663b7e6f890e9a6a0647ce9bb29cae02dcb094c7312?s=96&d=mm&r=g","caption":"webman"},"url":"https:\/\/explora.cl\/magallanes\/author\/webman\/"}]}},"_links":{"self":[{"href":"https:\/\/explora.cl\/magallanes\/wp-json\/wp\/v2\/posts\/352","targetHints":{"allow":["GET"]}}],"collection":[{"href":"https:\/\/explora.cl\/magallanes\/wp-json\/wp\/v2\/posts"}],"about":[{"href":"https:\/\/explora.cl\/magallanes\/wp-json\/wp\/v2\/types\/post"}],"author":[{"embeddable":true,"href":"https:\/\/explora.cl\/magallanes\/wp-json\/wp\/v2\/users\/2"}],"replies":[{"embeddable":true,"href":"https:\/\/explora.cl\/magallanes\/wp-json\/wp\/v2\/comments?post=352"}],"version-history":[{"count":1,"href":"https:\/\/explora.cl\/magallanes\/wp-json\/wp\/v2\/posts\/352\/revisions"}],"predecessor-version":[{"id":37871,"href":"https:\/\/explora.cl\/magallanes\/wp-json\/wp\/v2\/posts\/352\/revisions\/37871"}],"wp:attachment":[{"href":"https:\/\/explora.cl\/magallanes\/wp-json\/wp\/v2\/media?parent=352"}],"wp:term":[{"taxonomy":"category","embeddable":true,"href":"https:\/\/explora.cl\/magallanes\/wp-json\/wp\/v2\/categories?post=352"},{"taxonomy":"post_tag","embeddable":true,"href":"https:\/\/explora.cl\/magallanes\/wp-json\/wp\/v2\/tags?post=352"}],"curies":[{"name":"wp","href":"https:\/\/api.w.org\/{rel}","templated":true}]}}