{"id":350,"date":"2015-11-16T00:00:00","date_gmt":"2015-11-16T04:00:00","guid":{"rendered":"https:\/\/explora.cl\/magallanes\/blog\/2015\/11\/16\/campamento-cientifico-escolar-2016\/"},"modified":"2019-05-20T21:39:29","modified_gmt":"2019-05-20T21:39:29","slug":"campamento-cientifico-escolar-2016","status":"publish","type":"post","link":"https:\/\/explora.cl\/magallanes\/campamento-cientifico-escolar-2016\/","title":{"rendered":"Campamento Cient\u00edfico Escolar 2016"},"content":{"rendered":"<p>El 1 de diciembre comienzan las inscripciones al Campamento Cient\u00edfico Escolar 2016. Este evento es organizado por el PAR EXPLORA Magallanes y Ant\u00e1rtica Chilena y se desarrollar\u00e1 entre el 4 y el 9 de enero en la Universidad de Magallanes. El mismo busca incentivar la investigaci\u00f3n cient\u00edfica y tecnol\u00f3gica en los ni\u00f1os, a trav\u00e9s de experiencias l\u00fadicas, durante el periodo de vacaciones.<\/p>\n<p>El pr\u00f3ximo martes 24 de noviembre se publicar\u00e1 la lista de talleres, los que incluir\u00e1n sesiones de Geolog\u00eda, Aves, Explorines, Reciclaje y F\u00e1rmacos en la Naturaleza.<\/p>\n<p>Para m\u00e1s informaci\u00f3n escribir a magallanes.expora@gmail.com<\/p>\n","protected":false},"excerpt":{"rendered":"<p>El 1 de diciembre comienzan las inscripciones al Campamento Cient\u00edfico Escolar 2016. Este evento es organizado por el PAR EXPLORA Magallanes y Ant\u00e1rtica Chilena y se desarrollar\u00e1 entre el 4 y el 9 de enero en la Universidad de Magallanes. El mismo busca incentivar la investigaci\u00f3n cient\u00edfica y tecnol\u00f3gica en los ni\u00f1os, a trav\u00e9s de [&hellip;]<\/p>\n","protected":false},"author":2,"featured_media":0,"comment_status":"open","ping_status":"open","sticky":false,"template":"","format":"standard","meta":{"_acf_changed":false,"_exactmetrics_skip_tracking":false,"_exactmetrics_sitenote_active":false,"_exactmetrics_sitenote_note":"","_exactmetrics_sitenote_category":0,"footnotes":"","_links_to":"","_links_to_target":""},"categories":[4],"tags":[],"class_list":["post-350","post","type-post","status-publish","format-standard","hentry","category-noticias"],"acf":[],"yoast_head":"<!-- This site is optimized with the Yoast SEO plugin v26.9 - https:\/\/yoast.com\/product\/yoast-seo-wordpress\/ -->\n<title>Campamento Cient\u00edfico Escolar 2016 - Magallanes<\/title>\n<meta name=\"robots\" content=\"index, follow, max-snippet:-1, max-image-preview:large, max-video-preview:-1\" \/>\n<link rel=\"canonical\" href=\"https:\/\/explora.cl\/magallanes\/campamento-cientifico-escolar-2016\/\" class=\"yoast-seo-meta-tag\" \/>\n<meta property=\"og:locale\" content=\"es_ES\" class=\"yoast-seo-meta-tag\" \/>\n<meta property=\"og:type\" content=\"article\" class=\"yoast-seo-meta-tag\" \/>\n<meta property=\"og:title\" content=\"Campamento Cient\u00edfico Escolar 2016 - Magallanes\" class=\"yoast-seo-meta-tag\" \/>\n<meta property=\"og:description\" content=\"El 1 de diciembre comienzan las inscripciones al Campamento Cient\u00edfico Escolar 2016. Este evento es organizado por el PAR EXPLORA Magallanes y Ant\u00e1rtica Chilena y se desarrollar\u00e1 entre el 4 y el 9 de enero en la Universidad de Magallanes. El mismo busca incentivar la investigaci\u00f3n cient\u00edfica y tecnol\u00f3gica en los ni\u00f1os, a trav\u00e9s de [&hellip;]\" class=\"yoast-seo-meta-tag\" \/>\n<meta property=\"og:url\" content=\"https:\/\/explora.cl\/magallanes\/campamento-cientifico-escolar-2016\/\" class=\"yoast-seo-meta-tag\" \/>\n<meta property=\"og:site_name\" content=\"Magallanes\" class=\"yoast-seo-meta-tag\" \/>\n<meta property=\"article:published_time\" content=\"2015-11-16T04:00:00+00:00\" class=\"yoast-seo-meta-tag\" \/>\n<meta property=\"article:modified_time\" content=\"2019-05-20T21:39:29+00:00\" class=\"yoast-seo-meta-tag\" \/>\n<meta name=\"author\" content=\"webman\" class=\"yoast-seo-meta-tag\" \/>\n<meta name=\"twitter:card\" content=\"summary_large_image\" class=\"yoast-seo-meta-tag\" \/>\n<meta name=\"twitter:label1\" content=\"Escrito por\" class=\"yoast-seo-meta-tag\" \/>\n\t<meta name=\"twitter:data1\" content=\"webman\" class=\"yoast-seo-meta-tag\" \/>\n\t<meta name=\"twitter:label2\" content=\"Tiempo estimado de lectura\" class=\"yoast-seo-meta-tag\" \/>\n\t<meta name=\"twitter:data2\" content=\"1 minuto\" class=\"yoast-seo-meta-tag\" \/>\n<script type=\"application\/ld+json\" class=\"yoast-schema-graph\">{\"@context\":\"https:\/\/schema.org\",\"@graph\":[{\"@type\":\"Article\",\"@id\":\"https:\/\/explora.cl\/magallanes\/campamento-cientifico-escolar-2016\/#article\",\"isPartOf\":{\"@id\":\"https:\/\/explora.cl\/magallanes\/campamento-cientifico-escolar-2016\/\"},\"author\":{\"name\":\"webman\",\"@id\":\"https:\/\/explora.cl\/magallanes\/#\/schema\/person\/cb8349c13ea2d324080adf8480d7ba5d\"},\"headline\":\"Campamento Cient\u00edfico Escolar 2016\",\"datePublished\":\"2015-11-16T04:00:00+00:00\",\"dateModified\":\"2019-05-20T21:39:29+00:00\",\"mainEntityOfPage\":{\"@id\":\"https:\/\/explora.cl\/magallanes\/campamento-cientifico-escolar-2016\/\"},\"wordCount\":110,\"commentCount\":0,\"publisher\":{\"@id\":\"https:\/\/explora.cl\/magallanes\/#organization\"},\"articleSection\":[\"Noticias\"],\"inLanguage\":\"es-CL\",\"potentialAction\":[{\"@type\":\"CommentAction\",\"name\":\"Comment\",\"target\":[\"https:\/\/explora.cl\/magallanes\/campamento-cientifico-escolar-2016\/#respond\"]}]},{\"@type\":\"WebPage\",\"@id\":\"https:\/\/explora.cl\/magallanes\/campamento-cientifico-escolar-2016\/\",\"url\":\"https:\/\/explora.cl\/magallanes\/campamento-cientifico-escolar-2016\/\",\"name\":\"Campamento Cient\u00edfico Escolar 2016 - Magallanes\",\"isPartOf\":{\"@id\":\"https:\/\/explora.cl\/magallanes\/#website\"},\"datePublished\":\"2015-11-16T04:00:00+00:00\",\"dateModified\":\"2019-05-20T21:39:29+00:00\",\"breadcrumb\":{\"@id\":\"https:\/\/explora.cl\/magallanes\/campamento-cientifico-escolar-2016\/#breadcrumb\"},\"inLanguage\":\"es-CL\",\"potentialAction\":[{\"@type\":\"ReadAction\",\"target\":[\"https:\/\/explora.cl\/magallanes\/campamento-cientifico-escolar-2016\/\"]}]},{\"@type\":\"BreadcrumbList\",\"@id\":\"https:\/\/explora.cl\/magallanes\/campamento-cientifico-escolar-2016\/#breadcrumb\",\"itemListElement\":[{\"@type\":\"ListItem\",\"position\":1,\"name\":\"Portada\",\"item\":\"https:\/\/explora.cl\/magallanes\/\"},{\"@type\":\"ListItem\",\"position\":2,\"name\":\"Campamento Cient\u00edfico Escolar 2016\"}]},{\"@type\":\"WebSite\",\"@id\":\"https:\/\/explora.cl\/magallanes\/#website\",\"url\":\"https:\/\/explora.cl\/magallanes\/\",\"name\":\"Magallanes\",\"description\":\"Otro sitio m\u00e1s de explora.cl\",\"publisher\":{\"@id\":\"https:\/\/explora.cl\/magallanes\/#organization\"},\"potentialAction\":[{\"@type\":\"SearchAction\",\"target\":{\"@type\":\"EntryPoint\",\"urlTemplate\":\"https:\/\/explora.cl\/magallanes\/?s={search_term_string}\"},\"query-input\":{\"@type\":\"PropertyValueSpecification\",\"valueRequired\":true,\"valueName\":\"search_term_string\"}}],\"inLanguage\":\"es-CL\"},{\"@type\":\"Organization\",\"@id\":\"https:\/\/explora.cl\/magallanes\/#organization\",\"name\":\"Magallanes\",\"url\":\"https:\/\/explora.cl\/magallanes\/\",\"logo\":{\"@type\":\"ImageObject\",\"inLanguage\":\"es-CL\",\"@id\":\"https:\/\/explora.cl\/magallanes\/#\/schema\/logo\/image\/\",\"url\":\"https:\/\/explora.cl\/magallanes\/wp-content\/uploads\/sites\/19\/2021\/06\/cropped-ICONO-COLOR-2.jpg\",\"contentUrl\":\"https:\/\/explora.cl\/magallanes\/wp-content\/uploads\/sites\/19\/2021\/06\/cropped-ICONO-COLOR-2.jpg\",\"width\":1181,\"height\":1181,\"caption\":\"Magallanes\"},\"image\":{\"@id\":\"https:\/\/explora.cl\/magallanes\/#\/schema\/logo\/image\/\"}},{\"@type\":\"Person\",\"@id\":\"https:\/\/explora.cl\/magallanes\/#\/schema\/person\/cb8349c13ea2d324080adf8480d7ba5d\",\"name\":\"webman\",\"image\":{\"@type\":\"ImageObject\",\"inLanguage\":\"es-CL\",\"@id\":\"https:\/\/explora.cl\/magallanes\/#\/schema\/person\/image\/\",\"url\":\"https:\/\/secure.gravatar.com\/avatar\/eeff3c82f2c02f7177d13663b7e6f890e9a6a0647ce9bb29cae02dcb094c7312?s=96&d=mm&r=g\",\"contentUrl\":\"https:\/\/secure.gravatar.com\/avatar\/eeff3c82f2c02f7177d13663b7e6f890e9a6a0647ce9bb29cae02dcb094c7312?s=96&d=mm&r=g\",\"caption\":\"webman\"},\"url\":\"https:\/\/explora.cl\/magallanes\/author\/webman\/\"}]}<\/script>\n<!-- \/ Yoast SEO plugin. -->","yoast_head_json":{"title":"Campamento Cient\u00edfico Escolar 2016 - Magallanes","robots":{"index":"index","follow":"follow","max-snippet":"max-snippet:-1","max-image-preview":"max-image-preview:large","max-video-preview":"max-video-preview:-1"},"canonical":"https:\/\/explora.cl\/magallanes\/campamento-cientifico-escolar-2016\/","og_locale":"es_ES","og_type":"article","og_title":"Campamento Cient\u00edfico Escolar 2016 - Magallanes","og_description":"El 1 de diciembre comienzan las inscripciones al Campamento Cient\u00edfico Escolar 2016. Este evento es organizado por el PAR EXPLORA Magallanes y Ant\u00e1rtica Chilena y se desarrollar\u00e1 entre el 4 y el 9 de enero en la Universidad de Magallanes. El mismo busca incentivar la investigaci\u00f3n cient\u00edfica y tecnol\u00f3gica en los ni\u00f1os, a trav\u00e9s de [&hellip;]","og_url":"https:\/\/explora.cl\/magallanes\/campamento-cientifico-escolar-2016\/","og_site_name":"Magallanes","article_published_time":"2015-11-16T04:00:00+00:00","article_modified_time":"2019-05-20T21:39:29+00:00","author":"webman","twitter_card":"summary_large_image","twitter_misc":{"Escrito por":"webman","Tiempo estimado de lectura":"1 minuto"},"schema":{"@context":"https:\/\/schema.org","@graph":[{"@type":"Article","@id":"https:\/\/explora.cl\/magallanes\/campamento-cientifico-escolar-2016\/#article","isPartOf":{"@id":"https:\/\/explora.cl\/magallanes\/campamento-cientifico-escolar-2016\/"},"author":{"name":"webman","@id":"https:\/\/explora.cl\/magallanes\/#\/schema\/person\/cb8349c13ea2d324080adf8480d7ba5d"},"headline":"Campamento Cient\u00edfico Escolar 2016","datePublished":"2015-11-16T04:00:00+00:00","dateModified":"2019-05-20T21:39:29+00:00","mainEntityOfPage":{"@id":"https:\/\/explora.cl\/magallanes\/campamento-cientifico-escolar-2016\/"},"wordCount":110,"commentCount":0,"publisher":{"@id":"https:\/\/explora.cl\/magallanes\/#organization"},"articleSection":["Noticias"],"inLanguage":"es-CL","potentialAction":[{"@type":"CommentAction","name":"Comment","target":["https:\/\/explora.cl\/magallanes\/campamento-cientifico-escolar-2016\/#respond"]}]},{"@type":"WebPage","@id":"https:\/\/explora.cl\/magallanes\/campamento-cientifico-escolar-2016\/","url":"https:\/\/explora.cl\/magallanes\/campamento-cientifico-escolar-2016\/","name":"Campamento Cient\u00edfico Escolar 2016 - Magallanes","isPartOf":{"@id":"https:\/\/explora.cl\/magallanes\/#website"},"datePublished":"2015-11-16T04:00:00+00:00","dateModified":"2019-05-20T21:39:29+00:00","breadcrumb":{"@id":"https:\/\/explora.cl\/magallanes\/campamento-cientifico-escolar-2016\/#breadcrumb"},"inLanguage":"es-CL","potentialAction":[{"@type":"ReadAction","target":["https:\/\/explora.cl\/magallanes\/campamento-cientifico-escolar-2016\/"]}]},{"@type":"BreadcrumbList","@id":"https:\/\/explora.cl\/magallanes\/campamento-cientifico-escolar-2016\/#breadcrumb","itemListElement":[{"@type":"ListItem","position":1,"name":"Portada","item":"https:\/\/explora.cl\/magallanes\/"},{"@type":"ListItem","position":2,"name":"Campamento Cient\u00edfico Escolar 2016"}]},{"@type":"WebSite","@id":"https:\/\/explora.cl\/magallanes\/#website","url":"https:\/\/explora.cl\/magallanes\/","name":"Magallanes","description":"Otro sitio m\u00e1s de explora.cl","publisher":{"@id":"https:\/\/explora.cl\/magallanes\/#organization"},"potentialAction":[{"@type":"SearchAction","target":{"@type":"EntryPoint","urlTemplate":"https:\/\/explora.cl\/magallanes\/?s={search_term_string}"},"query-input":{"@type":"PropertyValueSpecification","valueRequired":true,"valueName":"search_term_string"}}],"inLanguage":"es-CL"},{"@type":"Organization","@id":"https:\/\/explora.cl\/magallanes\/#organization","name":"Magallanes","url":"https:\/\/explora.cl\/magallanes\/","logo":{"@type":"ImageObject","inLanguage":"es-CL","@id":"https:\/\/explora.cl\/magallanes\/#\/schema\/logo\/image\/","url":"https:\/\/explora.cl\/magallanes\/wp-content\/uploads\/sites\/19\/2021\/06\/cropped-ICONO-COLOR-2.jpg","contentUrl":"https:\/\/explora.cl\/magallanes\/wp-content\/uploads\/sites\/19\/2021\/06\/cropped-ICONO-COLOR-2.jpg","width":1181,"height":1181,"caption":"Magallanes"},"image":{"@id":"https:\/\/explora.cl\/magallanes\/#\/schema\/logo\/image\/"}},{"@type":"Person","@id":"https:\/\/explora.cl\/magallanes\/#\/schema\/person\/cb8349c13ea2d324080adf8480d7ba5d","name":"webman","image":{"@type":"ImageObject","inLanguage":"es-CL","@id":"https:\/\/explora.cl\/magallanes\/#\/schema\/person\/image\/","url":"https:\/\/secure.gravatar.com\/avatar\/eeff3c82f2c02f7177d13663b7e6f890e9a6a0647ce9bb29cae02dcb094c7312?s=96&d=mm&r=g","contentUrl":"https:\/\/secure.gravatar.com\/avatar\/eeff3c82f2c02f7177d13663b7e6f890e9a6a0647ce9bb29cae02dcb094c7312?s=96&d=mm&r=g","caption":"webman"},"url":"https:\/\/explora.cl\/magallanes\/author\/webman\/"}]}},"_links":{"self":[{"href":"https:\/\/explora.cl\/magallanes\/wp-json\/wp\/v2\/posts\/350","targetHints":{"allow":["GET"]}}],"collection":[{"href":"https:\/\/explora.cl\/magallanes\/wp-json\/wp\/v2\/posts"}],"about":[{"href":"https:\/\/explora.cl\/magallanes\/wp-json\/wp\/v2\/types\/post"}],"author":[{"embeddable":true,"href":"https:\/\/explora.cl\/magallanes\/wp-json\/wp\/v2\/users\/2"}],"replies":[{"embeddable":true,"href":"https:\/\/explora.cl\/magallanes\/wp-json\/wp\/v2\/comments?post=350"}],"version-history":[{"count":1,"href":"https:\/\/explora.cl\/magallanes\/wp-json\/wp\/v2\/posts\/350\/revisions"}],"predecessor-version":[{"id":37870,"href":"https:\/\/explora.cl\/magallanes\/wp-json\/wp\/v2\/posts\/350\/revisions\/37870"}],"wp:attachment":[{"href":"https:\/\/explora.cl\/magallanes\/wp-json\/wp\/v2\/media?parent=350"}],"wp:term":[{"taxonomy":"category","embeddable":true,"href":"https:\/\/explora.cl\/magallanes\/wp-json\/wp\/v2\/categories?post=350"},{"taxonomy":"post_tag","embeddable":true,"href":"https:\/\/explora.cl\/magallanes\/wp-json\/wp\/v2\/tags?post=350"}],"curies":[{"name":"wp","href":"https:\/\/api.w.org\/{rel}","templated":true}]}}