{"id":347,"date":"2015-11-09T00:00:00","date_gmt":"2015-11-09T04:00:00","guid":{"rendered":"https:\/\/explora.cl\/magallanes\/blog\/2015\/11\/09\/ii-simposio-escolar-regional-cientifico-ambiental-en-torres-del-paine\/"},"modified":"2019-05-20T21:39:34","modified_gmt":"2019-05-20T21:39:34","slug":"ii-simposio-escolar-regional-cientifico-ambiental-en-torres-del-paine","status":"publish","type":"post","link":"https:\/\/explora.cl\/magallanes\/ii-simposio-escolar-regional-cientifico-ambiental-en-torres-del-paine\/","title":{"rendered":"II Simposio Escolar Regional Cient\u00edfico Ambiental en Torres del Paine"},"content":{"rendered":"<p style=\"text-align: justify\">PAR Explora Magallanes, AMA Torres del Paine, Escuela G-9 Ram\u00f3n Serrano Montaner y la Ilustre Municipalidad de Torres del Payne organizaron el&nbsp; 2\u00ba Simposio Escolar Regional Cient\u00edfico Ambiental Torres del Paine 2015.<\/p>\n<p style=\"text-align: justify\">Esta actividad se realizar\u00e1 el d\u00eda 10 de noviembre en las dependencias de la Ilustre Municipalidad de Torres del Payne y en la Escuela Ram\u00f3n Serrano Montaner, Villa Cerro Castillo y asistir\u00e1n diversos establecimientos educacionales de la regi\u00f3n, tales como:<\/p>\n<p style=\"text-align: justify\">Escuela E-3, Puerto Natales.<\/p>\n<p style=\"text-align: justify\">Liceo Donald Mc Intyre Griffiths, Puerto Williams.<\/p>\n<p style=\"text-align: justify\">Colegio Cruz del Sur, Punta Arenas.<\/p>\n<p style=\"text-align: justify\">Escuela E-5, Puerto Natales.<\/p>\n<p style=\"text-align: justify\">Escuela Ram\u00f3n Serrano Montaner, Torres del Payne.<\/p>\n<p style=\"text-align: justify\">Escuela Cerro Guido, Torres del Payne.<\/p>\n<p style=\"text-align: justify\">Liceo Mar\u00eda Mazzarello, Puerto Natales.<\/p>\n<p style=\"text-align: justify\">Escuela C1, Puerto Natales.<\/p>\n<p style=\"text-align: justify\">Escuela B11, Puerto Natales.<\/p>\n<p style=\"text-align: justify\">El simposio pretende instalar los temas medioambientales en Torres del Paine a trav\u00e9s de la exposici\u00f3n de las iniciativas realizadas por la comuna y la articulaci\u00f3n p\u00fablico-privada.<\/p>\n","protected":false},"excerpt":{"rendered":"<p>PAR Explora Magallanes, AMA Torres del Paine, Escuela G-9 Ram\u00f3n Serrano Montaner y la Ilustre Municipalidad de Torres del Payne organizaron el&nbsp; 2\u00ba Simposio Escolar Regional Cient\u00edfico Ambiental Torres del Paine 2015. Esta actividad se realizar\u00e1 el d\u00eda 10 de noviembre en las dependencias de la Ilustre Municipalidad de Torres del Payne y en la [&hellip;]<\/p>\n","protected":false},"author":2,"featured_media":0,"comment_status":"open","ping_status":"open","sticky":false,"template":"","format":"standard","meta":{"_acf_changed":false,"_exactmetrics_skip_tracking":false,"_exactmetrics_sitenote_active":false,"_exactmetrics_sitenote_note":"","_exactmetrics_sitenote_category":0,"footnotes":"","_links_to":"","_links_to_target":""},"categories":[4],"tags":[189],"class_list":["post-347","post","type-post","status-publish","format-standard","hentry","category-noticias","tag-medio-ambiente"],"acf":[],"yoast_head":"<!-- This site is optimized with the Yoast SEO plugin v26.9 - https:\/\/yoast.com\/product\/yoast-seo-wordpress\/ -->\n<title>II Simposio Escolar Regional Cient\u00edfico Ambiental en Torres del Paine - Magallanes<\/title>\n<meta name=\"robots\" content=\"index, follow, max-snippet:-1, max-image-preview:large, max-video-preview:-1\" \/>\n<link rel=\"canonical\" href=\"https:\/\/explora.cl\/magallanes\/ii-simposio-escolar-regional-cientifico-ambiental-en-torres-del-paine\/\" class=\"yoast-seo-meta-tag\" \/>\n<meta property=\"og:locale\" content=\"es_ES\" class=\"yoast-seo-meta-tag\" \/>\n<meta property=\"og:type\" content=\"article\" class=\"yoast-seo-meta-tag\" \/>\n<meta property=\"og:title\" content=\"II Simposio Escolar Regional Cient\u00edfico Ambiental en Torres del Paine - Magallanes\" class=\"yoast-seo-meta-tag\" \/>\n<meta property=\"og:description\" content=\"PAR Explora Magallanes, AMA Torres del Paine, Escuela G-9 Ram\u00f3n Serrano Montaner y la Ilustre Municipalidad de Torres del Payne organizaron el&nbsp; 2\u00ba Simposio Escolar Regional Cient\u00edfico Ambiental Torres del Paine 2015. Esta actividad se realizar\u00e1 el d\u00eda 10 de noviembre en las dependencias de la Ilustre Municipalidad de Torres del Payne y en la [&hellip;]\" class=\"yoast-seo-meta-tag\" \/>\n<meta property=\"og:url\" content=\"https:\/\/explora.cl\/magallanes\/ii-simposio-escolar-regional-cientifico-ambiental-en-torres-del-paine\/\" class=\"yoast-seo-meta-tag\" \/>\n<meta property=\"og:site_name\" content=\"Magallanes\" class=\"yoast-seo-meta-tag\" \/>\n<meta property=\"article:published_time\" content=\"2015-11-09T04:00:00+00:00\" class=\"yoast-seo-meta-tag\" \/>\n<meta property=\"article:modified_time\" content=\"2019-05-20T21:39:34+00:00\" class=\"yoast-seo-meta-tag\" \/>\n<meta name=\"author\" content=\"webman\" class=\"yoast-seo-meta-tag\" \/>\n<meta name=\"twitter:card\" content=\"summary_large_image\" class=\"yoast-seo-meta-tag\" \/>\n<meta name=\"twitter:label1\" content=\"Escrito por\" class=\"yoast-seo-meta-tag\" \/>\n\t<meta name=\"twitter:data1\" content=\"webman\" class=\"yoast-seo-meta-tag\" \/>\n\t<meta name=\"twitter:label2\" content=\"Tiempo estimado de lectura\" class=\"yoast-seo-meta-tag\" \/>\n\t<meta name=\"twitter:data2\" content=\"1 minuto\" class=\"yoast-seo-meta-tag\" \/>\n<script type=\"application\/ld+json\" class=\"yoast-schema-graph\">{\"@context\":\"https:\/\/schema.org\",\"@graph\":[{\"@type\":\"Article\",\"@id\":\"https:\/\/explora.cl\/magallanes\/ii-simposio-escolar-regional-cientifico-ambiental-en-torres-del-paine\/#article\",\"isPartOf\":{\"@id\":\"https:\/\/explora.cl\/magallanes\/ii-simposio-escolar-regional-cientifico-ambiental-en-torres-del-paine\/\"},\"author\":{\"name\":\"webman\",\"@id\":\"https:\/\/explora.cl\/magallanes\/#\/schema\/person\/cb8349c13ea2d324080adf8480d7ba5d\"},\"headline\":\"II Simposio Escolar Regional Cient\u00edfico Ambiental en Torres del Paine\",\"datePublished\":\"2015-11-09T04:00:00+00:00\",\"dateModified\":\"2019-05-20T21:39:34+00:00\",\"mainEntityOfPage\":{\"@id\":\"https:\/\/explora.cl\/magallanes\/ii-simposio-escolar-regional-cientifico-ambiental-en-torres-del-paine\/\"},\"wordCount\":167,\"commentCount\":0,\"publisher\":{\"@id\":\"https:\/\/explora.cl\/magallanes\/#organization\"},\"keywords\":[\"medio ambiente\"],\"articleSection\":[\"Noticias\"],\"inLanguage\":\"es-CL\",\"potentialAction\":[{\"@type\":\"CommentAction\",\"name\":\"Comment\",\"target\":[\"https:\/\/explora.cl\/magallanes\/ii-simposio-escolar-regional-cientifico-ambiental-en-torres-del-paine\/#respond\"]}]},{\"@type\":\"WebPage\",\"@id\":\"https:\/\/explora.cl\/magallanes\/ii-simposio-escolar-regional-cientifico-ambiental-en-torres-del-paine\/\",\"url\":\"https:\/\/explora.cl\/magallanes\/ii-simposio-escolar-regional-cientifico-ambiental-en-torres-del-paine\/\",\"name\":\"II Simposio Escolar Regional Cient\u00edfico Ambiental en Torres del Paine - Magallanes\",\"isPartOf\":{\"@id\":\"https:\/\/explora.cl\/magallanes\/#website\"},\"datePublished\":\"2015-11-09T04:00:00+00:00\",\"dateModified\":\"2019-05-20T21:39:34+00:00\",\"breadcrumb\":{\"@id\":\"https:\/\/explora.cl\/magallanes\/ii-simposio-escolar-regional-cientifico-ambiental-en-torres-del-paine\/#breadcrumb\"},\"inLanguage\":\"es-CL\",\"potentialAction\":[{\"@type\":\"ReadAction\",\"target\":[\"https:\/\/explora.cl\/magallanes\/ii-simposio-escolar-regional-cientifico-ambiental-en-torres-del-paine\/\"]}]},{\"@type\":\"BreadcrumbList\",\"@id\":\"https:\/\/explora.cl\/magallanes\/ii-simposio-escolar-regional-cientifico-ambiental-en-torres-del-paine\/#breadcrumb\",\"itemListElement\":[{\"@type\":\"ListItem\",\"position\":1,\"name\":\"Portada\",\"item\":\"https:\/\/explora.cl\/magallanes\/\"},{\"@type\":\"ListItem\",\"position\":2,\"name\":\"II Simposio Escolar Regional Cient\u00edfico Ambiental en Torres del Paine\"}]},{\"@type\":\"WebSite\",\"@id\":\"https:\/\/explora.cl\/magallanes\/#website\",\"url\":\"https:\/\/explora.cl\/magallanes\/\",\"name\":\"Magallanes\",\"description\":\"Otro sitio m\u00e1s de explora.cl\",\"publisher\":{\"@id\":\"https:\/\/explora.cl\/magallanes\/#organization\"},\"potentialAction\":[{\"@type\":\"SearchAction\",\"target\":{\"@type\":\"EntryPoint\",\"urlTemplate\":\"https:\/\/explora.cl\/magallanes\/?s={search_term_string}\"},\"query-input\":{\"@type\":\"PropertyValueSpecification\",\"valueRequired\":true,\"valueName\":\"search_term_string\"}}],\"inLanguage\":\"es-CL\"},{\"@type\":\"Organization\",\"@id\":\"https:\/\/explora.cl\/magallanes\/#organization\",\"name\":\"Magallanes\",\"url\":\"https:\/\/explora.cl\/magallanes\/\",\"logo\":{\"@type\":\"ImageObject\",\"inLanguage\":\"es-CL\",\"@id\":\"https:\/\/explora.cl\/magallanes\/#\/schema\/logo\/image\/\",\"url\":\"https:\/\/explora.cl\/magallanes\/wp-content\/uploads\/sites\/19\/2021\/06\/cropped-ICONO-COLOR-2.jpg\",\"contentUrl\":\"https:\/\/explora.cl\/magallanes\/wp-content\/uploads\/sites\/19\/2021\/06\/cropped-ICONO-COLOR-2.jpg\",\"width\":1181,\"height\":1181,\"caption\":\"Magallanes\"},\"image\":{\"@id\":\"https:\/\/explora.cl\/magallanes\/#\/schema\/logo\/image\/\"}},{\"@type\":\"Person\",\"@id\":\"https:\/\/explora.cl\/magallanes\/#\/schema\/person\/cb8349c13ea2d324080adf8480d7ba5d\",\"name\":\"webman\",\"image\":{\"@type\":\"ImageObject\",\"inLanguage\":\"es-CL\",\"@id\":\"https:\/\/explora.cl\/magallanes\/#\/schema\/person\/image\/\",\"url\":\"https:\/\/secure.gravatar.com\/avatar\/eeff3c82f2c02f7177d13663b7e6f890e9a6a0647ce9bb29cae02dcb094c7312?s=96&d=mm&r=g\",\"contentUrl\":\"https:\/\/secure.gravatar.com\/avatar\/eeff3c82f2c02f7177d13663b7e6f890e9a6a0647ce9bb29cae02dcb094c7312?s=96&d=mm&r=g\",\"caption\":\"webman\"},\"url\":\"https:\/\/explora.cl\/magallanes\/author\/webman\/\"}]}<\/script>\n<!-- \/ Yoast SEO plugin. -->","yoast_head_json":{"title":"II Simposio Escolar Regional Cient\u00edfico Ambiental en Torres del Paine - Magallanes","robots":{"index":"index","follow":"follow","max-snippet":"max-snippet:-1","max-image-preview":"max-image-preview:large","max-video-preview":"max-video-preview:-1"},"canonical":"https:\/\/explora.cl\/magallanes\/ii-simposio-escolar-regional-cientifico-ambiental-en-torres-del-paine\/","og_locale":"es_ES","og_type":"article","og_title":"II Simposio Escolar Regional Cient\u00edfico Ambiental en Torres del Paine - Magallanes","og_description":"PAR Explora Magallanes, AMA Torres del Paine, Escuela G-9 Ram\u00f3n Serrano Montaner y la Ilustre Municipalidad de Torres del Payne organizaron el&nbsp; 2\u00ba Simposio Escolar Regional Cient\u00edfico Ambiental Torres del Paine 2015. Esta actividad se realizar\u00e1 el d\u00eda 10 de noviembre en las dependencias de la Ilustre Municipalidad de Torres del Payne y en la [&hellip;]","og_url":"https:\/\/explora.cl\/magallanes\/ii-simposio-escolar-regional-cientifico-ambiental-en-torres-del-paine\/","og_site_name":"Magallanes","article_published_time":"2015-11-09T04:00:00+00:00","article_modified_time":"2019-05-20T21:39:34+00:00","author":"webman","twitter_card":"summary_large_image","twitter_misc":{"Escrito por":"webman","Tiempo estimado de lectura":"1 minuto"},"schema":{"@context":"https:\/\/schema.org","@graph":[{"@type":"Article","@id":"https:\/\/explora.cl\/magallanes\/ii-simposio-escolar-regional-cientifico-ambiental-en-torres-del-paine\/#article","isPartOf":{"@id":"https:\/\/explora.cl\/magallanes\/ii-simposio-escolar-regional-cientifico-ambiental-en-torres-del-paine\/"},"author":{"name":"webman","@id":"https:\/\/explora.cl\/magallanes\/#\/schema\/person\/cb8349c13ea2d324080adf8480d7ba5d"},"headline":"II Simposio Escolar Regional Cient\u00edfico Ambiental en Torres del Paine","datePublished":"2015-11-09T04:00:00+00:00","dateModified":"2019-05-20T21:39:34+00:00","mainEntityOfPage":{"@id":"https:\/\/explora.cl\/magallanes\/ii-simposio-escolar-regional-cientifico-ambiental-en-torres-del-paine\/"},"wordCount":167,"commentCount":0,"publisher":{"@id":"https:\/\/explora.cl\/magallanes\/#organization"},"keywords":["medio ambiente"],"articleSection":["Noticias"],"inLanguage":"es-CL","potentialAction":[{"@type":"CommentAction","name":"Comment","target":["https:\/\/explora.cl\/magallanes\/ii-simposio-escolar-regional-cientifico-ambiental-en-torres-del-paine\/#respond"]}]},{"@type":"WebPage","@id":"https:\/\/explora.cl\/magallanes\/ii-simposio-escolar-regional-cientifico-ambiental-en-torres-del-paine\/","url":"https:\/\/explora.cl\/magallanes\/ii-simposio-escolar-regional-cientifico-ambiental-en-torres-del-paine\/","name":"II Simposio Escolar Regional Cient\u00edfico Ambiental en Torres del Paine - Magallanes","isPartOf":{"@id":"https:\/\/explora.cl\/magallanes\/#website"},"datePublished":"2015-11-09T04:00:00+00:00","dateModified":"2019-05-20T21:39:34+00:00","breadcrumb":{"@id":"https:\/\/explora.cl\/magallanes\/ii-simposio-escolar-regional-cientifico-ambiental-en-torres-del-paine\/#breadcrumb"},"inLanguage":"es-CL","potentialAction":[{"@type":"ReadAction","target":["https:\/\/explora.cl\/magallanes\/ii-simposio-escolar-regional-cientifico-ambiental-en-torres-del-paine\/"]}]},{"@type":"BreadcrumbList","@id":"https:\/\/explora.cl\/magallanes\/ii-simposio-escolar-regional-cientifico-ambiental-en-torres-del-paine\/#breadcrumb","itemListElement":[{"@type":"ListItem","position":1,"name":"Portada","item":"https:\/\/explora.cl\/magallanes\/"},{"@type":"ListItem","position":2,"name":"II Simposio Escolar Regional Cient\u00edfico Ambiental en Torres del Paine"}]},{"@type":"WebSite","@id":"https:\/\/explora.cl\/magallanes\/#website","url":"https:\/\/explora.cl\/magallanes\/","name":"Magallanes","description":"Otro sitio m\u00e1s de explora.cl","publisher":{"@id":"https:\/\/explora.cl\/magallanes\/#organization"},"potentialAction":[{"@type":"SearchAction","target":{"@type":"EntryPoint","urlTemplate":"https:\/\/explora.cl\/magallanes\/?s={search_term_string}"},"query-input":{"@type":"PropertyValueSpecification","valueRequired":true,"valueName":"search_term_string"}}],"inLanguage":"es-CL"},{"@type":"Organization","@id":"https:\/\/explora.cl\/magallanes\/#organization","name":"Magallanes","url":"https:\/\/explora.cl\/magallanes\/","logo":{"@type":"ImageObject","inLanguage":"es-CL","@id":"https:\/\/explora.cl\/magallanes\/#\/schema\/logo\/image\/","url":"https:\/\/explora.cl\/magallanes\/wp-content\/uploads\/sites\/19\/2021\/06\/cropped-ICONO-COLOR-2.jpg","contentUrl":"https:\/\/explora.cl\/magallanes\/wp-content\/uploads\/sites\/19\/2021\/06\/cropped-ICONO-COLOR-2.jpg","width":1181,"height":1181,"caption":"Magallanes"},"image":{"@id":"https:\/\/explora.cl\/magallanes\/#\/schema\/logo\/image\/"}},{"@type":"Person","@id":"https:\/\/explora.cl\/magallanes\/#\/schema\/person\/cb8349c13ea2d324080adf8480d7ba5d","name":"webman","image":{"@type":"ImageObject","inLanguage":"es-CL","@id":"https:\/\/explora.cl\/magallanes\/#\/schema\/person\/image\/","url":"https:\/\/secure.gravatar.com\/avatar\/eeff3c82f2c02f7177d13663b7e6f890e9a6a0647ce9bb29cae02dcb094c7312?s=96&d=mm&r=g","contentUrl":"https:\/\/secure.gravatar.com\/avatar\/eeff3c82f2c02f7177d13663b7e6f890e9a6a0647ce9bb29cae02dcb094c7312?s=96&d=mm&r=g","caption":"webman"},"url":"https:\/\/explora.cl\/magallanes\/author\/webman\/"}]}},"_links":{"self":[{"href":"https:\/\/explora.cl\/magallanes\/wp-json\/wp\/v2\/posts\/347","targetHints":{"allow":["GET"]}}],"collection":[{"href":"https:\/\/explora.cl\/magallanes\/wp-json\/wp\/v2\/posts"}],"about":[{"href":"https:\/\/explora.cl\/magallanes\/wp-json\/wp\/v2\/types\/post"}],"author":[{"embeddable":true,"href":"https:\/\/explora.cl\/magallanes\/wp-json\/wp\/v2\/users\/2"}],"replies":[{"embeddable":true,"href":"https:\/\/explora.cl\/magallanes\/wp-json\/wp\/v2\/comments?post=347"}],"version-history":[{"count":1,"href":"https:\/\/explora.cl\/magallanes\/wp-json\/wp\/v2\/posts\/347\/revisions"}],"predecessor-version":[{"id":37874,"href":"https:\/\/explora.cl\/magallanes\/wp-json\/wp\/v2\/posts\/347\/revisions\/37874"}],"wp:attachment":[{"href":"https:\/\/explora.cl\/magallanes\/wp-json\/wp\/v2\/media?parent=347"}],"wp:term":[{"taxonomy":"category","embeddable":true,"href":"https:\/\/explora.cl\/magallanes\/wp-json\/wp\/v2\/categories?post=347"},{"taxonomy":"post_tag","embeddable":true,"href":"https:\/\/explora.cl\/magallanes\/wp-json\/wp\/v2\/tags?post=347"}],"curies":[{"name":"wp","href":"https:\/\/api.w.org\/{rel}","templated":true}]}}