{"id":345,"date":"2015-10-29T00:00:00","date_gmt":"2015-10-29T04:00:00","guid":{"rendered":"https:\/\/explora.cl\/magallanes\/blog\/2015\/10\/29\/escuela-pedro-pablo-lemaitre-colegio-luterano-y-colegio-britanico-representaran-a-la-region-en-congreso-nacional-de-ciencia-y-tecnologia\/"},"modified":"2019-05-20T21:39:35","modified_gmt":"2019-05-20T21:39:35","slug":"escuela-pedro-pablo-lemaitre-colegio-luterano-y-colegio-britanico-representaran-a-la-region-en-congreso-nacional-de-ciencia-y-tecnologia","status":"publish","type":"post","link":"https:\/\/explora.cl\/magallanes\/escuela-pedro-pablo-lemaitre-colegio-luterano-y-colegio-britanico-representaran-a-la-region-en-congreso-nacional-de-ciencia-y-tecnologia\/","title":{"rendered":"Escuela Pedro Pablo Lemaitre, Colegio Luterano y Colegio Britanico representar\u00e1n a la regi\u00f3n en Congreso Nacional de Ciencia y Tecnolog\u00eda"},"content":{"rendered":"<p style=\"text-align: justify\">\n<p>Durante el 26, 27 y 28 de octubre se realiz\u00f3 en Punta Arenas el XVIII Congreso Regional Escolar de Ciencia y Tecnolog\u00eda en el cual participaron 25 proyectos realizados por estudiantes de educaci\u00f3n b\u00e1sica y educaci\u00f3n media de Magallanes. Los ganadores tendr\u00e1n la posibilidad de representar a la Regi\u00f3n de Magallanes y Ant\u00e1rtica Chilena en el XI Congreso Nacional de Ciencia y Tecnolog\u00eda a realizarse en Valpara\u00edso a fines de noviembre.<\/p>\n<p>Los proyectos ten\u00edan relaci\u00f3n con la ciencia y tecnolog\u00eda y pod\u00edan ser investigaciones bibliogr\u00e1ficas o experimentales, las cuales fueron presentadas en un stand, adem\u00e1s de la exposici\u00f3n oral en un auditorio. Los jurados, fueron evaluando cada detalle, otorg\u00e1ndole el mayor puntaje a las investigaciones de los alumnos de la Escuela Pedro Pablo Lemaitre, Colegio Luterano y Colegio Brit\u00e1nico.<\/p>\n<p>La presidenta del jurado, Doctora Gloria Sanchez destac\u00f3 el buen nivel de las investigaciones, resaltando el proceso y avance visto desde el primera feria cient\u00edfica realizada en el mes de mayo hasta octubre.<\/p>\n<p>C\u00e9sar Lemus, alumno de la Escuela Pedro Pablo Lemaitre nos coment\u00f3 sobre su trabajo. \u201cCon el proyecto estamos trabajando desde abril y lo hemos desarrollado en etapas de acuerdo a cada feria cient\u00edfica desarrollada en la regi\u00f3n. Nosotros relacionamos algo tecnol\u00f3gico con algo cient\u00edfico. Medimos el PH y la conducci\u00f3n el\u00e9ctrica de las frutas para otorgarle una nota musical con el programa S4A. En resumidas cuentas encontramos una relaci\u00f3n entre PH y conductividad el\u00e9ctrica y eso lo representamos en sonido\u201d, coment\u00f3.<\/p>\n<p>Por su parte, Pablo Sanhueza, alumno del Colegio Luterano se\u00f1al\u00f3 que estaba muy contento de viajar a Valpara\u00edso y representar a la regi\u00f3n. \u201cEs una oportunidad que no todos tienen, pero sabemos que con todo el trabajo que hicimos y el esfuerzo que realizamos para este estudio es algo que nos merecemos. Hemos estado trabajando fines de semana, vacaciones y dedic\u00e1ndole mucho tiempo al proyecto, porque nos gusta y cuando uno hace lo que le gusta lo hace con ganas\u201d.<\/p>\n<p>Tanto los alumnos del Colegio Luterano como los de la Escuela Pedro Pablo Lemaitre han sido destacados durante este a\u00f1o en diversas ferias cient\u00edficas de la regi\u00f3n desarrolladas por PAR Explora Magallanes en Puerto Natales y Porvenir, adem\u00e1s de representar a la regi\u00f3n en la Feria Cient\u00edfica del Museo Nacional de Historia Natural a principios de octubre, donde la Escuela Pedro Pablo Lemaitre fue distinguida con el primer lugar en Educaci\u00f3n B\u00e1sica.<\/p>\n<p>Los proyectos destacaron:<\/p>\n<p><strong>Educaci\u00f3n B\u00e1sica: <\/strong><\/p>\n<p>&#8211; La acidez de las frutas expresadas en notas musicales.<\/p>\n<p>Escuela Pedro Pablo Lemaitre<\/p>\n<p>Alumnos: Tom\u00e1s Vasquez y C\u00e9sar Lemus,<\/p>\n<p>Profesor: Juan Carlos G\u00fcichapane.<\/p>\n<p>&nbsp;<\/p>\n<p><strong>Educaci\u00f3n Media:<\/strong><\/p>\n<p>&#8211; Ecolog\u00eda de la especie ex\u00f3tica <i>Bombus terrestris<\/i> en Magallanes.<\/p>\n<p>Colegio Luterano<\/p>\n<p>Alumnos: Pablo Sanhueza Aguilar y Gianfranco Cavallieri.<\/p>\n<p>Profesor: Alan Maldonado.<\/p>\n<p>&nbsp;<\/p>\n<p>&#8211; Efectos del Ozono en el crecimiento de la planta <i>Lens culinaris.<\/i><\/p>\n<p>Colegio Brit\u00e1nico<\/p>\n<p>Alumnos: Joaqu\u00edn Torres Oyaneder y Javiera Rubilar Feris.<\/p>\n<p>Profesora: Daniela Vargas.<\/p>\n<p>&nbsp;<\/p>\n<p><a href=\"https:\/\/www.facebook.com\/magallanes.umag\/photos_stream?tab=photos_albums\">Revisa las fotograf\u00edas del XVIII Congreso <strong>aqu\u00ed<\/strong><\/a><\/p><\/p>\n","protected":false},"excerpt":{"rendered":"<p>Durante el 26, 27 y 28 de octubre se realiz\u00f3 en Punta Arenas el XVIII Congreso Regional Escolar de Ciencia y Tecnolog\u00eda en el cual participaron 25 proyectos realizados por estudiantes de educaci\u00f3n b\u00e1sica y educaci\u00f3n media de Magallanes. Los ganadores tendr\u00e1n la posibilidad de representar a la Regi\u00f3n de Magallanes y Ant\u00e1rtica Chilena en [&hellip;]<\/p>\n","protected":false},"author":2,"featured_media":0,"comment_status":"open","ping_status":"open","sticky":false,"template":"","format":"standard","meta":{"_acf_changed":false,"_exactmetrics_skip_tracking":false,"_exactmetrics_sitenote_active":false,"_exactmetrics_sitenote_note":"","_exactmetrics_sitenote_category":0,"footnotes":"","_links_to":"","_links_to_target":""},"categories":[4],"tags":[211,101,207],"class_list":["post-345","post","type-post","status-publish","format-standard","hentry","category-noticias","tag-congreso","tag-congreso-regional","tag-congresos"],"acf":[],"yoast_head":"<!-- This site is optimized with the Yoast SEO plugin v26.9 - https:\/\/yoast.com\/product\/yoast-seo-wordpress\/ -->\n<title>Escuela Pedro Pablo Lemaitre, Colegio Luterano y Colegio Britanico representar\u00e1n a la regi\u00f3n en Congreso Nacional de Ciencia y Tecnolog\u00eda - Magallanes<\/title>\n<meta name=\"robots\" content=\"index, follow, max-snippet:-1, max-image-preview:large, max-video-preview:-1\" \/>\n<link rel=\"canonical\" href=\"https:\/\/explora.cl\/magallanes\/escuela-pedro-pablo-lemaitre-colegio-luterano-y-colegio-britanico-representaran-a-la-region-en-congreso-nacional-de-ciencia-y-tecnologia\/\" class=\"yoast-seo-meta-tag\" \/>\n<meta property=\"og:locale\" content=\"es_ES\" class=\"yoast-seo-meta-tag\" \/>\n<meta property=\"og:type\" content=\"article\" class=\"yoast-seo-meta-tag\" \/>\n<meta property=\"og:title\" content=\"Escuela Pedro Pablo Lemaitre, Colegio Luterano y Colegio Britanico representar\u00e1n a la regi\u00f3n en Congreso Nacional de Ciencia y Tecnolog\u00eda - Magallanes\" class=\"yoast-seo-meta-tag\" \/>\n<meta property=\"og:description\" content=\"Durante el 26, 27 y 28 de octubre se realiz\u00f3 en Punta Arenas el XVIII Congreso Regional Escolar de Ciencia y Tecnolog\u00eda en el cual participaron 25 proyectos realizados por estudiantes de educaci\u00f3n b\u00e1sica y educaci\u00f3n media de Magallanes. Los ganadores tendr\u00e1n la posibilidad de representar a la Regi\u00f3n de Magallanes y Ant\u00e1rtica Chilena en [&hellip;]\" class=\"yoast-seo-meta-tag\" \/>\n<meta property=\"og:url\" content=\"https:\/\/explora.cl\/magallanes\/escuela-pedro-pablo-lemaitre-colegio-luterano-y-colegio-britanico-representaran-a-la-region-en-congreso-nacional-de-ciencia-y-tecnologia\/\" class=\"yoast-seo-meta-tag\" \/>\n<meta property=\"og:site_name\" content=\"Magallanes\" class=\"yoast-seo-meta-tag\" \/>\n<meta property=\"article:published_time\" content=\"2015-10-29T04:00:00+00:00\" class=\"yoast-seo-meta-tag\" \/>\n<meta property=\"article:modified_time\" content=\"2019-05-20T21:39:35+00:00\" class=\"yoast-seo-meta-tag\" \/>\n<meta name=\"author\" content=\"webman\" class=\"yoast-seo-meta-tag\" \/>\n<meta name=\"twitter:card\" content=\"summary_large_image\" class=\"yoast-seo-meta-tag\" \/>\n<meta name=\"twitter:label1\" content=\"Escrito por\" class=\"yoast-seo-meta-tag\" \/>\n\t<meta name=\"twitter:data1\" content=\"webman\" class=\"yoast-seo-meta-tag\" \/>\n\t<meta name=\"twitter:label2\" content=\"Tiempo estimado de lectura\" class=\"yoast-seo-meta-tag\" \/>\n\t<meta name=\"twitter:data2\" content=\"3 minutos\" class=\"yoast-seo-meta-tag\" \/>\n<script type=\"application\/ld+json\" class=\"yoast-schema-graph\">{\"@context\":\"https:\/\/schema.org\",\"@graph\":[{\"@type\":\"Article\",\"@id\":\"https:\/\/explora.cl\/magallanes\/escuela-pedro-pablo-lemaitre-colegio-luterano-y-colegio-britanico-representaran-a-la-region-en-congreso-nacional-de-ciencia-y-tecnologia\/#article\",\"isPartOf\":{\"@id\":\"https:\/\/explora.cl\/magallanes\/escuela-pedro-pablo-lemaitre-colegio-luterano-y-colegio-britanico-representaran-a-la-region-en-congreso-nacional-de-ciencia-y-tecnologia\/\"},\"author\":{\"name\":\"webman\",\"@id\":\"https:\/\/explora.cl\/magallanes\/#\/schema\/person\/cb8349c13ea2d324080adf8480d7ba5d\"},\"headline\":\"Escuela Pedro Pablo Lemaitre, Colegio Luterano y Colegio Britanico representar\u00e1n a la regi\u00f3n en Congreso Nacional de Ciencia y Tecnolog\u00eda\",\"datePublished\":\"2015-10-29T04:00:00+00:00\",\"dateModified\":\"2019-05-20T21:39:35+00:00\",\"mainEntityOfPage\":{\"@id\":\"https:\/\/explora.cl\/magallanes\/escuela-pedro-pablo-lemaitre-colegio-luterano-y-colegio-britanico-representaran-a-la-region-en-congreso-nacional-de-ciencia-y-tecnologia\/\"},\"wordCount\":554,\"commentCount\":0,\"publisher\":{\"@id\":\"https:\/\/explora.cl\/magallanes\/#organization\"},\"keywords\":[\"congreso\",\"Congreso Regional\",\"CONGRESOS\"],\"articleSection\":[\"Noticias\"],\"inLanguage\":\"es-CL\",\"potentialAction\":[{\"@type\":\"CommentAction\",\"name\":\"Comment\",\"target\":[\"https:\/\/explora.cl\/magallanes\/escuela-pedro-pablo-lemaitre-colegio-luterano-y-colegio-britanico-representaran-a-la-region-en-congreso-nacional-de-ciencia-y-tecnologia\/#respond\"]}]},{\"@type\":\"WebPage\",\"@id\":\"https:\/\/explora.cl\/magallanes\/escuela-pedro-pablo-lemaitre-colegio-luterano-y-colegio-britanico-representaran-a-la-region-en-congreso-nacional-de-ciencia-y-tecnologia\/\",\"url\":\"https:\/\/explora.cl\/magallanes\/escuela-pedro-pablo-lemaitre-colegio-luterano-y-colegio-britanico-representaran-a-la-region-en-congreso-nacional-de-ciencia-y-tecnologia\/\",\"name\":\"Escuela Pedro Pablo Lemaitre, Colegio Luterano y Colegio Britanico representar\u00e1n a la regi\u00f3n en Congreso Nacional de Ciencia y Tecnolog\u00eda - Magallanes\",\"isPartOf\":{\"@id\":\"https:\/\/explora.cl\/magallanes\/#website\"},\"datePublished\":\"2015-10-29T04:00:00+00:00\",\"dateModified\":\"2019-05-20T21:39:35+00:00\",\"breadcrumb\":{\"@id\":\"https:\/\/explora.cl\/magallanes\/escuela-pedro-pablo-lemaitre-colegio-luterano-y-colegio-britanico-representaran-a-la-region-en-congreso-nacional-de-ciencia-y-tecnologia\/#breadcrumb\"},\"inLanguage\":\"es-CL\",\"potentialAction\":[{\"@type\":\"ReadAction\",\"target\":[\"https:\/\/explora.cl\/magallanes\/escuela-pedro-pablo-lemaitre-colegio-luterano-y-colegio-britanico-representaran-a-la-region-en-congreso-nacional-de-ciencia-y-tecnologia\/\"]}]},{\"@type\":\"BreadcrumbList\",\"@id\":\"https:\/\/explora.cl\/magallanes\/escuela-pedro-pablo-lemaitre-colegio-luterano-y-colegio-britanico-representaran-a-la-region-en-congreso-nacional-de-ciencia-y-tecnologia\/#breadcrumb\",\"itemListElement\":[{\"@type\":\"ListItem\",\"position\":1,\"name\":\"Portada\",\"item\":\"https:\/\/explora.cl\/magallanes\/\"},{\"@type\":\"ListItem\",\"position\":2,\"name\":\"Escuela Pedro Pablo Lemaitre, Colegio Luterano y Colegio Britanico representar\u00e1n a la regi\u00f3n en Congreso Nacional de Ciencia y Tecnolog\u00eda\"}]},{\"@type\":\"WebSite\",\"@id\":\"https:\/\/explora.cl\/magallanes\/#website\",\"url\":\"https:\/\/explora.cl\/magallanes\/\",\"name\":\"Magallanes\",\"description\":\"Otro sitio m\u00e1s de explora.cl\",\"publisher\":{\"@id\":\"https:\/\/explora.cl\/magallanes\/#organization\"},\"potentialAction\":[{\"@type\":\"SearchAction\",\"target\":{\"@type\":\"EntryPoint\",\"urlTemplate\":\"https:\/\/explora.cl\/magallanes\/?s={search_term_string}\"},\"query-input\":{\"@type\":\"PropertyValueSpecification\",\"valueRequired\":true,\"valueName\":\"search_term_string\"}}],\"inLanguage\":\"es-CL\"},{\"@type\":\"Organization\",\"@id\":\"https:\/\/explora.cl\/magallanes\/#organization\",\"name\":\"Magallanes\",\"url\":\"https:\/\/explora.cl\/magallanes\/\",\"logo\":{\"@type\":\"ImageObject\",\"inLanguage\":\"es-CL\",\"@id\":\"https:\/\/explora.cl\/magallanes\/#\/schema\/logo\/image\/\",\"url\":\"https:\/\/explora.cl\/magallanes\/wp-content\/uploads\/sites\/19\/2021\/06\/cropped-ICONO-COLOR-2.jpg\",\"contentUrl\":\"https:\/\/explora.cl\/magallanes\/wp-content\/uploads\/sites\/19\/2021\/06\/cropped-ICONO-COLOR-2.jpg\",\"width\":1181,\"height\":1181,\"caption\":\"Magallanes\"},\"image\":{\"@id\":\"https:\/\/explora.cl\/magallanes\/#\/schema\/logo\/image\/\"}},{\"@type\":\"Person\",\"@id\":\"https:\/\/explora.cl\/magallanes\/#\/schema\/person\/cb8349c13ea2d324080adf8480d7ba5d\",\"name\":\"webman\",\"image\":{\"@type\":\"ImageObject\",\"inLanguage\":\"es-CL\",\"@id\":\"https:\/\/explora.cl\/magallanes\/#\/schema\/person\/image\/\",\"url\":\"https:\/\/secure.gravatar.com\/avatar\/eeff3c82f2c02f7177d13663b7e6f890e9a6a0647ce9bb29cae02dcb094c7312?s=96&d=mm&r=g\",\"contentUrl\":\"https:\/\/secure.gravatar.com\/avatar\/eeff3c82f2c02f7177d13663b7e6f890e9a6a0647ce9bb29cae02dcb094c7312?s=96&d=mm&r=g\",\"caption\":\"webman\"},\"url\":\"https:\/\/explora.cl\/magallanes\/author\/webman\/\"}]}<\/script>\n<!-- \/ Yoast SEO plugin. -->","yoast_head_json":{"title":"Escuela Pedro Pablo Lemaitre, Colegio Luterano y Colegio Britanico representar\u00e1n a la regi\u00f3n en Congreso Nacional de Ciencia y Tecnolog\u00eda - Magallanes","robots":{"index":"index","follow":"follow","max-snippet":"max-snippet:-1","max-image-preview":"max-image-preview:large","max-video-preview":"max-video-preview:-1"},"canonical":"https:\/\/explora.cl\/magallanes\/escuela-pedro-pablo-lemaitre-colegio-luterano-y-colegio-britanico-representaran-a-la-region-en-congreso-nacional-de-ciencia-y-tecnologia\/","og_locale":"es_ES","og_type":"article","og_title":"Escuela Pedro Pablo Lemaitre, Colegio Luterano y Colegio Britanico representar\u00e1n a la regi\u00f3n en Congreso Nacional de Ciencia y Tecnolog\u00eda - Magallanes","og_description":"Durante el 26, 27 y 28 de octubre se realiz\u00f3 en Punta Arenas el XVIII Congreso Regional Escolar de Ciencia y Tecnolog\u00eda en el cual participaron 25 proyectos realizados por estudiantes de educaci\u00f3n b\u00e1sica y educaci\u00f3n media de Magallanes. Los ganadores tendr\u00e1n la posibilidad de representar a la Regi\u00f3n de Magallanes y Ant\u00e1rtica Chilena en [&hellip;]","og_url":"https:\/\/explora.cl\/magallanes\/escuela-pedro-pablo-lemaitre-colegio-luterano-y-colegio-britanico-representaran-a-la-region-en-congreso-nacional-de-ciencia-y-tecnologia\/","og_site_name":"Magallanes","article_published_time":"2015-10-29T04:00:00+00:00","article_modified_time":"2019-05-20T21:39:35+00:00","author":"webman","twitter_card":"summary_large_image","twitter_misc":{"Escrito por":"webman","Tiempo estimado de lectura":"3 minutos"},"schema":{"@context":"https:\/\/schema.org","@graph":[{"@type":"Article","@id":"https:\/\/explora.cl\/magallanes\/escuela-pedro-pablo-lemaitre-colegio-luterano-y-colegio-britanico-representaran-a-la-region-en-congreso-nacional-de-ciencia-y-tecnologia\/#article","isPartOf":{"@id":"https:\/\/explora.cl\/magallanes\/escuela-pedro-pablo-lemaitre-colegio-luterano-y-colegio-britanico-representaran-a-la-region-en-congreso-nacional-de-ciencia-y-tecnologia\/"},"author":{"name":"webman","@id":"https:\/\/explora.cl\/magallanes\/#\/schema\/person\/cb8349c13ea2d324080adf8480d7ba5d"},"headline":"Escuela Pedro Pablo Lemaitre, Colegio Luterano y Colegio Britanico representar\u00e1n a la regi\u00f3n en Congreso Nacional de Ciencia y Tecnolog\u00eda","datePublished":"2015-10-29T04:00:00+00:00","dateModified":"2019-05-20T21:39:35+00:00","mainEntityOfPage":{"@id":"https:\/\/explora.cl\/magallanes\/escuela-pedro-pablo-lemaitre-colegio-luterano-y-colegio-britanico-representaran-a-la-region-en-congreso-nacional-de-ciencia-y-tecnologia\/"},"wordCount":554,"commentCount":0,"publisher":{"@id":"https:\/\/explora.cl\/magallanes\/#organization"},"keywords":["congreso","Congreso Regional","CONGRESOS"],"articleSection":["Noticias"],"inLanguage":"es-CL","potentialAction":[{"@type":"CommentAction","name":"Comment","target":["https:\/\/explora.cl\/magallanes\/escuela-pedro-pablo-lemaitre-colegio-luterano-y-colegio-britanico-representaran-a-la-region-en-congreso-nacional-de-ciencia-y-tecnologia\/#respond"]}]},{"@type":"WebPage","@id":"https:\/\/explora.cl\/magallanes\/escuela-pedro-pablo-lemaitre-colegio-luterano-y-colegio-britanico-representaran-a-la-region-en-congreso-nacional-de-ciencia-y-tecnologia\/","url":"https:\/\/explora.cl\/magallanes\/escuela-pedro-pablo-lemaitre-colegio-luterano-y-colegio-britanico-representaran-a-la-region-en-congreso-nacional-de-ciencia-y-tecnologia\/","name":"Escuela Pedro Pablo Lemaitre, Colegio Luterano y Colegio Britanico representar\u00e1n a la regi\u00f3n en Congreso Nacional de Ciencia y Tecnolog\u00eda - Magallanes","isPartOf":{"@id":"https:\/\/explora.cl\/magallanes\/#website"},"datePublished":"2015-10-29T04:00:00+00:00","dateModified":"2019-05-20T21:39:35+00:00","breadcrumb":{"@id":"https:\/\/explora.cl\/magallanes\/escuela-pedro-pablo-lemaitre-colegio-luterano-y-colegio-britanico-representaran-a-la-region-en-congreso-nacional-de-ciencia-y-tecnologia\/#breadcrumb"},"inLanguage":"es-CL","potentialAction":[{"@type":"ReadAction","target":["https:\/\/explora.cl\/magallanes\/escuela-pedro-pablo-lemaitre-colegio-luterano-y-colegio-britanico-representaran-a-la-region-en-congreso-nacional-de-ciencia-y-tecnologia\/"]}]},{"@type":"BreadcrumbList","@id":"https:\/\/explora.cl\/magallanes\/escuela-pedro-pablo-lemaitre-colegio-luterano-y-colegio-britanico-representaran-a-la-region-en-congreso-nacional-de-ciencia-y-tecnologia\/#breadcrumb","itemListElement":[{"@type":"ListItem","position":1,"name":"Portada","item":"https:\/\/explora.cl\/magallanes\/"},{"@type":"ListItem","position":2,"name":"Escuela Pedro Pablo Lemaitre, Colegio Luterano y Colegio Britanico representar\u00e1n a la regi\u00f3n en Congreso Nacional de Ciencia y Tecnolog\u00eda"}]},{"@type":"WebSite","@id":"https:\/\/explora.cl\/magallanes\/#website","url":"https:\/\/explora.cl\/magallanes\/","name":"Magallanes","description":"Otro sitio m\u00e1s de explora.cl","publisher":{"@id":"https:\/\/explora.cl\/magallanes\/#organization"},"potentialAction":[{"@type":"SearchAction","target":{"@type":"EntryPoint","urlTemplate":"https:\/\/explora.cl\/magallanes\/?s={search_term_string}"},"query-input":{"@type":"PropertyValueSpecification","valueRequired":true,"valueName":"search_term_string"}}],"inLanguage":"es-CL"},{"@type":"Organization","@id":"https:\/\/explora.cl\/magallanes\/#organization","name":"Magallanes","url":"https:\/\/explora.cl\/magallanes\/","logo":{"@type":"ImageObject","inLanguage":"es-CL","@id":"https:\/\/explora.cl\/magallanes\/#\/schema\/logo\/image\/","url":"https:\/\/explora.cl\/magallanes\/wp-content\/uploads\/sites\/19\/2021\/06\/cropped-ICONO-COLOR-2.jpg","contentUrl":"https:\/\/explora.cl\/magallanes\/wp-content\/uploads\/sites\/19\/2021\/06\/cropped-ICONO-COLOR-2.jpg","width":1181,"height":1181,"caption":"Magallanes"},"image":{"@id":"https:\/\/explora.cl\/magallanes\/#\/schema\/logo\/image\/"}},{"@type":"Person","@id":"https:\/\/explora.cl\/magallanes\/#\/schema\/person\/cb8349c13ea2d324080adf8480d7ba5d","name":"webman","image":{"@type":"ImageObject","inLanguage":"es-CL","@id":"https:\/\/explora.cl\/magallanes\/#\/schema\/person\/image\/","url":"https:\/\/secure.gravatar.com\/avatar\/eeff3c82f2c02f7177d13663b7e6f890e9a6a0647ce9bb29cae02dcb094c7312?s=96&d=mm&r=g","contentUrl":"https:\/\/secure.gravatar.com\/avatar\/eeff3c82f2c02f7177d13663b7e6f890e9a6a0647ce9bb29cae02dcb094c7312?s=96&d=mm&r=g","caption":"webman"},"url":"https:\/\/explora.cl\/magallanes\/author\/webman\/"}]}},"_links":{"self":[{"href":"https:\/\/explora.cl\/magallanes\/wp-json\/wp\/v2\/posts\/345","targetHints":{"allow":["GET"]}}],"collection":[{"href":"https:\/\/explora.cl\/magallanes\/wp-json\/wp\/v2\/posts"}],"about":[{"href":"https:\/\/explora.cl\/magallanes\/wp-json\/wp\/v2\/types\/post"}],"author":[{"embeddable":true,"href":"https:\/\/explora.cl\/magallanes\/wp-json\/wp\/v2\/users\/2"}],"replies":[{"embeddable":true,"href":"https:\/\/explora.cl\/magallanes\/wp-json\/wp\/v2\/comments?post=345"}],"version-history":[{"count":1,"href":"https:\/\/explora.cl\/magallanes\/wp-json\/wp\/v2\/posts\/345\/revisions"}],"predecessor-version":[{"id":37876,"href":"https:\/\/explora.cl\/magallanes\/wp-json\/wp\/v2\/posts\/345\/revisions\/37876"}],"wp:attachment":[{"href":"https:\/\/explora.cl\/magallanes\/wp-json\/wp\/v2\/media?parent=345"}],"wp:term":[{"taxonomy":"category","embeddable":true,"href":"https:\/\/explora.cl\/magallanes\/wp-json\/wp\/v2\/categories?post=345"},{"taxonomy":"post_tag","embeddable":true,"href":"https:\/\/explora.cl\/magallanes\/wp-json\/wp\/v2\/tags?post=345"}],"curies":[{"name":"wp","href":"https:\/\/api.w.org\/{rel}","templated":true}]}}