{"id":343,"date":"2015-10-26T00:00:00","date_gmt":"2015-10-26T04:00:00","guid":{"rendered":"https:\/\/explora.cl\/magallanes\/blog\/2015\/10\/26\/comenzo-el-xviii-congreso-regional-de-ciencia-y-tecnologia\/"},"modified":"2019-05-20T21:39:36","modified_gmt":"2019-05-20T21:39:36","slug":"comenzo-el-xviii-congreso-regional-de-ciencia-y-tecnologia","status":"publish","type":"post","link":"https:\/\/explora.cl\/magallanes\/comenzo-el-xviii-congreso-regional-de-ciencia-y-tecnologia\/","title":{"rendered":"Comenz\u00f3 el XVIII Congreso Regional de Ciencia y Tecnolog\u00eda"},"content":{"rendered":"<p><img fetchpriority=\"high\" decoding=\"async\" class=\" size-full wp-image-16007\" src=\"http:\/\/ec2-54-245-22-188.us-west-2.compute.amazonaws.com\/wp-content\/uploads\/2015\/10\/f4bbebcbdcc4b70522073388c7b5f8e3.jpg\" alt=\"\" width=\"686\" height=\"371\" \/><\/p>\n<p><span style=\"font-size: 10pt;font-family: arial,helvetica,sans-serif\">Este 26, 27 y 28 de octubre comienza en Punta Arenas el XVIII Congreso Regional de Ciencia y Tecnolog\u00eda que organiza PAR Explora Magallanes. Las actividades comienzan a las 11:00hrs. en el Auditorio Ernesto Livacic y contar\u00e1 con una clase magistral del Marcelo Leppe, Director (S) del Instituto Ant\u00e1rtico Chileno: Dinosaurios, Magallanes, Ant\u00e1rtica y nuevas teor\u00edas.<\/span><\/p>\n<p>&nbsp;<\/p>\n<p style=\"text-align: justify\"><span style=\"font-size: 10pt;font-family: arial,helvetica,sans-serif\">El objetivo principal del encuentro es conocer el trabajo realizado por estudiantes y profesores durante el a\u00f1o, valorar el esfuerzo y tiempo invertidos en pos de un mejor aprendizaje y celebrar la importancia de la ciencia y la tecnolog\u00eda en nuestras vidas, algo que los j\u00f3venes cient\u00edficos de magallanes saben muy bien. <\/span><\/p>\n<p style=\"text-align: justify\"><span style=\"font-size: 10pt;font-family: arial,helvetica,sans-serif\">Los trabajos que veremos en los stands y las exposiciones que har\u00e1n los estudiantes ante sus evaluadores cient\u00edficos son el resultado de la curiosidad de ni\u00f1os y j\u00f3venes, del trabajo met\u00f3dico, de horas extracurriculares y por supuesto de la gu\u00eda de profesores y profesoras que los han acompa\u00f1ado en este proceso.<\/span><\/p>\n<p style=\"text-align: justify\"><span style=\"font-size: 10pt;font-family: arial,helvetica,sans-serif\">Se adjunta programa de actividades.<br data-mce-bogus=\"1\" \/><\/span><\/p>\n<p>&nbsp;<\/p>\n","protected":false},"excerpt":{"rendered":"<p>Este 26, 27 y 28 de octubre comienza en Punta Arenas el XVIII Congreso Regional de Ciencia y Tecnolog\u00eda que organiza PAR Explora Magallanes. Las actividades comienzan a las 11:00hrs. en el Auditorio Ernesto Livacic y contar\u00e1 con una clase magistral del Marcelo Leppe, Director (S) del Instituto Ant\u00e1rtico Chileno: Dinosaurios, Magallanes, Ant\u00e1rtica y nuevas [&hellip;]<\/p>\n","protected":false},"author":2,"featured_media":344,"comment_status":"open","ping_status":"open","sticky":false,"template":"","format":"standard","meta":{"_acf_changed":false,"_exactmetrics_skip_tracking":false,"_exactmetrics_sitenote_active":false,"_exactmetrics_sitenote_note":"","_exactmetrics_sitenote_category":0,"footnotes":"","_links_to":"","_links_to_target":""},"categories":[4],"tags":[101],"class_list":["post-343","post","type-post","status-publish","format-standard","has-post-thumbnail","hentry","category-noticias","tag-congreso-regional"],"acf":[],"yoast_head":"<!-- This site is optimized with the Yoast SEO plugin v26.9 - https:\/\/yoast.com\/product\/yoast-seo-wordpress\/ -->\n<title>Comenz\u00f3 el XVIII Congreso Regional de Ciencia y Tecnolog\u00eda - Magallanes<\/title>\n<meta name=\"robots\" content=\"index, follow, max-snippet:-1, max-image-preview:large, max-video-preview:-1\" \/>\n<link rel=\"canonical\" href=\"https:\/\/explora.cl\/magallanes\/comenzo-el-xviii-congreso-regional-de-ciencia-y-tecnologia\/\" class=\"yoast-seo-meta-tag\" \/>\n<meta property=\"og:locale\" content=\"es_ES\" class=\"yoast-seo-meta-tag\" \/>\n<meta property=\"og:type\" content=\"article\" class=\"yoast-seo-meta-tag\" \/>\n<meta property=\"og:title\" content=\"Comenz\u00f3 el XVIII Congreso Regional de Ciencia y Tecnolog\u00eda - Magallanes\" class=\"yoast-seo-meta-tag\" \/>\n<meta property=\"og:description\" content=\"Este 26, 27 y 28 de octubre comienza en Punta Arenas el XVIII Congreso Regional de Ciencia y Tecnolog\u00eda que organiza PAR Explora Magallanes. Las actividades comienzan a las 11:00hrs. en el Auditorio Ernesto Livacic y contar\u00e1 con una clase magistral del Marcelo Leppe, Director (S) del Instituto Ant\u00e1rtico Chileno: Dinosaurios, Magallanes, Ant\u00e1rtica y nuevas [&hellip;]\" class=\"yoast-seo-meta-tag\" \/>\n<meta property=\"og:url\" content=\"https:\/\/explora.cl\/magallanes\/comenzo-el-xviii-congreso-regional-de-ciencia-y-tecnologia\/\" class=\"yoast-seo-meta-tag\" \/>\n<meta property=\"og:site_name\" content=\"Magallanes\" class=\"yoast-seo-meta-tag\" \/>\n<meta property=\"article:published_time\" content=\"2015-10-26T04:00:00+00:00\" class=\"yoast-seo-meta-tag\" \/>\n<meta property=\"article:modified_time\" content=\"2019-05-20T21:39:36+00:00\" class=\"yoast-seo-meta-tag\" \/>\n<meta property=\"og:image\" content=\"https:\/\/explora.cl\/magallanes\/wp-content\/uploads\/sites\/19\/2018\/06\/f4bbebcbdcc4b70522073388c7b5f8e3.jpg\" class=\"yoast-seo-meta-tag\" \/>\n\t<meta property=\"og:image:width\" content=\"686\" class=\"yoast-seo-meta-tag\" \/>\n\t<meta property=\"og:image:height\" content=\"371\" class=\"yoast-seo-meta-tag\" \/>\n\t<meta property=\"og:image:type\" content=\"image\/jpeg\" class=\"yoast-seo-meta-tag\" \/>\n<meta name=\"author\" content=\"webman\" class=\"yoast-seo-meta-tag\" \/>\n<meta name=\"twitter:card\" content=\"summary_large_image\" class=\"yoast-seo-meta-tag\" \/>\n<meta name=\"twitter:label1\" content=\"Escrito por\" class=\"yoast-seo-meta-tag\" \/>\n\t<meta name=\"twitter:data1\" content=\"webman\" class=\"yoast-seo-meta-tag\" \/>\n\t<meta name=\"twitter:label2\" content=\"Tiempo estimado de lectura\" class=\"yoast-seo-meta-tag\" \/>\n\t<meta name=\"twitter:data2\" content=\"1 minuto\" class=\"yoast-seo-meta-tag\" \/>\n<script type=\"application\/ld+json\" class=\"yoast-schema-graph\">{\"@context\":\"https:\/\/schema.org\",\"@graph\":[{\"@type\":\"Article\",\"@id\":\"https:\/\/explora.cl\/magallanes\/comenzo-el-xviii-congreso-regional-de-ciencia-y-tecnologia\/#article\",\"isPartOf\":{\"@id\":\"https:\/\/explora.cl\/magallanes\/comenzo-el-xviii-congreso-regional-de-ciencia-y-tecnologia\/\"},\"author\":{\"name\":\"webman\",\"@id\":\"https:\/\/explora.cl\/magallanes\/#\/schema\/person\/cb8349c13ea2d324080adf8480d7ba5d\"},\"headline\":\"Comenz\u00f3 el XVIII Congreso Regional de Ciencia y Tecnolog\u00eda\",\"datePublished\":\"2015-10-26T04:00:00+00:00\",\"dateModified\":\"2019-05-20T21:39:36+00:00\",\"mainEntityOfPage\":{\"@id\":\"https:\/\/explora.cl\/magallanes\/comenzo-el-xviii-congreso-regional-de-ciencia-y-tecnologia\/\"},\"wordCount\":188,\"commentCount\":0,\"publisher\":{\"@id\":\"https:\/\/explora.cl\/magallanes\/#organization\"},\"image\":{\"@id\":\"https:\/\/explora.cl\/magallanes\/comenzo-el-xviii-congreso-regional-de-ciencia-y-tecnologia\/#primaryimage\"},\"thumbnailUrl\":\"https:\/\/explora.cl\/magallanes\/wp-content\/uploads\/sites\/19\/2018\/06\/f4bbebcbdcc4b70522073388c7b5f8e3.jpg\",\"keywords\":[\"Congreso Regional\"],\"articleSection\":[\"Noticias\"],\"inLanguage\":\"es-CL\",\"potentialAction\":[{\"@type\":\"CommentAction\",\"name\":\"Comment\",\"target\":[\"https:\/\/explora.cl\/magallanes\/comenzo-el-xviii-congreso-regional-de-ciencia-y-tecnologia\/#respond\"]}]},{\"@type\":\"WebPage\",\"@id\":\"https:\/\/explora.cl\/magallanes\/comenzo-el-xviii-congreso-regional-de-ciencia-y-tecnologia\/\",\"url\":\"https:\/\/explora.cl\/magallanes\/comenzo-el-xviii-congreso-regional-de-ciencia-y-tecnologia\/\",\"name\":\"Comenz\u00f3 el XVIII Congreso Regional de Ciencia y Tecnolog\u00eda - Magallanes\",\"isPartOf\":{\"@id\":\"https:\/\/explora.cl\/magallanes\/#website\"},\"primaryImageOfPage\":{\"@id\":\"https:\/\/explora.cl\/magallanes\/comenzo-el-xviii-congreso-regional-de-ciencia-y-tecnologia\/#primaryimage\"},\"image\":{\"@id\":\"https:\/\/explora.cl\/magallanes\/comenzo-el-xviii-congreso-regional-de-ciencia-y-tecnologia\/#primaryimage\"},\"thumbnailUrl\":\"https:\/\/explora.cl\/magallanes\/wp-content\/uploads\/sites\/19\/2018\/06\/f4bbebcbdcc4b70522073388c7b5f8e3.jpg\",\"datePublished\":\"2015-10-26T04:00:00+00:00\",\"dateModified\":\"2019-05-20T21:39:36+00:00\",\"breadcrumb\":{\"@id\":\"https:\/\/explora.cl\/magallanes\/comenzo-el-xviii-congreso-regional-de-ciencia-y-tecnologia\/#breadcrumb\"},\"inLanguage\":\"es-CL\",\"potentialAction\":[{\"@type\":\"ReadAction\",\"target\":[\"https:\/\/explora.cl\/magallanes\/comenzo-el-xviii-congreso-regional-de-ciencia-y-tecnologia\/\"]}]},{\"@type\":\"ImageObject\",\"inLanguage\":\"es-CL\",\"@id\":\"https:\/\/explora.cl\/magallanes\/comenzo-el-xviii-congreso-regional-de-ciencia-y-tecnologia\/#primaryimage\",\"url\":\"https:\/\/explora.cl\/magallanes\/wp-content\/uploads\/sites\/19\/2018\/06\/f4bbebcbdcc4b70522073388c7b5f8e3.jpg\",\"contentUrl\":\"https:\/\/explora.cl\/magallanes\/wp-content\/uploads\/sites\/19\/2018\/06\/f4bbebcbdcc4b70522073388c7b5f8e3.jpg\",\"width\":686,\"height\":371},{\"@type\":\"BreadcrumbList\",\"@id\":\"https:\/\/explora.cl\/magallanes\/comenzo-el-xviii-congreso-regional-de-ciencia-y-tecnologia\/#breadcrumb\",\"itemListElement\":[{\"@type\":\"ListItem\",\"position\":1,\"name\":\"Portada\",\"item\":\"https:\/\/explora.cl\/magallanes\/\"},{\"@type\":\"ListItem\",\"position\":2,\"name\":\"Comenz\u00f3 el XVIII Congreso Regional de Ciencia y Tecnolog\u00eda\"}]},{\"@type\":\"WebSite\",\"@id\":\"https:\/\/explora.cl\/magallanes\/#website\",\"url\":\"https:\/\/explora.cl\/magallanes\/\",\"name\":\"Magallanes\",\"description\":\"Otro sitio m\u00e1s de explora.cl\",\"publisher\":{\"@id\":\"https:\/\/explora.cl\/magallanes\/#organization\"},\"potentialAction\":[{\"@type\":\"SearchAction\",\"target\":{\"@type\":\"EntryPoint\",\"urlTemplate\":\"https:\/\/explora.cl\/magallanes\/?s={search_term_string}\"},\"query-input\":{\"@type\":\"PropertyValueSpecification\",\"valueRequired\":true,\"valueName\":\"search_term_string\"}}],\"inLanguage\":\"es-CL\"},{\"@type\":\"Organization\",\"@id\":\"https:\/\/explora.cl\/magallanes\/#organization\",\"name\":\"Magallanes\",\"url\":\"https:\/\/explora.cl\/magallanes\/\",\"logo\":{\"@type\":\"ImageObject\",\"inLanguage\":\"es-CL\",\"@id\":\"https:\/\/explora.cl\/magallanes\/#\/schema\/logo\/image\/\",\"url\":\"https:\/\/explora.cl\/magallanes\/wp-content\/uploads\/sites\/19\/2021\/06\/cropped-ICONO-COLOR-2.jpg\",\"contentUrl\":\"https:\/\/explora.cl\/magallanes\/wp-content\/uploads\/sites\/19\/2021\/06\/cropped-ICONO-COLOR-2.jpg\",\"width\":1181,\"height\":1181,\"caption\":\"Magallanes\"},\"image\":{\"@id\":\"https:\/\/explora.cl\/magallanes\/#\/schema\/logo\/image\/\"}},{\"@type\":\"Person\",\"@id\":\"https:\/\/explora.cl\/magallanes\/#\/schema\/person\/cb8349c13ea2d324080adf8480d7ba5d\",\"name\":\"webman\",\"image\":{\"@type\":\"ImageObject\",\"inLanguage\":\"es-CL\",\"@id\":\"https:\/\/explora.cl\/magallanes\/#\/schema\/person\/image\/\",\"url\":\"https:\/\/secure.gravatar.com\/avatar\/eeff3c82f2c02f7177d13663b7e6f890e9a6a0647ce9bb29cae02dcb094c7312?s=96&d=mm&r=g\",\"contentUrl\":\"https:\/\/secure.gravatar.com\/avatar\/eeff3c82f2c02f7177d13663b7e6f890e9a6a0647ce9bb29cae02dcb094c7312?s=96&d=mm&r=g\",\"caption\":\"webman\"},\"url\":\"https:\/\/explora.cl\/magallanes\/author\/webman\/\"}]}<\/script>\n<!-- \/ Yoast SEO plugin. -->","yoast_head_json":{"title":"Comenz\u00f3 el XVIII Congreso Regional de Ciencia y Tecnolog\u00eda - Magallanes","robots":{"index":"index","follow":"follow","max-snippet":"max-snippet:-1","max-image-preview":"max-image-preview:large","max-video-preview":"max-video-preview:-1"},"canonical":"https:\/\/explora.cl\/magallanes\/comenzo-el-xviii-congreso-regional-de-ciencia-y-tecnologia\/","og_locale":"es_ES","og_type":"article","og_title":"Comenz\u00f3 el XVIII Congreso Regional de Ciencia y Tecnolog\u00eda - Magallanes","og_description":"Este 26, 27 y 28 de octubre comienza en Punta Arenas el XVIII Congreso Regional de Ciencia y Tecnolog\u00eda que organiza PAR Explora Magallanes. Las actividades comienzan a las 11:00hrs. en el Auditorio Ernesto Livacic y contar\u00e1 con una clase magistral del Marcelo Leppe, Director (S) del Instituto Ant\u00e1rtico Chileno: Dinosaurios, Magallanes, Ant\u00e1rtica y nuevas [&hellip;]","og_url":"https:\/\/explora.cl\/magallanes\/comenzo-el-xviii-congreso-regional-de-ciencia-y-tecnologia\/","og_site_name":"Magallanes","article_published_time":"2015-10-26T04:00:00+00:00","article_modified_time":"2019-05-20T21:39:36+00:00","og_image":[{"width":686,"height":371,"url":"https:\/\/explora.cl\/magallanes\/wp-content\/uploads\/sites\/19\/2018\/06\/f4bbebcbdcc4b70522073388c7b5f8e3.jpg","type":"image\/jpeg"}],"author":"webman","twitter_card":"summary_large_image","twitter_misc":{"Escrito por":"webman","Tiempo estimado de lectura":"1 minuto"},"schema":{"@context":"https:\/\/schema.org","@graph":[{"@type":"Article","@id":"https:\/\/explora.cl\/magallanes\/comenzo-el-xviii-congreso-regional-de-ciencia-y-tecnologia\/#article","isPartOf":{"@id":"https:\/\/explora.cl\/magallanes\/comenzo-el-xviii-congreso-regional-de-ciencia-y-tecnologia\/"},"author":{"name":"webman","@id":"https:\/\/explora.cl\/magallanes\/#\/schema\/person\/cb8349c13ea2d324080adf8480d7ba5d"},"headline":"Comenz\u00f3 el XVIII Congreso Regional de Ciencia y Tecnolog\u00eda","datePublished":"2015-10-26T04:00:00+00:00","dateModified":"2019-05-20T21:39:36+00:00","mainEntityOfPage":{"@id":"https:\/\/explora.cl\/magallanes\/comenzo-el-xviii-congreso-regional-de-ciencia-y-tecnologia\/"},"wordCount":188,"commentCount":0,"publisher":{"@id":"https:\/\/explora.cl\/magallanes\/#organization"},"image":{"@id":"https:\/\/explora.cl\/magallanes\/comenzo-el-xviii-congreso-regional-de-ciencia-y-tecnologia\/#primaryimage"},"thumbnailUrl":"https:\/\/explora.cl\/magallanes\/wp-content\/uploads\/sites\/19\/2018\/06\/f4bbebcbdcc4b70522073388c7b5f8e3.jpg","keywords":["Congreso Regional"],"articleSection":["Noticias"],"inLanguage":"es-CL","potentialAction":[{"@type":"CommentAction","name":"Comment","target":["https:\/\/explora.cl\/magallanes\/comenzo-el-xviii-congreso-regional-de-ciencia-y-tecnologia\/#respond"]}]},{"@type":"WebPage","@id":"https:\/\/explora.cl\/magallanes\/comenzo-el-xviii-congreso-regional-de-ciencia-y-tecnologia\/","url":"https:\/\/explora.cl\/magallanes\/comenzo-el-xviii-congreso-regional-de-ciencia-y-tecnologia\/","name":"Comenz\u00f3 el XVIII Congreso Regional de Ciencia y Tecnolog\u00eda - Magallanes","isPartOf":{"@id":"https:\/\/explora.cl\/magallanes\/#website"},"primaryImageOfPage":{"@id":"https:\/\/explora.cl\/magallanes\/comenzo-el-xviii-congreso-regional-de-ciencia-y-tecnologia\/#primaryimage"},"image":{"@id":"https:\/\/explora.cl\/magallanes\/comenzo-el-xviii-congreso-regional-de-ciencia-y-tecnologia\/#primaryimage"},"thumbnailUrl":"https:\/\/explora.cl\/magallanes\/wp-content\/uploads\/sites\/19\/2018\/06\/f4bbebcbdcc4b70522073388c7b5f8e3.jpg","datePublished":"2015-10-26T04:00:00+00:00","dateModified":"2019-05-20T21:39:36+00:00","breadcrumb":{"@id":"https:\/\/explora.cl\/magallanes\/comenzo-el-xviii-congreso-regional-de-ciencia-y-tecnologia\/#breadcrumb"},"inLanguage":"es-CL","potentialAction":[{"@type":"ReadAction","target":["https:\/\/explora.cl\/magallanes\/comenzo-el-xviii-congreso-regional-de-ciencia-y-tecnologia\/"]}]},{"@type":"ImageObject","inLanguage":"es-CL","@id":"https:\/\/explora.cl\/magallanes\/comenzo-el-xviii-congreso-regional-de-ciencia-y-tecnologia\/#primaryimage","url":"https:\/\/explora.cl\/magallanes\/wp-content\/uploads\/sites\/19\/2018\/06\/f4bbebcbdcc4b70522073388c7b5f8e3.jpg","contentUrl":"https:\/\/explora.cl\/magallanes\/wp-content\/uploads\/sites\/19\/2018\/06\/f4bbebcbdcc4b70522073388c7b5f8e3.jpg","width":686,"height":371},{"@type":"BreadcrumbList","@id":"https:\/\/explora.cl\/magallanes\/comenzo-el-xviii-congreso-regional-de-ciencia-y-tecnologia\/#breadcrumb","itemListElement":[{"@type":"ListItem","position":1,"name":"Portada","item":"https:\/\/explora.cl\/magallanes\/"},{"@type":"ListItem","position":2,"name":"Comenz\u00f3 el XVIII Congreso Regional de Ciencia y Tecnolog\u00eda"}]},{"@type":"WebSite","@id":"https:\/\/explora.cl\/magallanes\/#website","url":"https:\/\/explora.cl\/magallanes\/","name":"Magallanes","description":"Otro sitio m\u00e1s de explora.cl","publisher":{"@id":"https:\/\/explora.cl\/magallanes\/#organization"},"potentialAction":[{"@type":"SearchAction","target":{"@type":"EntryPoint","urlTemplate":"https:\/\/explora.cl\/magallanes\/?s={search_term_string}"},"query-input":{"@type":"PropertyValueSpecification","valueRequired":true,"valueName":"search_term_string"}}],"inLanguage":"es-CL"},{"@type":"Organization","@id":"https:\/\/explora.cl\/magallanes\/#organization","name":"Magallanes","url":"https:\/\/explora.cl\/magallanes\/","logo":{"@type":"ImageObject","inLanguage":"es-CL","@id":"https:\/\/explora.cl\/magallanes\/#\/schema\/logo\/image\/","url":"https:\/\/explora.cl\/magallanes\/wp-content\/uploads\/sites\/19\/2021\/06\/cropped-ICONO-COLOR-2.jpg","contentUrl":"https:\/\/explora.cl\/magallanes\/wp-content\/uploads\/sites\/19\/2021\/06\/cropped-ICONO-COLOR-2.jpg","width":1181,"height":1181,"caption":"Magallanes"},"image":{"@id":"https:\/\/explora.cl\/magallanes\/#\/schema\/logo\/image\/"}},{"@type":"Person","@id":"https:\/\/explora.cl\/magallanes\/#\/schema\/person\/cb8349c13ea2d324080adf8480d7ba5d","name":"webman","image":{"@type":"ImageObject","inLanguage":"es-CL","@id":"https:\/\/explora.cl\/magallanes\/#\/schema\/person\/image\/","url":"https:\/\/secure.gravatar.com\/avatar\/eeff3c82f2c02f7177d13663b7e6f890e9a6a0647ce9bb29cae02dcb094c7312?s=96&d=mm&r=g","contentUrl":"https:\/\/secure.gravatar.com\/avatar\/eeff3c82f2c02f7177d13663b7e6f890e9a6a0647ce9bb29cae02dcb094c7312?s=96&d=mm&r=g","caption":"webman"},"url":"https:\/\/explora.cl\/magallanes\/author\/webman\/"}]}},"_links":{"self":[{"href":"https:\/\/explora.cl\/magallanes\/wp-json\/wp\/v2\/posts\/343","targetHints":{"allow":["GET"]}}],"collection":[{"href":"https:\/\/explora.cl\/magallanes\/wp-json\/wp\/v2\/posts"}],"about":[{"href":"https:\/\/explora.cl\/magallanes\/wp-json\/wp\/v2\/types\/post"}],"author":[{"embeddable":true,"href":"https:\/\/explora.cl\/magallanes\/wp-json\/wp\/v2\/users\/2"}],"replies":[{"embeddable":true,"href":"https:\/\/explora.cl\/magallanes\/wp-json\/wp\/v2\/comments?post=343"}],"version-history":[{"count":1,"href":"https:\/\/explora.cl\/magallanes\/wp-json\/wp\/v2\/posts\/343\/revisions"}],"predecessor-version":[{"id":37877,"href":"https:\/\/explora.cl\/magallanes\/wp-json\/wp\/v2\/posts\/343\/revisions\/37877"}],"wp:featuredmedia":[{"embeddable":true,"href":"https:\/\/explora.cl\/magallanes\/wp-json\/wp\/v2\/media\/344"}],"wp:attachment":[{"href":"https:\/\/explora.cl\/magallanes\/wp-json\/wp\/v2\/media?parent=343"}],"wp:term":[{"taxonomy":"category","embeddable":true,"href":"https:\/\/explora.cl\/magallanes\/wp-json\/wp\/v2\/categories?post=343"},{"taxonomy":"post_tag","embeddable":true,"href":"https:\/\/explora.cl\/magallanes\/wp-json\/wp\/v2\/tags?post=343"}],"curies":[{"name":"wp","href":"https:\/\/api.w.org\/{rel}","templated":true}]}}