{"id":339,"date":"2015-10-18T00:00:00","date_gmt":"2015-10-18T04:00:00","guid":{"rendered":"https:\/\/explora.cl\/magallanes\/blog\/2015\/10\/18\/par-explora-magallanes-y-escuela-de-verano-de-uchile-realizan-taller-de-programacion-y-arduino\/"},"modified":"2019-05-20T21:39:38","modified_gmt":"2019-05-20T21:39:38","slug":"par-explora-magallanes-y-escuela-de-verano-de-uchile-realizan-taller-de-programacion-y-arduino","status":"publish","type":"post","link":"https:\/\/explora.cl\/magallanes\/par-explora-magallanes-y-escuela-de-verano-de-uchile-realizan-taller-de-programacion-y-arduino\/","title":{"rendered":"PAR Explora Magallanes y Escuela de Verano de UChile realizan Taller de Programaci\u00f3n y Arduino"},"content":{"rendered":"<p><img fetchpriority=\"high\" decoding=\"async\" class=\" size-full wp-image-15801\" src=\"http:\/\/ec2-54-245-22-188.us-west-2.compute.amazonaws.com\/wp-content\/uploads\/2015\/10\/1b071b5d164d913df97a6fb3333ca578.jpg\" alt=\"\" width=\"1024\" height=\"768\" \/><\/p>\n<p style=\"text-align: justify\">&nbsp;<\/p>\n<p style=\"text-align: justify\"><strong><\/strong>Este 17, 19 y 20 de octubre, PAR Explora Magallanes y la Escuela de Verano de la Universidad de Chile realizar\u00e1n talleres de Programaci\u00f3n y Arduinos para estudiantes de 8vo a 2do medio.<\/p>\n<p style=\"text-align: justify\">El primer taller se desarroll\u00f3 este s\u00e1bado en el Colegio Brit\u00e1nico y asistieron ni\u00f1os y j\u00f3venes de la Escuela Pedro Pablo Lemaitre, Colegio Luterano y Colegio Brit\u00e1nico.<\/p>\n<p style=\"text-align: justify\">La clase comenz\u00f3 con la pregunta \u00bfQu\u00e9 es un Arduino? \u201cEl arduino es una plataforma b\u00e1sica electr\u00f3nica que permite automatizar procesos, por ejemplo uno puede llevar la rob\u00f3tica o el control de sistemas a los mismos hogares haciendo sistemas inteligentes en la casa. Por ejemplo, poner sensores en las plantas para que se puedan regar solas o en un invernadero lograr manejar la temperatura y controlar la humedad. Es una plataforma que permite decirle a las m\u00e1quinas lo que tienen que hacer\u201d, seg\u00fan lo explica Felipe Smith, Ingeniero y profesor del curso de Electr\u00f3nica Programable de la Escuela de Verano de la U Chile.<\/p>\n<p style=\"text-align: justify\">&#8220;En este taller se les ha pasado a los ni\u00f1os una introducci\u00f3n a lo que es la Tecnolog\u00eda<strong> <\/strong>Arduino, se les ense\u00f1\u00f3 a programar funciones b\u00e1sicas, se les mostr\u00f3 algunos programas pre hechos y adem\u00e1s, se les fue dando indicaciones de c\u00f3mo ir mejor\u00e1ndolos para que los programas hagan lo que ellos quieran\u201d, agreg\u00f3 Smith.<\/p>\n<p style=\"text-align: justify\">Por su parte, los ni\u00f1os se demostraron interesados en la actividad y algunos ya ten\u00edan nociones b\u00e1sicas de programaci\u00f3n, como es el caso de los estudiantes de la Escuela Pedro Pablo Lemaitre, quienes han trabajado todo el 2015 con arduinos y a principios de octubre obtuvieron el primer lugar en la 45\u00aa Feria Cient\u00edfica del Museo Nacional de Historia Natural de Chile.<\/p>\n<p style=\"text-align: justify\">\u201cNos ense\u00f1aron a programar un arduino, sus funciones, adem\u00e1s de c\u00f3mo colocar las ampolletas y cables sobre esta tablita llena de conexiones. Es primera vez que hago algo como esto y me gustar\u00eda a lo mejor estudiar algo relacionado con rob\u00f3tica m\u00e1s adelante\u201d, coment\u00f3 Roberto Valencia, estudiante de 1\u00ba medio del Colegio Brit\u00e1nico.<\/p>\n<p style=\"text-align: justify\">Esta misma actividad se replicar\u00e1 con estudiantes del Liceo Industrial y del Liceo Luis Alberto Barrera, este lunes 19 y martes 20 de octubre.<\/p>\n<p style=\"text-align: justify\">&nbsp;<\/p>\n","protected":false},"excerpt":{"rendered":"<p>&nbsp; Este 17, 19 y 20 de octubre, PAR Explora Magallanes y la Escuela de Verano de la Universidad de Chile realizar\u00e1n talleres de Programaci\u00f3n y Arduinos para estudiantes de 8vo a 2do medio. El primer taller se desarroll\u00f3 este s\u00e1bado en el Colegio Brit\u00e1nico y asistieron ni\u00f1os y j\u00f3venes de la Escuela Pedro Pablo [&hellip;]<\/p>\n","protected":false},"author":2,"featured_media":340,"comment_status":"open","ping_status":"open","sticky":false,"template":"","format":"standard","meta":{"_acf_changed":false,"_exactmetrics_skip_tracking":false,"_exactmetrics_sitenote_active":false,"_exactmetrics_sitenote_note":"","_exactmetrics_sitenote_category":0,"footnotes":"","_links_to":"","_links_to_target":""},"categories":[4],"tags":[],"class_list":["post-339","post","type-post","status-publish","format-standard","has-post-thumbnail","hentry","category-noticias"],"acf":[],"yoast_head":"<!-- This site is optimized with the Yoast SEO plugin v26.9 - https:\/\/yoast.com\/product\/yoast-seo-wordpress\/ -->\n<title>PAR Explora Magallanes y Escuela de Verano de UChile realizan Taller de Programaci\u00f3n y Arduino - Magallanes<\/title>\n<meta name=\"robots\" content=\"index, follow, max-snippet:-1, max-image-preview:large, max-video-preview:-1\" \/>\n<link rel=\"canonical\" href=\"https:\/\/explora.cl\/magallanes\/par-explora-magallanes-y-escuela-de-verano-de-uchile-realizan-taller-de-programacion-y-arduino\/\" class=\"yoast-seo-meta-tag\" \/>\n<meta property=\"og:locale\" content=\"es_ES\" class=\"yoast-seo-meta-tag\" \/>\n<meta property=\"og:type\" content=\"article\" class=\"yoast-seo-meta-tag\" \/>\n<meta property=\"og:title\" content=\"PAR Explora Magallanes y Escuela de Verano de UChile realizan Taller de Programaci\u00f3n y Arduino - Magallanes\" class=\"yoast-seo-meta-tag\" \/>\n<meta property=\"og:description\" content=\"&nbsp; Este 17, 19 y 20 de octubre, PAR Explora Magallanes y la Escuela de Verano de la Universidad de Chile realizar\u00e1n talleres de Programaci\u00f3n y Arduinos para estudiantes de 8vo a 2do medio. El primer taller se desarroll\u00f3 este s\u00e1bado en el Colegio Brit\u00e1nico y asistieron ni\u00f1os y j\u00f3venes de la Escuela Pedro Pablo [&hellip;]\" class=\"yoast-seo-meta-tag\" \/>\n<meta property=\"og:url\" content=\"https:\/\/explora.cl\/magallanes\/par-explora-magallanes-y-escuela-de-verano-de-uchile-realizan-taller-de-programacion-y-arduino\/\" class=\"yoast-seo-meta-tag\" \/>\n<meta property=\"og:site_name\" content=\"Magallanes\" class=\"yoast-seo-meta-tag\" \/>\n<meta property=\"article:published_time\" content=\"2015-10-18T04:00:00+00:00\" class=\"yoast-seo-meta-tag\" \/>\n<meta property=\"article:modified_time\" content=\"2019-05-20T21:39:38+00:00\" class=\"yoast-seo-meta-tag\" \/>\n<meta property=\"og:image\" content=\"https:\/\/explora.cl\/magallanes\/wp-content\/uploads\/sites\/19\/2018\/06\/1b071b5d164d913df97a6fb3333ca578.jpg\" class=\"yoast-seo-meta-tag\" \/>\n\t<meta property=\"og:image:width\" content=\"1024\" class=\"yoast-seo-meta-tag\" \/>\n\t<meta property=\"og:image:height\" content=\"768\" class=\"yoast-seo-meta-tag\" \/>\n\t<meta property=\"og:image:type\" content=\"image\/jpeg\" class=\"yoast-seo-meta-tag\" \/>\n<meta name=\"author\" content=\"webman\" class=\"yoast-seo-meta-tag\" \/>\n<meta name=\"twitter:card\" content=\"summary_large_image\" class=\"yoast-seo-meta-tag\" \/>\n<meta name=\"twitter:label1\" content=\"Escrito por\" class=\"yoast-seo-meta-tag\" \/>\n\t<meta name=\"twitter:data1\" content=\"webman\" class=\"yoast-seo-meta-tag\" \/>\n\t<meta name=\"twitter:label2\" content=\"Tiempo estimado de lectura\" class=\"yoast-seo-meta-tag\" \/>\n\t<meta name=\"twitter:data2\" content=\"2 minutos\" class=\"yoast-seo-meta-tag\" \/>\n<script type=\"application\/ld+json\" class=\"yoast-schema-graph\">{\"@context\":\"https:\/\/schema.org\",\"@graph\":[{\"@type\":\"Article\",\"@id\":\"https:\/\/explora.cl\/magallanes\/par-explora-magallanes-y-escuela-de-verano-de-uchile-realizan-taller-de-programacion-y-arduino\/#article\",\"isPartOf\":{\"@id\":\"https:\/\/explora.cl\/magallanes\/par-explora-magallanes-y-escuela-de-verano-de-uchile-realizan-taller-de-programacion-y-arduino\/\"},\"author\":{\"name\":\"webman\",\"@id\":\"https:\/\/explora.cl\/magallanes\/#\/schema\/person\/cb8349c13ea2d324080adf8480d7ba5d\"},\"headline\":\"PAR Explora Magallanes y Escuela de Verano de UChile realizan Taller de Programaci\u00f3n y Arduino\",\"datePublished\":\"2015-10-18T04:00:00+00:00\",\"dateModified\":\"2019-05-20T21:39:38+00:00\",\"mainEntityOfPage\":{\"@id\":\"https:\/\/explora.cl\/magallanes\/par-explora-magallanes-y-escuela-de-verano-de-uchile-realizan-taller-de-programacion-y-arduino\/\"},\"wordCount\":400,\"commentCount\":0,\"publisher\":{\"@id\":\"https:\/\/explora.cl\/magallanes\/#organization\"},\"image\":{\"@id\":\"https:\/\/explora.cl\/magallanes\/par-explora-magallanes-y-escuela-de-verano-de-uchile-realizan-taller-de-programacion-y-arduino\/#primaryimage\"},\"thumbnailUrl\":\"https:\/\/explora.cl\/magallanes\/wp-content\/uploads\/sites\/19\/2018\/06\/1b071b5d164d913df97a6fb3333ca578.jpg\",\"articleSection\":[\"Noticias\"],\"inLanguage\":\"es-CL\",\"potentialAction\":[{\"@type\":\"CommentAction\",\"name\":\"Comment\",\"target\":[\"https:\/\/explora.cl\/magallanes\/par-explora-magallanes-y-escuela-de-verano-de-uchile-realizan-taller-de-programacion-y-arduino\/#respond\"]}]},{\"@type\":\"WebPage\",\"@id\":\"https:\/\/explora.cl\/magallanes\/par-explora-magallanes-y-escuela-de-verano-de-uchile-realizan-taller-de-programacion-y-arduino\/\",\"url\":\"https:\/\/explora.cl\/magallanes\/par-explora-magallanes-y-escuela-de-verano-de-uchile-realizan-taller-de-programacion-y-arduino\/\",\"name\":\"PAR Explora Magallanes y Escuela de Verano de UChile realizan Taller de Programaci\u00f3n y Arduino - Magallanes\",\"isPartOf\":{\"@id\":\"https:\/\/explora.cl\/magallanes\/#website\"},\"primaryImageOfPage\":{\"@id\":\"https:\/\/explora.cl\/magallanes\/par-explora-magallanes-y-escuela-de-verano-de-uchile-realizan-taller-de-programacion-y-arduino\/#primaryimage\"},\"image\":{\"@id\":\"https:\/\/explora.cl\/magallanes\/par-explora-magallanes-y-escuela-de-verano-de-uchile-realizan-taller-de-programacion-y-arduino\/#primaryimage\"},\"thumbnailUrl\":\"https:\/\/explora.cl\/magallanes\/wp-content\/uploads\/sites\/19\/2018\/06\/1b071b5d164d913df97a6fb3333ca578.jpg\",\"datePublished\":\"2015-10-18T04:00:00+00:00\",\"dateModified\":\"2019-05-20T21:39:38+00:00\",\"breadcrumb\":{\"@id\":\"https:\/\/explora.cl\/magallanes\/par-explora-magallanes-y-escuela-de-verano-de-uchile-realizan-taller-de-programacion-y-arduino\/#breadcrumb\"},\"inLanguage\":\"es-CL\",\"potentialAction\":[{\"@type\":\"ReadAction\",\"target\":[\"https:\/\/explora.cl\/magallanes\/par-explora-magallanes-y-escuela-de-verano-de-uchile-realizan-taller-de-programacion-y-arduino\/\"]}]},{\"@type\":\"ImageObject\",\"inLanguage\":\"es-CL\",\"@id\":\"https:\/\/explora.cl\/magallanes\/par-explora-magallanes-y-escuela-de-verano-de-uchile-realizan-taller-de-programacion-y-arduino\/#primaryimage\",\"url\":\"https:\/\/explora.cl\/magallanes\/wp-content\/uploads\/sites\/19\/2018\/06\/1b071b5d164d913df97a6fb3333ca578.jpg\",\"contentUrl\":\"https:\/\/explora.cl\/magallanes\/wp-content\/uploads\/sites\/19\/2018\/06\/1b071b5d164d913df97a6fb3333ca578.jpg\",\"width\":1024,\"height\":768},{\"@type\":\"BreadcrumbList\",\"@id\":\"https:\/\/explora.cl\/magallanes\/par-explora-magallanes-y-escuela-de-verano-de-uchile-realizan-taller-de-programacion-y-arduino\/#breadcrumb\",\"itemListElement\":[{\"@type\":\"ListItem\",\"position\":1,\"name\":\"Portada\",\"item\":\"https:\/\/explora.cl\/magallanes\/\"},{\"@type\":\"ListItem\",\"position\":2,\"name\":\"PAR Explora Magallanes y Escuela de Verano de UChile realizan Taller de Programaci\u00f3n y Arduino\"}]},{\"@type\":\"WebSite\",\"@id\":\"https:\/\/explora.cl\/magallanes\/#website\",\"url\":\"https:\/\/explora.cl\/magallanes\/\",\"name\":\"Magallanes\",\"description\":\"Otro sitio m\u00e1s de explora.cl\",\"publisher\":{\"@id\":\"https:\/\/explora.cl\/magallanes\/#organization\"},\"potentialAction\":[{\"@type\":\"SearchAction\",\"target\":{\"@type\":\"EntryPoint\",\"urlTemplate\":\"https:\/\/explora.cl\/magallanes\/?s={search_term_string}\"},\"query-input\":{\"@type\":\"PropertyValueSpecification\",\"valueRequired\":true,\"valueName\":\"search_term_string\"}}],\"inLanguage\":\"es-CL\"},{\"@type\":\"Organization\",\"@id\":\"https:\/\/explora.cl\/magallanes\/#organization\",\"name\":\"Magallanes\",\"url\":\"https:\/\/explora.cl\/magallanes\/\",\"logo\":{\"@type\":\"ImageObject\",\"inLanguage\":\"es-CL\",\"@id\":\"https:\/\/explora.cl\/magallanes\/#\/schema\/logo\/image\/\",\"url\":\"https:\/\/explora.cl\/magallanes\/wp-content\/uploads\/sites\/19\/2021\/06\/cropped-ICONO-COLOR-2.jpg\",\"contentUrl\":\"https:\/\/explora.cl\/magallanes\/wp-content\/uploads\/sites\/19\/2021\/06\/cropped-ICONO-COLOR-2.jpg\",\"width\":1181,\"height\":1181,\"caption\":\"Magallanes\"},\"image\":{\"@id\":\"https:\/\/explora.cl\/magallanes\/#\/schema\/logo\/image\/\"}},{\"@type\":\"Person\",\"@id\":\"https:\/\/explora.cl\/magallanes\/#\/schema\/person\/cb8349c13ea2d324080adf8480d7ba5d\",\"name\":\"webman\",\"image\":{\"@type\":\"ImageObject\",\"inLanguage\":\"es-CL\",\"@id\":\"https:\/\/explora.cl\/magallanes\/#\/schema\/person\/image\/\",\"url\":\"https:\/\/secure.gravatar.com\/avatar\/eeff3c82f2c02f7177d13663b7e6f890e9a6a0647ce9bb29cae02dcb094c7312?s=96&d=mm&r=g\",\"contentUrl\":\"https:\/\/secure.gravatar.com\/avatar\/eeff3c82f2c02f7177d13663b7e6f890e9a6a0647ce9bb29cae02dcb094c7312?s=96&d=mm&r=g\",\"caption\":\"webman\"},\"url\":\"https:\/\/explora.cl\/magallanes\/author\/webman\/\"}]}<\/script>\n<!-- \/ Yoast SEO plugin. -->","yoast_head_json":{"title":"PAR Explora Magallanes y Escuela de Verano de UChile realizan Taller de Programaci\u00f3n y Arduino - Magallanes","robots":{"index":"index","follow":"follow","max-snippet":"max-snippet:-1","max-image-preview":"max-image-preview:large","max-video-preview":"max-video-preview:-1"},"canonical":"https:\/\/explora.cl\/magallanes\/par-explora-magallanes-y-escuela-de-verano-de-uchile-realizan-taller-de-programacion-y-arduino\/","og_locale":"es_ES","og_type":"article","og_title":"PAR Explora Magallanes y Escuela de Verano de UChile realizan Taller de Programaci\u00f3n y Arduino - Magallanes","og_description":"&nbsp; Este 17, 19 y 20 de octubre, PAR Explora Magallanes y la Escuela de Verano de la Universidad de Chile realizar\u00e1n talleres de Programaci\u00f3n y Arduinos para estudiantes de 8vo a 2do medio. El primer taller se desarroll\u00f3 este s\u00e1bado en el Colegio Brit\u00e1nico y asistieron ni\u00f1os y j\u00f3venes de la Escuela Pedro Pablo [&hellip;]","og_url":"https:\/\/explora.cl\/magallanes\/par-explora-magallanes-y-escuela-de-verano-de-uchile-realizan-taller-de-programacion-y-arduino\/","og_site_name":"Magallanes","article_published_time":"2015-10-18T04:00:00+00:00","article_modified_time":"2019-05-20T21:39:38+00:00","og_image":[{"width":1024,"height":768,"url":"https:\/\/explora.cl\/magallanes\/wp-content\/uploads\/sites\/19\/2018\/06\/1b071b5d164d913df97a6fb3333ca578.jpg","type":"image\/jpeg"}],"author":"webman","twitter_card":"summary_large_image","twitter_misc":{"Escrito por":"webman","Tiempo estimado de lectura":"2 minutos"},"schema":{"@context":"https:\/\/schema.org","@graph":[{"@type":"Article","@id":"https:\/\/explora.cl\/magallanes\/par-explora-magallanes-y-escuela-de-verano-de-uchile-realizan-taller-de-programacion-y-arduino\/#article","isPartOf":{"@id":"https:\/\/explora.cl\/magallanes\/par-explora-magallanes-y-escuela-de-verano-de-uchile-realizan-taller-de-programacion-y-arduino\/"},"author":{"name":"webman","@id":"https:\/\/explora.cl\/magallanes\/#\/schema\/person\/cb8349c13ea2d324080adf8480d7ba5d"},"headline":"PAR Explora Magallanes y Escuela de Verano de UChile realizan Taller de Programaci\u00f3n y Arduino","datePublished":"2015-10-18T04:00:00+00:00","dateModified":"2019-05-20T21:39:38+00:00","mainEntityOfPage":{"@id":"https:\/\/explora.cl\/magallanes\/par-explora-magallanes-y-escuela-de-verano-de-uchile-realizan-taller-de-programacion-y-arduino\/"},"wordCount":400,"commentCount":0,"publisher":{"@id":"https:\/\/explora.cl\/magallanes\/#organization"},"image":{"@id":"https:\/\/explora.cl\/magallanes\/par-explora-magallanes-y-escuela-de-verano-de-uchile-realizan-taller-de-programacion-y-arduino\/#primaryimage"},"thumbnailUrl":"https:\/\/explora.cl\/magallanes\/wp-content\/uploads\/sites\/19\/2018\/06\/1b071b5d164d913df97a6fb3333ca578.jpg","articleSection":["Noticias"],"inLanguage":"es-CL","potentialAction":[{"@type":"CommentAction","name":"Comment","target":["https:\/\/explora.cl\/magallanes\/par-explora-magallanes-y-escuela-de-verano-de-uchile-realizan-taller-de-programacion-y-arduino\/#respond"]}]},{"@type":"WebPage","@id":"https:\/\/explora.cl\/magallanes\/par-explora-magallanes-y-escuela-de-verano-de-uchile-realizan-taller-de-programacion-y-arduino\/","url":"https:\/\/explora.cl\/magallanes\/par-explora-magallanes-y-escuela-de-verano-de-uchile-realizan-taller-de-programacion-y-arduino\/","name":"PAR Explora Magallanes y Escuela de Verano de UChile realizan Taller de Programaci\u00f3n y Arduino - Magallanes","isPartOf":{"@id":"https:\/\/explora.cl\/magallanes\/#website"},"primaryImageOfPage":{"@id":"https:\/\/explora.cl\/magallanes\/par-explora-magallanes-y-escuela-de-verano-de-uchile-realizan-taller-de-programacion-y-arduino\/#primaryimage"},"image":{"@id":"https:\/\/explora.cl\/magallanes\/par-explora-magallanes-y-escuela-de-verano-de-uchile-realizan-taller-de-programacion-y-arduino\/#primaryimage"},"thumbnailUrl":"https:\/\/explora.cl\/magallanes\/wp-content\/uploads\/sites\/19\/2018\/06\/1b071b5d164d913df97a6fb3333ca578.jpg","datePublished":"2015-10-18T04:00:00+00:00","dateModified":"2019-05-20T21:39:38+00:00","breadcrumb":{"@id":"https:\/\/explora.cl\/magallanes\/par-explora-magallanes-y-escuela-de-verano-de-uchile-realizan-taller-de-programacion-y-arduino\/#breadcrumb"},"inLanguage":"es-CL","potentialAction":[{"@type":"ReadAction","target":["https:\/\/explora.cl\/magallanes\/par-explora-magallanes-y-escuela-de-verano-de-uchile-realizan-taller-de-programacion-y-arduino\/"]}]},{"@type":"ImageObject","inLanguage":"es-CL","@id":"https:\/\/explora.cl\/magallanes\/par-explora-magallanes-y-escuela-de-verano-de-uchile-realizan-taller-de-programacion-y-arduino\/#primaryimage","url":"https:\/\/explora.cl\/magallanes\/wp-content\/uploads\/sites\/19\/2018\/06\/1b071b5d164d913df97a6fb3333ca578.jpg","contentUrl":"https:\/\/explora.cl\/magallanes\/wp-content\/uploads\/sites\/19\/2018\/06\/1b071b5d164d913df97a6fb3333ca578.jpg","width":1024,"height":768},{"@type":"BreadcrumbList","@id":"https:\/\/explora.cl\/magallanes\/par-explora-magallanes-y-escuela-de-verano-de-uchile-realizan-taller-de-programacion-y-arduino\/#breadcrumb","itemListElement":[{"@type":"ListItem","position":1,"name":"Portada","item":"https:\/\/explora.cl\/magallanes\/"},{"@type":"ListItem","position":2,"name":"PAR Explora Magallanes y Escuela de Verano de UChile realizan Taller de Programaci\u00f3n y Arduino"}]},{"@type":"WebSite","@id":"https:\/\/explora.cl\/magallanes\/#website","url":"https:\/\/explora.cl\/magallanes\/","name":"Magallanes","description":"Otro sitio m\u00e1s de explora.cl","publisher":{"@id":"https:\/\/explora.cl\/magallanes\/#organization"},"potentialAction":[{"@type":"SearchAction","target":{"@type":"EntryPoint","urlTemplate":"https:\/\/explora.cl\/magallanes\/?s={search_term_string}"},"query-input":{"@type":"PropertyValueSpecification","valueRequired":true,"valueName":"search_term_string"}}],"inLanguage":"es-CL"},{"@type":"Organization","@id":"https:\/\/explora.cl\/magallanes\/#organization","name":"Magallanes","url":"https:\/\/explora.cl\/magallanes\/","logo":{"@type":"ImageObject","inLanguage":"es-CL","@id":"https:\/\/explora.cl\/magallanes\/#\/schema\/logo\/image\/","url":"https:\/\/explora.cl\/magallanes\/wp-content\/uploads\/sites\/19\/2021\/06\/cropped-ICONO-COLOR-2.jpg","contentUrl":"https:\/\/explora.cl\/magallanes\/wp-content\/uploads\/sites\/19\/2021\/06\/cropped-ICONO-COLOR-2.jpg","width":1181,"height":1181,"caption":"Magallanes"},"image":{"@id":"https:\/\/explora.cl\/magallanes\/#\/schema\/logo\/image\/"}},{"@type":"Person","@id":"https:\/\/explora.cl\/magallanes\/#\/schema\/person\/cb8349c13ea2d324080adf8480d7ba5d","name":"webman","image":{"@type":"ImageObject","inLanguage":"es-CL","@id":"https:\/\/explora.cl\/magallanes\/#\/schema\/person\/image\/","url":"https:\/\/secure.gravatar.com\/avatar\/eeff3c82f2c02f7177d13663b7e6f890e9a6a0647ce9bb29cae02dcb094c7312?s=96&d=mm&r=g","contentUrl":"https:\/\/secure.gravatar.com\/avatar\/eeff3c82f2c02f7177d13663b7e6f890e9a6a0647ce9bb29cae02dcb094c7312?s=96&d=mm&r=g","caption":"webman"},"url":"https:\/\/explora.cl\/magallanes\/author\/webman\/"}]}},"_links":{"self":[{"href":"https:\/\/explora.cl\/magallanes\/wp-json\/wp\/v2\/posts\/339","targetHints":{"allow":["GET"]}}],"collection":[{"href":"https:\/\/explora.cl\/magallanes\/wp-json\/wp\/v2\/posts"}],"about":[{"href":"https:\/\/explora.cl\/magallanes\/wp-json\/wp\/v2\/types\/post"}],"author":[{"embeddable":true,"href":"https:\/\/explora.cl\/magallanes\/wp-json\/wp\/v2\/users\/2"}],"replies":[{"embeddable":true,"href":"https:\/\/explora.cl\/magallanes\/wp-json\/wp\/v2\/comments?post=339"}],"version-history":[{"count":1,"href":"https:\/\/explora.cl\/magallanes\/wp-json\/wp\/v2\/posts\/339\/revisions"}],"predecessor-version":[{"id":37880,"href":"https:\/\/explora.cl\/magallanes\/wp-json\/wp\/v2\/posts\/339\/revisions\/37880"}],"wp:featuredmedia":[{"embeddable":true,"href":"https:\/\/explora.cl\/magallanes\/wp-json\/wp\/v2\/media\/340"}],"wp:attachment":[{"href":"https:\/\/explora.cl\/magallanes\/wp-json\/wp\/v2\/media?parent=339"}],"wp:term":[{"taxonomy":"category","embeddable":true,"href":"https:\/\/explora.cl\/magallanes\/wp-json\/wp\/v2\/categories?post=339"},{"taxonomy":"post_tag","embeddable":true,"href":"https:\/\/explora.cl\/magallanes\/wp-json\/wp\/v2\/tags?post=339"}],"curies":[{"name":"wp","href":"https:\/\/api.w.org\/{rel}","templated":true}]}}