{"id":327,"date":"2015-10-07T00:00:00","date_gmt":"2015-10-07T04:00:00","guid":{"rendered":"https:\/\/explora.cl\/magallanes\/blog\/2015\/10\/07\/umag-abre-sus-laboratorios-en-la-semana-nacional-de-la-ciencia-y-tecnologia\/"},"modified":"2019-05-20T21:39:40","modified_gmt":"2019-05-20T21:39:40","slug":"umag-abre-sus-laboratorios-en-la-semana-nacional-de-la-ciencia-y-tecnologia","status":"publish","type":"post","link":"https:\/\/explora.cl\/magallanes\/umag-abre-sus-laboratorios-en-la-semana-nacional-de-la-ciencia-y-tecnologia\/","title":{"rendered":"UMAG abre sus laboratorios en la Semana Nacional de la Ciencia y Tecnolog\u00eda"},"content":{"rendered":"<p><img fetchpriority=\"high\" decoding=\"async\" class=\" size-full wp-image-15472\" src=\"http:\/\/ec2-54-245-22-188.us-west-2.compute.amazonaws.com\/wp-content\/uploads\/2015\/10\/6bce2a63dc5dc111808118bf84847343.jpg\" alt=\"\" width=\"2048\" height=\"1536\" \/><\/p>\n<p>&nbsp;<\/p>\n<p style=\"text-align: justify\"><span style=\"font-size: medium\"><strong><\/strong><\/span>Este <strong>jueves y viernes<\/strong> la Universidad de Magallanes abrir\u00e1 sus laboratorios para que ni\u00f1os y j\u00f3venes de la regi\u00f3n puedan observar lo que realizan los estudiantes de las diferentes carreras cient\u00edficas que imparte la casa de estudios.<\/p>\n<p style=\"text-align: justify\"><strong>\u201cLaboratorios Abiertos\u201d es organizada por PAR Explora Magallanes en el marco de las actividades de la XXI Semana Nacional de la Ciencia y Tecnolog\u00eda<\/strong> y tiene por objetivo <i>&#8220;acercar la ciencia a la comunidad entera, pensamos que el primer paso es a trav\u00e9s de los estudiantes, pues son ellos quienes entusiasman despu\u00e9s a sus familiares y participan de las distintas iniciativas propuestas&#8221;<\/i>, seg\u00fan se\u00f1al\u00f3 Vanessa Soto, Coordinadora de la XXI Semana Nacional de la Ciencia y Tecnolog\u00eda.<\/p>\n<p style=\"text-align: justify\">Los recorridos se realizar\u00e1n entre las <strong>8:30 y 16:30 <\/strong>hrs. y ya han confirmado m\u00e1s de 2.000 estudiantes de la Escuela Villa Las Nieves, Liceo Luis Alberto Barrera, Colegio Puerto Natales, Liceo Mar\u00eda Auxiliadora, Liceo San Jos\u00e9, entre otros.<\/p>\n<p style=\"text-align: justify\">Se invita a los profesores y estudiantes a inscribir a sus cursos en <a href=\"mailto:magallanes.explora@gmail.com\" target=\"_blank\" rel=\"noopener noreferrer\">magallanes.explora@gmail.com<\/a><\/p>\n<p style=\"text-align: justify\"><strong>Informaci\u00f3n<\/strong><\/p>\n<p>&nbsp;<\/p>\n<p style=\"text-align: justify\">Actividad: Laboratorios Abiertos<\/p>\n<p style=\"text-align: justify\">Lugar: Facultad de Ingenier\u00eda de la Universidad de Magallanes.<\/p>\n<p style=\"text-align: justify\">Fecha: jueves 8 y viernes 9 de octubre.<\/p>\n<p style=\"text-align: justify\">Hora: 8:30 a 16:30 hrs.<\/p>\n<p>&nbsp;<\/p>\n","protected":false},"excerpt":{"rendered":"<p>&nbsp; Este jueves y viernes la Universidad de Magallanes abrir\u00e1 sus laboratorios para que ni\u00f1os y j\u00f3venes de la regi\u00f3n puedan observar lo que realizan los estudiantes de las diferentes carreras cient\u00edficas que imparte la casa de estudios. \u201cLaboratorios Abiertos\u201d es organizada por PAR Explora Magallanes en el marco de las actividades de la XXI [&hellip;]<\/p>\n","protected":false},"author":2,"featured_media":328,"comment_status":"open","ping_status":"open","sticky":false,"template":"","format":"standard","meta":{"_acf_changed":false,"_exactmetrics_skip_tracking":false,"_exactmetrics_sitenote_active":false,"_exactmetrics_sitenote_note":"","_exactmetrics_sitenote_category":0,"footnotes":"","_links_to":"","_links_to_target":""},"categories":[4],"tags":[218],"class_list":["post-327","post","type-post","status-publish","format-standard","has-post-thumbnail","hentry","category-noticias","tag-laboratorio"],"acf":[],"yoast_head":"<!-- This site is optimized with the Yoast SEO plugin v26.9 - https:\/\/yoast.com\/product\/yoast-seo-wordpress\/ -->\n<title>UMAG abre sus laboratorios en la Semana Nacional de la Ciencia y Tecnolog\u00eda - Magallanes<\/title>\n<meta name=\"robots\" content=\"index, follow, max-snippet:-1, max-image-preview:large, max-video-preview:-1\" \/>\n<link rel=\"canonical\" href=\"https:\/\/explora.cl\/magallanes\/umag-abre-sus-laboratorios-en-la-semana-nacional-de-la-ciencia-y-tecnologia\/\" class=\"yoast-seo-meta-tag\" \/>\n<meta property=\"og:locale\" content=\"es_ES\" class=\"yoast-seo-meta-tag\" \/>\n<meta property=\"og:type\" content=\"article\" class=\"yoast-seo-meta-tag\" \/>\n<meta property=\"og:title\" content=\"UMAG abre sus laboratorios en la Semana Nacional de la Ciencia y Tecnolog\u00eda - Magallanes\" class=\"yoast-seo-meta-tag\" \/>\n<meta property=\"og:description\" content=\"&nbsp; Este jueves y viernes la Universidad de Magallanes abrir\u00e1 sus laboratorios para que ni\u00f1os y j\u00f3venes de la regi\u00f3n puedan observar lo que realizan los estudiantes de las diferentes carreras cient\u00edficas que imparte la casa de estudios. \u201cLaboratorios Abiertos\u201d es organizada por PAR Explora Magallanes en el marco de las actividades de la XXI [&hellip;]\" class=\"yoast-seo-meta-tag\" \/>\n<meta property=\"og:url\" content=\"https:\/\/explora.cl\/magallanes\/umag-abre-sus-laboratorios-en-la-semana-nacional-de-la-ciencia-y-tecnologia\/\" class=\"yoast-seo-meta-tag\" \/>\n<meta property=\"og:site_name\" content=\"Magallanes\" class=\"yoast-seo-meta-tag\" \/>\n<meta property=\"article:published_time\" content=\"2015-10-07T04:00:00+00:00\" class=\"yoast-seo-meta-tag\" \/>\n<meta property=\"article:modified_time\" content=\"2019-05-20T21:39:40+00:00\" class=\"yoast-seo-meta-tag\" \/>\n<meta property=\"og:image\" content=\"https:\/\/explora.cl\/magallanes\/wp-content\/uploads\/sites\/19\/2018\/06\/6bce2a63dc5dc111808118bf84847343.jpg\" class=\"yoast-seo-meta-tag\" \/>\n\t<meta property=\"og:image:width\" content=\"2048\" class=\"yoast-seo-meta-tag\" \/>\n\t<meta property=\"og:image:height\" content=\"1536\" class=\"yoast-seo-meta-tag\" \/>\n\t<meta property=\"og:image:type\" content=\"image\/jpeg\" class=\"yoast-seo-meta-tag\" \/>\n<meta name=\"author\" content=\"webman\" class=\"yoast-seo-meta-tag\" \/>\n<meta name=\"twitter:card\" content=\"summary_large_image\" class=\"yoast-seo-meta-tag\" \/>\n<meta name=\"twitter:label1\" content=\"Escrito por\" class=\"yoast-seo-meta-tag\" \/>\n\t<meta name=\"twitter:data1\" content=\"webman\" class=\"yoast-seo-meta-tag\" \/>\n\t<meta name=\"twitter:label2\" content=\"Tiempo estimado de lectura\" class=\"yoast-seo-meta-tag\" \/>\n\t<meta name=\"twitter:data2\" content=\"1 minuto\" class=\"yoast-seo-meta-tag\" \/>\n<script type=\"application\/ld+json\" class=\"yoast-schema-graph\">{\"@context\":\"https:\/\/schema.org\",\"@graph\":[{\"@type\":\"Article\",\"@id\":\"https:\/\/explora.cl\/magallanes\/umag-abre-sus-laboratorios-en-la-semana-nacional-de-la-ciencia-y-tecnologia\/#article\",\"isPartOf\":{\"@id\":\"https:\/\/explora.cl\/magallanes\/umag-abre-sus-laboratorios-en-la-semana-nacional-de-la-ciencia-y-tecnologia\/\"},\"author\":{\"name\":\"webman\",\"@id\":\"https:\/\/explora.cl\/magallanes\/#\/schema\/person\/cb8349c13ea2d324080adf8480d7ba5d\"},\"headline\":\"UMAG abre sus laboratorios en la Semana Nacional de la Ciencia y Tecnolog\u00eda\",\"datePublished\":\"2015-10-07T04:00:00+00:00\",\"dateModified\":\"2019-05-20T21:39:40+00:00\",\"mainEntityOfPage\":{\"@id\":\"https:\/\/explora.cl\/magallanes\/umag-abre-sus-laboratorios-en-la-semana-nacional-de-la-ciencia-y-tecnologia\/\"},\"wordCount\":221,\"commentCount\":0,\"publisher\":{\"@id\":\"https:\/\/explora.cl\/magallanes\/#organization\"},\"image\":{\"@id\":\"https:\/\/explora.cl\/magallanes\/umag-abre-sus-laboratorios-en-la-semana-nacional-de-la-ciencia-y-tecnologia\/#primaryimage\"},\"thumbnailUrl\":\"https:\/\/explora.cl\/magallanes\/wp-content\/uploads\/sites\/19\/2018\/06\/6bce2a63dc5dc111808118bf84847343.jpg\",\"keywords\":[\"laboratorio\"],\"articleSection\":[\"Noticias\"],\"inLanguage\":\"es-CL\",\"potentialAction\":[{\"@type\":\"CommentAction\",\"name\":\"Comment\",\"target\":[\"https:\/\/explora.cl\/magallanes\/umag-abre-sus-laboratorios-en-la-semana-nacional-de-la-ciencia-y-tecnologia\/#respond\"]}]},{\"@type\":\"WebPage\",\"@id\":\"https:\/\/explora.cl\/magallanes\/umag-abre-sus-laboratorios-en-la-semana-nacional-de-la-ciencia-y-tecnologia\/\",\"url\":\"https:\/\/explora.cl\/magallanes\/umag-abre-sus-laboratorios-en-la-semana-nacional-de-la-ciencia-y-tecnologia\/\",\"name\":\"UMAG abre sus laboratorios en la Semana Nacional de la Ciencia y Tecnolog\u00eda - Magallanes\",\"isPartOf\":{\"@id\":\"https:\/\/explora.cl\/magallanes\/#website\"},\"primaryImageOfPage\":{\"@id\":\"https:\/\/explora.cl\/magallanes\/umag-abre-sus-laboratorios-en-la-semana-nacional-de-la-ciencia-y-tecnologia\/#primaryimage\"},\"image\":{\"@id\":\"https:\/\/explora.cl\/magallanes\/umag-abre-sus-laboratorios-en-la-semana-nacional-de-la-ciencia-y-tecnologia\/#primaryimage\"},\"thumbnailUrl\":\"https:\/\/explora.cl\/magallanes\/wp-content\/uploads\/sites\/19\/2018\/06\/6bce2a63dc5dc111808118bf84847343.jpg\",\"datePublished\":\"2015-10-07T04:00:00+00:00\",\"dateModified\":\"2019-05-20T21:39:40+00:00\",\"breadcrumb\":{\"@id\":\"https:\/\/explora.cl\/magallanes\/umag-abre-sus-laboratorios-en-la-semana-nacional-de-la-ciencia-y-tecnologia\/#breadcrumb\"},\"inLanguage\":\"es-CL\",\"potentialAction\":[{\"@type\":\"ReadAction\",\"target\":[\"https:\/\/explora.cl\/magallanes\/umag-abre-sus-laboratorios-en-la-semana-nacional-de-la-ciencia-y-tecnologia\/\"]}]},{\"@type\":\"ImageObject\",\"inLanguage\":\"es-CL\",\"@id\":\"https:\/\/explora.cl\/magallanes\/umag-abre-sus-laboratorios-en-la-semana-nacional-de-la-ciencia-y-tecnologia\/#primaryimage\",\"url\":\"https:\/\/explora.cl\/magallanes\/wp-content\/uploads\/sites\/19\/2018\/06\/6bce2a63dc5dc111808118bf84847343.jpg\",\"contentUrl\":\"https:\/\/explora.cl\/magallanes\/wp-content\/uploads\/sites\/19\/2018\/06\/6bce2a63dc5dc111808118bf84847343.jpg\",\"width\":2048,\"height\":1536},{\"@type\":\"BreadcrumbList\",\"@id\":\"https:\/\/explora.cl\/magallanes\/umag-abre-sus-laboratorios-en-la-semana-nacional-de-la-ciencia-y-tecnologia\/#breadcrumb\",\"itemListElement\":[{\"@type\":\"ListItem\",\"position\":1,\"name\":\"Portada\",\"item\":\"https:\/\/explora.cl\/magallanes\/\"},{\"@type\":\"ListItem\",\"position\":2,\"name\":\"UMAG abre sus laboratorios en la Semana Nacional de la Ciencia y Tecnolog\u00eda\"}]},{\"@type\":\"WebSite\",\"@id\":\"https:\/\/explora.cl\/magallanes\/#website\",\"url\":\"https:\/\/explora.cl\/magallanes\/\",\"name\":\"Magallanes\",\"description\":\"Otro sitio m\u00e1s de explora.cl\",\"publisher\":{\"@id\":\"https:\/\/explora.cl\/magallanes\/#organization\"},\"potentialAction\":[{\"@type\":\"SearchAction\",\"target\":{\"@type\":\"EntryPoint\",\"urlTemplate\":\"https:\/\/explora.cl\/magallanes\/?s={search_term_string}\"},\"query-input\":{\"@type\":\"PropertyValueSpecification\",\"valueRequired\":true,\"valueName\":\"search_term_string\"}}],\"inLanguage\":\"es-CL\"},{\"@type\":\"Organization\",\"@id\":\"https:\/\/explora.cl\/magallanes\/#organization\",\"name\":\"Magallanes\",\"url\":\"https:\/\/explora.cl\/magallanes\/\",\"logo\":{\"@type\":\"ImageObject\",\"inLanguage\":\"es-CL\",\"@id\":\"https:\/\/explora.cl\/magallanes\/#\/schema\/logo\/image\/\",\"url\":\"https:\/\/explora.cl\/magallanes\/wp-content\/uploads\/sites\/19\/2021\/06\/cropped-ICONO-COLOR-2.jpg\",\"contentUrl\":\"https:\/\/explora.cl\/magallanes\/wp-content\/uploads\/sites\/19\/2021\/06\/cropped-ICONO-COLOR-2.jpg\",\"width\":1181,\"height\":1181,\"caption\":\"Magallanes\"},\"image\":{\"@id\":\"https:\/\/explora.cl\/magallanes\/#\/schema\/logo\/image\/\"}},{\"@type\":\"Person\",\"@id\":\"https:\/\/explora.cl\/magallanes\/#\/schema\/person\/cb8349c13ea2d324080adf8480d7ba5d\",\"name\":\"webman\",\"image\":{\"@type\":\"ImageObject\",\"inLanguage\":\"es-CL\",\"@id\":\"https:\/\/explora.cl\/magallanes\/#\/schema\/person\/image\/\",\"url\":\"https:\/\/secure.gravatar.com\/avatar\/eeff3c82f2c02f7177d13663b7e6f890e9a6a0647ce9bb29cae02dcb094c7312?s=96&d=mm&r=g\",\"contentUrl\":\"https:\/\/secure.gravatar.com\/avatar\/eeff3c82f2c02f7177d13663b7e6f890e9a6a0647ce9bb29cae02dcb094c7312?s=96&d=mm&r=g\",\"caption\":\"webman\"},\"url\":\"https:\/\/explora.cl\/magallanes\/author\/webman\/\"}]}<\/script>\n<!-- \/ Yoast SEO plugin. -->","yoast_head_json":{"title":"UMAG abre sus laboratorios en la Semana Nacional de la Ciencia y Tecnolog\u00eda - Magallanes","robots":{"index":"index","follow":"follow","max-snippet":"max-snippet:-1","max-image-preview":"max-image-preview:large","max-video-preview":"max-video-preview:-1"},"canonical":"https:\/\/explora.cl\/magallanes\/umag-abre-sus-laboratorios-en-la-semana-nacional-de-la-ciencia-y-tecnologia\/","og_locale":"es_ES","og_type":"article","og_title":"UMAG abre sus laboratorios en la Semana Nacional de la Ciencia y Tecnolog\u00eda - Magallanes","og_description":"&nbsp; Este jueves y viernes la Universidad de Magallanes abrir\u00e1 sus laboratorios para que ni\u00f1os y j\u00f3venes de la regi\u00f3n puedan observar lo que realizan los estudiantes de las diferentes carreras cient\u00edficas que imparte la casa de estudios. \u201cLaboratorios Abiertos\u201d es organizada por PAR Explora Magallanes en el marco de las actividades de la XXI [&hellip;]","og_url":"https:\/\/explora.cl\/magallanes\/umag-abre-sus-laboratorios-en-la-semana-nacional-de-la-ciencia-y-tecnologia\/","og_site_name":"Magallanes","article_published_time":"2015-10-07T04:00:00+00:00","article_modified_time":"2019-05-20T21:39:40+00:00","og_image":[{"width":2048,"height":1536,"url":"https:\/\/explora.cl\/magallanes\/wp-content\/uploads\/sites\/19\/2018\/06\/6bce2a63dc5dc111808118bf84847343.jpg","type":"image\/jpeg"}],"author":"webman","twitter_card":"summary_large_image","twitter_misc":{"Escrito por":"webman","Tiempo estimado de lectura":"1 minuto"},"schema":{"@context":"https:\/\/schema.org","@graph":[{"@type":"Article","@id":"https:\/\/explora.cl\/magallanes\/umag-abre-sus-laboratorios-en-la-semana-nacional-de-la-ciencia-y-tecnologia\/#article","isPartOf":{"@id":"https:\/\/explora.cl\/magallanes\/umag-abre-sus-laboratorios-en-la-semana-nacional-de-la-ciencia-y-tecnologia\/"},"author":{"name":"webman","@id":"https:\/\/explora.cl\/magallanes\/#\/schema\/person\/cb8349c13ea2d324080adf8480d7ba5d"},"headline":"UMAG abre sus laboratorios en la Semana Nacional de la Ciencia y Tecnolog\u00eda","datePublished":"2015-10-07T04:00:00+00:00","dateModified":"2019-05-20T21:39:40+00:00","mainEntityOfPage":{"@id":"https:\/\/explora.cl\/magallanes\/umag-abre-sus-laboratorios-en-la-semana-nacional-de-la-ciencia-y-tecnologia\/"},"wordCount":221,"commentCount":0,"publisher":{"@id":"https:\/\/explora.cl\/magallanes\/#organization"},"image":{"@id":"https:\/\/explora.cl\/magallanes\/umag-abre-sus-laboratorios-en-la-semana-nacional-de-la-ciencia-y-tecnologia\/#primaryimage"},"thumbnailUrl":"https:\/\/explora.cl\/magallanes\/wp-content\/uploads\/sites\/19\/2018\/06\/6bce2a63dc5dc111808118bf84847343.jpg","keywords":["laboratorio"],"articleSection":["Noticias"],"inLanguage":"es-CL","potentialAction":[{"@type":"CommentAction","name":"Comment","target":["https:\/\/explora.cl\/magallanes\/umag-abre-sus-laboratorios-en-la-semana-nacional-de-la-ciencia-y-tecnologia\/#respond"]}]},{"@type":"WebPage","@id":"https:\/\/explora.cl\/magallanes\/umag-abre-sus-laboratorios-en-la-semana-nacional-de-la-ciencia-y-tecnologia\/","url":"https:\/\/explora.cl\/magallanes\/umag-abre-sus-laboratorios-en-la-semana-nacional-de-la-ciencia-y-tecnologia\/","name":"UMAG abre sus laboratorios en la Semana Nacional de la Ciencia y Tecnolog\u00eda - Magallanes","isPartOf":{"@id":"https:\/\/explora.cl\/magallanes\/#website"},"primaryImageOfPage":{"@id":"https:\/\/explora.cl\/magallanes\/umag-abre-sus-laboratorios-en-la-semana-nacional-de-la-ciencia-y-tecnologia\/#primaryimage"},"image":{"@id":"https:\/\/explora.cl\/magallanes\/umag-abre-sus-laboratorios-en-la-semana-nacional-de-la-ciencia-y-tecnologia\/#primaryimage"},"thumbnailUrl":"https:\/\/explora.cl\/magallanes\/wp-content\/uploads\/sites\/19\/2018\/06\/6bce2a63dc5dc111808118bf84847343.jpg","datePublished":"2015-10-07T04:00:00+00:00","dateModified":"2019-05-20T21:39:40+00:00","breadcrumb":{"@id":"https:\/\/explora.cl\/magallanes\/umag-abre-sus-laboratorios-en-la-semana-nacional-de-la-ciencia-y-tecnologia\/#breadcrumb"},"inLanguage":"es-CL","potentialAction":[{"@type":"ReadAction","target":["https:\/\/explora.cl\/magallanes\/umag-abre-sus-laboratorios-en-la-semana-nacional-de-la-ciencia-y-tecnologia\/"]}]},{"@type":"ImageObject","inLanguage":"es-CL","@id":"https:\/\/explora.cl\/magallanes\/umag-abre-sus-laboratorios-en-la-semana-nacional-de-la-ciencia-y-tecnologia\/#primaryimage","url":"https:\/\/explora.cl\/magallanes\/wp-content\/uploads\/sites\/19\/2018\/06\/6bce2a63dc5dc111808118bf84847343.jpg","contentUrl":"https:\/\/explora.cl\/magallanes\/wp-content\/uploads\/sites\/19\/2018\/06\/6bce2a63dc5dc111808118bf84847343.jpg","width":2048,"height":1536},{"@type":"BreadcrumbList","@id":"https:\/\/explora.cl\/magallanes\/umag-abre-sus-laboratorios-en-la-semana-nacional-de-la-ciencia-y-tecnologia\/#breadcrumb","itemListElement":[{"@type":"ListItem","position":1,"name":"Portada","item":"https:\/\/explora.cl\/magallanes\/"},{"@type":"ListItem","position":2,"name":"UMAG abre sus laboratorios en la Semana Nacional de la Ciencia y Tecnolog\u00eda"}]},{"@type":"WebSite","@id":"https:\/\/explora.cl\/magallanes\/#website","url":"https:\/\/explora.cl\/magallanes\/","name":"Magallanes","description":"Otro sitio m\u00e1s de explora.cl","publisher":{"@id":"https:\/\/explora.cl\/magallanes\/#organization"},"potentialAction":[{"@type":"SearchAction","target":{"@type":"EntryPoint","urlTemplate":"https:\/\/explora.cl\/magallanes\/?s={search_term_string}"},"query-input":{"@type":"PropertyValueSpecification","valueRequired":true,"valueName":"search_term_string"}}],"inLanguage":"es-CL"},{"@type":"Organization","@id":"https:\/\/explora.cl\/magallanes\/#organization","name":"Magallanes","url":"https:\/\/explora.cl\/magallanes\/","logo":{"@type":"ImageObject","inLanguage":"es-CL","@id":"https:\/\/explora.cl\/magallanes\/#\/schema\/logo\/image\/","url":"https:\/\/explora.cl\/magallanes\/wp-content\/uploads\/sites\/19\/2021\/06\/cropped-ICONO-COLOR-2.jpg","contentUrl":"https:\/\/explora.cl\/magallanes\/wp-content\/uploads\/sites\/19\/2021\/06\/cropped-ICONO-COLOR-2.jpg","width":1181,"height":1181,"caption":"Magallanes"},"image":{"@id":"https:\/\/explora.cl\/magallanes\/#\/schema\/logo\/image\/"}},{"@type":"Person","@id":"https:\/\/explora.cl\/magallanes\/#\/schema\/person\/cb8349c13ea2d324080adf8480d7ba5d","name":"webman","image":{"@type":"ImageObject","inLanguage":"es-CL","@id":"https:\/\/explora.cl\/magallanes\/#\/schema\/person\/image\/","url":"https:\/\/secure.gravatar.com\/avatar\/eeff3c82f2c02f7177d13663b7e6f890e9a6a0647ce9bb29cae02dcb094c7312?s=96&d=mm&r=g","contentUrl":"https:\/\/secure.gravatar.com\/avatar\/eeff3c82f2c02f7177d13663b7e6f890e9a6a0647ce9bb29cae02dcb094c7312?s=96&d=mm&r=g","caption":"webman"},"url":"https:\/\/explora.cl\/magallanes\/author\/webman\/"}]}},"_links":{"self":[{"href":"https:\/\/explora.cl\/magallanes\/wp-json\/wp\/v2\/posts\/327","targetHints":{"allow":["GET"]}}],"collection":[{"href":"https:\/\/explora.cl\/magallanes\/wp-json\/wp\/v2\/posts"}],"about":[{"href":"https:\/\/explora.cl\/magallanes\/wp-json\/wp\/v2\/types\/post"}],"author":[{"embeddable":true,"href":"https:\/\/explora.cl\/magallanes\/wp-json\/wp\/v2\/users\/2"}],"replies":[{"embeddable":true,"href":"https:\/\/explora.cl\/magallanes\/wp-json\/wp\/v2\/comments?post=327"}],"version-history":[{"count":1,"href":"https:\/\/explora.cl\/magallanes\/wp-json\/wp\/v2\/posts\/327\/revisions"}],"predecessor-version":[{"id":37885,"href":"https:\/\/explora.cl\/magallanes\/wp-json\/wp\/v2\/posts\/327\/revisions\/37885"}],"wp:featuredmedia":[{"embeddable":true,"href":"https:\/\/explora.cl\/magallanes\/wp-json\/wp\/v2\/media\/328"}],"wp:attachment":[{"href":"https:\/\/explora.cl\/magallanes\/wp-json\/wp\/v2\/media?parent=327"}],"wp:term":[{"taxonomy":"category","embeddable":true,"href":"https:\/\/explora.cl\/magallanes\/wp-json\/wp\/v2\/categories?post=327"},{"taxonomy":"post_tag","embeddable":true,"href":"https:\/\/explora.cl\/magallanes\/wp-json\/wp\/v2\/tags?post=327"}],"curies":[{"name":"wp","href":"https:\/\/api.w.org\/{rel}","templated":true}]}}