{"id":315,"date":"2015-09-23T00:00:00","date_gmt":"2015-09-23T04:00:00","guid":{"rendered":"https:\/\/explora.cl\/magallanes\/blog\/2015\/09\/23\/conocer-ilumina-sumate-a-la-xxi-semana-nacional-de-la-ciencia-y-la-tecnologia-2015-1\/"},"modified":"2019-05-20T21:39:46","modified_gmt":"2019-05-20T21:39:46","slug":"conocer-ilumina-sumate-a-la-xxi-semana-nacional-de-la-ciencia-y-la-tecnologia-2015-1","status":"publish","type":"post","link":"https:\/\/explora.cl\/magallanes\/conocer-ilumina-sumate-a-la-xxi-semana-nacional-de-la-ciencia-y-la-tecnologia-2015-1\/","title":{"rendered":"\u00a1Conocer Ilumina! S\u00famate a la XXI Semana Nacional de la Ciencia y la Tecnolog\u00eda 2015"},"content":{"rendered":"<p><img fetchpriority=\"high\" decoding=\"async\" class=\" size-full wp-image-15012\" src=\"http:\/\/ec2-54-245-22-188.us-west-2.compute.amazonaws.com\/wp-content\/uploads\/2015\/09\/c2342aa227f786fecb3364a576d6267d.jpg\" alt=\"\" width=\"900\" height=\"1209\" \/><\/p>\n<p style=\"text-align: justify\">&nbsp;<\/p>\n<p>Seis d\u00edas, quince regiones y un sin fin de actividades especialmente creadas para las y los cient\u00edficos de hoy y del ma\u00f1ana son las cartas de presentaci\u00f3n de la XXI Semana Nacional de la Ciencia y la Tecnolog\u00eda del Programa Explora CONICYT que se realizar\u00e1 entre el 5 y el 11 de octubre.<\/p>\n<p>Una actividad que, como cada a\u00f1o, tiene por objetivo generar espacios de participaci\u00f3n para la comunidad y desarrollar actividades de car\u00e1cter nacional y regional a trav\u00e9s de los Proyectos Asociativos Regionales (PAR) Explora y nuestra red de instituciones asociadas que trabajan por el desarrollo cient\u00edfico.<\/p>\n<p>\u201cLa Semana Nacional de la Ciencia y la Tecnolog\u00eda es una oportunidad para asombrarse con el mundo que nos rodea y despertar nuestro esp\u00edritu investigador. Decenas de instituciones han querido sumarse a esta gran fiesta nacional donde ni\u00f1as, ni\u00f1os, j\u00f3venes y adultos podr\u00e1n conocer los beneficios de poseer una cultura cient\u00edfica en nuestras comunidades\u201d, indic\u00f3 Natalia Mackenzie, Directora (s) del Programa Explora CONICYT.<\/p>\n<p>Durante la Semana de la Ciencia se realizan Charlas, Exposiciones, Ciclos de cine, Acciones callejeras, Cicletadas, Carnavales, Pasacalles, Acciones Arte \u2013 Ciencia, Caf\u00e9s Cient\u00edficos, Excursiones y Visitas a sitios de inter\u00e9s patrimonial, Concursos de Pintura, Fotograf\u00eda, Corridas familiares, Bus de la Ciencia y mucho m\u00e1s.<\/p>\n<p>&nbsp;<\/p>\n<p><strong>Actividades Nacionales <\/strong><\/p>\n<p><strong>1000 CIENT\u00cdFICOS 1000 AULAS<\/strong>\/ Hombres y mujeres de la ciencia dejan por un d\u00eda sus laboratorios y c\u00e1tedras para concurrir a establecimientos educacionales a contar qu\u00e9 es la investigaci\u00f3n cient\u00edfica, compartiendo su experiencia con estudiantes de Educaci\u00f3n Parvularia, B\u00e1sica y Media. Algunas charlas que ya se encuentran disponibles son: La biomasa como fuente de energ\u00eda sustentable, en la Regi\u00f3n de los R\u00edos; Luz y algunas de sus aplicaciones, en la Regi\u00f3n de Antofagasta; Glaciares y sus beneficios para la sociedad, en la Regi\u00f3n Metropolitana.<\/p>\n<p><strong>LABORATORIOS, UNIVERSIDADES, MUSEOS Y OBSERVATORIOS ABIERTOS<\/strong>\/ \u00bfD\u00f3nde se construye el conocimiento cient\u00edfico en Chile? El mundo de la investigaci\u00f3n cient\u00edfica, tecnol\u00f3gica y acad\u00e9mica abre sus puertas a ni\u00f1as, ni\u00f1os y j\u00f3venes para mostrar c\u00f3mo y d\u00f3nde se desarrollan estas tareas a lo largo del pa\u00eds. Entre ellos el Museo Nacional Aeron\u00e1utico y del Espacio, el Centro de Ecolog\u00eda Aplicada y Sustentabilidad (UC), la Direcci\u00f3n de Archivos y Museos, Centro Nacional de Conservaci\u00f3n y Restauraci\u00f3n, Planetario (USACH), \u00a1y muchos m\u00e1s!<\/p>\n<p><strong>D\u00cdA DE LA CIENCIA EN MI COLEGIO<\/strong>\/ Escuelas de todo el pa\u00eds se suman para motivar el inter\u00e9s de ni\u00f1os, ni\u00f1as y j\u00f3venes por la Ciencia y la Tecnolog\u00eda con ferias cient\u00edficas, concursos o juegos que involucran a toda la comunidad escolar.<\/p>\n<p>La invitaci\u00f3n est\u00e1 hecha. Ingresa a <a href=\"magallanes\">https:\/\/explora.cl\/magallanes<\/a> o escribe a magallanes.explora@gmail.com<span style=\"color: #0000ff\"><a href=\"https:\/\/explora.cl\" target=\"_blank\" rel=\"noopener noreferrer\"><span style=\"color: #0000ff\"><\/span><\/a><\/span> y encuentra las actividades programadas para participar y planificar tu #SemanadelaCiencia.<\/p>\n<p>&nbsp;<\/p>\n<p>&nbsp;<\/p>\n","protected":false},"excerpt":{"rendered":"<p>&nbsp; Seis d\u00edas, quince regiones y un sin fin de actividades especialmente creadas para las y los cient\u00edficos de hoy y del ma\u00f1ana son las cartas de presentaci\u00f3n de la XXI Semana Nacional de la Ciencia y la Tecnolog\u00eda del Programa Explora CONICYT que se realizar\u00e1 entre el 5 y el 11 de octubre. Una [&hellip;]<\/p>\n","protected":false},"author":2,"featured_media":316,"comment_status":"open","ping_status":"open","sticky":false,"template":"","format":"standard","meta":{"_acf_changed":false,"_exactmetrics_skip_tracking":false,"_exactmetrics_sitenote_active":false,"_exactmetrics_sitenote_note":"","_exactmetrics_sitenote_category":0,"footnotes":"","_links_to":"","_links_to_target":""},"categories":[4],"tags":[212,106,114],"class_list":["post-315","post","type-post","status-publish","format-standard","has-post-thumbnail","hentry","category-noticias","tag-luz","tag-semana-de-la-ciencia","tag-sncyt"],"acf":[],"yoast_head":"<!-- This site is optimized with the Yoast SEO plugin v26.9 - https:\/\/yoast.com\/product\/yoast-seo-wordpress\/ -->\n<title>\u00a1Conocer Ilumina! S\u00famate a la XXI Semana Nacional de la Ciencia y la Tecnolog\u00eda 2015 - Magallanes<\/title>\n<meta name=\"robots\" content=\"index, follow, max-snippet:-1, max-image-preview:large, max-video-preview:-1\" \/>\n<link rel=\"canonical\" href=\"https:\/\/explora.cl\/magallanes\/conocer-ilumina-sumate-a-la-xxi-semana-nacional-de-la-ciencia-y-la-tecnologia-2015-1\/\" class=\"yoast-seo-meta-tag\" \/>\n<meta property=\"og:locale\" content=\"es_ES\" class=\"yoast-seo-meta-tag\" \/>\n<meta property=\"og:type\" content=\"article\" class=\"yoast-seo-meta-tag\" \/>\n<meta property=\"og:title\" content=\"\u00a1Conocer Ilumina! S\u00famate a la XXI Semana Nacional de la Ciencia y la Tecnolog\u00eda 2015 - Magallanes\" class=\"yoast-seo-meta-tag\" \/>\n<meta property=\"og:description\" content=\"&nbsp; Seis d\u00edas, quince regiones y un sin fin de actividades especialmente creadas para las y los cient\u00edficos de hoy y del ma\u00f1ana son las cartas de presentaci\u00f3n de la XXI Semana Nacional de la Ciencia y la Tecnolog\u00eda del Programa Explora CONICYT que se realizar\u00e1 entre el 5 y el 11 de octubre. Una [&hellip;]\" class=\"yoast-seo-meta-tag\" \/>\n<meta property=\"og:url\" content=\"https:\/\/explora.cl\/magallanes\/conocer-ilumina-sumate-a-la-xxi-semana-nacional-de-la-ciencia-y-la-tecnologia-2015-1\/\" class=\"yoast-seo-meta-tag\" \/>\n<meta property=\"og:site_name\" content=\"Magallanes\" class=\"yoast-seo-meta-tag\" \/>\n<meta property=\"article:published_time\" content=\"2015-09-23T04:00:00+00:00\" class=\"yoast-seo-meta-tag\" \/>\n<meta property=\"article:modified_time\" content=\"2019-05-20T21:39:46+00:00\" class=\"yoast-seo-meta-tag\" \/>\n<meta property=\"og:image\" content=\"https:\/\/explora.cl\/magallanes\/wp-content\/uploads\/sites\/19\/2018\/06\/c2342aa227f786fecb3364a576d6267d.jpg\" class=\"yoast-seo-meta-tag\" \/>\n\t<meta property=\"og:image:width\" content=\"900\" class=\"yoast-seo-meta-tag\" \/>\n\t<meta property=\"og:image:height\" content=\"1209\" class=\"yoast-seo-meta-tag\" \/>\n\t<meta property=\"og:image:type\" content=\"image\/jpeg\" class=\"yoast-seo-meta-tag\" \/>\n<meta name=\"author\" content=\"webman\" class=\"yoast-seo-meta-tag\" \/>\n<meta name=\"twitter:card\" content=\"summary_large_image\" class=\"yoast-seo-meta-tag\" \/>\n<meta name=\"twitter:label1\" content=\"Escrito por\" class=\"yoast-seo-meta-tag\" \/>\n\t<meta name=\"twitter:data1\" content=\"webman\" class=\"yoast-seo-meta-tag\" \/>\n\t<meta name=\"twitter:label2\" content=\"Tiempo estimado de lectura\" class=\"yoast-seo-meta-tag\" \/>\n\t<meta name=\"twitter:data2\" content=\"3 minutos\" class=\"yoast-seo-meta-tag\" \/>\n<script type=\"application\/ld+json\" class=\"yoast-schema-graph\">{\"@context\":\"https:\/\/schema.org\",\"@graph\":[{\"@type\":\"Article\",\"@id\":\"https:\/\/explora.cl\/magallanes\/conocer-ilumina-sumate-a-la-xxi-semana-nacional-de-la-ciencia-y-la-tecnologia-2015-1\/#article\",\"isPartOf\":{\"@id\":\"https:\/\/explora.cl\/magallanes\/conocer-ilumina-sumate-a-la-xxi-semana-nacional-de-la-ciencia-y-la-tecnologia-2015-1\/\"},\"author\":{\"name\":\"webman\",\"@id\":\"https:\/\/explora.cl\/magallanes\/#\/schema\/person\/cb8349c13ea2d324080adf8480d7ba5d\"},\"headline\":\"\u00a1Conocer Ilumina! S\u00famate a la XXI Semana Nacional de la Ciencia y la Tecnolog\u00eda 2015\",\"datePublished\":\"2015-09-23T04:00:00+00:00\",\"dateModified\":\"2019-05-20T21:39:46+00:00\",\"mainEntityOfPage\":{\"@id\":\"https:\/\/explora.cl\/magallanes\/conocer-ilumina-sumate-a-la-xxi-semana-nacional-de-la-ciencia-y-la-tecnologia-2015-1\/\"},\"wordCount\":517,\"commentCount\":0,\"publisher\":{\"@id\":\"https:\/\/explora.cl\/magallanes\/#organization\"},\"image\":{\"@id\":\"https:\/\/explora.cl\/magallanes\/conocer-ilumina-sumate-a-la-xxi-semana-nacional-de-la-ciencia-y-la-tecnologia-2015-1\/#primaryimage\"},\"thumbnailUrl\":\"https:\/\/explora.cl\/magallanes\/wp-content\/uploads\/sites\/19\/2018\/06\/c2342aa227f786fecb3364a576d6267d.jpg\",\"keywords\":[\"luz\",\"semana de la ciencia\",\"sncyt\"],\"articleSection\":[\"Noticias\"],\"inLanguage\":\"es-CL\",\"potentialAction\":[{\"@type\":\"CommentAction\",\"name\":\"Comment\",\"target\":[\"https:\/\/explora.cl\/magallanes\/conocer-ilumina-sumate-a-la-xxi-semana-nacional-de-la-ciencia-y-la-tecnologia-2015-1\/#respond\"]}]},{\"@type\":\"WebPage\",\"@id\":\"https:\/\/explora.cl\/magallanes\/conocer-ilumina-sumate-a-la-xxi-semana-nacional-de-la-ciencia-y-la-tecnologia-2015-1\/\",\"url\":\"https:\/\/explora.cl\/magallanes\/conocer-ilumina-sumate-a-la-xxi-semana-nacional-de-la-ciencia-y-la-tecnologia-2015-1\/\",\"name\":\"\u00a1Conocer Ilumina! S\u00famate a la XXI Semana Nacional de la Ciencia y la Tecnolog\u00eda 2015 - Magallanes\",\"isPartOf\":{\"@id\":\"https:\/\/explora.cl\/magallanes\/#website\"},\"primaryImageOfPage\":{\"@id\":\"https:\/\/explora.cl\/magallanes\/conocer-ilumina-sumate-a-la-xxi-semana-nacional-de-la-ciencia-y-la-tecnologia-2015-1\/#primaryimage\"},\"image\":{\"@id\":\"https:\/\/explora.cl\/magallanes\/conocer-ilumina-sumate-a-la-xxi-semana-nacional-de-la-ciencia-y-la-tecnologia-2015-1\/#primaryimage\"},\"thumbnailUrl\":\"https:\/\/explora.cl\/magallanes\/wp-content\/uploads\/sites\/19\/2018\/06\/c2342aa227f786fecb3364a576d6267d.jpg\",\"datePublished\":\"2015-09-23T04:00:00+00:00\",\"dateModified\":\"2019-05-20T21:39:46+00:00\",\"breadcrumb\":{\"@id\":\"https:\/\/explora.cl\/magallanes\/conocer-ilumina-sumate-a-la-xxi-semana-nacional-de-la-ciencia-y-la-tecnologia-2015-1\/#breadcrumb\"},\"inLanguage\":\"es-CL\",\"potentialAction\":[{\"@type\":\"ReadAction\",\"target\":[\"https:\/\/explora.cl\/magallanes\/conocer-ilumina-sumate-a-la-xxi-semana-nacional-de-la-ciencia-y-la-tecnologia-2015-1\/\"]}]},{\"@type\":\"ImageObject\",\"inLanguage\":\"es-CL\",\"@id\":\"https:\/\/explora.cl\/magallanes\/conocer-ilumina-sumate-a-la-xxi-semana-nacional-de-la-ciencia-y-la-tecnologia-2015-1\/#primaryimage\",\"url\":\"https:\/\/explora.cl\/magallanes\/wp-content\/uploads\/sites\/19\/2018\/06\/c2342aa227f786fecb3364a576d6267d.jpg\",\"contentUrl\":\"https:\/\/explora.cl\/magallanes\/wp-content\/uploads\/sites\/19\/2018\/06\/c2342aa227f786fecb3364a576d6267d.jpg\",\"width\":900,\"height\":1209},{\"@type\":\"BreadcrumbList\",\"@id\":\"https:\/\/explora.cl\/magallanes\/conocer-ilumina-sumate-a-la-xxi-semana-nacional-de-la-ciencia-y-la-tecnologia-2015-1\/#breadcrumb\",\"itemListElement\":[{\"@type\":\"ListItem\",\"position\":1,\"name\":\"Portada\",\"item\":\"https:\/\/explora.cl\/magallanes\/\"},{\"@type\":\"ListItem\",\"position\":2,\"name\":\"\u00a1Conocer Ilumina! S\u00famate a la XXI Semana Nacional de la Ciencia y la Tecnolog\u00eda 2015\"}]},{\"@type\":\"WebSite\",\"@id\":\"https:\/\/explora.cl\/magallanes\/#website\",\"url\":\"https:\/\/explora.cl\/magallanes\/\",\"name\":\"Magallanes\",\"description\":\"Otro sitio m\u00e1s de explora.cl\",\"publisher\":{\"@id\":\"https:\/\/explora.cl\/magallanes\/#organization\"},\"potentialAction\":[{\"@type\":\"SearchAction\",\"target\":{\"@type\":\"EntryPoint\",\"urlTemplate\":\"https:\/\/explora.cl\/magallanes\/?s={search_term_string}\"},\"query-input\":{\"@type\":\"PropertyValueSpecification\",\"valueRequired\":true,\"valueName\":\"search_term_string\"}}],\"inLanguage\":\"es-CL\"},{\"@type\":\"Organization\",\"@id\":\"https:\/\/explora.cl\/magallanes\/#organization\",\"name\":\"Magallanes\",\"url\":\"https:\/\/explora.cl\/magallanes\/\",\"logo\":{\"@type\":\"ImageObject\",\"inLanguage\":\"es-CL\",\"@id\":\"https:\/\/explora.cl\/magallanes\/#\/schema\/logo\/image\/\",\"url\":\"https:\/\/explora.cl\/magallanes\/wp-content\/uploads\/sites\/19\/2021\/06\/cropped-ICONO-COLOR-2.jpg\",\"contentUrl\":\"https:\/\/explora.cl\/magallanes\/wp-content\/uploads\/sites\/19\/2021\/06\/cropped-ICONO-COLOR-2.jpg\",\"width\":1181,\"height\":1181,\"caption\":\"Magallanes\"},\"image\":{\"@id\":\"https:\/\/explora.cl\/magallanes\/#\/schema\/logo\/image\/\"}},{\"@type\":\"Person\",\"@id\":\"https:\/\/explora.cl\/magallanes\/#\/schema\/person\/cb8349c13ea2d324080adf8480d7ba5d\",\"name\":\"webman\",\"image\":{\"@type\":\"ImageObject\",\"inLanguage\":\"es-CL\",\"@id\":\"https:\/\/explora.cl\/magallanes\/#\/schema\/person\/image\/\",\"url\":\"https:\/\/secure.gravatar.com\/avatar\/eeff3c82f2c02f7177d13663b7e6f890e9a6a0647ce9bb29cae02dcb094c7312?s=96&d=mm&r=g\",\"contentUrl\":\"https:\/\/secure.gravatar.com\/avatar\/eeff3c82f2c02f7177d13663b7e6f890e9a6a0647ce9bb29cae02dcb094c7312?s=96&d=mm&r=g\",\"caption\":\"webman\"},\"url\":\"https:\/\/explora.cl\/magallanes\/author\/webman\/\"}]}<\/script>\n<!-- \/ Yoast SEO plugin. -->","yoast_head_json":{"title":"\u00a1Conocer Ilumina! S\u00famate a la XXI Semana Nacional de la Ciencia y la Tecnolog\u00eda 2015 - Magallanes","robots":{"index":"index","follow":"follow","max-snippet":"max-snippet:-1","max-image-preview":"max-image-preview:large","max-video-preview":"max-video-preview:-1"},"canonical":"https:\/\/explora.cl\/magallanes\/conocer-ilumina-sumate-a-la-xxi-semana-nacional-de-la-ciencia-y-la-tecnologia-2015-1\/","og_locale":"es_ES","og_type":"article","og_title":"\u00a1Conocer Ilumina! S\u00famate a la XXI Semana Nacional de la Ciencia y la Tecnolog\u00eda 2015 - Magallanes","og_description":"&nbsp; Seis d\u00edas, quince regiones y un sin fin de actividades especialmente creadas para las y los cient\u00edficos de hoy y del ma\u00f1ana son las cartas de presentaci\u00f3n de la XXI Semana Nacional de la Ciencia y la Tecnolog\u00eda del Programa Explora CONICYT que se realizar\u00e1 entre el 5 y el 11 de octubre. Una [&hellip;]","og_url":"https:\/\/explora.cl\/magallanes\/conocer-ilumina-sumate-a-la-xxi-semana-nacional-de-la-ciencia-y-la-tecnologia-2015-1\/","og_site_name":"Magallanes","article_published_time":"2015-09-23T04:00:00+00:00","article_modified_time":"2019-05-20T21:39:46+00:00","og_image":[{"width":900,"height":1209,"url":"https:\/\/explora.cl\/magallanes\/wp-content\/uploads\/sites\/19\/2018\/06\/c2342aa227f786fecb3364a576d6267d.jpg","type":"image\/jpeg"}],"author":"webman","twitter_card":"summary_large_image","twitter_misc":{"Escrito por":"webman","Tiempo estimado de lectura":"3 minutos"},"schema":{"@context":"https:\/\/schema.org","@graph":[{"@type":"Article","@id":"https:\/\/explora.cl\/magallanes\/conocer-ilumina-sumate-a-la-xxi-semana-nacional-de-la-ciencia-y-la-tecnologia-2015-1\/#article","isPartOf":{"@id":"https:\/\/explora.cl\/magallanes\/conocer-ilumina-sumate-a-la-xxi-semana-nacional-de-la-ciencia-y-la-tecnologia-2015-1\/"},"author":{"name":"webman","@id":"https:\/\/explora.cl\/magallanes\/#\/schema\/person\/cb8349c13ea2d324080adf8480d7ba5d"},"headline":"\u00a1Conocer Ilumina! S\u00famate a la XXI Semana Nacional de la Ciencia y la Tecnolog\u00eda 2015","datePublished":"2015-09-23T04:00:00+00:00","dateModified":"2019-05-20T21:39:46+00:00","mainEntityOfPage":{"@id":"https:\/\/explora.cl\/magallanes\/conocer-ilumina-sumate-a-la-xxi-semana-nacional-de-la-ciencia-y-la-tecnologia-2015-1\/"},"wordCount":517,"commentCount":0,"publisher":{"@id":"https:\/\/explora.cl\/magallanes\/#organization"},"image":{"@id":"https:\/\/explora.cl\/magallanes\/conocer-ilumina-sumate-a-la-xxi-semana-nacional-de-la-ciencia-y-la-tecnologia-2015-1\/#primaryimage"},"thumbnailUrl":"https:\/\/explora.cl\/magallanes\/wp-content\/uploads\/sites\/19\/2018\/06\/c2342aa227f786fecb3364a576d6267d.jpg","keywords":["luz","semana de la ciencia","sncyt"],"articleSection":["Noticias"],"inLanguage":"es-CL","potentialAction":[{"@type":"CommentAction","name":"Comment","target":["https:\/\/explora.cl\/magallanes\/conocer-ilumina-sumate-a-la-xxi-semana-nacional-de-la-ciencia-y-la-tecnologia-2015-1\/#respond"]}]},{"@type":"WebPage","@id":"https:\/\/explora.cl\/magallanes\/conocer-ilumina-sumate-a-la-xxi-semana-nacional-de-la-ciencia-y-la-tecnologia-2015-1\/","url":"https:\/\/explora.cl\/magallanes\/conocer-ilumina-sumate-a-la-xxi-semana-nacional-de-la-ciencia-y-la-tecnologia-2015-1\/","name":"\u00a1Conocer Ilumina! S\u00famate a la XXI Semana Nacional de la Ciencia y la Tecnolog\u00eda 2015 - Magallanes","isPartOf":{"@id":"https:\/\/explora.cl\/magallanes\/#website"},"primaryImageOfPage":{"@id":"https:\/\/explora.cl\/magallanes\/conocer-ilumina-sumate-a-la-xxi-semana-nacional-de-la-ciencia-y-la-tecnologia-2015-1\/#primaryimage"},"image":{"@id":"https:\/\/explora.cl\/magallanes\/conocer-ilumina-sumate-a-la-xxi-semana-nacional-de-la-ciencia-y-la-tecnologia-2015-1\/#primaryimage"},"thumbnailUrl":"https:\/\/explora.cl\/magallanes\/wp-content\/uploads\/sites\/19\/2018\/06\/c2342aa227f786fecb3364a576d6267d.jpg","datePublished":"2015-09-23T04:00:00+00:00","dateModified":"2019-05-20T21:39:46+00:00","breadcrumb":{"@id":"https:\/\/explora.cl\/magallanes\/conocer-ilumina-sumate-a-la-xxi-semana-nacional-de-la-ciencia-y-la-tecnologia-2015-1\/#breadcrumb"},"inLanguage":"es-CL","potentialAction":[{"@type":"ReadAction","target":["https:\/\/explora.cl\/magallanes\/conocer-ilumina-sumate-a-la-xxi-semana-nacional-de-la-ciencia-y-la-tecnologia-2015-1\/"]}]},{"@type":"ImageObject","inLanguage":"es-CL","@id":"https:\/\/explora.cl\/magallanes\/conocer-ilumina-sumate-a-la-xxi-semana-nacional-de-la-ciencia-y-la-tecnologia-2015-1\/#primaryimage","url":"https:\/\/explora.cl\/magallanes\/wp-content\/uploads\/sites\/19\/2018\/06\/c2342aa227f786fecb3364a576d6267d.jpg","contentUrl":"https:\/\/explora.cl\/magallanes\/wp-content\/uploads\/sites\/19\/2018\/06\/c2342aa227f786fecb3364a576d6267d.jpg","width":900,"height":1209},{"@type":"BreadcrumbList","@id":"https:\/\/explora.cl\/magallanes\/conocer-ilumina-sumate-a-la-xxi-semana-nacional-de-la-ciencia-y-la-tecnologia-2015-1\/#breadcrumb","itemListElement":[{"@type":"ListItem","position":1,"name":"Portada","item":"https:\/\/explora.cl\/magallanes\/"},{"@type":"ListItem","position":2,"name":"\u00a1Conocer Ilumina! S\u00famate a la XXI Semana Nacional de la Ciencia y la Tecnolog\u00eda 2015"}]},{"@type":"WebSite","@id":"https:\/\/explora.cl\/magallanes\/#website","url":"https:\/\/explora.cl\/magallanes\/","name":"Magallanes","description":"Otro sitio m\u00e1s de explora.cl","publisher":{"@id":"https:\/\/explora.cl\/magallanes\/#organization"},"potentialAction":[{"@type":"SearchAction","target":{"@type":"EntryPoint","urlTemplate":"https:\/\/explora.cl\/magallanes\/?s={search_term_string}"},"query-input":{"@type":"PropertyValueSpecification","valueRequired":true,"valueName":"search_term_string"}}],"inLanguage":"es-CL"},{"@type":"Organization","@id":"https:\/\/explora.cl\/magallanes\/#organization","name":"Magallanes","url":"https:\/\/explora.cl\/magallanes\/","logo":{"@type":"ImageObject","inLanguage":"es-CL","@id":"https:\/\/explora.cl\/magallanes\/#\/schema\/logo\/image\/","url":"https:\/\/explora.cl\/magallanes\/wp-content\/uploads\/sites\/19\/2021\/06\/cropped-ICONO-COLOR-2.jpg","contentUrl":"https:\/\/explora.cl\/magallanes\/wp-content\/uploads\/sites\/19\/2021\/06\/cropped-ICONO-COLOR-2.jpg","width":1181,"height":1181,"caption":"Magallanes"},"image":{"@id":"https:\/\/explora.cl\/magallanes\/#\/schema\/logo\/image\/"}},{"@type":"Person","@id":"https:\/\/explora.cl\/magallanes\/#\/schema\/person\/cb8349c13ea2d324080adf8480d7ba5d","name":"webman","image":{"@type":"ImageObject","inLanguage":"es-CL","@id":"https:\/\/explora.cl\/magallanes\/#\/schema\/person\/image\/","url":"https:\/\/secure.gravatar.com\/avatar\/eeff3c82f2c02f7177d13663b7e6f890e9a6a0647ce9bb29cae02dcb094c7312?s=96&d=mm&r=g","contentUrl":"https:\/\/secure.gravatar.com\/avatar\/eeff3c82f2c02f7177d13663b7e6f890e9a6a0647ce9bb29cae02dcb094c7312?s=96&d=mm&r=g","caption":"webman"},"url":"https:\/\/explora.cl\/magallanes\/author\/webman\/"}]}},"_links":{"self":[{"href":"https:\/\/explora.cl\/magallanes\/wp-json\/wp\/v2\/posts\/315","targetHints":{"allow":["GET"]}}],"collection":[{"href":"https:\/\/explora.cl\/magallanes\/wp-json\/wp\/v2\/posts"}],"about":[{"href":"https:\/\/explora.cl\/magallanes\/wp-json\/wp\/v2\/types\/post"}],"author":[{"embeddable":true,"href":"https:\/\/explora.cl\/magallanes\/wp-json\/wp\/v2\/users\/2"}],"replies":[{"embeddable":true,"href":"https:\/\/explora.cl\/magallanes\/wp-json\/wp\/v2\/comments?post=315"}],"version-history":[{"count":1,"href":"https:\/\/explora.cl\/magallanes\/wp-json\/wp\/v2\/posts\/315\/revisions"}],"predecessor-version":[{"id":37892,"href":"https:\/\/explora.cl\/magallanes\/wp-json\/wp\/v2\/posts\/315\/revisions\/37892"}],"wp:featuredmedia":[{"embeddable":true,"href":"https:\/\/explora.cl\/magallanes\/wp-json\/wp\/v2\/media\/316"}],"wp:attachment":[{"href":"https:\/\/explora.cl\/magallanes\/wp-json\/wp\/v2\/media?parent=315"}],"wp:term":[{"taxonomy":"category","embeddable":true,"href":"https:\/\/explora.cl\/magallanes\/wp-json\/wp\/v2\/categories?post=315"},{"taxonomy":"post_tag","embeddable":true,"href":"https:\/\/explora.cl\/magallanes\/wp-json\/wp\/v2\/tags?post=315"}],"curies":[{"name":"wp","href":"https:\/\/api.w.org\/{rel}","templated":true}]}}