{"id":301,"date":"2015-08-29T00:00:00","date_gmt":"2015-08-29T04:00:00","guid":{"rendered":"https:\/\/explora.cl\/magallanes\/blog\/2015\/08\/29\/colegio-luterano-y-liceo-maria-mazzarello-ganan-xv-feria-cientifica-de-porvenir\/"},"modified":"2019-05-20T21:39:49","modified_gmt":"2019-05-20T21:39:49","slug":"colegio-luterano-y-liceo-maria-mazzarello-ganan-xv-feria-cientifica-de-porvenir","status":"publish","type":"post","link":"https:\/\/explora.cl\/magallanes\/colegio-luterano-y-liceo-maria-mazzarello-ganan-xv-feria-cientifica-de-porvenir\/","title":{"rendered":"Colegio Luterano y Liceo Mar\u00eda Mazzarello ganan XV Feria Cient\u00edfica de Porvenir"},"content":{"rendered":"<p><img fetchpriority=\"high\" decoding=\"async\" class=\" size-full wp-image-14300\" src=\"http:\/\/ec2-54-245-22-188.us-west-2.compute.amazonaws.com\/wp-content\/uploads\/2015\/08\/9db87401983e67ea975abd54ce2a4e78.jpg\" alt=\"\" width=\"1089\" height=\"722\" \/><\/p>\n<p>&nbsp;<\/p>\n<p style=\"text-align: justify\">Este 26, 27 y 28 de agosto m\u00e1s de 60 j\u00f3venes de la regi\u00f3n se reunieron en Porvenir para participar de la XV Feria Cient\u00edfica Escolar, organizada por PAR Explora Magallanes, el Liceo Polivalente Hernando de Magallanes y la Escuela Bernardo O\u2019higgins de Porvenir.<\/p>\n<p style=\"text-align: justify\">En total fueron 34 proyectos cient\u00edficos y tecnolog\u00edcos presentados, adem\u00e1s de la participaci\u00f3n de los jardines Infantiles Papelucho y Arco\u00edris, quienes impresionaron a los asistentes con su stad de contaminaci\u00f3n ant\u00e1rtica y plantas de la comuna, respectivamente.<\/p>\n<p style=\"text-align: justify\">En Educaci\u00f3n B\u00e1sica se destac\u00f3 el proyecto \u201cCalculando el IMC en el Liceo Mar\u00eda Mazzarello\u201d de las alumnas Valentina C\u00e1rdenas y Constanza Melehuechun, quienes recibieron el apoyo de la profesora Mar\u00eda Camblor. Mientras que en Educaci\u00f3n Media los ganadores fueron Gianfranco Cavallieri y Pablo Sanhueza con \u201cEntendimiento ecol\u00f3gico de la especie ex\u00f3tica Bombus terrestris en la Regi\u00f3n de Magallanes\u201d, ambos estudiantes del Colegio Luterano y fueron apoyados por el profesor Alan Maldonado.<\/p>\n<p style=\"text-align: justify\">\u201cFue dif\u00edcil, pero entretenido. Tuvimos que compartir con varias ni\u00f1as de nuestro colegio para que sean conscientes de su \u00edndice de masa corporal (IMC) y puedan bajar de peso\u201d, coment\u00f3 Valentina C\u00e1rdenas. Por su parte, Constanza Melehuechun reconoci\u00f3 que no esperaba la distinci\u00f3n, ya que el nivel de los trabajos estaba alto. \u201cNo esper\u00e1bamos el premio, ya que hab\u00edan muchos proyectos buenos y con hartas posibilidades de ganar. Ahora lo que nos queda es cerrar nuestro proyecto, porque a\u00fan est\u00e1 en proceso y luego en Octubre participar del Congreso Regional Escolar de Ciencia y Tecnolog\u00eda que se realizar\u00e1 en Punta Arenas\u201d, agreg\u00f3 la estudiante de 8\u00ba b\u00e1sico del Liceo Mar\u00eda Mazzarello de Puerto Natales.<\/p>\n<p style=\"text-align: justify\">Por otro lado, Pablo Sanhueza y Gianfranco Cavallieri fueron premiados en la Feria Cient\u00edfica de Puerto Natales en el mes de mayo con el mismo proyecto, sin embargo para esta versi\u00f3n el jurado pudo evidenciar avances significativos en su investigaci\u00f3n, por lo que nuevamente obtuvieron el primer lugar.<\/p>\n<p style=\"text-align: justify\">\u201cNo nos esper\u00e1bamos el premio, ya que no pudimos avanzar mucho este invierno, porque los abejorros salen m\u00e1s en verano. En este sentido entre la feria de Natales (Mayo) y la de Porvenir (Agosto) no pudimos avanzar mucho, ya que las reinas est\u00e1n escondidas en los nidos y no se pueden hacer muchas salidas a terreno\u201d, Gianfranco Cavallieri.<\/p>\n<p style=\"text-align: justify\">\u201cEste proyecto ha sido muy bueno y principalmente me gusta porque estamos al nivel de los entom\u00f3logos nacionales con esta investigaci\u00f3n. Nos contactamos con Jos\u00e9 Montalva, que es un entom\u00f3logo especializado en abejas y comenzamos a colaborar activamente en el grupo \u2018Salvemos al Abejorro Chileno\u2019\u201d, Pablo Sanhueza.<\/p>\n<p style=\"text-align: justify\"><strong>La clave de \u00e9xito: dedicaci\u00f3n fuera del horario de clases <br \/><\/strong><\/p>\n<p style=\"text-align: justify\">Los profesores de ambos equipos ganadores reconocieron que la clave del \u00e9xito es la dedicaci\u00f3n, ya que muchas veces deben destinar tiempo extra para sus investigaciones, ya sea saliendo a terreno, leyendo bibliograf\u00eda o entrevist\u00e1ndose con cient\u00edficos y acad\u00e9micos expertos en ciertas tem\u00e1ticas.<\/p>\n<p style=\"text-align: justify\">\u201cEste proyecto empezamos a trabajarlo en marzo, porque el colegio se dedica a los talleres explora como Talleres JEC, entonces en marzo se comienza con una idea y esa idea se desarrolla paulatinamente durante el a\u00f1o y as\u00ed, postular a tres ferias cient\u00edficas: Puerto Natales, Porvenir y finalmente Punta Arenas. Es un trabajo bonito, dif\u00edcil y extraescolar, porque muchas veces tenemos que trabajar fuera del horario de clases para poder avanzar con las investigaciones de las ni\u00f1as\u201d, Mar\u00eda Camblor, profesora del Liceo Mar\u00eda Mazzarello.<\/p>\n<p style=\"text-align: justify\">\u201cLlevamos dos a\u00f1os trabajando con el proyecto de los abejorros y para ello debemos juntarnos dos veces a la semana para trabajar, procesar datos y estudiar. Hemos contado con la ayuda de varias personas, ya que algunos nos facilitan literatura como es el caso de algunos entom\u00f3logos y otros colaboradores de Explora que siempre est\u00e1n dispuestos a ayudarnos\u201d, expres\u00f3 Alan Maldonado, Profesor de Biolog\u00eda y Qu\u00edmica del Colegio Luterano.<\/p>\n<p>&nbsp;<\/p>\n","protected":false},"excerpt":{"rendered":"<p>&nbsp; Este 26, 27 y 28 de agosto m\u00e1s de 60 j\u00f3venes de la regi\u00f3n se reunieron en Porvenir para participar de la XV Feria Cient\u00edfica Escolar, organizada por PAR Explora Magallanes, el Liceo Polivalente Hernando de Magallanes y la Escuela Bernardo O\u2019higgins de Porvenir. En total fueron 34 proyectos cient\u00edficos y tecnolog\u00edcos presentados, adem\u00e1s [&hellip;]<\/p>\n","protected":false},"author":2,"featured_media":302,"comment_status":"open","ping_status":"open","sticky":false,"template":"","format":"standard","meta":{"_acf_changed":false,"_exactmetrics_skip_tracking":false,"_exactmetrics_sitenote_active":false,"_exactmetrics_sitenote_note":"","_exactmetrics_sitenote_category":0,"footnotes":"","_links_to":"","_links_to_target":""},"categories":[4],"tags":[102],"class_list":["post-301","post","type-post","status-publish","format-standard","has-post-thumbnail","hentry","category-noticias","tag-feria-cientifica"],"acf":[],"yoast_head":"<!-- This site is optimized with the Yoast SEO plugin v26.9 - https:\/\/yoast.com\/product\/yoast-seo-wordpress\/ -->\n<title>Colegio Luterano y Liceo Mar\u00eda Mazzarello ganan XV Feria Cient\u00edfica de Porvenir - Magallanes<\/title>\n<meta name=\"robots\" content=\"index, follow, max-snippet:-1, max-image-preview:large, max-video-preview:-1\" \/>\n<link rel=\"canonical\" href=\"https:\/\/explora.cl\/magallanes\/colegio-luterano-y-liceo-maria-mazzarello-ganan-xv-feria-cientifica-de-porvenir\/\" class=\"yoast-seo-meta-tag\" \/>\n<meta property=\"og:locale\" content=\"es_ES\" class=\"yoast-seo-meta-tag\" \/>\n<meta property=\"og:type\" content=\"article\" class=\"yoast-seo-meta-tag\" \/>\n<meta property=\"og:title\" content=\"Colegio Luterano y Liceo Mar\u00eda Mazzarello ganan XV Feria Cient\u00edfica de Porvenir - Magallanes\" class=\"yoast-seo-meta-tag\" \/>\n<meta property=\"og:description\" content=\"&nbsp; Este 26, 27 y 28 de agosto m\u00e1s de 60 j\u00f3venes de la regi\u00f3n se reunieron en Porvenir para participar de la XV Feria Cient\u00edfica Escolar, organizada por PAR Explora Magallanes, el Liceo Polivalente Hernando de Magallanes y la Escuela Bernardo O\u2019higgins de Porvenir. En total fueron 34 proyectos cient\u00edficos y tecnolog\u00edcos presentados, adem\u00e1s [&hellip;]\" class=\"yoast-seo-meta-tag\" \/>\n<meta property=\"og:url\" content=\"https:\/\/explora.cl\/magallanes\/colegio-luterano-y-liceo-maria-mazzarello-ganan-xv-feria-cientifica-de-porvenir\/\" class=\"yoast-seo-meta-tag\" \/>\n<meta property=\"og:site_name\" content=\"Magallanes\" class=\"yoast-seo-meta-tag\" \/>\n<meta property=\"article:published_time\" content=\"2015-08-29T04:00:00+00:00\" class=\"yoast-seo-meta-tag\" \/>\n<meta property=\"article:modified_time\" content=\"2019-05-20T21:39:49+00:00\" class=\"yoast-seo-meta-tag\" \/>\n<meta property=\"og:image\" content=\"https:\/\/explora.cl\/magallanes\/wp-content\/uploads\/sites\/19\/2018\/06\/9db87401983e67ea975abd54ce2a4e78.jpg\" class=\"yoast-seo-meta-tag\" \/>\n\t<meta property=\"og:image:width\" content=\"1089\" class=\"yoast-seo-meta-tag\" \/>\n\t<meta property=\"og:image:height\" content=\"722\" class=\"yoast-seo-meta-tag\" \/>\n\t<meta property=\"og:image:type\" content=\"image\/jpeg\" class=\"yoast-seo-meta-tag\" \/>\n<meta name=\"author\" content=\"webman\" class=\"yoast-seo-meta-tag\" \/>\n<meta name=\"twitter:card\" content=\"summary_large_image\" class=\"yoast-seo-meta-tag\" \/>\n<meta name=\"twitter:label1\" content=\"Escrito por\" class=\"yoast-seo-meta-tag\" \/>\n\t<meta name=\"twitter:data1\" content=\"webman\" class=\"yoast-seo-meta-tag\" \/>\n\t<meta name=\"twitter:label2\" content=\"Tiempo estimado de lectura\" class=\"yoast-seo-meta-tag\" \/>\n\t<meta name=\"twitter:data2\" content=\"3 minutos\" class=\"yoast-seo-meta-tag\" \/>\n<script type=\"application\/ld+json\" class=\"yoast-schema-graph\">{\"@context\":\"https:\/\/schema.org\",\"@graph\":[{\"@type\":\"Article\",\"@id\":\"https:\/\/explora.cl\/magallanes\/colegio-luterano-y-liceo-maria-mazzarello-ganan-xv-feria-cientifica-de-porvenir\/#article\",\"isPartOf\":{\"@id\":\"https:\/\/explora.cl\/magallanes\/colegio-luterano-y-liceo-maria-mazzarello-ganan-xv-feria-cientifica-de-porvenir\/\"},\"author\":{\"name\":\"webman\",\"@id\":\"https:\/\/explora.cl\/magallanes\/#\/schema\/person\/cb8349c13ea2d324080adf8480d7ba5d\"},\"headline\":\"Colegio Luterano y Liceo Mar\u00eda Mazzarello ganan XV Feria Cient\u00edfica de Porvenir\",\"datePublished\":\"2015-08-29T04:00:00+00:00\",\"dateModified\":\"2019-05-20T21:39:49+00:00\",\"mainEntityOfPage\":{\"@id\":\"https:\/\/explora.cl\/magallanes\/colegio-luterano-y-liceo-maria-mazzarello-ganan-xv-feria-cientifica-de-porvenir\/\"},\"wordCount\":694,\"commentCount\":0,\"publisher\":{\"@id\":\"https:\/\/explora.cl\/magallanes\/#organization\"},\"image\":{\"@id\":\"https:\/\/explora.cl\/magallanes\/colegio-luterano-y-liceo-maria-mazzarello-ganan-xv-feria-cientifica-de-porvenir\/#primaryimage\"},\"thumbnailUrl\":\"https:\/\/explora.cl\/magallanes\/wp-content\/uploads\/sites\/19\/2018\/06\/9db87401983e67ea975abd54ce2a4e78.jpg\",\"keywords\":[\"Feria Cient\u00edfica\"],\"articleSection\":[\"Noticias\"],\"inLanguage\":\"es-CL\",\"potentialAction\":[{\"@type\":\"CommentAction\",\"name\":\"Comment\",\"target\":[\"https:\/\/explora.cl\/magallanes\/colegio-luterano-y-liceo-maria-mazzarello-ganan-xv-feria-cientifica-de-porvenir\/#respond\"]}]},{\"@type\":\"WebPage\",\"@id\":\"https:\/\/explora.cl\/magallanes\/colegio-luterano-y-liceo-maria-mazzarello-ganan-xv-feria-cientifica-de-porvenir\/\",\"url\":\"https:\/\/explora.cl\/magallanes\/colegio-luterano-y-liceo-maria-mazzarello-ganan-xv-feria-cientifica-de-porvenir\/\",\"name\":\"Colegio Luterano y Liceo Mar\u00eda Mazzarello ganan XV Feria Cient\u00edfica de Porvenir - Magallanes\",\"isPartOf\":{\"@id\":\"https:\/\/explora.cl\/magallanes\/#website\"},\"primaryImageOfPage\":{\"@id\":\"https:\/\/explora.cl\/magallanes\/colegio-luterano-y-liceo-maria-mazzarello-ganan-xv-feria-cientifica-de-porvenir\/#primaryimage\"},\"image\":{\"@id\":\"https:\/\/explora.cl\/magallanes\/colegio-luterano-y-liceo-maria-mazzarello-ganan-xv-feria-cientifica-de-porvenir\/#primaryimage\"},\"thumbnailUrl\":\"https:\/\/explora.cl\/magallanes\/wp-content\/uploads\/sites\/19\/2018\/06\/9db87401983e67ea975abd54ce2a4e78.jpg\",\"datePublished\":\"2015-08-29T04:00:00+00:00\",\"dateModified\":\"2019-05-20T21:39:49+00:00\",\"breadcrumb\":{\"@id\":\"https:\/\/explora.cl\/magallanes\/colegio-luterano-y-liceo-maria-mazzarello-ganan-xv-feria-cientifica-de-porvenir\/#breadcrumb\"},\"inLanguage\":\"es-CL\",\"potentialAction\":[{\"@type\":\"ReadAction\",\"target\":[\"https:\/\/explora.cl\/magallanes\/colegio-luterano-y-liceo-maria-mazzarello-ganan-xv-feria-cientifica-de-porvenir\/\"]}]},{\"@type\":\"ImageObject\",\"inLanguage\":\"es-CL\",\"@id\":\"https:\/\/explora.cl\/magallanes\/colegio-luterano-y-liceo-maria-mazzarello-ganan-xv-feria-cientifica-de-porvenir\/#primaryimage\",\"url\":\"https:\/\/explora.cl\/magallanes\/wp-content\/uploads\/sites\/19\/2018\/06\/9db87401983e67ea975abd54ce2a4e78.jpg\",\"contentUrl\":\"https:\/\/explora.cl\/magallanes\/wp-content\/uploads\/sites\/19\/2018\/06\/9db87401983e67ea975abd54ce2a4e78.jpg\",\"width\":1089,\"height\":722},{\"@type\":\"BreadcrumbList\",\"@id\":\"https:\/\/explora.cl\/magallanes\/colegio-luterano-y-liceo-maria-mazzarello-ganan-xv-feria-cientifica-de-porvenir\/#breadcrumb\",\"itemListElement\":[{\"@type\":\"ListItem\",\"position\":1,\"name\":\"Portada\",\"item\":\"https:\/\/explora.cl\/magallanes\/\"},{\"@type\":\"ListItem\",\"position\":2,\"name\":\"Colegio Luterano y Liceo Mar\u00eda Mazzarello ganan XV Feria Cient\u00edfica de Porvenir\"}]},{\"@type\":\"WebSite\",\"@id\":\"https:\/\/explora.cl\/magallanes\/#website\",\"url\":\"https:\/\/explora.cl\/magallanes\/\",\"name\":\"Magallanes\",\"description\":\"Otro sitio m\u00e1s de explora.cl\",\"publisher\":{\"@id\":\"https:\/\/explora.cl\/magallanes\/#organization\"},\"potentialAction\":[{\"@type\":\"SearchAction\",\"target\":{\"@type\":\"EntryPoint\",\"urlTemplate\":\"https:\/\/explora.cl\/magallanes\/?s={search_term_string}\"},\"query-input\":{\"@type\":\"PropertyValueSpecification\",\"valueRequired\":true,\"valueName\":\"search_term_string\"}}],\"inLanguage\":\"es-CL\"},{\"@type\":\"Organization\",\"@id\":\"https:\/\/explora.cl\/magallanes\/#organization\",\"name\":\"Magallanes\",\"url\":\"https:\/\/explora.cl\/magallanes\/\",\"logo\":{\"@type\":\"ImageObject\",\"inLanguage\":\"es-CL\",\"@id\":\"https:\/\/explora.cl\/magallanes\/#\/schema\/logo\/image\/\",\"url\":\"https:\/\/explora.cl\/magallanes\/wp-content\/uploads\/sites\/19\/2021\/06\/cropped-ICONO-COLOR-2.jpg\",\"contentUrl\":\"https:\/\/explora.cl\/magallanes\/wp-content\/uploads\/sites\/19\/2021\/06\/cropped-ICONO-COLOR-2.jpg\",\"width\":1181,\"height\":1181,\"caption\":\"Magallanes\"},\"image\":{\"@id\":\"https:\/\/explora.cl\/magallanes\/#\/schema\/logo\/image\/\"}},{\"@type\":\"Person\",\"@id\":\"https:\/\/explora.cl\/magallanes\/#\/schema\/person\/cb8349c13ea2d324080adf8480d7ba5d\",\"name\":\"webman\",\"image\":{\"@type\":\"ImageObject\",\"inLanguage\":\"es-CL\",\"@id\":\"https:\/\/explora.cl\/magallanes\/#\/schema\/person\/image\/\",\"url\":\"https:\/\/secure.gravatar.com\/avatar\/eeff3c82f2c02f7177d13663b7e6f890e9a6a0647ce9bb29cae02dcb094c7312?s=96&d=mm&r=g\",\"contentUrl\":\"https:\/\/secure.gravatar.com\/avatar\/eeff3c82f2c02f7177d13663b7e6f890e9a6a0647ce9bb29cae02dcb094c7312?s=96&d=mm&r=g\",\"caption\":\"webman\"},\"url\":\"https:\/\/explora.cl\/magallanes\/author\/webman\/\"}]}<\/script>\n<!-- \/ Yoast SEO plugin. -->","yoast_head_json":{"title":"Colegio Luterano y Liceo Mar\u00eda Mazzarello ganan XV Feria Cient\u00edfica de Porvenir - Magallanes","robots":{"index":"index","follow":"follow","max-snippet":"max-snippet:-1","max-image-preview":"max-image-preview:large","max-video-preview":"max-video-preview:-1"},"canonical":"https:\/\/explora.cl\/magallanes\/colegio-luterano-y-liceo-maria-mazzarello-ganan-xv-feria-cientifica-de-porvenir\/","og_locale":"es_ES","og_type":"article","og_title":"Colegio Luterano y Liceo Mar\u00eda Mazzarello ganan XV Feria Cient\u00edfica de Porvenir - Magallanes","og_description":"&nbsp; Este 26, 27 y 28 de agosto m\u00e1s de 60 j\u00f3venes de la regi\u00f3n se reunieron en Porvenir para participar de la XV Feria Cient\u00edfica Escolar, organizada por PAR Explora Magallanes, el Liceo Polivalente Hernando de Magallanes y la Escuela Bernardo O\u2019higgins de Porvenir. En total fueron 34 proyectos cient\u00edficos y tecnolog\u00edcos presentados, adem\u00e1s [&hellip;]","og_url":"https:\/\/explora.cl\/magallanes\/colegio-luterano-y-liceo-maria-mazzarello-ganan-xv-feria-cientifica-de-porvenir\/","og_site_name":"Magallanes","article_published_time":"2015-08-29T04:00:00+00:00","article_modified_time":"2019-05-20T21:39:49+00:00","og_image":[{"width":1089,"height":722,"url":"https:\/\/explora.cl\/magallanes\/wp-content\/uploads\/sites\/19\/2018\/06\/9db87401983e67ea975abd54ce2a4e78.jpg","type":"image\/jpeg"}],"author":"webman","twitter_card":"summary_large_image","twitter_misc":{"Escrito por":"webman","Tiempo estimado de lectura":"3 minutos"},"schema":{"@context":"https:\/\/schema.org","@graph":[{"@type":"Article","@id":"https:\/\/explora.cl\/magallanes\/colegio-luterano-y-liceo-maria-mazzarello-ganan-xv-feria-cientifica-de-porvenir\/#article","isPartOf":{"@id":"https:\/\/explora.cl\/magallanes\/colegio-luterano-y-liceo-maria-mazzarello-ganan-xv-feria-cientifica-de-porvenir\/"},"author":{"name":"webman","@id":"https:\/\/explora.cl\/magallanes\/#\/schema\/person\/cb8349c13ea2d324080adf8480d7ba5d"},"headline":"Colegio Luterano y Liceo Mar\u00eda Mazzarello ganan XV Feria Cient\u00edfica de Porvenir","datePublished":"2015-08-29T04:00:00+00:00","dateModified":"2019-05-20T21:39:49+00:00","mainEntityOfPage":{"@id":"https:\/\/explora.cl\/magallanes\/colegio-luterano-y-liceo-maria-mazzarello-ganan-xv-feria-cientifica-de-porvenir\/"},"wordCount":694,"commentCount":0,"publisher":{"@id":"https:\/\/explora.cl\/magallanes\/#organization"},"image":{"@id":"https:\/\/explora.cl\/magallanes\/colegio-luterano-y-liceo-maria-mazzarello-ganan-xv-feria-cientifica-de-porvenir\/#primaryimage"},"thumbnailUrl":"https:\/\/explora.cl\/magallanes\/wp-content\/uploads\/sites\/19\/2018\/06\/9db87401983e67ea975abd54ce2a4e78.jpg","keywords":["Feria Cient\u00edfica"],"articleSection":["Noticias"],"inLanguage":"es-CL","potentialAction":[{"@type":"CommentAction","name":"Comment","target":["https:\/\/explora.cl\/magallanes\/colegio-luterano-y-liceo-maria-mazzarello-ganan-xv-feria-cientifica-de-porvenir\/#respond"]}]},{"@type":"WebPage","@id":"https:\/\/explora.cl\/magallanes\/colegio-luterano-y-liceo-maria-mazzarello-ganan-xv-feria-cientifica-de-porvenir\/","url":"https:\/\/explora.cl\/magallanes\/colegio-luterano-y-liceo-maria-mazzarello-ganan-xv-feria-cientifica-de-porvenir\/","name":"Colegio Luterano y Liceo Mar\u00eda Mazzarello ganan XV Feria Cient\u00edfica de Porvenir - Magallanes","isPartOf":{"@id":"https:\/\/explora.cl\/magallanes\/#website"},"primaryImageOfPage":{"@id":"https:\/\/explora.cl\/magallanes\/colegio-luterano-y-liceo-maria-mazzarello-ganan-xv-feria-cientifica-de-porvenir\/#primaryimage"},"image":{"@id":"https:\/\/explora.cl\/magallanes\/colegio-luterano-y-liceo-maria-mazzarello-ganan-xv-feria-cientifica-de-porvenir\/#primaryimage"},"thumbnailUrl":"https:\/\/explora.cl\/magallanes\/wp-content\/uploads\/sites\/19\/2018\/06\/9db87401983e67ea975abd54ce2a4e78.jpg","datePublished":"2015-08-29T04:00:00+00:00","dateModified":"2019-05-20T21:39:49+00:00","breadcrumb":{"@id":"https:\/\/explora.cl\/magallanes\/colegio-luterano-y-liceo-maria-mazzarello-ganan-xv-feria-cientifica-de-porvenir\/#breadcrumb"},"inLanguage":"es-CL","potentialAction":[{"@type":"ReadAction","target":["https:\/\/explora.cl\/magallanes\/colegio-luterano-y-liceo-maria-mazzarello-ganan-xv-feria-cientifica-de-porvenir\/"]}]},{"@type":"ImageObject","inLanguage":"es-CL","@id":"https:\/\/explora.cl\/magallanes\/colegio-luterano-y-liceo-maria-mazzarello-ganan-xv-feria-cientifica-de-porvenir\/#primaryimage","url":"https:\/\/explora.cl\/magallanes\/wp-content\/uploads\/sites\/19\/2018\/06\/9db87401983e67ea975abd54ce2a4e78.jpg","contentUrl":"https:\/\/explora.cl\/magallanes\/wp-content\/uploads\/sites\/19\/2018\/06\/9db87401983e67ea975abd54ce2a4e78.jpg","width":1089,"height":722},{"@type":"BreadcrumbList","@id":"https:\/\/explora.cl\/magallanes\/colegio-luterano-y-liceo-maria-mazzarello-ganan-xv-feria-cientifica-de-porvenir\/#breadcrumb","itemListElement":[{"@type":"ListItem","position":1,"name":"Portada","item":"https:\/\/explora.cl\/magallanes\/"},{"@type":"ListItem","position":2,"name":"Colegio Luterano y Liceo Mar\u00eda Mazzarello ganan XV Feria Cient\u00edfica de Porvenir"}]},{"@type":"WebSite","@id":"https:\/\/explora.cl\/magallanes\/#website","url":"https:\/\/explora.cl\/magallanes\/","name":"Magallanes","description":"Otro sitio m\u00e1s de explora.cl","publisher":{"@id":"https:\/\/explora.cl\/magallanes\/#organization"},"potentialAction":[{"@type":"SearchAction","target":{"@type":"EntryPoint","urlTemplate":"https:\/\/explora.cl\/magallanes\/?s={search_term_string}"},"query-input":{"@type":"PropertyValueSpecification","valueRequired":true,"valueName":"search_term_string"}}],"inLanguage":"es-CL"},{"@type":"Organization","@id":"https:\/\/explora.cl\/magallanes\/#organization","name":"Magallanes","url":"https:\/\/explora.cl\/magallanes\/","logo":{"@type":"ImageObject","inLanguage":"es-CL","@id":"https:\/\/explora.cl\/magallanes\/#\/schema\/logo\/image\/","url":"https:\/\/explora.cl\/magallanes\/wp-content\/uploads\/sites\/19\/2021\/06\/cropped-ICONO-COLOR-2.jpg","contentUrl":"https:\/\/explora.cl\/magallanes\/wp-content\/uploads\/sites\/19\/2021\/06\/cropped-ICONO-COLOR-2.jpg","width":1181,"height":1181,"caption":"Magallanes"},"image":{"@id":"https:\/\/explora.cl\/magallanes\/#\/schema\/logo\/image\/"}},{"@type":"Person","@id":"https:\/\/explora.cl\/magallanes\/#\/schema\/person\/cb8349c13ea2d324080adf8480d7ba5d","name":"webman","image":{"@type":"ImageObject","inLanguage":"es-CL","@id":"https:\/\/explora.cl\/magallanes\/#\/schema\/person\/image\/","url":"https:\/\/secure.gravatar.com\/avatar\/eeff3c82f2c02f7177d13663b7e6f890e9a6a0647ce9bb29cae02dcb094c7312?s=96&d=mm&r=g","contentUrl":"https:\/\/secure.gravatar.com\/avatar\/eeff3c82f2c02f7177d13663b7e6f890e9a6a0647ce9bb29cae02dcb094c7312?s=96&d=mm&r=g","caption":"webman"},"url":"https:\/\/explora.cl\/magallanes\/author\/webman\/"}]}},"_links":{"self":[{"href":"https:\/\/explora.cl\/magallanes\/wp-json\/wp\/v2\/posts\/301","targetHints":{"allow":["GET"]}}],"collection":[{"href":"https:\/\/explora.cl\/magallanes\/wp-json\/wp\/v2\/posts"}],"about":[{"href":"https:\/\/explora.cl\/magallanes\/wp-json\/wp\/v2\/types\/post"}],"author":[{"embeddable":true,"href":"https:\/\/explora.cl\/magallanes\/wp-json\/wp\/v2\/users\/2"}],"replies":[{"embeddable":true,"href":"https:\/\/explora.cl\/magallanes\/wp-json\/wp\/v2\/comments?post=301"}],"version-history":[{"count":1,"href":"https:\/\/explora.cl\/magallanes\/wp-json\/wp\/v2\/posts\/301\/revisions"}],"predecessor-version":[{"id":37898,"href":"https:\/\/explora.cl\/magallanes\/wp-json\/wp\/v2\/posts\/301\/revisions\/37898"}],"wp:featuredmedia":[{"embeddable":true,"href":"https:\/\/explora.cl\/magallanes\/wp-json\/wp\/v2\/media\/302"}],"wp:attachment":[{"href":"https:\/\/explora.cl\/magallanes\/wp-json\/wp\/v2\/media?parent=301"}],"wp:term":[{"taxonomy":"category","embeddable":true,"href":"https:\/\/explora.cl\/magallanes\/wp-json\/wp\/v2\/categories?post=301"},{"taxonomy":"post_tag","embeddable":true,"href":"https:\/\/explora.cl\/magallanes\/wp-json\/wp\/v2\/tags?post=301"}],"curies":[{"name":"wp","href":"https:\/\/api.w.org\/{rel}","templated":true}]}}