{"id":297,"date":"2015-08-26T00:00:00","date_gmt":"2015-08-26T04:00:00","guid":{"rendered":"https:\/\/explora.cl\/magallanes\/blog\/2015\/08\/26\/alumnas-del-taller-de-periodismo-de-par-explora-magallanes-viajan-a-porvenir\/"},"modified":"2019-05-20T21:39:50","modified_gmt":"2019-05-20T21:39:50","slug":"alumnas-del-taller-de-periodismo-de-par-explora-magallanes-viajan-a-porvenir","status":"publish","type":"post","link":"https:\/\/explora.cl\/magallanes\/alumnas-del-taller-de-periodismo-de-par-explora-magallanes-viajan-a-porvenir\/","title":{"rendered":"Alumnas del Taller de Periodismo de PAR Explora Magallanes viajan a Porvenir"},"content":{"rendered":"<p><img fetchpriority=\"high\" decoding=\"async\" class=\" size-full wp-image-14204\" src=\"http:\/\/ec2-54-245-22-188.us-west-2.compute.amazonaws.com\/wp-content\/uploads\/2015\/08\/f2851e884400cd8e353fa0a2234a2e66.jpg\" alt=\"\" width=\"2592\" height=\"1456\" \/><\/p>\n<p>&nbsp;<\/p>\n<p style=\"text-align: justify\">Seis alumnas de la comuna fueron premiadas por PAR Explora Magallanes por su destacada participaci\u00f3n en el Taller de Periodismo Escolar. Junto con la distinci\u00f3n, pudieron viajar a Porvenir a cubrir la XV Feria Cient\u00edfica de Tierra del Fuego que realiza el Liceo Polivalente Hernando de Magallanes.<\/p>\n<p style=\"text-align: justify\">En Educaci\u00f3n B\u00e1sica fueron premiadas Gladys Arcos, estudiante del 6\u00baA de la Escuela Pedro Pablo Lemaitre, Paulina Pinto del 6\u00baB del Liceo Juan Bautista Contardi y Constanza Nahuelqu\u00edn del 7\u00baB de Colegio Cervantes. Adem\u00e1s, en Educaci\u00f3n Media se destac\u00f3 el trabajo de Leonora Latorre, estudiante de 1\u00baC del Liceo Juan Bautista Contardi, Constanza Jelves del 4\u00baA del Colegio Punta Arenas y Camila Parker de 4\u00baB del Liceo Luis Alberto Barrera.<\/p>\n<p style=\"text-align: justify\">Estas alumnas asistieron durante el mes de agosto al Taller de Periodismo Cient\u00edfico Escolar junto con m\u00e1s de 30 estudiantes de diversos colegios de la comuna. Las clases fueron realizadas por la Periodista Mar\u00eda Francisca P\u00e9rez, qui\u00e9n le ense\u00f1\u00f3 a los estudiantes nociones b\u00e1sicas del Periodismo Informativo, entrevistas y planos fotogr\u00e1ficos.<\/p>\n<p style=\"text-align: justify\">\u201cNo me esperaba estar dentro de los 3 mejores, me integr\u00e9 s\u00f3lo porque era un taller especializado en ciencias, pero aprend\u00ed mucho de redacci\u00f3n y fotograf\u00eda. Haber ganado un premio fue muy bueno porque adem\u00e1s me permiti\u00f3 viajar a la Feria Cient\u00edfica\u201d, coment\u00f3 Camila Parker, alumna del Liceo Bicentenario Luis Alberto Barrera.<\/p>\n<p style=\"text-align: justify\">\u201cMe sent\u00ed super feliz y me siento orgullosa de mis logros. Espero que esto me sirva para seguir aprendiendo y siendo Periodista. En el Taller aprend\u00ed mucho y me hice muchos amigos nuevos\u201d, expres\u00f3 Paulina Pinto del Liceo Juan Bautista Contardi.<\/p>\n<p style=\"text-align: justify\">La Feria Cient\u00edfica comienza este 27 de agosto en el Gimnasio del Liceo Polivalente Hernando de Magallanes y se presentar\u00e1n 34 trabajos de estudiantes de Punta Arenas, Puerto Natales y Porvenir. Adem\u00e1s, en esta oportunidad se contar\u00e1 con la participaci\u00f3n de siete ni\u00f1os del Jard\u00edn Infantil Papelucho quienes expondr\u00e1n sobre contaminaci\u00f3n ant\u00e1rtica y un grupo de ni\u00f1os del Jard\u00edn Infantil Arcoiris participar\u00e1n de la feria exponiendo sobre plantas de la provincia de Tierra del Fuego.<\/p>\n<p>&nbsp;<\/p>\n","protected":false},"excerpt":{"rendered":"<p>&nbsp; Seis alumnas de la comuna fueron premiadas por PAR Explora Magallanes por su destacada participaci\u00f3n en el Taller de Periodismo Escolar. Junto con la distinci\u00f3n, pudieron viajar a Porvenir a cubrir la XV Feria Cient\u00edfica de Tierra del Fuego que realiza el Liceo Polivalente Hernando de Magallanes. En Educaci\u00f3n B\u00e1sica fueron premiadas Gladys Arcos, [&hellip;]<\/p>\n","protected":false},"author":2,"featured_media":298,"comment_status":"open","ping_status":"open","sticky":false,"template":"","format":"standard","meta":{"_acf_changed":false,"_exactmetrics_skip_tracking":false,"_exactmetrics_sitenote_active":false,"_exactmetrics_sitenote_note":"","_exactmetrics_sitenote_category":0,"footnotes":"","_links_to":"","_links_to_target":""},"categories":[4],"tags":[166,102,177,111,113],"class_list":["post-297","post","type-post","status-publish","format-standard","has-post-thumbnail","hentry","category-noticias","tag-cientificos","tag-feria-cientifica","tag-ninos","tag-periodismo","tag-reportero-explora"],"acf":[],"yoast_head":"<!-- This site is optimized with the Yoast SEO plugin v26.9 - https:\/\/yoast.com\/product\/yoast-seo-wordpress\/ -->\n<title>Alumnas del Taller de Periodismo de PAR Explora Magallanes viajan a Porvenir - Magallanes<\/title>\n<meta name=\"robots\" content=\"index, follow, max-snippet:-1, max-image-preview:large, max-video-preview:-1\" \/>\n<link rel=\"canonical\" href=\"https:\/\/explora.cl\/magallanes\/alumnas-del-taller-de-periodismo-de-par-explora-magallanes-viajan-a-porvenir\/\" class=\"yoast-seo-meta-tag\" \/>\n<meta property=\"og:locale\" content=\"es_ES\" class=\"yoast-seo-meta-tag\" \/>\n<meta property=\"og:type\" content=\"article\" class=\"yoast-seo-meta-tag\" \/>\n<meta property=\"og:title\" content=\"Alumnas del Taller de Periodismo de PAR Explora Magallanes viajan a Porvenir - Magallanes\" class=\"yoast-seo-meta-tag\" \/>\n<meta property=\"og:description\" content=\"&nbsp; Seis alumnas de la comuna fueron premiadas por PAR Explora Magallanes por su destacada participaci\u00f3n en el Taller de Periodismo Escolar. Junto con la distinci\u00f3n, pudieron viajar a Porvenir a cubrir la XV Feria Cient\u00edfica de Tierra del Fuego que realiza el Liceo Polivalente Hernando de Magallanes. En Educaci\u00f3n B\u00e1sica fueron premiadas Gladys Arcos, [&hellip;]\" class=\"yoast-seo-meta-tag\" \/>\n<meta property=\"og:url\" content=\"https:\/\/explora.cl\/magallanes\/alumnas-del-taller-de-periodismo-de-par-explora-magallanes-viajan-a-porvenir\/\" class=\"yoast-seo-meta-tag\" \/>\n<meta property=\"og:site_name\" content=\"Magallanes\" class=\"yoast-seo-meta-tag\" \/>\n<meta property=\"article:published_time\" content=\"2015-08-26T04:00:00+00:00\" class=\"yoast-seo-meta-tag\" \/>\n<meta property=\"article:modified_time\" content=\"2019-05-20T21:39:50+00:00\" class=\"yoast-seo-meta-tag\" \/>\n<meta property=\"og:image\" content=\"https:\/\/explora.cl\/magallanes\/wp-content\/uploads\/sites\/19\/2018\/06\/f2851e884400cd8e353fa0a2234a2e66.jpg\" class=\"yoast-seo-meta-tag\" \/>\n\t<meta property=\"og:image:width\" content=\"2592\" class=\"yoast-seo-meta-tag\" \/>\n\t<meta property=\"og:image:height\" content=\"1456\" class=\"yoast-seo-meta-tag\" \/>\n\t<meta property=\"og:image:type\" content=\"image\/jpeg\" class=\"yoast-seo-meta-tag\" \/>\n<meta name=\"author\" content=\"webman\" class=\"yoast-seo-meta-tag\" \/>\n<meta name=\"twitter:card\" content=\"summary_large_image\" class=\"yoast-seo-meta-tag\" \/>\n<meta name=\"twitter:label1\" content=\"Escrito por\" class=\"yoast-seo-meta-tag\" \/>\n\t<meta name=\"twitter:data1\" content=\"webman\" class=\"yoast-seo-meta-tag\" \/>\n\t<meta name=\"twitter:label2\" content=\"Tiempo estimado de lectura\" class=\"yoast-seo-meta-tag\" \/>\n\t<meta name=\"twitter:data2\" content=\"2 minutos\" class=\"yoast-seo-meta-tag\" \/>\n<script type=\"application\/ld+json\" class=\"yoast-schema-graph\">{\"@context\":\"https:\/\/schema.org\",\"@graph\":[{\"@type\":\"Article\",\"@id\":\"https:\/\/explora.cl\/magallanes\/alumnas-del-taller-de-periodismo-de-par-explora-magallanes-viajan-a-porvenir\/#article\",\"isPartOf\":{\"@id\":\"https:\/\/explora.cl\/magallanes\/alumnas-del-taller-de-periodismo-de-par-explora-magallanes-viajan-a-porvenir\/\"},\"author\":{\"name\":\"webman\",\"@id\":\"https:\/\/explora.cl\/magallanes\/#\/schema\/person\/cb8349c13ea2d324080adf8480d7ba5d\"},\"headline\":\"Alumnas del Taller de Periodismo de PAR Explora Magallanes viajan a Porvenir\",\"datePublished\":\"2015-08-26T04:00:00+00:00\",\"dateModified\":\"2019-05-20T21:39:50+00:00\",\"mainEntityOfPage\":{\"@id\":\"https:\/\/explora.cl\/magallanes\/alumnas-del-taller-de-periodismo-de-par-explora-magallanes-viajan-a-porvenir\/\"},\"wordCount\":378,\"commentCount\":0,\"publisher\":{\"@id\":\"https:\/\/explora.cl\/magallanes\/#organization\"},\"image\":{\"@id\":\"https:\/\/explora.cl\/magallanes\/alumnas-del-taller-de-periodismo-de-par-explora-magallanes-viajan-a-porvenir\/#primaryimage\"},\"thumbnailUrl\":\"https:\/\/explora.cl\/magallanes\/wp-content\/uploads\/sites\/19\/2018\/06\/f2851e884400cd8e353fa0a2234a2e66.jpg\",\"keywords\":[\"cient\u00edficos\",\"Feria Cient\u00edfica\",\"ni\u00f1os\",\"periodismo\",\"Reportero EXPLORA\"],\"articleSection\":[\"Noticias\"],\"inLanguage\":\"es-CL\",\"potentialAction\":[{\"@type\":\"CommentAction\",\"name\":\"Comment\",\"target\":[\"https:\/\/explora.cl\/magallanes\/alumnas-del-taller-de-periodismo-de-par-explora-magallanes-viajan-a-porvenir\/#respond\"]}]},{\"@type\":\"WebPage\",\"@id\":\"https:\/\/explora.cl\/magallanes\/alumnas-del-taller-de-periodismo-de-par-explora-magallanes-viajan-a-porvenir\/\",\"url\":\"https:\/\/explora.cl\/magallanes\/alumnas-del-taller-de-periodismo-de-par-explora-magallanes-viajan-a-porvenir\/\",\"name\":\"Alumnas del Taller de Periodismo de PAR Explora Magallanes viajan a Porvenir - Magallanes\",\"isPartOf\":{\"@id\":\"https:\/\/explora.cl\/magallanes\/#website\"},\"primaryImageOfPage\":{\"@id\":\"https:\/\/explora.cl\/magallanes\/alumnas-del-taller-de-periodismo-de-par-explora-magallanes-viajan-a-porvenir\/#primaryimage\"},\"image\":{\"@id\":\"https:\/\/explora.cl\/magallanes\/alumnas-del-taller-de-periodismo-de-par-explora-magallanes-viajan-a-porvenir\/#primaryimage\"},\"thumbnailUrl\":\"https:\/\/explora.cl\/magallanes\/wp-content\/uploads\/sites\/19\/2018\/06\/f2851e884400cd8e353fa0a2234a2e66.jpg\",\"datePublished\":\"2015-08-26T04:00:00+00:00\",\"dateModified\":\"2019-05-20T21:39:50+00:00\",\"breadcrumb\":{\"@id\":\"https:\/\/explora.cl\/magallanes\/alumnas-del-taller-de-periodismo-de-par-explora-magallanes-viajan-a-porvenir\/#breadcrumb\"},\"inLanguage\":\"es-CL\",\"potentialAction\":[{\"@type\":\"ReadAction\",\"target\":[\"https:\/\/explora.cl\/magallanes\/alumnas-del-taller-de-periodismo-de-par-explora-magallanes-viajan-a-porvenir\/\"]}]},{\"@type\":\"ImageObject\",\"inLanguage\":\"es-CL\",\"@id\":\"https:\/\/explora.cl\/magallanes\/alumnas-del-taller-de-periodismo-de-par-explora-magallanes-viajan-a-porvenir\/#primaryimage\",\"url\":\"https:\/\/explora.cl\/magallanes\/wp-content\/uploads\/sites\/19\/2018\/06\/f2851e884400cd8e353fa0a2234a2e66.jpg\",\"contentUrl\":\"https:\/\/explora.cl\/magallanes\/wp-content\/uploads\/sites\/19\/2018\/06\/f2851e884400cd8e353fa0a2234a2e66.jpg\",\"width\":2592,\"height\":1456},{\"@type\":\"BreadcrumbList\",\"@id\":\"https:\/\/explora.cl\/magallanes\/alumnas-del-taller-de-periodismo-de-par-explora-magallanes-viajan-a-porvenir\/#breadcrumb\",\"itemListElement\":[{\"@type\":\"ListItem\",\"position\":1,\"name\":\"Portada\",\"item\":\"https:\/\/explora.cl\/magallanes\/\"},{\"@type\":\"ListItem\",\"position\":2,\"name\":\"Alumnas del Taller de Periodismo de PAR Explora Magallanes viajan a Porvenir\"}]},{\"@type\":\"WebSite\",\"@id\":\"https:\/\/explora.cl\/magallanes\/#website\",\"url\":\"https:\/\/explora.cl\/magallanes\/\",\"name\":\"Magallanes\",\"description\":\"Otro sitio m\u00e1s de explora.cl\",\"publisher\":{\"@id\":\"https:\/\/explora.cl\/magallanes\/#organization\"},\"potentialAction\":[{\"@type\":\"SearchAction\",\"target\":{\"@type\":\"EntryPoint\",\"urlTemplate\":\"https:\/\/explora.cl\/magallanes\/?s={search_term_string}\"},\"query-input\":{\"@type\":\"PropertyValueSpecification\",\"valueRequired\":true,\"valueName\":\"search_term_string\"}}],\"inLanguage\":\"es-CL\"},{\"@type\":\"Organization\",\"@id\":\"https:\/\/explora.cl\/magallanes\/#organization\",\"name\":\"Magallanes\",\"url\":\"https:\/\/explora.cl\/magallanes\/\",\"logo\":{\"@type\":\"ImageObject\",\"inLanguage\":\"es-CL\",\"@id\":\"https:\/\/explora.cl\/magallanes\/#\/schema\/logo\/image\/\",\"url\":\"https:\/\/explora.cl\/magallanes\/wp-content\/uploads\/sites\/19\/2021\/06\/cropped-ICONO-COLOR-2.jpg\",\"contentUrl\":\"https:\/\/explora.cl\/magallanes\/wp-content\/uploads\/sites\/19\/2021\/06\/cropped-ICONO-COLOR-2.jpg\",\"width\":1181,\"height\":1181,\"caption\":\"Magallanes\"},\"image\":{\"@id\":\"https:\/\/explora.cl\/magallanes\/#\/schema\/logo\/image\/\"}},{\"@type\":\"Person\",\"@id\":\"https:\/\/explora.cl\/magallanes\/#\/schema\/person\/cb8349c13ea2d324080adf8480d7ba5d\",\"name\":\"webman\",\"image\":{\"@type\":\"ImageObject\",\"inLanguage\":\"es-CL\",\"@id\":\"https:\/\/explora.cl\/magallanes\/#\/schema\/person\/image\/\",\"url\":\"https:\/\/secure.gravatar.com\/avatar\/eeff3c82f2c02f7177d13663b7e6f890e9a6a0647ce9bb29cae02dcb094c7312?s=96&d=mm&r=g\",\"contentUrl\":\"https:\/\/secure.gravatar.com\/avatar\/eeff3c82f2c02f7177d13663b7e6f890e9a6a0647ce9bb29cae02dcb094c7312?s=96&d=mm&r=g\",\"caption\":\"webman\"},\"url\":\"https:\/\/explora.cl\/magallanes\/author\/webman\/\"}]}<\/script>\n<!-- \/ Yoast SEO plugin. -->","yoast_head_json":{"title":"Alumnas del Taller de Periodismo de PAR Explora Magallanes viajan a Porvenir - Magallanes","robots":{"index":"index","follow":"follow","max-snippet":"max-snippet:-1","max-image-preview":"max-image-preview:large","max-video-preview":"max-video-preview:-1"},"canonical":"https:\/\/explora.cl\/magallanes\/alumnas-del-taller-de-periodismo-de-par-explora-magallanes-viajan-a-porvenir\/","og_locale":"es_ES","og_type":"article","og_title":"Alumnas del Taller de Periodismo de PAR Explora Magallanes viajan a Porvenir - Magallanes","og_description":"&nbsp; Seis alumnas de la comuna fueron premiadas por PAR Explora Magallanes por su destacada participaci\u00f3n en el Taller de Periodismo Escolar. Junto con la distinci\u00f3n, pudieron viajar a Porvenir a cubrir la XV Feria Cient\u00edfica de Tierra del Fuego que realiza el Liceo Polivalente Hernando de Magallanes. En Educaci\u00f3n B\u00e1sica fueron premiadas Gladys Arcos, [&hellip;]","og_url":"https:\/\/explora.cl\/magallanes\/alumnas-del-taller-de-periodismo-de-par-explora-magallanes-viajan-a-porvenir\/","og_site_name":"Magallanes","article_published_time":"2015-08-26T04:00:00+00:00","article_modified_time":"2019-05-20T21:39:50+00:00","og_image":[{"width":2592,"height":1456,"url":"https:\/\/explora.cl\/magallanes\/wp-content\/uploads\/sites\/19\/2018\/06\/f2851e884400cd8e353fa0a2234a2e66.jpg","type":"image\/jpeg"}],"author":"webman","twitter_card":"summary_large_image","twitter_misc":{"Escrito por":"webman","Tiempo estimado de lectura":"2 minutos"},"schema":{"@context":"https:\/\/schema.org","@graph":[{"@type":"Article","@id":"https:\/\/explora.cl\/magallanes\/alumnas-del-taller-de-periodismo-de-par-explora-magallanes-viajan-a-porvenir\/#article","isPartOf":{"@id":"https:\/\/explora.cl\/magallanes\/alumnas-del-taller-de-periodismo-de-par-explora-magallanes-viajan-a-porvenir\/"},"author":{"name":"webman","@id":"https:\/\/explora.cl\/magallanes\/#\/schema\/person\/cb8349c13ea2d324080adf8480d7ba5d"},"headline":"Alumnas del Taller de Periodismo de PAR Explora Magallanes viajan a Porvenir","datePublished":"2015-08-26T04:00:00+00:00","dateModified":"2019-05-20T21:39:50+00:00","mainEntityOfPage":{"@id":"https:\/\/explora.cl\/magallanes\/alumnas-del-taller-de-periodismo-de-par-explora-magallanes-viajan-a-porvenir\/"},"wordCount":378,"commentCount":0,"publisher":{"@id":"https:\/\/explora.cl\/magallanes\/#organization"},"image":{"@id":"https:\/\/explora.cl\/magallanes\/alumnas-del-taller-de-periodismo-de-par-explora-magallanes-viajan-a-porvenir\/#primaryimage"},"thumbnailUrl":"https:\/\/explora.cl\/magallanes\/wp-content\/uploads\/sites\/19\/2018\/06\/f2851e884400cd8e353fa0a2234a2e66.jpg","keywords":["cient\u00edficos","Feria Cient\u00edfica","ni\u00f1os","periodismo","Reportero EXPLORA"],"articleSection":["Noticias"],"inLanguage":"es-CL","potentialAction":[{"@type":"CommentAction","name":"Comment","target":["https:\/\/explora.cl\/magallanes\/alumnas-del-taller-de-periodismo-de-par-explora-magallanes-viajan-a-porvenir\/#respond"]}]},{"@type":"WebPage","@id":"https:\/\/explora.cl\/magallanes\/alumnas-del-taller-de-periodismo-de-par-explora-magallanes-viajan-a-porvenir\/","url":"https:\/\/explora.cl\/magallanes\/alumnas-del-taller-de-periodismo-de-par-explora-magallanes-viajan-a-porvenir\/","name":"Alumnas del Taller de Periodismo de PAR Explora Magallanes viajan a Porvenir - Magallanes","isPartOf":{"@id":"https:\/\/explora.cl\/magallanes\/#website"},"primaryImageOfPage":{"@id":"https:\/\/explora.cl\/magallanes\/alumnas-del-taller-de-periodismo-de-par-explora-magallanes-viajan-a-porvenir\/#primaryimage"},"image":{"@id":"https:\/\/explora.cl\/magallanes\/alumnas-del-taller-de-periodismo-de-par-explora-magallanes-viajan-a-porvenir\/#primaryimage"},"thumbnailUrl":"https:\/\/explora.cl\/magallanes\/wp-content\/uploads\/sites\/19\/2018\/06\/f2851e884400cd8e353fa0a2234a2e66.jpg","datePublished":"2015-08-26T04:00:00+00:00","dateModified":"2019-05-20T21:39:50+00:00","breadcrumb":{"@id":"https:\/\/explora.cl\/magallanes\/alumnas-del-taller-de-periodismo-de-par-explora-magallanes-viajan-a-porvenir\/#breadcrumb"},"inLanguage":"es-CL","potentialAction":[{"@type":"ReadAction","target":["https:\/\/explora.cl\/magallanes\/alumnas-del-taller-de-periodismo-de-par-explora-magallanes-viajan-a-porvenir\/"]}]},{"@type":"ImageObject","inLanguage":"es-CL","@id":"https:\/\/explora.cl\/magallanes\/alumnas-del-taller-de-periodismo-de-par-explora-magallanes-viajan-a-porvenir\/#primaryimage","url":"https:\/\/explora.cl\/magallanes\/wp-content\/uploads\/sites\/19\/2018\/06\/f2851e884400cd8e353fa0a2234a2e66.jpg","contentUrl":"https:\/\/explora.cl\/magallanes\/wp-content\/uploads\/sites\/19\/2018\/06\/f2851e884400cd8e353fa0a2234a2e66.jpg","width":2592,"height":1456},{"@type":"BreadcrumbList","@id":"https:\/\/explora.cl\/magallanes\/alumnas-del-taller-de-periodismo-de-par-explora-magallanes-viajan-a-porvenir\/#breadcrumb","itemListElement":[{"@type":"ListItem","position":1,"name":"Portada","item":"https:\/\/explora.cl\/magallanes\/"},{"@type":"ListItem","position":2,"name":"Alumnas del Taller de Periodismo de PAR Explora Magallanes viajan a Porvenir"}]},{"@type":"WebSite","@id":"https:\/\/explora.cl\/magallanes\/#website","url":"https:\/\/explora.cl\/magallanes\/","name":"Magallanes","description":"Otro sitio m\u00e1s de explora.cl","publisher":{"@id":"https:\/\/explora.cl\/magallanes\/#organization"},"potentialAction":[{"@type":"SearchAction","target":{"@type":"EntryPoint","urlTemplate":"https:\/\/explora.cl\/magallanes\/?s={search_term_string}"},"query-input":{"@type":"PropertyValueSpecification","valueRequired":true,"valueName":"search_term_string"}}],"inLanguage":"es-CL"},{"@type":"Organization","@id":"https:\/\/explora.cl\/magallanes\/#organization","name":"Magallanes","url":"https:\/\/explora.cl\/magallanes\/","logo":{"@type":"ImageObject","inLanguage":"es-CL","@id":"https:\/\/explora.cl\/magallanes\/#\/schema\/logo\/image\/","url":"https:\/\/explora.cl\/magallanes\/wp-content\/uploads\/sites\/19\/2021\/06\/cropped-ICONO-COLOR-2.jpg","contentUrl":"https:\/\/explora.cl\/magallanes\/wp-content\/uploads\/sites\/19\/2021\/06\/cropped-ICONO-COLOR-2.jpg","width":1181,"height":1181,"caption":"Magallanes"},"image":{"@id":"https:\/\/explora.cl\/magallanes\/#\/schema\/logo\/image\/"}},{"@type":"Person","@id":"https:\/\/explora.cl\/magallanes\/#\/schema\/person\/cb8349c13ea2d324080adf8480d7ba5d","name":"webman","image":{"@type":"ImageObject","inLanguage":"es-CL","@id":"https:\/\/explora.cl\/magallanes\/#\/schema\/person\/image\/","url":"https:\/\/secure.gravatar.com\/avatar\/eeff3c82f2c02f7177d13663b7e6f890e9a6a0647ce9bb29cae02dcb094c7312?s=96&d=mm&r=g","contentUrl":"https:\/\/secure.gravatar.com\/avatar\/eeff3c82f2c02f7177d13663b7e6f890e9a6a0647ce9bb29cae02dcb094c7312?s=96&d=mm&r=g","caption":"webman"},"url":"https:\/\/explora.cl\/magallanes\/author\/webman\/"}]}},"_links":{"self":[{"href":"https:\/\/explora.cl\/magallanes\/wp-json\/wp\/v2\/posts\/297","targetHints":{"allow":["GET"]}}],"collection":[{"href":"https:\/\/explora.cl\/magallanes\/wp-json\/wp\/v2\/posts"}],"about":[{"href":"https:\/\/explora.cl\/magallanes\/wp-json\/wp\/v2\/types\/post"}],"author":[{"embeddable":true,"href":"https:\/\/explora.cl\/magallanes\/wp-json\/wp\/v2\/users\/2"}],"replies":[{"embeddable":true,"href":"https:\/\/explora.cl\/magallanes\/wp-json\/wp\/v2\/comments?post=297"}],"version-history":[{"count":1,"href":"https:\/\/explora.cl\/magallanes\/wp-json\/wp\/v2\/posts\/297\/revisions"}],"predecessor-version":[{"id":37900,"href":"https:\/\/explora.cl\/magallanes\/wp-json\/wp\/v2\/posts\/297\/revisions\/37900"}],"wp:featuredmedia":[{"embeddable":true,"href":"https:\/\/explora.cl\/magallanes\/wp-json\/wp\/v2\/media\/298"}],"wp:attachment":[{"href":"https:\/\/explora.cl\/magallanes\/wp-json\/wp\/v2\/media?parent=297"}],"wp:term":[{"taxonomy":"category","embeddable":true,"href":"https:\/\/explora.cl\/magallanes\/wp-json\/wp\/v2\/categories?post=297"},{"taxonomy":"post_tag","embeddable":true,"href":"https:\/\/explora.cl\/magallanes\/wp-json\/wp\/v2\/tags?post=297"}],"curies":[{"name":"wp","href":"https:\/\/api.w.org\/{rel}","templated":true}]}}