{"id":287,"date":"2015-08-13T00:00:00","date_gmt":"2015-08-13T04:00:00","guid":{"rendered":"https:\/\/explora.cl\/magallanes\/blog\/2015\/08\/13\/este-viernes-continua-el-taller-de-periodismo-escolar\/"},"modified":"2019-05-20T21:39:51","modified_gmt":"2019-05-20T21:39:51","slug":"este-viernes-continua-el-taller-de-periodismo-escolar","status":"publish","type":"post","link":"https:\/\/explora.cl\/magallanes\/este-viernes-continua-el-taller-de-periodismo-escolar\/","title":{"rendered":"Este viernes contin\u00faa el Taller de Periodismo Escolar"},"content":{"rendered":"<p><img fetchpriority=\"high\" decoding=\"async\" class=\" size-full wp-image-13804\" src=\"http:\/\/ec2-34-218-253-251.us-west-2.compute.amazonaws.com\/wp-content\/uploads\/2015\/08\/b63f55e2dabe4ce78bfa9232301df2db.jpg\" alt=\"\" width=\"960\" height=\"539\" \/><\/p>\n<p>&nbsp;<\/p>\n<p style=\"text-align: justify\">Este viernes 14 de agosto contin\u00faa el Taller de Periodismo Cient\u00edfico Escolar que realiza PAR Explora Magallanes. El taller cuenta con una modalidad pr\u00e1ctica en la que los estudiantes conocer\u00e1n nociones b\u00e1sicas de reporteo, las que incluye redacci\u00f3n de notas period\u00edsticas, entrevistas y fotograf\u00edas. La segunda sesi\u00f3n se realizar\u00e1 en la sala 36 de la Facultad de Ingenier\u00eda de la Universidad de Magallanes a las 15:00hrs. para ni\u00f1os de 5to a 8vo B\u00e1sico y a las 16:30 para estudiantes de Educaci\u00f3n Media.<\/p>\n<p style=\"text-align: justify\">El pasado viernes 7 de agosto comenz\u00f3 el taller y cont\u00f3 con la participaci\u00f3n de 20 j\u00f3venes de Educaci\u00f3n Media y 15 de Educaci\u00f3n B\u00e1sica de distintos establecimientos de la comuna. En esta primera sesi\u00f3n se realiz\u00f3 una aproximaci\u00f3n a las nociones b\u00e1sicas del Periodismo, la noticia y sus principales caracter\u00edsticas. Al terminar la clase, los estudiantes escribieron un texto informativo sobre alg\u00fan suceso que haya ocurrido la \u00faltima semana en su colegio o liceo.<\/p>\n<p style=\"text-align: justify\">Los mejores trabajos podr\u00e1n viajar a Tierra del Fuego a cubrir la Feria Cient\u00edtifica de Porvenir el pr\u00f3ximo 26, 27 y 28 de agosto. Adem\u00e1s, todos los participantes podr\u00e1n convertirse en un Reportero Explora y cubrir las actividades que se realizan en sus respectivos colegios, adem\u00e1s de la Semana de la Ciencia y el Congreso Cient\u00edfico Escolar.<\/p>\n<p style=\"text-align: justify\"><strong>\u00bfC\u00f3mo participar?<\/strong><\/p>\n<p style=\"text-align: justify\">Para participar s\u00f3lo debes inscribirte en <a href=\"mailto:magallanes.explora@gmail.com\">magallanes.explora@gmail.com<\/a> y mencionar a qu\u00e9 nivel te corresponde asistir.<\/p>\n<p style=\"text-align: justify\">Nivel B\u00e1sico (5to a 8vo B\u00e1sico): 15:00hrs. a 16:30hrs.<\/p>\n<p style=\"text-align: justify\">Nivel Medio (1ero a 3ero Medio): 16:30hrs. a 18:00hrs.<\/p>\n<p>&nbsp;<\/p>\n","protected":false},"excerpt":{"rendered":"<p>&nbsp; Este viernes 14 de agosto contin\u00faa el Taller de Periodismo Cient\u00edfico Escolar que realiza PAR Explora Magallanes. El taller cuenta con una modalidad pr\u00e1ctica en la que los estudiantes conocer\u00e1n nociones b\u00e1sicas de reporteo, las que incluye redacci\u00f3n de notas period\u00edsticas, entrevistas y fotograf\u00edas. La segunda sesi\u00f3n se realizar\u00e1 en la sala 36 de [&hellip;]<\/p>\n","protected":false},"author":2,"featured_media":288,"comment_status":"open","ping_status":"open","sticky":false,"template":"","format":"standard","meta":{"_acf_changed":false,"_exactmetrics_skip_tracking":false,"_exactmetrics_sitenote_active":false,"_exactmetrics_sitenote_note":"","_exactmetrics_sitenote_category":0,"footnotes":"","_links_to":"","_links_to_target":""},"categories":[4],"tags":[111,158],"class_list":["post-287","post","type-post","status-publish","format-standard","has-post-thumbnail","hentry","category-noticias","tag-periodismo","tag-taller"],"acf":[],"yoast_head":"<!-- This site is optimized with the Yoast SEO plugin v26.9 - https:\/\/yoast.com\/product\/yoast-seo-wordpress\/ -->\n<title>Este viernes contin\u00faa el Taller de Periodismo Escolar - Magallanes<\/title>\n<meta name=\"robots\" content=\"index, follow, max-snippet:-1, max-image-preview:large, max-video-preview:-1\" \/>\n<link rel=\"canonical\" href=\"https:\/\/explora.cl\/magallanes\/este-viernes-continua-el-taller-de-periodismo-escolar\/\" class=\"yoast-seo-meta-tag\" \/>\n<meta property=\"og:locale\" content=\"es_ES\" class=\"yoast-seo-meta-tag\" \/>\n<meta property=\"og:type\" content=\"article\" class=\"yoast-seo-meta-tag\" \/>\n<meta property=\"og:title\" content=\"Este viernes contin\u00faa el Taller de Periodismo Escolar - Magallanes\" class=\"yoast-seo-meta-tag\" \/>\n<meta property=\"og:description\" content=\"&nbsp; Este viernes 14 de agosto contin\u00faa el Taller de Periodismo Cient\u00edfico Escolar que realiza PAR Explora Magallanes. El taller cuenta con una modalidad pr\u00e1ctica en la que los estudiantes conocer\u00e1n nociones b\u00e1sicas de reporteo, las que incluye redacci\u00f3n de notas period\u00edsticas, entrevistas y fotograf\u00edas. La segunda sesi\u00f3n se realizar\u00e1 en la sala 36 de [&hellip;]\" class=\"yoast-seo-meta-tag\" \/>\n<meta property=\"og:url\" content=\"https:\/\/explora.cl\/magallanes\/este-viernes-continua-el-taller-de-periodismo-escolar\/\" class=\"yoast-seo-meta-tag\" \/>\n<meta property=\"og:site_name\" content=\"Magallanes\" class=\"yoast-seo-meta-tag\" \/>\n<meta property=\"article:published_time\" content=\"2015-08-13T04:00:00+00:00\" class=\"yoast-seo-meta-tag\" \/>\n<meta property=\"article:modified_time\" content=\"2019-05-20T21:39:51+00:00\" class=\"yoast-seo-meta-tag\" \/>\n<meta property=\"og:image\" content=\"https:\/\/explora.cl\/magallanes\/wp-content\/uploads\/sites\/19\/2018\/06\/b63f55e2dabe4ce78bfa9232301df2db.jpg\" class=\"yoast-seo-meta-tag\" \/>\n\t<meta property=\"og:image:width\" content=\"960\" class=\"yoast-seo-meta-tag\" \/>\n\t<meta property=\"og:image:height\" content=\"539\" class=\"yoast-seo-meta-tag\" \/>\n\t<meta property=\"og:image:type\" content=\"image\/jpeg\" class=\"yoast-seo-meta-tag\" \/>\n<meta name=\"author\" content=\"webman\" class=\"yoast-seo-meta-tag\" \/>\n<meta name=\"twitter:card\" content=\"summary_large_image\" class=\"yoast-seo-meta-tag\" \/>\n<meta name=\"twitter:label1\" content=\"Escrito por\" class=\"yoast-seo-meta-tag\" \/>\n\t<meta name=\"twitter:data1\" content=\"webman\" class=\"yoast-seo-meta-tag\" \/>\n\t<meta name=\"twitter:label2\" content=\"Tiempo estimado de lectura\" class=\"yoast-seo-meta-tag\" \/>\n\t<meta name=\"twitter:data2\" content=\"1 minuto\" class=\"yoast-seo-meta-tag\" \/>\n<script type=\"application\/ld+json\" class=\"yoast-schema-graph\">{\"@context\":\"https:\/\/schema.org\",\"@graph\":[{\"@type\":\"Article\",\"@id\":\"https:\/\/explora.cl\/magallanes\/este-viernes-continua-el-taller-de-periodismo-escolar\/#article\",\"isPartOf\":{\"@id\":\"https:\/\/explora.cl\/magallanes\/este-viernes-continua-el-taller-de-periodismo-escolar\/\"},\"author\":{\"name\":\"webman\",\"@id\":\"https:\/\/explora.cl\/magallanes\/#\/schema\/person\/cb8349c13ea2d324080adf8480d7ba5d\"},\"headline\":\"Este viernes contin\u00faa el Taller de Periodismo Escolar\",\"datePublished\":\"2015-08-13T04:00:00+00:00\",\"dateModified\":\"2019-05-20T21:39:51+00:00\",\"mainEntityOfPage\":{\"@id\":\"https:\/\/explora.cl\/magallanes\/este-viernes-continua-el-taller-de-periodismo-escolar\/\"},\"wordCount\":288,\"commentCount\":0,\"publisher\":{\"@id\":\"https:\/\/explora.cl\/magallanes\/#organization\"},\"image\":{\"@id\":\"https:\/\/explora.cl\/magallanes\/este-viernes-continua-el-taller-de-periodismo-escolar\/#primaryimage\"},\"thumbnailUrl\":\"https:\/\/explora.cl\/magallanes\/wp-content\/uploads\/sites\/19\/2018\/06\/b63f55e2dabe4ce78bfa9232301df2db.jpg\",\"keywords\":[\"periodismo\",\"taller\"],\"articleSection\":[\"Noticias\"],\"inLanguage\":\"es-CL\",\"potentialAction\":[{\"@type\":\"CommentAction\",\"name\":\"Comment\",\"target\":[\"https:\/\/explora.cl\/magallanes\/este-viernes-continua-el-taller-de-periodismo-escolar\/#respond\"]}]},{\"@type\":\"WebPage\",\"@id\":\"https:\/\/explora.cl\/magallanes\/este-viernes-continua-el-taller-de-periodismo-escolar\/\",\"url\":\"https:\/\/explora.cl\/magallanes\/este-viernes-continua-el-taller-de-periodismo-escolar\/\",\"name\":\"Este viernes contin\u00faa el Taller de Periodismo Escolar - Magallanes\",\"isPartOf\":{\"@id\":\"https:\/\/explora.cl\/magallanes\/#website\"},\"primaryImageOfPage\":{\"@id\":\"https:\/\/explora.cl\/magallanes\/este-viernes-continua-el-taller-de-periodismo-escolar\/#primaryimage\"},\"image\":{\"@id\":\"https:\/\/explora.cl\/magallanes\/este-viernes-continua-el-taller-de-periodismo-escolar\/#primaryimage\"},\"thumbnailUrl\":\"https:\/\/explora.cl\/magallanes\/wp-content\/uploads\/sites\/19\/2018\/06\/b63f55e2dabe4ce78bfa9232301df2db.jpg\",\"datePublished\":\"2015-08-13T04:00:00+00:00\",\"dateModified\":\"2019-05-20T21:39:51+00:00\",\"breadcrumb\":{\"@id\":\"https:\/\/explora.cl\/magallanes\/este-viernes-continua-el-taller-de-periodismo-escolar\/#breadcrumb\"},\"inLanguage\":\"es-CL\",\"potentialAction\":[{\"@type\":\"ReadAction\",\"target\":[\"https:\/\/explora.cl\/magallanes\/este-viernes-continua-el-taller-de-periodismo-escolar\/\"]}]},{\"@type\":\"ImageObject\",\"inLanguage\":\"es-CL\",\"@id\":\"https:\/\/explora.cl\/magallanes\/este-viernes-continua-el-taller-de-periodismo-escolar\/#primaryimage\",\"url\":\"https:\/\/explora.cl\/magallanes\/wp-content\/uploads\/sites\/19\/2018\/06\/b63f55e2dabe4ce78bfa9232301df2db.jpg\",\"contentUrl\":\"https:\/\/explora.cl\/magallanes\/wp-content\/uploads\/sites\/19\/2018\/06\/b63f55e2dabe4ce78bfa9232301df2db.jpg\",\"width\":960,\"height\":539},{\"@type\":\"BreadcrumbList\",\"@id\":\"https:\/\/explora.cl\/magallanes\/este-viernes-continua-el-taller-de-periodismo-escolar\/#breadcrumb\",\"itemListElement\":[{\"@type\":\"ListItem\",\"position\":1,\"name\":\"Portada\",\"item\":\"https:\/\/explora.cl\/magallanes\/\"},{\"@type\":\"ListItem\",\"position\":2,\"name\":\"Este viernes contin\u00faa el Taller de Periodismo Escolar\"}]},{\"@type\":\"WebSite\",\"@id\":\"https:\/\/explora.cl\/magallanes\/#website\",\"url\":\"https:\/\/explora.cl\/magallanes\/\",\"name\":\"Magallanes\",\"description\":\"Otro sitio m\u00e1s de explora.cl\",\"publisher\":{\"@id\":\"https:\/\/explora.cl\/magallanes\/#organization\"},\"potentialAction\":[{\"@type\":\"SearchAction\",\"target\":{\"@type\":\"EntryPoint\",\"urlTemplate\":\"https:\/\/explora.cl\/magallanes\/?s={search_term_string}\"},\"query-input\":{\"@type\":\"PropertyValueSpecification\",\"valueRequired\":true,\"valueName\":\"search_term_string\"}}],\"inLanguage\":\"es-CL\"},{\"@type\":\"Organization\",\"@id\":\"https:\/\/explora.cl\/magallanes\/#organization\",\"name\":\"Magallanes\",\"url\":\"https:\/\/explora.cl\/magallanes\/\",\"logo\":{\"@type\":\"ImageObject\",\"inLanguage\":\"es-CL\",\"@id\":\"https:\/\/explora.cl\/magallanes\/#\/schema\/logo\/image\/\",\"url\":\"https:\/\/explora.cl\/magallanes\/wp-content\/uploads\/sites\/19\/2021\/06\/cropped-ICONO-COLOR-2.jpg\",\"contentUrl\":\"https:\/\/explora.cl\/magallanes\/wp-content\/uploads\/sites\/19\/2021\/06\/cropped-ICONO-COLOR-2.jpg\",\"width\":1181,\"height\":1181,\"caption\":\"Magallanes\"},\"image\":{\"@id\":\"https:\/\/explora.cl\/magallanes\/#\/schema\/logo\/image\/\"}},{\"@type\":\"Person\",\"@id\":\"https:\/\/explora.cl\/magallanes\/#\/schema\/person\/cb8349c13ea2d324080adf8480d7ba5d\",\"name\":\"webman\",\"image\":{\"@type\":\"ImageObject\",\"inLanguage\":\"es-CL\",\"@id\":\"https:\/\/explora.cl\/magallanes\/#\/schema\/person\/image\/\",\"url\":\"https:\/\/secure.gravatar.com\/avatar\/eeff3c82f2c02f7177d13663b7e6f890e9a6a0647ce9bb29cae02dcb094c7312?s=96&d=mm&r=g\",\"contentUrl\":\"https:\/\/secure.gravatar.com\/avatar\/eeff3c82f2c02f7177d13663b7e6f890e9a6a0647ce9bb29cae02dcb094c7312?s=96&d=mm&r=g\",\"caption\":\"webman\"},\"url\":\"https:\/\/explora.cl\/magallanes\/author\/webman\/\"}]}<\/script>\n<!-- \/ Yoast SEO plugin. -->","yoast_head_json":{"title":"Este viernes contin\u00faa el Taller de Periodismo Escolar - Magallanes","robots":{"index":"index","follow":"follow","max-snippet":"max-snippet:-1","max-image-preview":"max-image-preview:large","max-video-preview":"max-video-preview:-1"},"canonical":"https:\/\/explora.cl\/magallanes\/este-viernes-continua-el-taller-de-periodismo-escolar\/","og_locale":"es_ES","og_type":"article","og_title":"Este viernes contin\u00faa el Taller de Periodismo Escolar - Magallanes","og_description":"&nbsp; Este viernes 14 de agosto contin\u00faa el Taller de Periodismo Cient\u00edfico Escolar que realiza PAR Explora Magallanes. El taller cuenta con una modalidad pr\u00e1ctica en la que los estudiantes conocer\u00e1n nociones b\u00e1sicas de reporteo, las que incluye redacci\u00f3n de notas period\u00edsticas, entrevistas y fotograf\u00edas. La segunda sesi\u00f3n se realizar\u00e1 en la sala 36 de [&hellip;]","og_url":"https:\/\/explora.cl\/magallanes\/este-viernes-continua-el-taller-de-periodismo-escolar\/","og_site_name":"Magallanes","article_published_time":"2015-08-13T04:00:00+00:00","article_modified_time":"2019-05-20T21:39:51+00:00","og_image":[{"width":960,"height":539,"url":"https:\/\/explora.cl\/magallanes\/wp-content\/uploads\/sites\/19\/2018\/06\/b63f55e2dabe4ce78bfa9232301df2db.jpg","type":"image\/jpeg"}],"author":"webman","twitter_card":"summary_large_image","twitter_misc":{"Escrito por":"webman","Tiempo estimado de lectura":"1 minuto"},"schema":{"@context":"https:\/\/schema.org","@graph":[{"@type":"Article","@id":"https:\/\/explora.cl\/magallanes\/este-viernes-continua-el-taller-de-periodismo-escolar\/#article","isPartOf":{"@id":"https:\/\/explora.cl\/magallanes\/este-viernes-continua-el-taller-de-periodismo-escolar\/"},"author":{"name":"webman","@id":"https:\/\/explora.cl\/magallanes\/#\/schema\/person\/cb8349c13ea2d324080adf8480d7ba5d"},"headline":"Este viernes contin\u00faa el Taller de Periodismo Escolar","datePublished":"2015-08-13T04:00:00+00:00","dateModified":"2019-05-20T21:39:51+00:00","mainEntityOfPage":{"@id":"https:\/\/explora.cl\/magallanes\/este-viernes-continua-el-taller-de-periodismo-escolar\/"},"wordCount":288,"commentCount":0,"publisher":{"@id":"https:\/\/explora.cl\/magallanes\/#organization"},"image":{"@id":"https:\/\/explora.cl\/magallanes\/este-viernes-continua-el-taller-de-periodismo-escolar\/#primaryimage"},"thumbnailUrl":"https:\/\/explora.cl\/magallanes\/wp-content\/uploads\/sites\/19\/2018\/06\/b63f55e2dabe4ce78bfa9232301df2db.jpg","keywords":["periodismo","taller"],"articleSection":["Noticias"],"inLanguage":"es-CL","potentialAction":[{"@type":"CommentAction","name":"Comment","target":["https:\/\/explora.cl\/magallanes\/este-viernes-continua-el-taller-de-periodismo-escolar\/#respond"]}]},{"@type":"WebPage","@id":"https:\/\/explora.cl\/magallanes\/este-viernes-continua-el-taller-de-periodismo-escolar\/","url":"https:\/\/explora.cl\/magallanes\/este-viernes-continua-el-taller-de-periodismo-escolar\/","name":"Este viernes contin\u00faa el Taller de Periodismo Escolar - Magallanes","isPartOf":{"@id":"https:\/\/explora.cl\/magallanes\/#website"},"primaryImageOfPage":{"@id":"https:\/\/explora.cl\/magallanes\/este-viernes-continua-el-taller-de-periodismo-escolar\/#primaryimage"},"image":{"@id":"https:\/\/explora.cl\/magallanes\/este-viernes-continua-el-taller-de-periodismo-escolar\/#primaryimage"},"thumbnailUrl":"https:\/\/explora.cl\/magallanes\/wp-content\/uploads\/sites\/19\/2018\/06\/b63f55e2dabe4ce78bfa9232301df2db.jpg","datePublished":"2015-08-13T04:00:00+00:00","dateModified":"2019-05-20T21:39:51+00:00","breadcrumb":{"@id":"https:\/\/explora.cl\/magallanes\/este-viernes-continua-el-taller-de-periodismo-escolar\/#breadcrumb"},"inLanguage":"es-CL","potentialAction":[{"@type":"ReadAction","target":["https:\/\/explora.cl\/magallanes\/este-viernes-continua-el-taller-de-periodismo-escolar\/"]}]},{"@type":"ImageObject","inLanguage":"es-CL","@id":"https:\/\/explora.cl\/magallanes\/este-viernes-continua-el-taller-de-periodismo-escolar\/#primaryimage","url":"https:\/\/explora.cl\/magallanes\/wp-content\/uploads\/sites\/19\/2018\/06\/b63f55e2dabe4ce78bfa9232301df2db.jpg","contentUrl":"https:\/\/explora.cl\/magallanes\/wp-content\/uploads\/sites\/19\/2018\/06\/b63f55e2dabe4ce78bfa9232301df2db.jpg","width":960,"height":539},{"@type":"BreadcrumbList","@id":"https:\/\/explora.cl\/magallanes\/este-viernes-continua-el-taller-de-periodismo-escolar\/#breadcrumb","itemListElement":[{"@type":"ListItem","position":1,"name":"Portada","item":"https:\/\/explora.cl\/magallanes\/"},{"@type":"ListItem","position":2,"name":"Este viernes contin\u00faa el Taller de Periodismo Escolar"}]},{"@type":"WebSite","@id":"https:\/\/explora.cl\/magallanes\/#website","url":"https:\/\/explora.cl\/magallanes\/","name":"Magallanes","description":"Otro sitio m\u00e1s de explora.cl","publisher":{"@id":"https:\/\/explora.cl\/magallanes\/#organization"},"potentialAction":[{"@type":"SearchAction","target":{"@type":"EntryPoint","urlTemplate":"https:\/\/explora.cl\/magallanes\/?s={search_term_string}"},"query-input":{"@type":"PropertyValueSpecification","valueRequired":true,"valueName":"search_term_string"}}],"inLanguage":"es-CL"},{"@type":"Organization","@id":"https:\/\/explora.cl\/magallanes\/#organization","name":"Magallanes","url":"https:\/\/explora.cl\/magallanes\/","logo":{"@type":"ImageObject","inLanguage":"es-CL","@id":"https:\/\/explora.cl\/magallanes\/#\/schema\/logo\/image\/","url":"https:\/\/explora.cl\/magallanes\/wp-content\/uploads\/sites\/19\/2021\/06\/cropped-ICONO-COLOR-2.jpg","contentUrl":"https:\/\/explora.cl\/magallanes\/wp-content\/uploads\/sites\/19\/2021\/06\/cropped-ICONO-COLOR-2.jpg","width":1181,"height":1181,"caption":"Magallanes"},"image":{"@id":"https:\/\/explora.cl\/magallanes\/#\/schema\/logo\/image\/"}},{"@type":"Person","@id":"https:\/\/explora.cl\/magallanes\/#\/schema\/person\/cb8349c13ea2d324080adf8480d7ba5d","name":"webman","image":{"@type":"ImageObject","inLanguage":"es-CL","@id":"https:\/\/explora.cl\/magallanes\/#\/schema\/person\/image\/","url":"https:\/\/secure.gravatar.com\/avatar\/eeff3c82f2c02f7177d13663b7e6f890e9a6a0647ce9bb29cae02dcb094c7312?s=96&d=mm&r=g","contentUrl":"https:\/\/secure.gravatar.com\/avatar\/eeff3c82f2c02f7177d13663b7e6f890e9a6a0647ce9bb29cae02dcb094c7312?s=96&d=mm&r=g","caption":"webman"},"url":"https:\/\/explora.cl\/magallanes\/author\/webman\/"}]}},"_links":{"self":[{"href":"https:\/\/explora.cl\/magallanes\/wp-json\/wp\/v2\/posts\/287","targetHints":{"allow":["GET"]}}],"collection":[{"href":"https:\/\/explora.cl\/magallanes\/wp-json\/wp\/v2\/posts"}],"about":[{"href":"https:\/\/explora.cl\/magallanes\/wp-json\/wp\/v2\/types\/post"}],"author":[{"embeddable":true,"href":"https:\/\/explora.cl\/magallanes\/wp-json\/wp\/v2\/users\/2"}],"replies":[{"embeddable":true,"href":"https:\/\/explora.cl\/magallanes\/wp-json\/wp\/v2\/comments?post=287"}],"version-history":[{"count":1,"href":"https:\/\/explora.cl\/magallanes\/wp-json\/wp\/v2\/posts\/287\/revisions"}],"predecessor-version":[{"id":37903,"href":"https:\/\/explora.cl\/magallanes\/wp-json\/wp\/v2\/posts\/287\/revisions\/37903"}],"wp:featuredmedia":[{"embeddable":true,"href":"https:\/\/explora.cl\/magallanes\/wp-json\/wp\/v2\/media\/288"}],"wp:attachment":[{"href":"https:\/\/explora.cl\/magallanes\/wp-json\/wp\/v2\/media?parent=287"}],"wp:term":[{"taxonomy":"category","embeddable":true,"href":"https:\/\/explora.cl\/magallanes\/wp-json\/wp\/v2\/categories?post=287"},{"taxonomy":"post_tag","embeddable":true,"href":"https:\/\/explora.cl\/magallanes\/wp-json\/wp\/v2\/tags?post=287"}],"curies":[{"name":"wp","href":"https:\/\/api.w.org\/{rel}","templated":true}]}}