{"id":281,"date":"2015-07-28T00:00:00","date_gmt":"2015-07-28T04:00:00","guid":{"rendered":"https:\/\/explora.cl\/magallanes\/blog\/2015\/07\/28\/2-encuentro-de-ornitologia-escolar-en-porvenir\/"},"modified":"2019-05-20T21:39:53","modified_gmt":"2019-05-20T21:39:53","slug":"2-encuentro-de-ornitologia-escolar-en-porvenir","status":"publish","type":"post","link":"https:\/\/explora.cl\/magallanes\/2-encuentro-de-ornitologia-escolar-en-porvenir\/","title":{"rendered":"2\u00ba Encuentro de Ornitolog\u00eda Escolar en Porvenir"},"content":{"rendered":"<p><img fetchpriority=\"high\" decoding=\"async\" class=\" size-full wp-image-13307\" src=\"http:\/\/ec2-34-218-253-251.us-west-2.compute.amazonaws.com\/wp-content\/uploads\/2015\/07\/e27e14fd9c82b81b8c84d177d8865305.jpg\" alt=\"\" width=\"580\" height=\"375\" \/><\/p>\n<p style=\"text-align: justify\">PAR Explora Magallanes invita al 2\u00ba Encuentro de Ornitolog\u00eda Escolar a realizarse los d\u00edas 7, 8 y 9 de octubre en la Escuela Bernardo O`Higgins de Porvenir.<\/p>\n<p style=\"text-align: justify\">La Ornitolog\u00eda es la rama de la zoolog\u00eda que se dedica al estudio de las aves y en esta oportunidad se contar\u00e1 con expertos de distintas organizaciones de la regi\u00f3n.<\/p>\n<p style=\"text-align: justify\">Esta actividad es organizada por PAR Explora Magallanes, WCS, Agrupaci\u00f3n Ecol\u00f3gica Patag\u00f3nica, Centro Bah\u00eda Lomas, Escuela Bernardo O`higgins, Ilustre Municipalidad de Porvenir y el Ministerio del Medio Ambiente.<\/p>\n<p style=\"text-align: justify\">M\u00e1s informaci\u00f3n en magallanes.explora@gmail.com<\/p>\n","protected":false},"excerpt":{"rendered":"<p>PAR Explora Magallanes invita al 2\u00ba Encuentro de Ornitolog\u00eda Escolar a realizarse los d\u00edas 7, 8 y 9 de octubre en la Escuela Bernardo O`Higgins de Porvenir. La Ornitolog\u00eda es la rama de la zoolog\u00eda que se dedica al estudio de las aves y en esta oportunidad se contar\u00e1 con expertos de distintas organizaciones de [&hellip;]<\/p>\n","protected":false},"author":2,"featured_media":282,"comment_status":"open","ping_status":"open","sticky":false,"template":"","format":"standard","meta":{"_acf_changed":false,"_exactmetrics_skip_tracking":false,"_exactmetrics_sitenote_active":false,"_exactmetrics_sitenote_note":"","_exactmetrics_sitenote_category":0,"footnotes":"","_links_to":"","_links_to_target":""},"categories":[4],"tags":[162],"class_list":["post-281","post","type-post","status-publish","format-standard","has-post-thumbnail","hentry","category-noticias","tag-aves"],"acf":[],"yoast_head":"<!-- This site is optimized with the Yoast SEO plugin v26.9 - https:\/\/yoast.com\/product\/yoast-seo-wordpress\/ -->\n<title>2\u00ba Encuentro de Ornitolog\u00eda Escolar en Porvenir - Magallanes<\/title>\n<meta name=\"robots\" content=\"index, follow, max-snippet:-1, max-image-preview:large, max-video-preview:-1\" \/>\n<link rel=\"canonical\" href=\"https:\/\/explora.cl\/magallanes\/2-encuentro-de-ornitologia-escolar-en-porvenir\/\" class=\"yoast-seo-meta-tag\" \/>\n<meta property=\"og:locale\" content=\"es_ES\" class=\"yoast-seo-meta-tag\" \/>\n<meta property=\"og:type\" content=\"article\" class=\"yoast-seo-meta-tag\" \/>\n<meta property=\"og:title\" content=\"2\u00ba Encuentro de Ornitolog\u00eda Escolar en Porvenir - Magallanes\" class=\"yoast-seo-meta-tag\" \/>\n<meta property=\"og:description\" content=\"PAR Explora Magallanes invita al 2\u00ba Encuentro de Ornitolog\u00eda Escolar a realizarse los d\u00edas 7, 8 y 9 de octubre en la Escuela Bernardo O`Higgins de Porvenir. La Ornitolog\u00eda es la rama de la zoolog\u00eda que se dedica al estudio de las aves y en esta oportunidad se contar\u00e1 con expertos de distintas organizaciones de [&hellip;]\" class=\"yoast-seo-meta-tag\" \/>\n<meta property=\"og:url\" content=\"https:\/\/explora.cl\/magallanes\/2-encuentro-de-ornitologia-escolar-en-porvenir\/\" class=\"yoast-seo-meta-tag\" \/>\n<meta property=\"og:site_name\" content=\"Magallanes\" class=\"yoast-seo-meta-tag\" \/>\n<meta property=\"article:published_time\" content=\"2015-07-28T04:00:00+00:00\" class=\"yoast-seo-meta-tag\" \/>\n<meta property=\"article:modified_time\" content=\"2019-05-20T21:39:53+00:00\" class=\"yoast-seo-meta-tag\" \/>\n<meta property=\"og:image\" content=\"https:\/\/explora.cl\/magallanes\/wp-content\/uploads\/sites\/19\/2018\/06\/e27e14fd9c82b81b8c84d177d8865305.jpg\" class=\"yoast-seo-meta-tag\" \/>\n\t<meta property=\"og:image:width\" content=\"580\" class=\"yoast-seo-meta-tag\" \/>\n\t<meta property=\"og:image:height\" content=\"375\" class=\"yoast-seo-meta-tag\" \/>\n\t<meta property=\"og:image:type\" content=\"image\/jpeg\" class=\"yoast-seo-meta-tag\" \/>\n<meta name=\"author\" content=\"webman\" class=\"yoast-seo-meta-tag\" \/>\n<meta name=\"twitter:card\" content=\"summary_large_image\" class=\"yoast-seo-meta-tag\" \/>\n<meta name=\"twitter:label1\" content=\"Escrito por\" class=\"yoast-seo-meta-tag\" \/>\n\t<meta name=\"twitter:data1\" content=\"webman\" class=\"yoast-seo-meta-tag\" \/>\n\t<meta name=\"twitter:label2\" content=\"Tiempo estimado de lectura\" class=\"yoast-seo-meta-tag\" \/>\n\t<meta name=\"twitter:data2\" content=\"1 minuto\" class=\"yoast-seo-meta-tag\" \/>\n<script type=\"application\/ld+json\" class=\"yoast-schema-graph\">{\"@context\":\"https:\/\/schema.org\",\"@graph\":[{\"@type\":\"Article\",\"@id\":\"https:\/\/explora.cl\/magallanes\/2-encuentro-de-ornitologia-escolar-en-porvenir\/#article\",\"isPartOf\":{\"@id\":\"https:\/\/explora.cl\/magallanes\/2-encuentro-de-ornitologia-escolar-en-porvenir\/\"},\"author\":{\"name\":\"webman\",\"@id\":\"https:\/\/explora.cl\/magallanes\/#\/schema\/person\/cb8349c13ea2d324080adf8480d7ba5d\"},\"headline\":\"2\u00ba Encuentro de Ornitolog\u00eda Escolar en Porvenir\",\"datePublished\":\"2015-07-28T04:00:00+00:00\",\"dateModified\":\"2019-05-20T21:39:53+00:00\",\"mainEntityOfPage\":{\"@id\":\"https:\/\/explora.cl\/magallanes\/2-encuentro-de-ornitologia-escolar-en-porvenir\/\"},\"wordCount\":108,\"commentCount\":0,\"publisher\":{\"@id\":\"https:\/\/explora.cl\/magallanes\/#organization\"},\"image\":{\"@id\":\"https:\/\/explora.cl\/magallanes\/2-encuentro-de-ornitologia-escolar-en-porvenir\/#primaryimage\"},\"thumbnailUrl\":\"https:\/\/explora.cl\/magallanes\/wp-content\/uploads\/sites\/19\/2018\/06\/e27e14fd9c82b81b8c84d177d8865305.jpg\",\"keywords\":[\"aves\"],\"articleSection\":[\"Noticias\"],\"inLanguage\":\"es-CL\",\"potentialAction\":[{\"@type\":\"CommentAction\",\"name\":\"Comment\",\"target\":[\"https:\/\/explora.cl\/magallanes\/2-encuentro-de-ornitologia-escolar-en-porvenir\/#respond\"]}]},{\"@type\":\"WebPage\",\"@id\":\"https:\/\/explora.cl\/magallanes\/2-encuentro-de-ornitologia-escolar-en-porvenir\/\",\"url\":\"https:\/\/explora.cl\/magallanes\/2-encuentro-de-ornitologia-escolar-en-porvenir\/\",\"name\":\"2\u00ba Encuentro de Ornitolog\u00eda Escolar en Porvenir - Magallanes\",\"isPartOf\":{\"@id\":\"https:\/\/explora.cl\/magallanes\/#website\"},\"primaryImageOfPage\":{\"@id\":\"https:\/\/explora.cl\/magallanes\/2-encuentro-de-ornitologia-escolar-en-porvenir\/#primaryimage\"},\"image\":{\"@id\":\"https:\/\/explora.cl\/magallanes\/2-encuentro-de-ornitologia-escolar-en-porvenir\/#primaryimage\"},\"thumbnailUrl\":\"https:\/\/explora.cl\/magallanes\/wp-content\/uploads\/sites\/19\/2018\/06\/e27e14fd9c82b81b8c84d177d8865305.jpg\",\"datePublished\":\"2015-07-28T04:00:00+00:00\",\"dateModified\":\"2019-05-20T21:39:53+00:00\",\"breadcrumb\":{\"@id\":\"https:\/\/explora.cl\/magallanes\/2-encuentro-de-ornitologia-escolar-en-porvenir\/#breadcrumb\"},\"inLanguage\":\"es-CL\",\"potentialAction\":[{\"@type\":\"ReadAction\",\"target\":[\"https:\/\/explora.cl\/magallanes\/2-encuentro-de-ornitologia-escolar-en-porvenir\/\"]}]},{\"@type\":\"ImageObject\",\"inLanguage\":\"es-CL\",\"@id\":\"https:\/\/explora.cl\/magallanes\/2-encuentro-de-ornitologia-escolar-en-porvenir\/#primaryimage\",\"url\":\"https:\/\/explora.cl\/magallanes\/wp-content\/uploads\/sites\/19\/2018\/06\/e27e14fd9c82b81b8c84d177d8865305.jpg\",\"contentUrl\":\"https:\/\/explora.cl\/magallanes\/wp-content\/uploads\/sites\/19\/2018\/06\/e27e14fd9c82b81b8c84d177d8865305.jpg\",\"width\":580,\"height\":375},{\"@type\":\"BreadcrumbList\",\"@id\":\"https:\/\/explora.cl\/magallanes\/2-encuentro-de-ornitologia-escolar-en-porvenir\/#breadcrumb\",\"itemListElement\":[{\"@type\":\"ListItem\",\"position\":1,\"name\":\"Portada\",\"item\":\"https:\/\/explora.cl\/magallanes\/\"},{\"@type\":\"ListItem\",\"position\":2,\"name\":\"2\u00ba Encuentro de Ornitolog\u00eda Escolar en Porvenir\"}]},{\"@type\":\"WebSite\",\"@id\":\"https:\/\/explora.cl\/magallanes\/#website\",\"url\":\"https:\/\/explora.cl\/magallanes\/\",\"name\":\"Magallanes\",\"description\":\"Otro sitio m\u00e1s de explora.cl\",\"publisher\":{\"@id\":\"https:\/\/explora.cl\/magallanes\/#organization\"},\"potentialAction\":[{\"@type\":\"SearchAction\",\"target\":{\"@type\":\"EntryPoint\",\"urlTemplate\":\"https:\/\/explora.cl\/magallanes\/?s={search_term_string}\"},\"query-input\":{\"@type\":\"PropertyValueSpecification\",\"valueRequired\":true,\"valueName\":\"search_term_string\"}}],\"inLanguage\":\"es-CL\"},{\"@type\":\"Organization\",\"@id\":\"https:\/\/explora.cl\/magallanes\/#organization\",\"name\":\"Magallanes\",\"url\":\"https:\/\/explora.cl\/magallanes\/\",\"logo\":{\"@type\":\"ImageObject\",\"inLanguage\":\"es-CL\",\"@id\":\"https:\/\/explora.cl\/magallanes\/#\/schema\/logo\/image\/\",\"url\":\"https:\/\/explora.cl\/magallanes\/wp-content\/uploads\/sites\/19\/2021\/06\/cropped-ICONO-COLOR-2.jpg\",\"contentUrl\":\"https:\/\/explora.cl\/magallanes\/wp-content\/uploads\/sites\/19\/2021\/06\/cropped-ICONO-COLOR-2.jpg\",\"width\":1181,\"height\":1181,\"caption\":\"Magallanes\"},\"image\":{\"@id\":\"https:\/\/explora.cl\/magallanes\/#\/schema\/logo\/image\/\"}},{\"@type\":\"Person\",\"@id\":\"https:\/\/explora.cl\/magallanes\/#\/schema\/person\/cb8349c13ea2d324080adf8480d7ba5d\",\"name\":\"webman\",\"image\":{\"@type\":\"ImageObject\",\"inLanguage\":\"es-CL\",\"@id\":\"https:\/\/explora.cl\/magallanes\/#\/schema\/person\/image\/\",\"url\":\"https:\/\/secure.gravatar.com\/avatar\/eeff3c82f2c02f7177d13663b7e6f890e9a6a0647ce9bb29cae02dcb094c7312?s=96&d=mm&r=g\",\"contentUrl\":\"https:\/\/secure.gravatar.com\/avatar\/eeff3c82f2c02f7177d13663b7e6f890e9a6a0647ce9bb29cae02dcb094c7312?s=96&d=mm&r=g\",\"caption\":\"webman\"},\"url\":\"https:\/\/explora.cl\/magallanes\/author\/webman\/\"}]}<\/script>\n<!-- \/ Yoast SEO plugin. -->","yoast_head_json":{"title":"2\u00ba Encuentro de Ornitolog\u00eda Escolar en Porvenir - Magallanes","robots":{"index":"index","follow":"follow","max-snippet":"max-snippet:-1","max-image-preview":"max-image-preview:large","max-video-preview":"max-video-preview:-1"},"canonical":"https:\/\/explora.cl\/magallanes\/2-encuentro-de-ornitologia-escolar-en-porvenir\/","og_locale":"es_ES","og_type":"article","og_title":"2\u00ba Encuentro de Ornitolog\u00eda Escolar en Porvenir - Magallanes","og_description":"PAR Explora Magallanes invita al 2\u00ba Encuentro de Ornitolog\u00eda Escolar a realizarse los d\u00edas 7, 8 y 9 de octubre en la Escuela Bernardo O`Higgins de Porvenir. La Ornitolog\u00eda es la rama de la zoolog\u00eda que se dedica al estudio de las aves y en esta oportunidad se contar\u00e1 con expertos de distintas organizaciones de [&hellip;]","og_url":"https:\/\/explora.cl\/magallanes\/2-encuentro-de-ornitologia-escolar-en-porvenir\/","og_site_name":"Magallanes","article_published_time":"2015-07-28T04:00:00+00:00","article_modified_time":"2019-05-20T21:39:53+00:00","og_image":[{"width":580,"height":375,"url":"https:\/\/explora.cl\/magallanes\/wp-content\/uploads\/sites\/19\/2018\/06\/e27e14fd9c82b81b8c84d177d8865305.jpg","type":"image\/jpeg"}],"author":"webman","twitter_card":"summary_large_image","twitter_misc":{"Escrito por":"webman","Tiempo estimado de lectura":"1 minuto"},"schema":{"@context":"https:\/\/schema.org","@graph":[{"@type":"Article","@id":"https:\/\/explora.cl\/magallanes\/2-encuentro-de-ornitologia-escolar-en-porvenir\/#article","isPartOf":{"@id":"https:\/\/explora.cl\/magallanes\/2-encuentro-de-ornitologia-escolar-en-porvenir\/"},"author":{"name":"webman","@id":"https:\/\/explora.cl\/magallanes\/#\/schema\/person\/cb8349c13ea2d324080adf8480d7ba5d"},"headline":"2\u00ba Encuentro de Ornitolog\u00eda Escolar en Porvenir","datePublished":"2015-07-28T04:00:00+00:00","dateModified":"2019-05-20T21:39:53+00:00","mainEntityOfPage":{"@id":"https:\/\/explora.cl\/magallanes\/2-encuentro-de-ornitologia-escolar-en-porvenir\/"},"wordCount":108,"commentCount":0,"publisher":{"@id":"https:\/\/explora.cl\/magallanes\/#organization"},"image":{"@id":"https:\/\/explora.cl\/magallanes\/2-encuentro-de-ornitologia-escolar-en-porvenir\/#primaryimage"},"thumbnailUrl":"https:\/\/explora.cl\/magallanes\/wp-content\/uploads\/sites\/19\/2018\/06\/e27e14fd9c82b81b8c84d177d8865305.jpg","keywords":["aves"],"articleSection":["Noticias"],"inLanguage":"es-CL","potentialAction":[{"@type":"CommentAction","name":"Comment","target":["https:\/\/explora.cl\/magallanes\/2-encuentro-de-ornitologia-escolar-en-porvenir\/#respond"]}]},{"@type":"WebPage","@id":"https:\/\/explora.cl\/magallanes\/2-encuentro-de-ornitologia-escolar-en-porvenir\/","url":"https:\/\/explora.cl\/magallanes\/2-encuentro-de-ornitologia-escolar-en-porvenir\/","name":"2\u00ba Encuentro de Ornitolog\u00eda Escolar en Porvenir - Magallanes","isPartOf":{"@id":"https:\/\/explora.cl\/magallanes\/#website"},"primaryImageOfPage":{"@id":"https:\/\/explora.cl\/magallanes\/2-encuentro-de-ornitologia-escolar-en-porvenir\/#primaryimage"},"image":{"@id":"https:\/\/explora.cl\/magallanes\/2-encuentro-de-ornitologia-escolar-en-porvenir\/#primaryimage"},"thumbnailUrl":"https:\/\/explora.cl\/magallanes\/wp-content\/uploads\/sites\/19\/2018\/06\/e27e14fd9c82b81b8c84d177d8865305.jpg","datePublished":"2015-07-28T04:00:00+00:00","dateModified":"2019-05-20T21:39:53+00:00","breadcrumb":{"@id":"https:\/\/explora.cl\/magallanes\/2-encuentro-de-ornitologia-escolar-en-porvenir\/#breadcrumb"},"inLanguage":"es-CL","potentialAction":[{"@type":"ReadAction","target":["https:\/\/explora.cl\/magallanes\/2-encuentro-de-ornitologia-escolar-en-porvenir\/"]}]},{"@type":"ImageObject","inLanguage":"es-CL","@id":"https:\/\/explora.cl\/magallanes\/2-encuentro-de-ornitologia-escolar-en-porvenir\/#primaryimage","url":"https:\/\/explora.cl\/magallanes\/wp-content\/uploads\/sites\/19\/2018\/06\/e27e14fd9c82b81b8c84d177d8865305.jpg","contentUrl":"https:\/\/explora.cl\/magallanes\/wp-content\/uploads\/sites\/19\/2018\/06\/e27e14fd9c82b81b8c84d177d8865305.jpg","width":580,"height":375},{"@type":"BreadcrumbList","@id":"https:\/\/explora.cl\/magallanes\/2-encuentro-de-ornitologia-escolar-en-porvenir\/#breadcrumb","itemListElement":[{"@type":"ListItem","position":1,"name":"Portada","item":"https:\/\/explora.cl\/magallanes\/"},{"@type":"ListItem","position":2,"name":"2\u00ba Encuentro de Ornitolog\u00eda Escolar en Porvenir"}]},{"@type":"WebSite","@id":"https:\/\/explora.cl\/magallanes\/#website","url":"https:\/\/explora.cl\/magallanes\/","name":"Magallanes","description":"Otro sitio m\u00e1s de explora.cl","publisher":{"@id":"https:\/\/explora.cl\/magallanes\/#organization"},"potentialAction":[{"@type":"SearchAction","target":{"@type":"EntryPoint","urlTemplate":"https:\/\/explora.cl\/magallanes\/?s={search_term_string}"},"query-input":{"@type":"PropertyValueSpecification","valueRequired":true,"valueName":"search_term_string"}}],"inLanguage":"es-CL"},{"@type":"Organization","@id":"https:\/\/explora.cl\/magallanes\/#organization","name":"Magallanes","url":"https:\/\/explora.cl\/magallanes\/","logo":{"@type":"ImageObject","inLanguage":"es-CL","@id":"https:\/\/explora.cl\/magallanes\/#\/schema\/logo\/image\/","url":"https:\/\/explora.cl\/magallanes\/wp-content\/uploads\/sites\/19\/2021\/06\/cropped-ICONO-COLOR-2.jpg","contentUrl":"https:\/\/explora.cl\/magallanes\/wp-content\/uploads\/sites\/19\/2021\/06\/cropped-ICONO-COLOR-2.jpg","width":1181,"height":1181,"caption":"Magallanes"},"image":{"@id":"https:\/\/explora.cl\/magallanes\/#\/schema\/logo\/image\/"}},{"@type":"Person","@id":"https:\/\/explora.cl\/magallanes\/#\/schema\/person\/cb8349c13ea2d324080adf8480d7ba5d","name":"webman","image":{"@type":"ImageObject","inLanguage":"es-CL","@id":"https:\/\/explora.cl\/magallanes\/#\/schema\/person\/image\/","url":"https:\/\/secure.gravatar.com\/avatar\/eeff3c82f2c02f7177d13663b7e6f890e9a6a0647ce9bb29cae02dcb094c7312?s=96&d=mm&r=g","contentUrl":"https:\/\/secure.gravatar.com\/avatar\/eeff3c82f2c02f7177d13663b7e6f890e9a6a0647ce9bb29cae02dcb094c7312?s=96&d=mm&r=g","caption":"webman"},"url":"https:\/\/explora.cl\/magallanes\/author\/webman\/"}]}},"_links":{"self":[{"href":"https:\/\/explora.cl\/magallanes\/wp-json\/wp\/v2\/posts\/281","targetHints":{"allow":["GET"]}}],"collection":[{"href":"https:\/\/explora.cl\/magallanes\/wp-json\/wp\/v2\/posts"}],"about":[{"href":"https:\/\/explora.cl\/magallanes\/wp-json\/wp\/v2\/types\/post"}],"author":[{"embeddable":true,"href":"https:\/\/explora.cl\/magallanes\/wp-json\/wp\/v2\/users\/2"}],"replies":[{"embeddable":true,"href":"https:\/\/explora.cl\/magallanes\/wp-json\/wp\/v2\/comments?post=281"}],"version-history":[{"count":1,"href":"https:\/\/explora.cl\/magallanes\/wp-json\/wp\/v2\/posts\/281\/revisions"}],"predecessor-version":[{"id":37906,"href":"https:\/\/explora.cl\/magallanes\/wp-json\/wp\/v2\/posts\/281\/revisions\/37906"}],"wp:featuredmedia":[{"embeddable":true,"href":"https:\/\/explora.cl\/magallanes\/wp-json\/wp\/v2\/media\/282"}],"wp:attachment":[{"href":"https:\/\/explora.cl\/magallanes\/wp-json\/wp\/v2\/media?parent=281"}],"wp:term":[{"taxonomy":"category","embeddable":true,"href":"https:\/\/explora.cl\/magallanes\/wp-json\/wp\/v2\/categories?post=281"},{"taxonomy":"post_tag","embeddable":true,"href":"https:\/\/explora.cl\/magallanes\/wp-json\/wp\/v2\/tags?post=281"}],"curies":[{"name":"wp","href":"https:\/\/api.w.org\/{rel}","templated":true}]}}