{"id":279,"date":"2015-07-28T00:00:00","date_gmt":"2015-07-28T04:00:00","guid":{"rendered":"https:\/\/explora.cl\/magallanes\/blog\/2015\/07\/28\/inscribete-en-el-taller-de-periodismo-cientifico\/"},"modified":"2019-05-20T21:39:52","modified_gmt":"2019-05-20T21:39:52","slug":"inscribete-en-el-taller-de-periodismo-cientifico","status":"publish","type":"post","link":"https:\/\/explora.cl\/magallanes\/inscribete-en-el-taller-de-periodismo-cientifico\/","title":{"rendered":"Inscr\u00edbete en el Taller de Periodismo Cient\u00edfico Escolar"},"content":{"rendered":"<p><img fetchpriority=\"high\" decoding=\"async\" class=\" size-full wp-image-13296\" src=\"http:\/\/ec2-34-218-253-251.us-west-2.compute.amazonaws.com\/wp-content\/uploads\/2015\/07\/a33aefabb2eaebde4c5599d0e6352412.jpg\" alt=\"\" width=\"600\" height=\"401\" \/><\/p>\n<p style=\"text-align: justify\">Este segundo semestre se realizar\u00e1 en Punta Arenas el primer taller de Periodismo Cient\u00edtifico Escolar, actividad que tiene por objetivo estimular, capacitar y entregar herramientas a estudiantes de Educaci\u00f3n B\u00e1sica y Media sobre competencias de periodismo cient\u00edfico y su relaci\u00f3n con la sociedad. Los talleres se realizar\u00e1n los d\u00edas viernes 7, 14 y 21 de agosto en las dependencias de la Universidad de Magallanes.<\/p>\n<p style=\"text-align: justify\">Este taller cuenta con una modalidad pr\u00e1ctica en la que los estudiantes conocer\u00e1n nociones b\u00e1sicas de reporteo, las que incluye redacci\u00f3n de notas period\u00edsticas, entrevistas y fotograf\u00edas.<\/p>\n<p style=\"text-align: justify\">Los mejores trabajos podr\u00e1n viajar a Tierra del Fuego a cubrir la Feria Cient\u00edtifica de Porvenir el pr\u00f3ximo 26, 27 y 28 de agosto. Adem\u00e1s, todos los participantes podr\u00e1n convertirse en un Reportero Explora y cubrir las actividades que se realizan en sus respectivos colegios, adem\u00e1s de la Semana de la Ciencia y el Congreso Cient\u00edfico Escolar.<\/p>\n<p style=\"text-align: justify\"><strong>\u00bfC\u00f3mo participar?<\/strong><\/p>\n<p style=\"text-align: justify\">Para participar s\u00f3lo debes inscribirte en <strong><a href=\"mailto:magallanes.explora@gmail.com\">magallanes.explora@gmail.com<\/a><\/strong><a href=\"mailto:magallanes.explora@gmail.com\"> <\/a><a href=\"mailto:magallanes.explora@gmail.com\">y mencionar a qu\u00e9 nivel te corresponde asistir.<\/a><\/p>\n<p style=\"text-align: justify\">Nivel B\u00e1sico (5to a 8vo B\u00e1sico): 15:00hrs. a 16:30hrs.<\/p>\n<p style=\"text-align: justify\">Nivel Medio (1ero a 3ero Medio): 16:30hrs.&nbsp; a 18:00hrs.<\/p>\n","protected":false},"excerpt":{"rendered":"<p>Este segundo semestre se realizar\u00e1 en Punta Arenas el primer taller de Periodismo Cient\u00edtifico Escolar, actividad que tiene por objetivo estimular, capacitar y entregar herramientas a estudiantes de Educaci\u00f3n B\u00e1sica y Media sobre competencias de periodismo cient\u00edfico y su relaci\u00f3n con la sociedad. Los talleres se realizar\u00e1n los d\u00edas viernes 7, 14 y 21 de [&hellip;]<\/p>\n","protected":false},"author":2,"featured_media":280,"comment_status":"open","ping_status":"open","sticky":false,"template":"","format":"standard","meta":{"_acf_changed":false,"_exactmetrics_skip_tracking":false,"_exactmetrics_sitenote_active":false,"_exactmetrics_sitenote_note":"","_exactmetrics_sitenote_category":0,"footnotes":"","_links_to":"","_links_to_target":""},"categories":[4],"tags":[111,113,158,206],"class_list":["post-279","post","type-post","status-publish","format-standard","has-post-thumbnail","hentry","category-noticias","tag-periodismo","tag-reportero-explora","tag-taller","tag-tics"],"acf":[],"yoast_head":"<!-- This site is optimized with the Yoast SEO plugin v26.9 - https:\/\/yoast.com\/product\/yoast-seo-wordpress\/ -->\n<title>Inscr\u00edbete en el Taller de Periodismo Cient\u00edfico Escolar - Magallanes<\/title>\n<meta name=\"robots\" content=\"index, follow, max-snippet:-1, max-image-preview:large, max-video-preview:-1\" \/>\n<link rel=\"canonical\" href=\"https:\/\/explora.cl\/magallanes\/inscribete-en-el-taller-de-periodismo-cientifico\/\" class=\"yoast-seo-meta-tag\" \/>\n<meta property=\"og:locale\" content=\"es_ES\" class=\"yoast-seo-meta-tag\" \/>\n<meta property=\"og:type\" content=\"article\" class=\"yoast-seo-meta-tag\" \/>\n<meta property=\"og:title\" content=\"Inscr\u00edbete en el Taller de Periodismo Cient\u00edfico Escolar - Magallanes\" class=\"yoast-seo-meta-tag\" \/>\n<meta property=\"og:description\" content=\"Este segundo semestre se realizar\u00e1 en Punta Arenas el primer taller de Periodismo Cient\u00edtifico Escolar, actividad que tiene por objetivo estimular, capacitar y entregar herramientas a estudiantes de Educaci\u00f3n B\u00e1sica y Media sobre competencias de periodismo cient\u00edfico y su relaci\u00f3n con la sociedad. Los talleres se realizar\u00e1n los d\u00edas viernes 7, 14 y 21 de [&hellip;]\" class=\"yoast-seo-meta-tag\" \/>\n<meta property=\"og:url\" content=\"https:\/\/explora.cl\/magallanes\/inscribete-en-el-taller-de-periodismo-cientifico\/\" class=\"yoast-seo-meta-tag\" \/>\n<meta property=\"og:site_name\" content=\"Magallanes\" class=\"yoast-seo-meta-tag\" \/>\n<meta property=\"article:published_time\" content=\"2015-07-28T04:00:00+00:00\" class=\"yoast-seo-meta-tag\" \/>\n<meta property=\"article:modified_time\" content=\"2019-05-20T21:39:52+00:00\" class=\"yoast-seo-meta-tag\" \/>\n<meta property=\"og:image\" content=\"https:\/\/explora.cl\/magallanes\/wp-content\/uploads\/sites\/19\/2018\/06\/a33aefabb2eaebde4c5599d0e6352412.jpg\" class=\"yoast-seo-meta-tag\" \/>\n\t<meta property=\"og:image:width\" content=\"600\" class=\"yoast-seo-meta-tag\" \/>\n\t<meta property=\"og:image:height\" content=\"401\" class=\"yoast-seo-meta-tag\" \/>\n\t<meta property=\"og:image:type\" content=\"image\/jpeg\" class=\"yoast-seo-meta-tag\" \/>\n<meta name=\"author\" content=\"webman\" class=\"yoast-seo-meta-tag\" \/>\n<meta name=\"twitter:card\" content=\"summary_large_image\" class=\"yoast-seo-meta-tag\" \/>\n<meta name=\"twitter:label1\" content=\"Escrito por\" class=\"yoast-seo-meta-tag\" \/>\n\t<meta name=\"twitter:data1\" content=\"webman\" class=\"yoast-seo-meta-tag\" \/>\n\t<meta name=\"twitter:label2\" content=\"Tiempo estimado de lectura\" class=\"yoast-seo-meta-tag\" \/>\n\t<meta name=\"twitter:data2\" content=\"1 minuto\" class=\"yoast-seo-meta-tag\" \/>\n<script type=\"application\/ld+json\" class=\"yoast-schema-graph\">{\"@context\":\"https:\/\/schema.org\",\"@graph\":[{\"@type\":\"Article\",\"@id\":\"https:\/\/explora.cl\/magallanes\/inscribete-en-el-taller-de-periodismo-cientifico\/#article\",\"isPartOf\":{\"@id\":\"https:\/\/explora.cl\/magallanes\/inscribete-en-el-taller-de-periodismo-cientifico\/\"},\"author\":{\"name\":\"webman\",\"@id\":\"https:\/\/explora.cl\/magallanes\/#\/schema\/person\/cb8349c13ea2d324080adf8480d7ba5d\"},\"headline\":\"Inscr\u00edbete en el Taller de Periodismo Cient\u00edfico Escolar\",\"datePublished\":\"2015-07-28T04:00:00+00:00\",\"dateModified\":\"2019-05-20T21:39:52+00:00\",\"mainEntityOfPage\":{\"@id\":\"https:\/\/explora.cl\/magallanes\/inscribete-en-el-taller-de-periodismo-cientifico\/\"},\"wordCount\":215,\"commentCount\":0,\"publisher\":{\"@id\":\"https:\/\/explora.cl\/magallanes\/#organization\"},\"image\":{\"@id\":\"https:\/\/explora.cl\/magallanes\/inscribete-en-el-taller-de-periodismo-cientifico\/#primaryimage\"},\"thumbnailUrl\":\"https:\/\/explora.cl\/magallanes\/wp-content\/uploads\/sites\/19\/2018\/06\/a33aefabb2eaebde4c5599d0e6352412.jpg\",\"keywords\":[\"periodismo\",\"Reportero EXPLORA\",\"taller\",\"tics\"],\"articleSection\":[\"Noticias\"],\"inLanguage\":\"es-CL\",\"potentialAction\":[{\"@type\":\"CommentAction\",\"name\":\"Comment\",\"target\":[\"https:\/\/explora.cl\/magallanes\/inscribete-en-el-taller-de-periodismo-cientifico\/#respond\"]}]},{\"@type\":\"WebPage\",\"@id\":\"https:\/\/explora.cl\/magallanes\/inscribete-en-el-taller-de-periodismo-cientifico\/\",\"url\":\"https:\/\/explora.cl\/magallanes\/inscribete-en-el-taller-de-periodismo-cientifico\/\",\"name\":\"Inscr\u00edbete en el Taller de Periodismo Cient\u00edfico Escolar - Magallanes\",\"isPartOf\":{\"@id\":\"https:\/\/explora.cl\/magallanes\/#website\"},\"primaryImageOfPage\":{\"@id\":\"https:\/\/explora.cl\/magallanes\/inscribete-en-el-taller-de-periodismo-cientifico\/#primaryimage\"},\"image\":{\"@id\":\"https:\/\/explora.cl\/magallanes\/inscribete-en-el-taller-de-periodismo-cientifico\/#primaryimage\"},\"thumbnailUrl\":\"https:\/\/explora.cl\/magallanes\/wp-content\/uploads\/sites\/19\/2018\/06\/a33aefabb2eaebde4c5599d0e6352412.jpg\",\"datePublished\":\"2015-07-28T04:00:00+00:00\",\"dateModified\":\"2019-05-20T21:39:52+00:00\",\"breadcrumb\":{\"@id\":\"https:\/\/explora.cl\/magallanes\/inscribete-en-el-taller-de-periodismo-cientifico\/#breadcrumb\"},\"inLanguage\":\"es-CL\",\"potentialAction\":[{\"@type\":\"ReadAction\",\"target\":[\"https:\/\/explora.cl\/magallanes\/inscribete-en-el-taller-de-periodismo-cientifico\/\"]}]},{\"@type\":\"ImageObject\",\"inLanguage\":\"es-CL\",\"@id\":\"https:\/\/explora.cl\/magallanes\/inscribete-en-el-taller-de-periodismo-cientifico\/#primaryimage\",\"url\":\"https:\/\/explora.cl\/magallanes\/wp-content\/uploads\/sites\/19\/2018\/06\/a33aefabb2eaebde4c5599d0e6352412.jpg\",\"contentUrl\":\"https:\/\/explora.cl\/magallanes\/wp-content\/uploads\/sites\/19\/2018\/06\/a33aefabb2eaebde4c5599d0e6352412.jpg\",\"width\":600,\"height\":401},{\"@type\":\"BreadcrumbList\",\"@id\":\"https:\/\/explora.cl\/magallanes\/inscribete-en-el-taller-de-periodismo-cientifico\/#breadcrumb\",\"itemListElement\":[{\"@type\":\"ListItem\",\"position\":1,\"name\":\"Portada\",\"item\":\"https:\/\/explora.cl\/magallanes\/\"},{\"@type\":\"ListItem\",\"position\":2,\"name\":\"Inscr\u00edbete en el Taller de Periodismo Cient\u00edfico Escolar\"}]},{\"@type\":\"WebSite\",\"@id\":\"https:\/\/explora.cl\/magallanes\/#website\",\"url\":\"https:\/\/explora.cl\/magallanes\/\",\"name\":\"Magallanes\",\"description\":\"Otro sitio m\u00e1s de explora.cl\",\"publisher\":{\"@id\":\"https:\/\/explora.cl\/magallanes\/#organization\"},\"potentialAction\":[{\"@type\":\"SearchAction\",\"target\":{\"@type\":\"EntryPoint\",\"urlTemplate\":\"https:\/\/explora.cl\/magallanes\/?s={search_term_string}\"},\"query-input\":{\"@type\":\"PropertyValueSpecification\",\"valueRequired\":true,\"valueName\":\"search_term_string\"}}],\"inLanguage\":\"es-CL\"},{\"@type\":\"Organization\",\"@id\":\"https:\/\/explora.cl\/magallanes\/#organization\",\"name\":\"Magallanes\",\"url\":\"https:\/\/explora.cl\/magallanes\/\",\"logo\":{\"@type\":\"ImageObject\",\"inLanguage\":\"es-CL\",\"@id\":\"https:\/\/explora.cl\/magallanes\/#\/schema\/logo\/image\/\",\"url\":\"https:\/\/explora.cl\/magallanes\/wp-content\/uploads\/sites\/19\/2021\/06\/cropped-ICONO-COLOR-2.jpg\",\"contentUrl\":\"https:\/\/explora.cl\/magallanes\/wp-content\/uploads\/sites\/19\/2021\/06\/cropped-ICONO-COLOR-2.jpg\",\"width\":1181,\"height\":1181,\"caption\":\"Magallanes\"},\"image\":{\"@id\":\"https:\/\/explora.cl\/magallanes\/#\/schema\/logo\/image\/\"}},{\"@type\":\"Person\",\"@id\":\"https:\/\/explora.cl\/magallanes\/#\/schema\/person\/cb8349c13ea2d324080adf8480d7ba5d\",\"name\":\"webman\",\"image\":{\"@type\":\"ImageObject\",\"inLanguage\":\"es-CL\",\"@id\":\"https:\/\/explora.cl\/magallanes\/#\/schema\/person\/image\/\",\"url\":\"https:\/\/secure.gravatar.com\/avatar\/eeff3c82f2c02f7177d13663b7e6f890e9a6a0647ce9bb29cae02dcb094c7312?s=96&d=mm&r=g\",\"contentUrl\":\"https:\/\/secure.gravatar.com\/avatar\/eeff3c82f2c02f7177d13663b7e6f890e9a6a0647ce9bb29cae02dcb094c7312?s=96&d=mm&r=g\",\"caption\":\"webman\"},\"url\":\"https:\/\/explora.cl\/magallanes\/author\/webman\/\"}]}<\/script>\n<!-- \/ Yoast SEO plugin. -->","yoast_head_json":{"title":"Inscr\u00edbete en el Taller de Periodismo Cient\u00edfico Escolar - Magallanes","robots":{"index":"index","follow":"follow","max-snippet":"max-snippet:-1","max-image-preview":"max-image-preview:large","max-video-preview":"max-video-preview:-1"},"canonical":"https:\/\/explora.cl\/magallanes\/inscribete-en-el-taller-de-periodismo-cientifico\/","og_locale":"es_ES","og_type":"article","og_title":"Inscr\u00edbete en el Taller de Periodismo Cient\u00edfico Escolar - Magallanes","og_description":"Este segundo semestre se realizar\u00e1 en Punta Arenas el primer taller de Periodismo Cient\u00edtifico Escolar, actividad que tiene por objetivo estimular, capacitar y entregar herramientas a estudiantes de Educaci\u00f3n B\u00e1sica y Media sobre competencias de periodismo cient\u00edfico y su relaci\u00f3n con la sociedad. Los talleres se realizar\u00e1n los d\u00edas viernes 7, 14 y 21 de [&hellip;]","og_url":"https:\/\/explora.cl\/magallanes\/inscribete-en-el-taller-de-periodismo-cientifico\/","og_site_name":"Magallanes","article_published_time":"2015-07-28T04:00:00+00:00","article_modified_time":"2019-05-20T21:39:52+00:00","og_image":[{"width":600,"height":401,"url":"https:\/\/explora.cl\/magallanes\/wp-content\/uploads\/sites\/19\/2018\/06\/a33aefabb2eaebde4c5599d0e6352412.jpg","type":"image\/jpeg"}],"author":"webman","twitter_card":"summary_large_image","twitter_misc":{"Escrito por":"webman","Tiempo estimado de lectura":"1 minuto"},"schema":{"@context":"https:\/\/schema.org","@graph":[{"@type":"Article","@id":"https:\/\/explora.cl\/magallanes\/inscribete-en-el-taller-de-periodismo-cientifico\/#article","isPartOf":{"@id":"https:\/\/explora.cl\/magallanes\/inscribete-en-el-taller-de-periodismo-cientifico\/"},"author":{"name":"webman","@id":"https:\/\/explora.cl\/magallanes\/#\/schema\/person\/cb8349c13ea2d324080adf8480d7ba5d"},"headline":"Inscr\u00edbete en el Taller de Periodismo Cient\u00edfico Escolar","datePublished":"2015-07-28T04:00:00+00:00","dateModified":"2019-05-20T21:39:52+00:00","mainEntityOfPage":{"@id":"https:\/\/explora.cl\/magallanes\/inscribete-en-el-taller-de-periodismo-cientifico\/"},"wordCount":215,"commentCount":0,"publisher":{"@id":"https:\/\/explora.cl\/magallanes\/#organization"},"image":{"@id":"https:\/\/explora.cl\/magallanes\/inscribete-en-el-taller-de-periodismo-cientifico\/#primaryimage"},"thumbnailUrl":"https:\/\/explora.cl\/magallanes\/wp-content\/uploads\/sites\/19\/2018\/06\/a33aefabb2eaebde4c5599d0e6352412.jpg","keywords":["periodismo","Reportero EXPLORA","taller","tics"],"articleSection":["Noticias"],"inLanguage":"es-CL","potentialAction":[{"@type":"CommentAction","name":"Comment","target":["https:\/\/explora.cl\/magallanes\/inscribete-en-el-taller-de-periodismo-cientifico\/#respond"]}]},{"@type":"WebPage","@id":"https:\/\/explora.cl\/magallanes\/inscribete-en-el-taller-de-periodismo-cientifico\/","url":"https:\/\/explora.cl\/magallanes\/inscribete-en-el-taller-de-periodismo-cientifico\/","name":"Inscr\u00edbete en el Taller de Periodismo Cient\u00edfico Escolar - Magallanes","isPartOf":{"@id":"https:\/\/explora.cl\/magallanes\/#website"},"primaryImageOfPage":{"@id":"https:\/\/explora.cl\/magallanes\/inscribete-en-el-taller-de-periodismo-cientifico\/#primaryimage"},"image":{"@id":"https:\/\/explora.cl\/magallanes\/inscribete-en-el-taller-de-periodismo-cientifico\/#primaryimage"},"thumbnailUrl":"https:\/\/explora.cl\/magallanes\/wp-content\/uploads\/sites\/19\/2018\/06\/a33aefabb2eaebde4c5599d0e6352412.jpg","datePublished":"2015-07-28T04:00:00+00:00","dateModified":"2019-05-20T21:39:52+00:00","breadcrumb":{"@id":"https:\/\/explora.cl\/magallanes\/inscribete-en-el-taller-de-periodismo-cientifico\/#breadcrumb"},"inLanguage":"es-CL","potentialAction":[{"@type":"ReadAction","target":["https:\/\/explora.cl\/magallanes\/inscribete-en-el-taller-de-periodismo-cientifico\/"]}]},{"@type":"ImageObject","inLanguage":"es-CL","@id":"https:\/\/explora.cl\/magallanes\/inscribete-en-el-taller-de-periodismo-cientifico\/#primaryimage","url":"https:\/\/explora.cl\/magallanes\/wp-content\/uploads\/sites\/19\/2018\/06\/a33aefabb2eaebde4c5599d0e6352412.jpg","contentUrl":"https:\/\/explora.cl\/magallanes\/wp-content\/uploads\/sites\/19\/2018\/06\/a33aefabb2eaebde4c5599d0e6352412.jpg","width":600,"height":401},{"@type":"BreadcrumbList","@id":"https:\/\/explora.cl\/magallanes\/inscribete-en-el-taller-de-periodismo-cientifico\/#breadcrumb","itemListElement":[{"@type":"ListItem","position":1,"name":"Portada","item":"https:\/\/explora.cl\/magallanes\/"},{"@type":"ListItem","position":2,"name":"Inscr\u00edbete en el Taller de Periodismo Cient\u00edfico Escolar"}]},{"@type":"WebSite","@id":"https:\/\/explora.cl\/magallanes\/#website","url":"https:\/\/explora.cl\/magallanes\/","name":"Magallanes","description":"Otro sitio m\u00e1s de explora.cl","publisher":{"@id":"https:\/\/explora.cl\/magallanes\/#organization"},"potentialAction":[{"@type":"SearchAction","target":{"@type":"EntryPoint","urlTemplate":"https:\/\/explora.cl\/magallanes\/?s={search_term_string}"},"query-input":{"@type":"PropertyValueSpecification","valueRequired":true,"valueName":"search_term_string"}}],"inLanguage":"es-CL"},{"@type":"Organization","@id":"https:\/\/explora.cl\/magallanes\/#organization","name":"Magallanes","url":"https:\/\/explora.cl\/magallanes\/","logo":{"@type":"ImageObject","inLanguage":"es-CL","@id":"https:\/\/explora.cl\/magallanes\/#\/schema\/logo\/image\/","url":"https:\/\/explora.cl\/magallanes\/wp-content\/uploads\/sites\/19\/2021\/06\/cropped-ICONO-COLOR-2.jpg","contentUrl":"https:\/\/explora.cl\/magallanes\/wp-content\/uploads\/sites\/19\/2021\/06\/cropped-ICONO-COLOR-2.jpg","width":1181,"height":1181,"caption":"Magallanes"},"image":{"@id":"https:\/\/explora.cl\/magallanes\/#\/schema\/logo\/image\/"}},{"@type":"Person","@id":"https:\/\/explora.cl\/magallanes\/#\/schema\/person\/cb8349c13ea2d324080adf8480d7ba5d","name":"webman","image":{"@type":"ImageObject","inLanguage":"es-CL","@id":"https:\/\/explora.cl\/magallanes\/#\/schema\/person\/image\/","url":"https:\/\/secure.gravatar.com\/avatar\/eeff3c82f2c02f7177d13663b7e6f890e9a6a0647ce9bb29cae02dcb094c7312?s=96&d=mm&r=g","contentUrl":"https:\/\/secure.gravatar.com\/avatar\/eeff3c82f2c02f7177d13663b7e6f890e9a6a0647ce9bb29cae02dcb094c7312?s=96&d=mm&r=g","caption":"webman"},"url":"https:\/\/explora.cl\/magallanes\/author\/webman\/"}]}},"_links":{"self":[{"href":"https:\/\/explora.cl\/magallanes\/wp-json\/wp\/v2\/posts\/279","targetHints":{"allow":["GET"]}}],"collection":[{"href":"https:\/\/explora.cl\/magallanes\/wp-json\/wp\/v2\/posts"}],"about":[{"href":"https:\/\/explora.cl\/magallanes\/wp-json\/wp\/v2\/types\/post"}],"author":[{"embeddable":true,"href":"https:\/\/explora.cl\/magallanes\/wp-json\/wp\/v2\/users\/2"}],"replies":[{"embeddable":true,"href":"https:\/\/explora.cl\/magallanes\/wp-json\/wp\/v2\/comments?post=279"}],"version-history":[{"count":1,"href":"https:\/\/explora.cl\/magallanes\/wp-json\/wp\/v2\/posts\/279\/revisions"}],"predecessor-version":[{"id":37905,"href":"https:\/\/explora.cl\/magallanes\/wp-json\/wp\/v2\/posts\/279\/revisions\/37905"}],"wp:featuredmedia":[{"embeddable":true,"href":"https:\/\/explora.cl\/magallanes\/wp-json\/wp\/v2\/media\/280"}],"wp:attachment":[{"href":"https:\/\/explora.cl\/magallanes\/wp-json\/wp\/v2\/media?parent=279"}],"wp:term":[{"taxonomy":"category","embeddable":true,"href":"https:\/\/explora.cl\/magallanes\/wp-json\/wp\/v2\/categories?post=279"},{"taxonomy":"post_tag","embeddable":true,"href":"https:\/\/explora.cl\/magallanes\/wp-json\/wp\/v2\/tags?post=279"}],"curies":[{"name":"wp","href":"https:\/\/api.w.org\/{rel}","templated":true}]}}