{"id":275,"date":"2015-07-07T00:00:00","date_gmt":"2015-07-07T04:00:00","guid":{"rendered":"https:\/\/explora.cl\/magallanes\/blog\/2015\/07\/07\/estudiantes-de-magallanes-participan-en-talleres-de-biotecnologia-y-cerebro\/"},"modified":"2019-05-20T21:39:54","modified_gmt":"2019-05-20T21:39:54","slug":"estudiantes-de-magallanes-participan-en-talleres-de-biotecnologia-y-cerebro","status":"publish","type":"post","link":"https:\/\/explora.cl\/magallanes\/estudiantes-de-magallanes-participan-en-talleres-de-biotecnologia-y-cerebro\/","title":{"rendered":"Estudiantes de Magallanes participan en talleres de Biotecnolog\u00eda y Biolog\u00eda y Fisiolog\u00eda del Cerebro"},"content":{"rendered":"<p><img fetchpriority=\"high\" decoding=\"async\" class=\" size-full wp-image-12891\" src=\"http:\/\/ec2-34-218-253-251.us-west-2.compute.amazonaws.com\/wp-content\/uploads\/2015\/07\/7be2009338f404d05799285c0a9c5ce9.jpg\" alt=\"\" width=\"2048\" height=\"1357\" \/><\/p>\n<p>&nbsp;<\/p>\n<p style=\"text-align: justify\">Este martes se realiz\u00f3 la segunda jornada de los talleres de invierno que organiza PAR Explora Magallanes, el Centro de Envejecimiento y Regeneraci\u00f3n (CARE) y el Centro de Excelencia de Biomedicina de Magallanes (CEBIMA).<\/p>\n<p style=\"text-align: justify\">La actividad est\u00e1 dirigida a estudiantes de Ense\u00f1anza Media y consisten en dos cursos: \u201cBiotecnolog\u00eda: mitos y realidades\u201d y \u201cBiolog\u00eda y Fisiolog\u00eda del cerebro\u201d, ambos con una modalidad te\u00f3rica y pr\u00e1ctica, en las que se estimular\u00e1 el pensamiento cr\u00edtico, el an\u00e1lisis y la creatividad de m\u00e1s de 90 estudiantes de la regi\u00f3n.<\/p>\n<p style=\"text-align: justify\">La jornada estuvo a cargo del Doctor Eliseo Campos, qui\u00e9n entreg\u00f3 una aproximaci\u00f3n a la Historia de la Biotecnolog\u00eda, mientras que el segundo grupo comenz\u00f3 con el taller pr\u00e1ctico en el que tuvieron la oportunidad de observar el cerebro de una rata.<\/p>\n<p style=\"text-align: justify\">Macarena Arrazola, Qu\u00edmico y Doctora en Ciencias Biol\u00f3gicas estuvo a cargo del taller pr\u00e1ctico. \u201cCon el Taller de Biolog\u00eda y Fisiolog\u00eda del Cerebro hicimos un pr\u00e1ctico de visibilizaci\u00f3n morfol\u00f3gica de cerebros de ratas, que es un modelo muy utilizado en los laboratorios de investigaci\u00f3n para estudiar la morfolog\u00eda del cerebro y para que ellos puedan entender las estructuras que lo componen y extrapolarlo al cerebro humano y entender su funcionamiento\u201d, coment\u00f3.<\/p>\n<p style=\"text-align: justify\">Adem\u00e1s, Arrazola nos adelant\u00f3 lo que trabajar\u00e1n mi\u00e9rcoles, jueves y viernes. \u201cEn los pr\u00f3ximos d\u00edas trabajaremos con un modelo muy utilizado en neurobiolog\u00eda para estudiar el funcionamiento de las neuronas, que es un gusanito que nos permite hacer transformaciones gen\u00e9ticas y entender como se altera su comportamiento\u201d.<\/p>\n<p style=\"text-align: justify\">Los estudiantes fueron quienes m\u00e1s disfrutaron de la actividad, ya que aprendieron y desarrollaron diversas habilidades en los talleres pr\u00e1cticos. \u201cEl taller lo encontr\u00e9 super interesante, ya que trabajamos con el cerebro de una rata. Le tuvimos que hacer cortes e identificar las distintas partes como la m\u00e9dula, el hipot\u00e1lamo, el cerebelo. Fuimos observando y anotando lo que ve\u00edamos para luego realizar nuestro informe\u201d, coment\u00f3 Francesca Barr\u00eda, estudiante de 3\u00ba Medio del Liceo Mar\u00eda Mazzarello de Puerto Natales.<\/p>\n<p style=\"text-align: justify\">\u201cYo estoy en el Taller de Biotecnolog\u00eda y es un excelente oportunidad de aprendizaje. Lo malo es que somos s\u00f3lo 10 estudiantes por colegio, pero los que hemos tenidos la oportunidad de venir lo sentimos como un regalo. Estamos aprendiendo mucho y podemos relacionarnos con chicos que tienen nuestros mismos intereses. El a\u00f1o pasado tuve la oportunidad de venir al taller de neurociencias y aprend\u00ed mucho, ya que yo quiero estudiar Medicina y especializarme en Neurolog\u00eda\u201d, coment\u00f3 Sebasti\u00e1n Vidal del Liceo Experimental de la Umag.<\/p>\n<p style=\"text-align: justify\">Los talleres continuar\u00e1n hasta el pr\u00f3ximo viernes 10 de julio y culminar\u00e1n con una clase magistral del Premio Nacional de Ciencias Nibaldo Inestrosa.<\/p>\n<p style=\"text-align: justify\">Revisa las fotograf\u00edas de esta actividad <a href=\"https:\/\/www.facebook.com\/media\/set\/?set=a.1659954527574727.1073741889.1447439915492857&amp;type=3\"><span style=\"text-decoration: underline\"><strong>aqu\u00ed<\/strong><\/span><\/a><\/p>\n<p>&nbsp;<\/p>\n","protected":false},"excerpt":{"rendered":"<p>&nbsp; Este martes se realiz\u00f3 la segunda jornada de los talleres de invierno que organiza PAR Explora Magallanes, el Centro de Envejecimiento y Regeneraci\u00f3n (CARE) y el Centro de Excelencia de Biomedicina de Magallanes (CEBIMA). La actividad est\u00e1 dirigida a estudiantes de Ense\u00f1anza Media y consisten en dos cursos: \u201cBiotecnolog\u00eda: mitos y realidades\u201d y \u201cBiolog\u00eda [&hellip;]<\/p>\n","protected":false},"author":2,"featured_media":276,"comment_status":"open","ping_status":"open","sticky":false,"template":"","format":"standard","meta":{"_acf_changed":false,"_exactmetrics_skip_tracking":false,"_exactmetrics_sitenote_active":false,"_exactmetrics_sitenote_note":"","_exactmetrics_sitenote_category":0,"footnotes":"","_links_to":"","_links_to_target":""},"categories":[4],"tags":[109,178,204],"class_list":["post-275","post","type-post","status-publish","format-standard","has-post-thumbnail","hentry","category-noticias","tag-biologia","tag-biotecnologia","tag-cerebro"],"acf":[],"yoast_head":"<!-- This site is optimized with the Yoast SEO plugin v26.9 - https:\/\/yoast.com\/product\/yoast-seo-wordpress\/ -->\n<title>Estudiantes de Magallanes participan en talleres de Biotecnolog\u00eda y Biolog\u00eda y Fisiolog\u00eda del Cerebro - Magallanes<\/title>\n<meta name=\"robots\" content=\"index, follow, max-snippet:-1, max-image-preview:large, max-video-preview:-1\" \/>\n<link rel=\"canonical\" href=\"https:\/\/explora.cl\/magallanes\/estudiantes-de-magallanes-participan-en-talleres-de-biotecnologia-y-cerebro\/\" class=\"yoast-seo-meta-tag\" \/>\n<meta property=\"og:locale\" content=\"es_ES\" class=\"yoast-seo-meta-tag\" \/>\n<meta property=\"og:type\" content=\"article\" class=\"yoast-seo-meta-tag\" \/>\n<meta property=\"og:title\" content=\"Estudiantes de Magallanes participan en talleres de Biotecnolog\u00eda y Biolog\u00eda y Fisiolog\u00eda del Cerebro - Magallanes\" class=\"yoast-seo-meta-tag\" \/>\n<meta property=\"og:description\" content=\"&nbsp; Este martes se realiz\u00f3 la segunda jornada de los talleres de invierno que organiza PAR Explora Magallanes, el Centro de Envejecimiento y Regeneraci\u00f3n (CARE) y el Centro de Excelencia de Biomedicina de Magallanes (CEBIMA). La actividad est\u00e1 dirigida a estudiantes de Ense\u00f1anza Media y consisten en dos cursos: \u201cBiotecnolog\u00eda: mitos y realidades\u201d y \u201cBiolog\u00eda [&hellip;]\" class=\"yoast-seo-meta-tag\" \/>\n<meta property=\"og:url\" content=\"https:\/\/explora.cl\/magallanes\/estudiantes-de-magallanes-participan-en-talleres-de-biotecnologia-y-cerebro\/\" class=\"yoast-seo-meta-tag\" \/>\n<meta property=\"og:site_name\" content=\"Magallanes\" class=\"yoast-seo-meta-tag\" \/>\n<meta property=\"article:published_time\" content=\"2015-07-07T04:00:00+00:00\" class=\"yoast-seo-meta-tag\" \/>\n<meta property=\"article:modified_time\" content=\"2019-05-20T21:39:54+00:00\" class=\"yoast-seo-meta-tag\" \/>\n<meta property=\"og:image\" content=\"https:\/\/explora.cl\/magallanes\/wp-content\/uploads\/sites\/19\/2018\/06\/7be2009338f404d05799285c0a9c5ce9.jpg\" class=\"yoast-seo-meta-tag\" \/>\n\t<meta property=\"og:image:width\" content=\"2048\" class=\"yoast-seo-meta-tag\" \/>\n\t<meta property=\"og:image:height\" content=\"1357\" class=\"yoast-seo-meta-tag\" \/>\n\t<meta property=\"og:image:type\" content=\"image\/jpeg\" class=\"yoast-seo-meta-tag\" \/>\n<meta name=\"author\" content=\"webman\" class=\"yoast-seo-meta-tag\" \/>\n<meta name=\"twitter:card\" content=\"summary_large_image\" class=\"yoast-seo-meta-tag\" \/>\n<meta name=\"twitter:label1\" content=\"Escrito por\" class=\"yoast-seo-meta-tag\" \/>\n\t<meta name=\"twitter:data1\" content=\"webman\" class=\"yoast-seo-meta-tag\" \/>\n\t<meta name=\"twitter:label2\" content=\"Tiempo estimado de lectura\" class=\"yoast-seo-meta-tag\" \/>\n\t<meta name=\"twitter:data2\" content=\"2 minutos\" class=\"yoast-seo-meta-tag\" \/>\n<script type=\"application\/ld+json\" class=\"yoast-schema-graph\">{\"@context\":\"https:\/\/schema.org\",\"@graph\":[{\"@type\":\"Article\",\"@id\":\"https:\/\/explora.cl\/magallanes\/estudiantes-de-magallanes-participan-en-talleres-de-biotecnologia-y-cerebro\/#article\",\"isPartOf\":{\"@id\":\"https:\/\/explora.cl\/magallanes\/estudiantes-de-magallanes-participan-en-talleres-de-biotecnologia-y-cerebro\/\"},\"author\":{\"name\":\"webman\",\"@id\":\"https:\/\/explora.cl\/magallanes\/#\/schema\/person\/cb8349c13ea2d324080adf8480d7ba5d\"},\"headline\":\"Estudiantes de Magallanes participan en talleres de Biotecnolog\u00eda y Biolog\u00eda y Fisiolog\u00eda del Cerebro\",\"datePublished\":\"2015-07-07T04:00:00+00:00\",\"dateModified\":\"2019-05-20T21:39:54+00:00\",\"mainEntityOfPage\":{\"@id\":\"https:\/\/explora.cl\/magallanes\/estudiantes-de-magallanes-participan-en-talleres-de-biotecnologia-y-cerebro\/\"},\"wordCount\":502,\"commentCount\":0,\"publisher\":{\"@id\":\"https:\/\/explora.cl\/magallanes\/#organization\"},\"image\":{\"@id\":\"https:\/\/explora.cl\/magallanes\/estudiantes-de-magallanes-participan-en-talleres-de-biotecnologia-y-cerebro\/#primaryimage\"},\"thumbnailUrl\":\"https:\/\/explora.cl\/magallanes\/wp-content\/uploads\/sites\/19\/2018\/06\/7be2009338f404d05799285c0a9c5ce9.jpg\",\"keywords\":[\"biolog\u00eda\",\"biotecnolog\u00eda\",\"cerebro\"],\"articleSection\":[\"Noticias\"],\"inLanguage\":\"es-CL\",\"potentialAction\":[{\"@type\":\"CommentAction\",\"name\":\"Comment\",\"target\":[\"https:\/\/explora.cl\/magallanes\/estudiantes-de-magallanes-participan-en-talleres-de-biotecnologia-y-cerebro\/#respond\"]}]},{\"@type\":\"WebPage\",\"@id\":\"https:\/\/explora.cl\/magallanes\/estudiantes-de-magallanes-participan-en-talleres-de-biotecnologia-y-cerebro\/\",\"url\":\"https:\/\/explora.cl\/magallanes\/estudiantes-de-magallanes-participan-en-talleres-de-biotecnologia-y-cerebro\/\",\"name\":\"Estudiantes de Magallanes participan en talleres de Biotecnolog\u00eda y Biolog\u00eda y Fisiolog\u00eda del Cerebro - Magallanes\",\"isPartOf\":{\"@id\":\"https:\/\/explora.cl\/magallanes\/#website\"},\"primaryImageOfPage\":{\"@id\":\"https:\/\/explora.cl\/magallanes\/estudiantes-de-magallanes-participan-en-talleres-de-biotecnologia-y-cerebro\/#primaryimage\"},\"image\":{\"@id\":\"https:\/\/explora.cl\/magallanes\/estudiantes-de-magallanes-participan-en-talleres-de-biotecnologia-y-cerebro\/#primaryimage\"},\"thumbnailUrl\":\"https:\/\/explora.cl\/magallanes\/wp-content\/uploads\/sites\/19\/2018\/06\/7be2009338f404d05799285c0a9c5ce9.jpg\",\"datePublished\":\"2015-07-07T04:00:00+00:00\",\"dateModified\":\"2019-05-20T21:39:54+00:00\",\"breadcrumb\":{\"@id\":\"https:\/\/explora.cl\/magallanes\/estudiantes-de-magallanes-participan-en-talleres-de-biotecnologia-y-cerebro\/#breadcrumb\"},\"inLanguage\":\"es-CL\",\"potentialAction\":[{\"@type\":\"ReadAction\",\"target\":[\"https:\/\/explora.cl\/magallanes\/estudiantes-de-magallanes-participan-en-talleres-de-biotecnologia-y-cerebro\/\"]}]},{\"@type\":\"ImageObject\",\"inLanguage\":\"es-CL\",\"@id\":\"https:\/\/explora.cl\/magallanes\/estudiantes-de-magallanes-participan-en-talleres-de-biotecnologia-y-cerebro\/#primaryimage\",\"url\":\"https:\/\/explora.cl\/magallanes\/wp-content\/uploads\/sites\/19\/2018\/06\/7be2009338f404d05799285c0a9c5ce9.jpg\",\"contentUrl\":\"https:\/\/explora.cl\/magallanes\/wp-content\/uploads\/sites\/19\/2018\/06\/7be2009338f404d05799285c0a9c5ce9.jpg\",\"width\":2048,\"height\":1357},{\"@type\":\"BreadcrumbList\",\"@id\":\"https:\/\/explora.cl\/magallanes\/estudiantes-de-magallanes-participan-en-talleres-de-biotecnologia-y-cerebro\/#breadcrumb\",\"itemListElement\":[{\"@type\":\"ListItem\",\"position\":1,\"name\":\"Portada\",\"item\":\"https:\/\/explora.cl\/magallanes\/\"},{\"@type\":\"ListItem\",\"position\":2,\"name\":\"Estudiantes de Magallanes participan en talleres de Biotecnolog\u00eda y Biolog\u00eda y Fisiolog\u00eda del Cerebro\"}]},{\"@type\":\"WebSite\",\"@id\":\"https:\/\/explora.cl\/magallanes\/#website\",\"url\":\"https:\/\/explora.cl\/magallanes\/\",\"name\":\"Magallanes\",\"description\":\"Otro sitio m\u00e1s de explora.cl\",\"publisher\":{\"@id\":\"https:\/\/explora.cl\/magallanes\/#organization\"},\"potentialAction\":[{\"@type\":\"SearchAction\",\"target\":{\"@type\":\"EntryPoint\",\"urlTemplate\":\"https:\/\/explora.cl\/magallanes\/?s={search_term_string}\"},\"query-input\":{\"@type\":\"PropertyValueSpecification\",\"valueRequired\":true,\"valueName\":\"search_term_string\"}}],\"inLanguage\":\"es-CL\"},{\"@type\":\"Organization\",\"@id\":\"https:\/\/explora.cl\/magallanes\/#organization\",\"name\":\"Magallanes\",\"url\":\"https:\/\/explora.cl\/magallanes\/\",\"logo\":{\"@type\":\"ImageObject\",\"inLanguage\":\"es-CL\",\"@id\":\"https:\/\/explora.cl\/magallanes\/#\/schema\/logo\/image\/\",\"url\":\"https:\/\/explora.cl\/magallanes\/wp-content\/uploads\/sites\/19\/2021\/06\/cropped-ICONO-COLOR-2.jpg\",\"contentUrl\":\"https:\/\/explora.cl\/magallanes\/wp-content\/uploads\/sites\/19\/2021\/06\/cropped-ICONO-COLOR-2.jpg\",\"width\":1181,\"height\":1181,\"caption\":\"Magallanes\"},\"image\":{\"@id\":\"https:\/\/explora.cl\/magallanes\/#\/schema\/logo\/image\/\"}},{\"@type\":\"Person\",\"@id\":\"https:\/\/explora.cl\/magallanes\/#\/schema\/person\/cb8349c13ea2d324080adf8480d7ba5d\",\"name\":\"webman\",\"image\":{\"@type\":\"ImageObject\",\"inLanguage\":\"es-CL\",\"@id\":\"https:\/\/explora.cl\/magallanes\/#\/schema\/person\/image\/\",\"url\":\"https:\/\/secure.gravatar.com\/avatar\/eeff3c82f2c02f7177d13663b7e6f890e9a6a0647ce9bb29cae02dcb094c7312?s=96&d=mm&r=g\",\"contentUrl\":\"https:\/\/secure.gravatar.com\/avatar\/eeff3c82f2c02f7177d13663b7e6f890e9a6a0647ce9bb29cae02dcb094c7312?s=96&d=mm&r=g\",\"caption\":\"webman\"},\"url\":\"https:\/\/explora.cl\/magallanes\/author\/webman\/\"}]}<\/script>\n<!-- \/ Yoast SEO plugin. -->","yoast_head_json":{"title":"Estudiantes de Magallanes participan en talleres de Biotecnolog\u00eda y Biolog\u00eda y Fisiolog\u00eda del Cerebro - Magallanes","robots":{"index":"index","follow":"follow","max-snippet":"max-snippet:-1","max-image-preview":"max-image-preview:large","max-video-preview":"max-video-preview:-1"},"canonical":"https:\/\/explora.cl\/magallanes\/estudiantes-de-magallanes-participan-en-talleres-de-biotecnologia-y-cerebro\/","og_locale":"es_ES","og_type":"article","og_title":"Estudiantes de Magallanes participan en talleres de Biotecnolog\u00eda y Biolog\u00eda y Fisiolog\u00eda del Cerebro - Magallanes","og_description":"&nbsp; Este martes se realiz\u00f3 la segunda jornada de los talleres de invierno que organiza PAR Explora Magallanes, el Centro de Envejecimiento y Regeneraci\u00f3n (CARE) y el Centro de Excelencia de Biomedicina de Magallanes (CEBIMA). La actividad est\u00e1 dirigida a estudiantes de Ense\u00f1anza Media y consisten en dos cursos: \u201cBiotecnolog\u00eda: mitos y realidades\u201d y \u201cBiolog\u00eda [&hellip;]","og_url":"https:\/\/explora.cl\/magallanes\/estudiantes-de-magallanes-participan-en-talleres-de-biotecnologia-y-cerebro\/","og_site_name":"Magallanes","article_published_time":"2015-07-07T04:00:00+00:00","article_modified_time":"2019-05-20T21:39:54+00:00","og_image":[{"width":2048,"height":1357,"url":"https:\/\/explora.cl\/magallanes\/wp-content\/uploads\/sites\/19\/2018\/06\/7be2009338f404d05799285c0a9c5ce9.jpg","type":"image\/jpeg"}],"author":"webman","twitter_card":"summary_large_image","twitter_misc":{"Escrito por":"webman","Tiempo estimado de lectura":"2 minutos"},"schema":{"@context":"https:\/\/schema.org","@graph":[{"@type":"Article","@id":"https:\/\/explora.cl\/magallanes\/estudiantes-de-magallanes-participan-en-talleres-de-biotecnologia-y-cerebro\/#article","isPartOf":{"@id":"https:\/\/explora.cl\/magallanes\/estudiantes-de-magallanes-participan-en-talleres-de-biotecnologia-y-cerebro\/"},"author":{"name":"webman","@id":"https:\/\/explora.cl\/magallanes\/#\/schema\/person\/cb8349c13ea2d324080adf8480d7ba5d"},"headline":"Estudiantes de Magallanes participan en talleres de Biotecnolog\u00eda y Biolog\u00eda y Fisiolog\u00eda del Cerebro","datePublished":"2015-07-07T04:00:00+00:00","dateModified":"2019-05-20T21:39:54+00:00","mainEntityOfPage":{"@id":"https:\/\/explora.cl\/magallanes\/estudiantes-de-magallanes-participan-en-talleres-de-biotecnologia-y-cerebro\/"},"wordCount":502,"commentCount":0,"publisher":{"@id":"https:\/\/explora.cl\/magallanes\/#organization"},"image":{"@id":"https:\/\/explora.cl\/magallanes\/estudiantes-de-magallanes-participan-en-talleres-de-biotecnologia-y-cerebro\/#primaryimage"},"thumbnailUrl":"https:\/\/explora.cl\/magallanes\/wp-content\/uploads\/sites\/19\/2018\/06\/7be2009338f404d05799285c0a9c5ce9.jpg","keywords":["biolog\u00eda","biotecnolog\u00eda","cerebro"],"articleSection":["Noticias"],"inLanguage":"es-CL","potentialAction":[{"@type":"CommentAction","name":"Comment","target":["https:\/\/explora.cl\/magallanes\/estudiantes-de-magallanes-participan-en-talleres-de-biotecnologia-y-cerebro\/#respond"]}]},{"@type":"WebPage","@id":"https:\/\/explora.cl\/magallanes\/estudiantes-de-magallanes-participan-en-talleres-de-biotecnologia-y-cerebro\/","url":"https:\/\/explora.cl\/magallanes\/estudiantes-de-magallanes-participan-en-talleres-de-biotecnologia-y-cerebro\/","name":"Estudiantes de Magallanes participan en talleres de Biotecnolog\u00eda y Biolog\u00eda y Fisiolog\u00eda del Cerebro - Magallanes","isPartOf":{"@id":"https:\/\/explora.cl\/magallanes\/#website"},"primaryImageOfPage":{"@id":"https:\/\/explora.cl\/magallanes\/estudiantes-de-magallanes-participan-en-talleres-de-biotecnologia-y-cerebro\/#primaryimage"},"image":{"@id":"https:\/\/explora.cl\/magallanes\/estudiantes-de-magallanes-participan-en-talleres-de-biotecnologia-y-cerebro\/#primaryimage"},"thumbnailUrl":"https:\/\/explora.cl\/magallanes\/wp-content\/uploads\/sites\/19\/2018\/06\/7be2009338f404d05799285c0a9c5ce9.jpg","datePublished":"2015-07-07T04:00:00+00:00","dateModified":"2019-05-20T21:39:54+00:00","breadcrumb":{"@id":"https:\/\/explora.cl\/magallanes\/estudiantes-de-magallanes-participan-en-talleres-de-biotecnologia-y-cerebro\/#breadcrumb"},"inLanguage":"es-CL","potentialAction":[{"@type":"ReadAction","target":["https:\/\/explora.cl\/magallanes\/estudiantes-de-magallanes-participan-en-talleres-de-biotecnologia-y-cerebro\/"]}]},{"@type":"ImageObject","inLanguage":"es-CL","@id":"https:\/\/explora.cl\/magallanes\/estudiantes-de-magallanes-participan-en-talleres-de-biotecnologia-y-cerebro\/#primaryimage","url":"https:\/\/explora.cl\/magallanes\/wp-content\/uploads\/sites\/19\/2018\/06\/7be2009338f404d05799285c0a9c5ce9.jpg","contentUrl":"https:\/\/explora.cl\/magallanes\/wp-content\/uploads\/sites\/19\/2018\/06\/7be2009338f404d05799285c0a9c5ce9.jpg","width":2048,"height":1357},{"@type":"BreadcrumbList","@id":"https:\/\/explora.cl\/magallanes\/estudiantes-de-magallanes-participan-en-talleres-de-biotecnologia-y-cerebro\/#breadcrumb","itemListElement":[{"@type":"ListItem","position":1,"name":"Portada","item":"https:\/\/explora.cl\/magallanes\/"},{"@type":"ListItem","position":2,"name":"Estudiantes de Magallanes participan en talleres de Biotecnolog\u00eda y Biolog\u00eda y Fisiolog\u00eda del Cerebro"}]},{"@type":"WebSite","@id":"https:\/\/explora.cl\/magallanes\/#website","url":"https:\/\/explora.cl\/magallanes\/","name":"Magallanes","description":"Otro sitio m\u00e1s de explora.cl","publisher":{"@id":"https:\/\/explora.cl\/magallanes\/#organization"},"potentialAction":[{"@type":"SearchAction","target":{"@type":"EntryPoint","urlTemplate":"https:\/\/explora.cl\/magallanes\/?s={search_term_string}"},"query-input":{"@type":"PropertyValueSpecification","valueRequired":true,"valueName":"search_term_string"}}],"inLanguage":"es-CL"},{"@type":"Organization","@id":"https:\/\/explora.cl\/magallanes\/#organization","name":"Magallanes","url":"https:\/\/explora.cl\/magallanes\/","logo":{"@type":"ImageObject","inLanguage":"es-CL","@id":"https:\/\/explora.cl\/magallanes\/#\/schema\/logo\/image\/","url":"https:\/\/explora.cl\/magallanes\/wp-content\/uploads\/sites\/19\/2021\/06\/cropped-ICONO-COLOR-2.jpg","contentUrl":"https:\/\/explora.cl\/magallanes\/wp-content\/uploads\/sites\/19\/2021\/06\/cropped-ICONO-COLOR-2.jpg","width":1181,"height":1181,"caption":"Magallanes"},"image":{"@id":"https:\/\/explora.cl\/magallanes\/#\/schema\/logo\/image\/"}},{"@type":"Person","@id":"https:\/\/explora.cl\/magallanes\/#\/schema\/person\/cb8349c13ea2d324080adf8480d7ba5d","name":"webman","image":{"@type":"ImageObject","inLanguage":"es-CL","@id":"https:\/\/explora.cl\/magallanes\/#\/schema\/person\/image\/","url":"https:\/\/secure.gravatar.com\/avatar\/eeff3c82f2c02f7177d13663b7e6f890e9a6a0647ce9bb29cae02dcb094c7312?s=96&d=mm&r=g","contentUrl":"https:\/\/secure.gravatar.com\/avatar\/eeff3c82f2c02f7177d13663b7e6f890e9a6a0647ce9bb29cae02dcb094c7312?s=96&d=mm&r=g","caption":"webman"},"url":"https:\/\/explora.cl\/magallanes\/author\/webman\/"}]}},"_links":{"self":[{"href":"https:\/\/explora.cl\/magallanes\/wp-json\/wp\/v2\/posts\/275","targetHints":{"allow":["GET"]}}],"collection":[{"href":"https:\/\/explora.cl\/magallanes\/wp-json\/wp\/v2\/posts"}],"about":[{"href":"https:\/\/explora.cl\/magallanes\/wp-json\/wp\/v2\/types\/post"}],"author":[{"embeddable":true,"href":"https:\/\/explora.cl\/magallanes\/wp-json\/wp\/v2\/users\/2"}],"replies":[{"embeddable":true,"href":"https:\/\/explora.cl\/magallanes\/wp-json\/wp\/v2\/comments?post=275"}],"version-history":[{"count":1,"href":"https:\/\/explora.cl\/magallanes\/wp-json\/wp\/v2\/posts\/275\/revisions"}],"predecessor-version":[{"id":37908,"href":"https:\/\/explora.cl\/magallanes\/wp-json\/wp\/v2\/posts\/275\/revisions\/37908"}],"wp:featuredmedia":[{"embeddable":true,"href":"https:\/\/explora.cl\/magallanes\/wp-json\/wp\/v2\/media\/276"}],"wp:attachment":[{"href":"https:\/\/explora.cl\/magallanes\/wp-json\/wp\/v2\/media?parent=275"}],"wp:term":[{"taxonomy":"category","embeddable":true,"href":"https:\/\/explora.cl\/magallanes\/wp-json\/wp\/v2\/categories?post=275"},{"taxonomy":"post_tag","embeddable":true,"href":"https:\/\/explora.cl\/magallanes\/wp-json\/wp\/v2\/tags?post=275"}],"curies":[{"name":"wp","href":"https:\/\/api.w.org\/{rel}","templated":true}]}}