{"id":273,"date":"2015-06-27T00:00:00","date_gmt":"2015-06-27T04:00:00","guid":{"rendered":"https:\/\/explora.cl\/magallanes\/blog\/2015\/06\/27\/lanzamiento-de-la-feria-antartica-escolar-en-punta-arenas\/"},"modified":"2019-05-20T21:39:59","modified_gmt":"2019-05-20T21:39:59","slug":"lanzamiento-de-la-feria-antartica-escolar-en-punta-arenas","status":"publish","type":"post","link":"https:\/\/explora.cl\/magallanes\/lanzamiento-de-la-feria-antartica-escolar-en-punta-arenas\/","title":{"rendered":"Lanzamiento de la Feria Ant\u00e1rtica Escolar en Punta Arenas"},"content":{"rendered":"<p><img fetchpriority=\"high\" decoding=\"async\" class=\" size-full wp-image-12841\" src=\"http:\/\/ec2-34-218-253-251.us-west-2.compute.amazonaws.com\/wp-content\/uploads\/2015\/06\/c1c94755ffdad90d93ea1a3b7fb4ea36.jpg\" alt=\"\" width=\"2048\" height=\"1357\" \/><\/p>\n<p><strong><\/strong>Hace algunos d\u00edas se realiz\u00f3 en el Liceo Experimental de la Universidad de Magallanes el Lanzamiento de la Feria Ant\u00e1rtica Escolar, organizada por el Instituto Ant\u00e1rtico Chileno y difundido por PAR Explora Magallanes y el Programa Gaia Ant\u00e1rtica de la UMAG.<\/p>\n<p style=\"text-align: justify\">&nbsp;<\/p>\n<p style=\"text-align: justify\">Al lanzamiento asistieron estudiantes de ense\u00f1anza media del Colegio Luterano, Colegio Alem\u00e1n y Colegio Brit\u00e1nico, quienes pudieron conocer las novedades del concurso y asombrarse con la diversidad de fauna que existe en el territorio ant\u00e1rtico y sub-ant\u00e1rtico.<\/p>\n<p style=\"text-align: justify\">Cristian Aldea, investigador del Programa GAIA Ant\u00e1rtica invit\u00f3 a los estudiantes magall\u00e1nicos a postular, mostrando las novedades que trae este 2015 la Feria Ant\u00e1rtica Escolar. \u201cEste a\u00f1o la FAE trae dos niveles, ya que pueden postular trabajos en nivel avanzado o inicial. El nivel avanzado corresponde a equipos han postulados trabajos con cierto \u00e9xito en versiones anteriores, que tengan un asesor cient\u00edfico o que su proyecto est\u00e9 enmarcado dentro de un proyecto cient\u00edfico m\u00e1s grande. Por otro lado en el nivel inicial podr\u00e1n postular aquellos equipos que nunca han postulado a la FAE o aquellos ni\u00f1os a los que se les ocurre reci\u00e9n una idea y est\u00e1n trabajando en ella sin apoyo de cient\u00edficos\u201d, coment\u00f3.<\/p>\n<p style=\"text-align: justify\">Adem\u00e1s, se cont\u00f3 con dos charlas magistrales. La primera de ellas estuvo a cargo de Anelio Aguayo-Lobos M\u00e9dico Veterinario del Instituto Ant\u00e1rtico Chileno, qui\u00e9n convers\u00f3 con los estudiantes sobre los mam\u00edferos ant\u00e1rticos. Luego fue el turno de Alfredo Soto, Acad\u00e9mico de la Universidad de Magallanes y Director del Programa GAIA Ant\u00e1rtica, qui\u00e9n expuso sobre la importancia que tiene para el mundo el estudiar la Ant\u00e1rtica.<\/p>\n<p><strong>\u00bfQu\u00e9 es la FAE?<\/strong><\/p>\n<p>Cada a\u00f1o el Instituto Ant\u00e1rtico Chileno (INACH) convoca a estudiantes de ense\u00f1anza media del pa\u00eds a postular proyectos de investigaci\u00f3n cient\u00edfica de nivel escolar y participar de la Feria Ant\u00e1rtica Escolar, un evento \u00fanico en su clase en el mundo. A trav\u00e9s de este concurso, j\u00f3venes estudiantes desarrollan sus habilidades en el uso del m\u00e9todo cient\u00edfico para encontrar respuestas a los enigmas que a\u00fan guarda el Continente Blanco. De esta manera, la FAE promueve el conocimiento y valoraci\u00f3n de la Ant\u00e1rtica en los j\u00f3venes de Chile.<\/p>\n<p><strong>\u00bfC\u00f3mo participar de la FAE?<\/strong><\/p>\n<p>En primer lugar debes leer las bases en<a href=\"http:\/\/www.inach.cl\/fae\/participa\"><strong><span style=\"color: #0000ff\"> <span style=\"color: #0000ff\">http:\/\/www.inach.cl\/fae\/participa<\/span>.<\/span><\/strong><\/a><\/p>\n<p><span style=\"color: #000000\"><strong>Premio<br data-mce-bogus=\"1\" \/><\/strong><\/span><\/p>\n<p>Los dos equipos de estudiantes mejor evaluados durante la XII FAE, en cada una de sus categor\u00edas, ganar\u00e1n el derecho a integrar la Expedici\u00f3n Ant\u00e1rtica Escolar 2016. Adem\u00e1s, el jurado se reserva el derecho de entregar un premio al \u201cEsp\u00edritu Ant\u00e1rtico\u201d, cuyo objetivo es valorar p\u00fablicamente el inter\u00e9s de los j\u00f3venes, su docente gu\u00eda y el establecimiento educacional por la aventura del conocimiento ant\u00e1rtico.<\/p>\n<p>Durante su estad\u00eda en Ant\u00e1rtica, los j\u00f3venes realizan un intenso programa de actividades cient\u00edficas junto a investigadores del INACH en diversos puntos de la isla Rey Jorge. Adem\u00e1s, tienen la oportunidad de conocer las diferentes culturas de los pa\u00edses que tienen bases en este sector, tales como Rusia, China, Uruguay, Corea y Chile.<\/p>\n<p>M\u00e1s informaci\u00f3n ac\u00e1: <a href=\"http:\/\/www.inach.cl\/fae\/\"><strong>www.inach.cl\/fae\/<\/strong><\/a><\/p>\n<p>&nbsp;<\/p>\n<p>&nbsp;<\/p>\n","protected":false},"excerpt":{"rendered":"<p>Hace algunos d\u00edas se realiz\u00f3 en el Liceo Experimental de la Universidad de Magallanes el Lanzamiento de la Feria Ant\u00e1rtica Escolar, organizada por el Instituto Ant\u00e1rtico Chileno y difundido por PAR Explora Magallanes y el Programa Gaia Ant\u00e1rtica de la UMAG. &nbsp; Al lanzamiento asistieron estudiantes de ense\u00f1anza media del Colegio Luterano, Colegio Alem\u00e1n y [&hellip;]<\/p>\n","protected":false},"author":2,"featured_media":274,"comment_status":"open","ping_status":"open","sticky":false,"template":"","format":"standard","meta":{"_acf_changed":false,"_exactmetrics_skip_tracking":false,"_exactmetrics_sitenote_active":false,"_exactmetrics_sitenote_note":"","_exactmetrics_sitenote_category":0,"footnotes":"","_links_to":"","_links_to_target":""},"categories":[4],"tags":[195],"class_list":["post-273","post","type-post","status-publish","format-standard","has-post-thumbnail","hentry","category-noticias","tag-fae"],"acf":[],"yoast_head":"<!-- This site is optimized with the Yoast SEO plugin v26.9 - https:\/\/yoast.com\/product\/yoast-seo-wordpress\/ -->\n<title>Lanzamiento de la Feria Ant\u00e1rtica Escolar en Punta Arenas - Magallanes<\/title>\n<meta name=\"robots\" content=\"index, follow, max-snippet:-1, max-image-preview:large, max-video-preview:-1\" \/>\n<link rel=\"canonical\" href=\"https:\/\/explora.cl\/magallanes\/lanzamiento-de-la-feria-antartica-escolar-en-punta-arenas\/\" class=\"yoast-seo-meta-tag\" \/>\n<meta property=\"og:locale\" content=\"es_ES\" class=\"yoast-seo-meta-tag\" \/>\n<meta property=\"og:type\" content=\"article\" class=\"yoast-seo-meta-tag\" \/>\n<meta property=\"og:title\" content=\"Lanzamiento de la Feria Ant\u00e1rtica Escolar en Punta Arenas - Magallanes\" class=\"yoast-seo-meta-tag\" \/>\n<meta property=\"og:description\" content=\"Hace algunos d\u00edas se realiz\u00f3 en el Liceo Experimental de la Universidad de Magallanes el Lanzamiento de la Feria Ant\u00e1rtica Escolar, organizada por el Instituto Ant\u00e1rtico Chileno y difundido por PAR Explora Magallanes y el Programa Gaia Ant\u00e1rtica de la UMAG. &nbsp; Al lanzamiento asistieron estudiantes de ense\u00f1anza media del Colegio Luterano, Colegio Alem\u00e1n y [&hellip;]\" class=\"yoast-seo-meta-tag\" \/>\n<meta property=\"og:url\" content=\"https:\/\/explora.cl\/magallanes\/lanzamiento-de-la-feria-antartica-escolar-en-punta-arenas\/\" class=\"yoast-seo-meta-tag\" \/>\n<meta property=\"og:site_name\" content=\"Magallanes\" class=\"yoast-seo-meta-tag\" \/>\n<meta property=\"article:published_time\" content=\"2015-06-27T04:00:00+00:00\" class=\"yoast-seo-meta-tag\" \/>\n<meta property=\"article:modified_time\" content=\"2019-05-20T21:39:59+00:00\" class=\"yoast-seo-meta-tag\" \/>\n<meta property=\"og:image\" content=\"https:\/\/explora.cl\/magallanes\/wp-content\/uploads\/sites\/19\/2018\/06\/c1c94755ffdad90d93ea1a3b7fb4ea36.jpg\" class=\"yoast-seo-meta-tag\" \/>\n\t<meta property=\"og:image:width\" content=\"2048\" class=\"yoast-seo-meta-tag\" \/>\n\t<meta property=\"og:image:height\" content=\"1357\" class=\"yoast-seo-meta-tag\" \/>\n\t<meta property=\"og:image:type\" content=\"image\/jpeg\" class=\"yoast-seo-meta-tag\" \/>\n<meta name=\"author\" content=\"webman\" class=\"yoast-seo-meta-tag\" \/>\n<meta name=\"twitter:card\" content=\"summary_large_image\" class=\"yoast-seo-meta-tag\" \/>\n<meta name=\"twitter:label1\" content=\"Escrito por\" class=\"yoast-seo-meta-tag\" \/>\n\t<meta name=\"twitter:data1\" content=\"webman\" class=\"yoast-seo-meta-tag\" \/>\n\t<meta name=\"twitter:label2\" content=\"Tiempo estimado de lectura\" class=\"yoast-seo-meta-tag\" \/>\n\t<meta name=\"twitter:data2\" content=\"3 minutos\" class=\"yoast-seo-meta-tag\" \/>\n<script type=\"application\/ld+json\" class=\"yoast-schema-graph\">{\"@context\":\"https:\/\/schema.org\",\"@graph\":[{\"@type\":\"Article\",\"@id\":\"https:\/\/explora.cl\/magallanes\/lanzamiento-de-la-feria-antartica-escolar-en-punta-arenas\/#article\",\"isPartOf\":{\"@id\":\"https:\/\/explora.cl\/magallanes\/lanzamiento-de-la-feria-antartica-escolar-en-punta-arenas\/\"},\"author\":{\"name\":\"webman\",\"@id\":\"https:\/\/explora.cl\/magallanes\/#\/schema\/person\/cb8349c13ea2d324080adf8480d7ba5d\"},\"headline\":\"Lanzamiento de la Feria Ant\u00e1rtica Escolar en Punta Arenas\",\"datePublished\":\"2015-06-27T04:00:00+00:00\",\"dateModified\":\"2019-05-20T21:39:59+00:00\",\"mainEntityOfPage\":{\"@id\":\"https:\/\/explora.cl\/magallanes\/lanzamiento-de-la-feria-antartica-escolar-en-punta-arenas\/\"},\"wordCount\":570,\"commentCount\":0,\"publisher\":{\"@id\":\"https:\/\/explora.cl\/magallanes\/#organization\"},\"image\":{\"@id\":\"https:\/\/explora.cl\/magallanes\/lanzamiento-de-la-feria-antartica-escolar-en-punta-arenas\/#primaryimage\"},\"thumbnailUrl\":\"https:\/\/explora.cl\/magallanes\/wp-content\/uploads\/sites\/19\/2018\/06\/c1c94755ffdad90d93ea1a3b7fb4ea36.jpg\",\"keywords\":[\"FAE\"],\"articleSection\":[\"Noticias\"],\"inLanguage\":\"es-CL\",\"potentialAction\":[{\"@type\":\"CommentAction\",\"name\":\"Comment\",\"target\":[\"https:\/\/explora.cl\/magallanes\/lanzamiento-de-la-feria-antartica-escolar-en-punta-arenas\/#respond\"]}]},{\"@type\":\"WebPage\",\"@id\":\"https:\/\/explora.cl\/magallanes\/lanzamiento-de-la-feria-antartica-escolar-en-punta-arenas\/\",\"url\":\"https:\/\/explora.cl\/magallanes\/lanzamiento-de-la-feria-antartica-escolar-en-punta-arenas\/\",\"name\":\"Lanzamiento de la Feria Ant\u00e1rtica Escolar en Punta Arenas - Magallanes\",\"isPartOf\":{\"@id\":\"https:\/\/explora.cl\/magallanes\/#website\"},\"primaryImageOfPage\":{\"@id\":\"https:\/\/explora.cl\/magallanes\/lanzamiento-de-la-feria-antartica-escolar-en-punta-arenas\/#primaryimage\"},\"image\":{\"@id\":\"https:\/\/explora.cl\/magallanes\/lanzamiento-de-la-feria-antartica-escolar-en-punta-arenas\/#primaryimage\"},\"thumbnailUrl\":\"https:\/\/explora.cl\/magallanes\/wp-content\/uploads\/sites\/19\/2018\/06\/c1c94755ffdad90d93ea1a3b7fb4ea36.jpg\",\"datePublished\":\"2015-06-27T04:00:00+00:00\",\"dateModified\":\"2019-05-20T21:39:59+00:00\",\"breadcrumb\":{\"@id\":\"https:\/\/explora.cl\/magallanes\/lanzamiento-de-la-feria-antartica-escolar-en-punta-arenas\/#breadcrumb\"},\"inLanguage\":\"es-CL\",\"potentialAction\":[{\"@type\":\"ReadAction\",\"target\":[\"https:\/\/explora.cl\/magallanes\/lanzamiento-de-la-feria-antartica-escolar-en-punta-arenas\/\"]}]},{\"@type\":\"ImageObject\",\"inLanguage\":\"es-CL\",\"@id\":\"https:\/\/explora.cl\/magallanes\/lanzamiento-de-la-feria-antartica-escolar-en-punta-arenas\/#primaryimage\",\"url\":\"https:\/\/explora.cl\/magallanes\/wp-content\/uploads\/sites\/19\/2018\/06\/c1c94755ffdad90d93ea1a3b7fb4ea36.jpg\",\"contentUrl\":\"https:\/\/explora.cl\/magallanes\/wp-content\/uploads\/sites\/19\/2018\/06\/c1c94755ffdad90d93ea1a3b7fb4ea36.jpg\",\"width\":2048,\"height\":1357},{\"@type\":\"BreadcrumbList\",\"@id\":\"https:\/\/explora.cl\/magallanes\/lanzamiento-de-la-feria-antartica-escolar-en-punta-arenas\/#breadcrumb\",\"itemListElement\":[{\"@type\":\"ListItem\",\"position\":1,\"name\":\"Portada\",\"item\":\"https:\/\/explora.cl\/magallanes\/\"},{\"@type\":\"ListItem\",\"position\":2,\"name\":\"Lanzamiento de la Feria Ant\u00e1rtica Escolar en Punta Arenas\"}]},{\"@type\":\"WebSite\",\"@id\":\"https:\/\/explora.cl\/magallanes\/#website\",\"url\":\"https:\/\/explora.cl\/magallanes\/\",\"name\":\"Magallanes\",\"description\":\"Otro sitio m\u00e1s de explora.cl\",\"publisher\":{\"@id\":\"https:\/\/explora.cl\/magallanes\/#organization\"},\"potentialAction\":[{\"@type\":\"SearchAction\",\"target\":{\"@type\":\"EntryPoint\",\"urlTemplate\":\"https:\/\/explora.cl\/magallanes\/?s={search_term_string}\"},\"query-input\":{\"@type\":\"PropertyValueSpecification\",\"valueRequired\":true,\"valueName\":\"search_term_string\"}}],\"inLanguage\":\"es-CL\"},{\"@type\":\"Organization\",\"@id\":\"https:\/\/explora.cl\/magallanes\/#organization\",\"name\":\"Magallanes\",\"url\":\"https:\/\/explora.cl\/magallanes\/\",\"logo\":{\"@type\":\"ImageObject\",\"inLanguage\":\"es-CL\",\"@id\":\"https:\/\/explora.cl\/magallanes\/#\/schema\/logo\/image\/\",\"url\":\"https:\/\/explora.cl\/magallanes\/wp-content\/uploads\/sites\/19\/2021\/06\/cropped-ICONO-COLOR-2.jpg\",\"contentUrl\":\"https:\/\/explora.cl\/magallanes\/wp-content\/uploads\/sites\/19\/2021\/06\/cropped-ICONO-COLOR-2.jpg\",\"width\":1181,\"height\":1181,\"caption\":\"Magallanes\"},\"image\":{\"@id\":\"https:\/\/explora.cl\/magallanes\/#\/schema\/logo\/image\/\"}},{\"@type\":\"Person\",\"@id\":\"https:\/\/explora.cl\/magallanes\/#\/schema\/person\/cb8349c13ea2d324080adf8480d7ba5d\",\"name\":\"webman\",\"image\":{\"@type\":\"ImageObject\",\"inLanguage\":\"es-CL\",\"@id\":\"https:\/\/explora.cl\/magallanes\/#\/schema\/person\/image\/\",\"url\":\"https:\/\/secure.gravatar.com\/avatar\/eeff3c82f2c02f7177d13663b7e6f890e9a6a0647ce9bb29cae02dcb094c7312?s=96&d=mm&r=g\",\"contentUrl\":\"https:\/\/secure.gravatar.com\/avatar\/eeff3c82f2c02f7177d13663b7e6f890e9a6a0647ce9bb29cae02dcb094c7312?s=96&d=mm&r=g\",\"caption\":\"webman\"},\"url\":\"https:\/\/explora.cl\/magallanes\/author\/webman\/\"}]}<\/script>\n<!-- \/ Yoast SEO plugin. -->","yoast_head_json":{"title":"Lanzamiento de la Feria Ant\u00e1rtica Escolar en Punta Arenas - Magallanes","robots":{"index":"index","follow":"follow","max-snippet":"max-snippet:-1","max-image-preview":"max-image-preview:large","max-video-preview":"max-video-preview:-1"},"canonical":"https:\/\/explora.cl\/magallanes\/lanzamiento-de-la-feria-antartica-escolar-en-punta-arenas\/","og_locale":"es_ES","og_type":"article","og_title":"Lanzamiento de la Feria Ant\u00e1rtica Escolar en Punta Arenas - Magallanes","og_description":"Hace algunos d\u00edas se realiz\u00f3 en el Liceo Experimental de la Universidad de Magallanes el Lanzamiento de la Feria Ant\u00e1rtica Escolar, organizada por el Instituto Ant\u00e1rtico Chileno y difundido por PAR Explora Magallanes y el Programa Gaia Ant\u00e1rtica de la UMAG. &nbsp; Al lanzamiento asistieron estudiantes de ense\u00f1anza media del Colegio Luterano, Colegio Alem\u00e1n y [&hellip;]","og_url":"https:\/\/explora.cl\/magallanes\/lanzamiento-de-la-feria-antartica-escolar-en-punta-arenas\/","og_site_name":"Magallanes","article_published_time":"2015-06-27T04:00:00+00:00","article_modified_time":"2019-05-20T21:39:59+00:00","og_image":[{"width":2048,"height":1357,"url":"https:\/\/explora.cl\/magallanes\/wp-content\/uploads\/sites\/19\/2018\/06\/c1c94755ffdad90d93ea1a3b7fb4ea36.jpg","type":"image\/jpeg"}],"author":"webman","twitter_card":"summary_large_image","twitter_misc":{"Escrito por":"webman","Tiempo estimado de lectura":"3 minutos"},"schema":{"@context":"https:\/\/schema.org","@graph":[{"@type":"Article","@id":"https:\/\/explora.cl\/magallanes\/lanzamiento-de-la-feria-antartica-escolar-en-punta-arenas\/#article","isPartOf":{"@id":"https:\/\/explora.cl\/magallanes\/lanzamiento-de-la-feria-antartica-escolar-en-punta-arenas\/"},"author":{"name":"webman","@id":"https:\/\/explora.cl\/magallanes\/#\/schema\/person\/cb8349c13ea2d324080adf8480d7ba5d"},"headline":"Lanzamiento de la Feria Ant\u00e1rtica Escolar en Punta Arenas","datePublished":"2015-06-27T04:00:00+00:00","dateModified":"2019-05-20T21:39:59+00:00","mainEntityOfPage":{"@id":"https:\/\/explora.cl\/magallanes\/lanzamiento-de-la-feria-antartica-escolar-en-punta-arenas\/"},"wordCount":570,"commentCount":0,"publisher":{"@id":"https:\/\/explora.cl\/magallanes\/#organization"},"image":{"@id":"https:\/\/explora.cl\/magallanes\/lanzamiento-de-la-feria-antartica-escolar-en-punta-arenas\/#primaryimage"},"thumbnailUrl":"https:\/\/explora.cl\/magallanes\/wp-content\/uploads\/sites\/19\/2018\/06\/c1c94755ffdad90d93ea1a3b7fb4ea36.jpg","keywords":["FAE"],"articleSection":["Noticias"],"inLanguage":"es-CL","potentialAction":[{"@type":"CommentAction","name":"Comment","target":["https:\/\/explora.cl\/magallanes\/lanzamiento-de-la-feria-antartica-escolar-en-punta-arenas\/#respond"]}]},{"@type":"WebPage","@id":"https:\/\/explora.cl\/magallanes\/lanzamiento-de-la-feria-antartica-escolar-en-punta-arenas\/","url":"https:\/\/explora.cl\/magallanes\/lanzamiento-de-la-feria-antartica-escolar-en-punta-arenas\/","name":"Lanzamiento de la Feria Ant\u00e1rtica Escolar en Punta Arenas - Magallanes","isPartOf":{"@id":"https:\/\/explora.cl\/magallanes\/#website"},"primaryImageOfPage":{"@id":"https:\/\/explora.cl\/magallanes\/lanzamiento-de-la-feria-antartica-escolar-en-punta-arenas\/#primaryimage"},"image":{"@id":"https:\/\/explora.cl\/magallanes\/lanzamiento-de-la-feria-antartica-escolar-en-punta-arenas\/#primaryimage"},"thumbnailUrl":"https:\/\/explora.cl\/magallanes\/wp-content\/uploads\/sites\/19\/2018\/06\/c1c94755ffdad90d93ea1a3b7fb4ea36.jpg","datePublished":"2015-06-27T04:00:00+00:00","dateModified":"2019-05-20T21:39:59+00:00","breadcrumb":{"@id":"https:\/\/explora.cl\/magallanes\/lanzamiento-de-la-feria-antartica-escolar-en-punta-arenas\/#breadcrumb"},"inLanguage":"es-CL","potentialAction":[{"@type":"ReadAction","target":["https:\/\/explora.cl\/magallanes\/lanzamiento-de-la-feria-antartica-escolar-en-punta-arenas\/"]}]},{"@type":"ImageObject","inLanguage":"es-CL","@id":"https:\/\/explora.cl\/magallanes\/lanzamiento-de-la-feria-antartica-escolar-en-punta-arenas\/#primaryimage","url":"https:\/\/explora.cl\/magallanes\/wp-content\/uploads\/sites\/19\/2018\/06\/c1c94755ffdad90d93ea1a3b7fb4ea36.jpg","contentUrl":"https:\/\/explora.cl\/magallanes\/wp-content\/uploads\/sites\/19\/2018\/06\/c1c94755ffdad90d93ea1a3b7fb4ea36.jpg","width":2048,"height":1357},{"@type":"BreadcrumbList","@id":"https:\/\/explora.cl\/magallanes\/lanzamiento-de-la-feria-antartica-escolar-en-punta-arenas\/#breadcrumb","itemListElement":[{"@type":"ListItem","position":1,"name":"Portada","item":"https:\/\/explora.cl\/magallanes\/"},{"@type":"ListItem","position":2,"name":"Lanzamiento de la Feria Ant\u00e1rtica Escolar en Punta Arenas"}]},{"@type":"WebSite","@id":"https:\/\/explora.cl\/magallanes\/#website","url":"https:\/\/explora.cl\/magallanes\/","name":"Magallanes","description":"Otro sitio m\u00e1s de explora.cl","publisher":{"@id":"https:\/\/explora.cl\/magallanes\/#organization"},"potentialAction":[{"@type":"SearchAction","target":{"@type":"EntryPoint","urlTemplate":"https:\/\/explora.cl\/magallanes\/?s={search_term_string}"},"query-input":{"@type":"PropertyValueSpecification","valueRequired":true,"valueName":"search_term_string"}}],"inLanguage":"es-CL"},{"@type":"Organization","@id":"https:\/\/explora.cl\/magallanes\/#organization","name":"Magallanes","url":"https:\/\/explora.cl\/magallanes\/","logo":{"@type":"ImageObject","inLanguage":"es-CL","@id":"https:\/\/explora.cl\/magallanes\/#\/schema\/logo\/image\/","url":"https:\/\/explora.cl\/magallanes\/wp-content\/uploads\/sites\/19\/2021\/06\/cropped-ICONO-COLOR-2.jpg","contentUrl":"https:\/\/explora.cl\/magallanes\/wp-content\/uploads\/sites\/19\/2021\/06\/cropped-ICONO-COLOR-2.jpg","width":1181,"height":1181,"caption":"Magallanes"},"image":{"@id":"https:\/\/explora.cl\/magallanes\/#\/schema\/logo\/image\/"}},{"@type":"Person","@id":"https:\/\/explora.cl\/magallanes\/#\/schema\/person\/cb8349c13ea2d324080adf8480d7ba5d","name":"webman","image":{"@type":"ImageObject","inLanguage":"es-CL","@id":"https:\/\/explora.cl\/magallanes\/#\/schema\/person\/image\/","url":"https:\/\/secure.gravatar.com\/avatar\/eeff3c82f2c02f7177d13663b7e6f890e9a6a0647ce9bb29cae02dcb094c7312?s=96&d=mm&r=g","contentUrl":"https:\/\/secure.gravatar.com\/avatar\/eeff3c82f2c02f7177d13663b7e6f890e9a6a0647ce9bb29cae02dcb094c7312?s=96&d=mm&r=g","caption":"webman"},"url":"https:\/\/explora.cl\/magallanes\/author\/webman\/"}]}},"_links":{"self":[{"href":"https:\/\/explora.cl\/magallanes\/wp-json\/wp\/v2\/posts\/273","targetHints":{"allow":["GET"]}}],"collection":[{"href":"https:\/\/explora.cl\/magallanes\/wp-json\/wp\/v2\/posts"}],"about":[{"href":"https:\/\/explora.cl\/magallanes\/wp-json\/wp\/v2\/types\/post"}],"author":[{"embeddable":true,"href":"https:\/\/explora.cl\/magallanes\/wp-json\/wp\/v2\/users\/2"}],"replies":[{"embeddable":true,"href":"https:\/\/explora.cl\/magallanes\/wp-json\/wp\/v2\/comments?post=273"}],"version-history":[{"count":1,"href":"https:\/\/explora.cl\/magallanes\/wp-json\/wp\/v2\/posts\/273\/revisions"}],"predecessor-version":[{"id":37914,"href":"https:\/\/explora.cl\/magallanes\/wp-json\/wp\/v2\/posts\/273\/revisions\/37914"}],"wp:featuredmedia":[{"embeddable":true,"href":"https:\/\/explora.cl\/magallanes\/wp-json\/wp\/v2\/media\/274"}],"wp:attachment":[{"href":"https:\/\/explora.cl\/magallanes\/wp-json\/wp\/v2\/media?parent=273"}],"wp:term":[{"taxonomy":"category","embeddable":true,"href":"https:\/\/explora.cl\/magallanes\/wp-json\/wp\/v2\/categories?post=273"},{"taxonomy":"post_tag","embeddable":true,"href":"https:\/\/explora.cl\/magallanes\/wp-json\/wp\/v2\/tags?post=273"}],"curies":[{"name":"wp","href":"https:\/\/api.w.org\/{rel}","templated":true}]}}