{"id":259,"date":"2015-06-22T00:00:00","date_gmt":"2015-06-22T04:00:00","guid":{"rendered":"https:\/\/explora.cl\/magallanes\/blog\/2015\/06\/22\/con-proyecciones-al-aire-libre-se-dio-la-bienvenida-al-solsticio-de-invierno\/"},"modified":"2019-05-20T21:40:00","modified_gmt":"2019-05-20T21:40:00","slug":"con-proyecciones-al-aire-libre-se-dio-la-bienvenida-al-solsticio-de-invierno","status":"publish","type":"post","link":"https:\/\/explora.cl\/magallanes\/con-proyecciones-al-aire-libre-se-dio-la-bienvenida-al-solsticio-de-invierno\/","title":{"rendered":"Con proyecciones al aire libre se dio la bienvenida al Solsticio de Invierno"},"content":{"rendered":"<p><img fetchpriority=\"high\" decoding=\"async\" class=\" size-full wp-image-12490\" src=\"http:\/\/ec2-34-218-253-251.us-west-2.compute.amazonaws.com\/wp-content\/uploads\/2015\/06\/82025a2866f1f4a6c9e40cd2dfe221cf.jpg\" alt=\"\" width=\"2048\" height=\"1404\" \/><\/p>\n<p style=\"text-align: justify\">Este domingo, con una mateada familiar y proyecci\u00f3n de im\u00e1genes en el Humedal Tres Puentes se dio la Bienvenida al Solsticio de Invierno en Punta Arenas. La actividad fue organizada por el Comit\u00e9 Regional de Educaci\u00f3n Ambiental (CREA) de Magallanes y la Agrupaci\u00f3n Ecol\u00f3gica Patag\u00f3nica, adem\u00e1s de contar con la participaci\u00f3n de PAR Explora Magallanes, Seremi de Medio Ambiente, Novasur del CNTV, Fundaci\u00f3n Cequa, Escuela de Villa Las Nieves y la ONG WCS.<\/p>\n<p style=\"text-align: justify\">&#8220;Esta actividad comenz\u00f3 como un evento del a\u00f1o pasado, donde se mont\u00f3 este tel\u00f3n con el objetivo de celebrar lo regional. El a\u00f1o pasado con un Proyecto de Protecci\u00f3n Ambiental financiamos una proyecci\u00f3n y ahora lo repetimos con el CREA. La idea orginal fue llamar la atenci\u00f3n de todos los transe\u00fantes que pasan por aqu\u00ed, por todo lo que pasa con el Humedal, que es un reflejo de todo lo que est\u00e1 pasando en el mundo. Queremos sentar un precedente y llamar la atenci\u00f3n&#8221;, se\u00f1al\u00f3 Humberto Gomez de la Agrupaci\u00f3n Ecol\u00f3gica Patagonica.<\/p>\n<p style=\"text-align: justify\">Pese a la nieve y el frio, los organizadores se mostraron sorprendidos con la convocatoria. &#8220;Est\u00e1 muy buena la convocatoria. Esper\u00e1bamos menos gente porque se topa con una actividad que est\u00e1 realizando la Municipalidad de Punta Arenas, pero a pesar de eso creemos que ha sido una super buena instancia para relevar la importancia del Humedal y los ecosistemas que estos sitios preservan. As\u00ed que qu\u00e9 mejor que hoy d\u00eda en este sitio que hemos protegido por tanto tiempo se le de la bienvenida al Invierno&#8221;, coment\u00f3 Paula Mart\u00ednez, encargada de Educaci\u00f3n Ambiental y Participaci\u00f3n Ciudadana de Ministerio del Medio Ambiente.<\/p>\n<p style=\"text-align: justify\">Mientras los grandes compart\u00edan el mate, varios ni\u00f1os disfrutaron de los cortometrajes. &#8220;Yo soy del grupo de Forjadores Ambientales de mi escuela y una profesora nos cont\u00f3 de la actividad. Me han parecido graciosos los videos, porque hab\u00eda uno de 31 Minutos&#8221;, coment\u00f3 Camila Guajardo, estudiante de la Escuela de Villa Las Nieves.<\/p>\n<p style=\"text-align: justify\">Mediante el formato audiovisual los asistentes pudieron observar distintos ecosistemas y la realidad de otras localidades del pa\u00eds. En esta oportunidad se present\u00f3 Esp\u00edritu del Humedal (Arica), Nota Verde de 31 Minutos donde Bodoque viaja a la laguna Conchal\u00ed (Coquimbo), adem\u00e1s del primer cap\u00edtulo de la Familia 3R y de la Familia Imaginaria, material del Ministerio del Medio Ambiente.<\/p>\n<p style=\"text-align: justify\">Los asistentes tambi\u00e9n pudieron observar y conocer m\u00e1s de las estrellas, ya que se cont\u00f3 con la presencia de Mario Esquivel y un telescopio de la Fundaci\u00f3n Cequa.<\/p>\n<p style=\"text-align: justify\">Revisa la galer\u00eda fotogr\u00e1fica de la actividad<a href=\"https:\/\/www.facebook.com\/media\/set\/?set=a.558043314338437.1073741857.234454216697350&amp;type=3\"><span style=\"text-decoration: underline\"><strong> aqu\u00ed<\/strong><\/span><\/a><\/p>\n<p>&nbsp;<\/p>\n","protected":false},"excerpt":{"rendered":"<p>Este domingo, con una mateada familiar y proyecci\u00f3n de im\u00e1genes en el Humedal Tres Puentes se dio la Bienvenida al Solsticio de Invierno en Punta Arenas. La actividad fue organizada por el Comit\u00e9 Regional de Educaci\u00f3n Ambiental (CREA) de Magallanes y la Agrupaci\u00f3n Ecol\u00f3gica Patag\u00f3nica, adem\u00e1s de contar con la participaci\u00f3n de PAR Explora Magallanes, [&hellip;]<\/p>\n","protected":false},"author":2,"featured_media":260,"comment_status":"open","ping_status":"open","sticky":false,"template":"","format":"standard","meta":{"_acf_changed":false,"_exactmetrics_skip_tracking":false,"_exactmetrics_sitenote_active":false,"_exactmetrics_sitenote_note":"","_exactmetrics_sitenote_category":0,"footnotes":"","_links_to":"","_links_to_target":""},"categories":[4],"tags":[],"class_list":["post-259","post","type-post","status-publish","format-standard","has-post-thumbnail","hentry","category-noticias"],"acf":[],"yoast_head":"<!-- This site is optimized with the Yoast SEO plugin v26.9 - https:\/\/yoast.com\/product\/yoast-seo-wordpress\/ -->\n<title>Con proyecciones al aire libre se dio la bienvenida al Solsticio de Invierno - Magallanes<\/title>\n<meta name=\"robots\" content=\"index, follow, max-snippet:-1, max-image-preview:large, max-video-preview:-1\" \/>\n<link rel=\"canonical\" href=\"https:\/\/explora.cl\/magallanes\/con-proyecciones-al-aire-libre-se-dio-la-bienvenida-al-solsticio-de-invierno\/\" class=\"yoast-seo-meta-tag\" \/>\n<meta property=\"og:locale\" content=\"es_ES\" class=\"yoast-seo-meta-tag\" \/>\n<meta property=\"og:type\" content=\"article\" class=\"yoast-seo-meta-tag\" \/>\n<meta property=\"og:title\" content=\"Con proyecciones al aire libre se dio la bienvenida al Solsticio de Invierno - Magallanes\" class=\"yoast-seo-meta-tag\" \/>\n<meta property=\"og:description\" content=\"Este domingo, con una mateada familiar y proyecci\u00f3n de im\u00e1genes en el Humedal Tres Puentes se dio la Bienvenida al Solsticio de Invierno en Punta Arenas. La actividad fue organizada por el Comit\u00e9 Regional de Educaci\u00f3n Ambiental (CREA) de Magallanes y la Agrupaci\u00f3n Ecol\u00f3gica Patag\u00f3nica, adem\u00e1s de contar con la participaci\u00f3n de PAR Explora Magallanes, [&hellip;]\" class=\"yoast-seo-meta-tag\" \/>\n<meta property=\"og:url\" content=\"https:\/\/explora.cl\/magallanes\/con-proyecciones-al-aire-libre-se-dio-la-bienvenida-al-solsticio-de-invierno\/\" class=\"yoast-seo-meta-tag\" \/>\n<meta property=\"og:site_name\" content=\"Magallanes\" class=\"yoast-seo-meta-tag\" \/>\n<meta property=\"article:published_time\" content=\"2015-06-22T04:00:00+00:00\" class=\"yoast-seo-meta-tag\" \/>\n<meta property=\"article:modified_time\" content=\"2019-05-20T21:40:00+00:00\" class=\"yoast-seo-meta-tag\" \/>\n<meta property=\"og:image\" content=\"https:\/\/explora.cl\/magallanes\/wp-content\/uploads\/sites\/19\/2018\/06\/82025a2866f1f4a6c9e40cd2dfe221cf.jpg\" class=\"yoast-seo-meta-tag\" \/>\n\t<meta property=\"og:image:width\" content=\"2048\" class=\"yoast-seo-meta-tag\" \/>\n\t<meta property=\"og:image:height\" content=\"1404\" class=\"yoast-seo-meta-tag\" \/>\n\t<meta property=\"og:image:type\" content=\"image\/jpeg\" class=\"yoast-seo-meta-tag\" \/>\n<meta name=\"author\" content=\"webman\" class=\"yoast-seo-meta-tag\" \/>\n<meta name=\"twitter:card\" content=\"summary_large_image\" class=\"yoast-seo-meta-tag\" \/>\n<meta name=\"twitter:label1\" content=\"Escrito por\" class=\"yoast-seo-meta-tag\" \/>\n\t<meta name=\"twitter:data1\" content=\"webman\" class=\"yoast-seo-meta-tag\" \/>\n\t<meta name=\"twitter:label2\" content=\"Tiempo estimado de lectura\" class=\"yoast-seo-meta-tag\" \/>\n\t<meta name=\"twitter:data2\" content=\"2 minutos\" class=\"yoast-seo-meta-tag\" \/>\n<script type=\"application\/ld+json\" class=\"yoast-schema-graph\">{\"@context\":\"https:\/\/schema.org\",\"@graph\":[{\"@type\":\"Article\",\"@id\":\"https:\/\/explora.cl\/magallanes\/con-proyecciones-al-aire-libre-se-dio-la-bienvenida-al-solsticio-de-invierno\/#article\",\"isPartOf\":{\"@id\":\"https:\/\/explora.cl\/magallanes\/con-proyecciones-al-aire-libre-se-dio-la-bienvenida-al-solsticio-de-invierno\/\"},\"author\":{\"name\":\"webman\",\"@id\":\"https:\/\/explora.cl\/magallanes\/#\/schema\/person\/cb8349c13ea2d324080adf8480d7ba5d\"},\"headline\":\"Con proyecciones al aire libre se dio la bienvenida al Solsticio de Invierno\",\"datePublished\":\"2015-06-22T04:00:00+00:00\",\"dateModified\":\"2019-05-20T21:40:00+00:00\",\"mainEntityOfPage\":{\"@id\":\"https:\/\/explora.cl\/magallanes\/con-proyecciones-al-aire-libre-se-dio-la-bienvenida-al-solsticio-de-invierno\/\"},\"wordCount\":463,\"commentCount\":0,\"publisher\":{\"@id\":\"https:\/\/explora.cl\/magallanes\/#organization\"},\"image\":{\"@id\":\"https:\/\/explora.cl\/magallanes\/con-proyecciones-al-aire-libre-se-dio-la-bienvenida-al-solsticio-de-invierno\/#primaryimage\"},\"thumbnailUrl\":\"https:\/\/explora.cl\/magallanes\/wp-content\/uploads\/sites\/19\/2018\/06\/82025a2866f1f4a6c9e40cd2dfe221cf.jpg\",\"articleSection\":[\"Noticias\"],\"inLanguage\":\"es-CL\",\"potentialAction\":[{\"@type\":\"CommentAction\",\"name\":\"Comment\",\"target\":[\"https:\/\/explora.cl\/magallanes\/con-proyecciones-al-aire-libre-se-dio-la-bienvenida-al-solsticio-de-invierno\/#respond\"]}]},{\"@type\":\"WebPage\",\"@id\":\"https:\/\/explora.cl\/magallanes\/con-proyecciones-al-aire-libre-se-dio-la-bienvenida-al-solsticio-de-invierno\/\",\"url\":\"https:\/\/explora.cl\/magallanes\/con-proyecciones-al-aire-libre-se-dio-la-bienvenida-al-solsticio-de-invierno\/\",\"name\":\"Con proyecciones al aire libre se dio la bienvenida al Solsticio de Invierno - Magallanes\",\"isPartOf\":{\"@id\":\"https:\/\/explora.cl\/magallanes\/#website\"},\"primaryImageOfPage\":{\"@id\":\"https:\/\/explora.cl\/magallanes\/con-proyecciones-al-aire-libre-se-dio-la-bienvenida-al-solsticio-de-invierno\/#primaryimage\"},\"image\":{\"@id\":\"https:\/\/explora.cl\/magallanes\/con-proyecciones-al-aire-libre-se-dio-la-bienvenida-al-solsticio-de-invierno\/#primaryimage\"},\"thumbnailUrl\":\"https:\/\/explora.cl\/magallanes\/wp-content\/uploads\/sites\/19\/2018\/06\/82025a2866f1f4a6c9e40cd2dfe221cf.jpg\",\"datePublished\":\"2015-06-22T04:00:00+00:00\",\"dateModified\":\"2019-05-20T21:40:00+00:00\",\"breadcrumb\":{\"@id\":\"https:\/\/explora.cl\/magallanes\/con-proyecciones-al-aire-libre-se-dio-la-bienvenida-al-solsticio-de-invierno\/#breadcrumb\"},\"inLanguage\":\"es-CL\",\"potentialAction\":[{\"@type\":\"ReadAction\",\"target\":[\"https:\/\/explora.cl\/magallanes\/con-proyecciones-al-aire-libre-se-dio-la-bienvenida-al-solsticio-de-invierno\/\"]}]},{\"@type\":\"ImageObject\",\"inLanguage\":\"es-CL\",\"@id\":\"https:\/\/explora.cl\/magallanes\/con-proyecciones-al-aire-libre-se-dio-la-bienvenida-al-solsticio-de-invierno\/#primaryimage\",\"url\":\"https:\/\/explora.cl\/magallanes\/wp-content\/uploads\/sites\/19\/2018\/06\/82025a2866f1f4a6c9e40cd2dfe221cf.jpg\",\"contentUrl\":\"https:\/\/explora.cl\/magallanes\/wp-content\/uploads\/sites\/19\/2018\/06\/82025a2866f1f4a6c9e40cd2dfe221cf.jpg\",\"width\":2048,\"height\":1404},{\"@type\":\"BreadcrumbList\",\"@id\":\"https:\/\/explora.cl\/magallanes\/con-proyecciones-al-aire-libre-se-dio-la-bienvenida-al-solsticio-de-invierno\/#breadcrumb\",\"itemListElement\":[{\"@type\":\"ListItem\",\"position\":1,\"name\":\"Portada\",\"item\":\"https:\/\/explora.cl\/magallanes\/\"},{\"@type\":\"ListItem\",\"position\":2,\"name\":\"Con proyecciones al aire libre se dio la bienvenida al Solsticio de Invierno\"}]},{\"@type\":\"WebSite\",\"@id\":\"https:\/\/explora.cl\/magallanes\/#website\",\"url\":\"https:\/\/explora.cl\/magallanes\/\",\"name\":\"Magallanes\",\"description\":\"Otro sitio m\u00e1s de explora.cl\",\"publisher\":{\"@id\":\"https:\/\/explora.cl\/magallanes\/#organization\"},\"potentialAction\":[{\"@type\":\"SearchAction\",\"target\":{\"@type\":\"EntryPoint\",\"urlTemplate\":\"https:\/\/explora.cl\/magallanes\/?s={search_term_string}\"},\"query-input\":{\"@type\":\"PropertyValueSpecification\",\"valueRequired\":true,\"valueName\":\"search_term_string\"}}],\"inLanguage\":\"es-CL\"},{\"@type\":\"Organization\",\"@id\":\"https:\/\/explora.cl\/magallanes\/#organization\",\"name\":\"Magallanes\",\"url\":\"https:\/\/explora.cl\/magallanes\/\",\"logo\":{\"@type\":\"ImageObject\",\"inLanguage\":\"es-CL\",\"@id\":\"https:\/\/explora.cl\/magallanes\/#\/schema\/logo\/image\/\",\"url\":\"https:\/\/explora.cl\/magallanes\/wp-content\/uploads\/sites\/19\/2021\/06\/cropped-ICONO-COLOR-2.jpg\",\"contentUrl\":\"https:\/\/explora.cl\/magallanes\/wp-content\/uploads\/sites\/19\/2021\/06\/cropped-ICONO-COLOR-2.jpg\",\"width\":1181,\"height\":1181,\"caption\":\"Magallanes\"},\"image\":{\"@id\":\"https:\/\/explora.cl\/magallanes\/#\/schema\/logo\/image\/\"}},{\"@type\":\"Person\",\"@id\":\"https:\/\/explora.cl\/magallanes\/#\/schema\/person\/cb8349c13ea2d324080adf8480d7ba5d\",\"name\":\"webman\",\"image\":{\"@type\":\"ImageObject\",\"inLanguage\":\"es-CL\",\"@id\":\"https:\/\/explora.cl\/magallanes\/#\/schema\/person\/image\/\",\"url\":\"https:\/\/secure.gravatar.com\/avatar\/eeff3c82f2c02f7177d13663b7e6f890e9a6a0647ce9bb29cae02dcb094c7312?s=96&d=mm&r=g\",\"contentUrl\":\"https:\/\/secure.gravatar.com\/avatar\/eeff3c82f2c02f7177d13663b7e6f890e9a6a0647ce9bb29cae02dcb094c7312?s=96&d=mm&r=g\",\"caption\":\"webman\"},\"url\":\"https:\/\/explora.cl\/magallanes\/author\/webman\/\"}]}<\/script>\n<!-- \/ Yoast SEO plugin. -->","yoast_head_json":{"title":"Con proyecciones al aire libre se dio la bienvenida al Solsticio de Invierno - Magallanes","robots":{"index":"index","follow":"follow","max-snippet":"max-snippet:-1","max-image-preview":"max-image-preview:large","max-video-preview":"max-video-preview:-1"},"canonical":"https:\/\/explora.cl\/magallanes\/con-proyecciones-al-aire-libre-se-dio-la-bienvenida-al-solsticio-de-invierno\/","og_locale":"es_ES","og_type":"article","og_title":"Con proyecciones al aire libre se dio la bienvenida al Solsticio de Invierno - Magallanes","og_description":"Este domingo, con una mateada familiar y proyecci\u00f3n de im\u00e1genes en el Humedal Tres Puentes se dio la Bienvenida al Solsticio de Invierno en Punta Arenas. La actividad fue organizada por el Comit\u00e9 Regional de Educaci\u00f3n Ambiental (CREA) de Magallanes y la Agrupaci\u00f3n Ecol\u00f3gica Patag\u00f3nica, adem\u00e1s de contar con la participaci\u00f3n de PAR Explora Magallanes, [&hellip;]","og_url":"https:\/\/explora.cl\/magallanes\/con-proyecciones-al-aire-libre-se-dio-la-bienvenida-al-solsticio-de-invierno\/","og_site_name":"Magallanes","article_published_time":"2015-06-22T04:00:00+00:00","article_modified_time":"2019-05-20T21:40:00+00:00","og_image":[{"width":2048,"height":1404,"url":"https:\/\/explora.cl\/magallanes\/wp-content\/uploads\/sites\/19\/2018\/06\/82025a2866f1f4a6c9e40cd2dfe221cf.jpg","type":"image\/jpeg"}],"author":"webman","twitter_card":"summary_large_image","twitter_misc":{"Escrito por":"webman","Tiempo estimado de lectura":"2 minutos"},"schema":{"@context":"https:\/\/schema.org","@graph":[{"@type":"Article","@id":"https:\/\/explora.cl\/magallanes\/con-proyecciones-al-aire-libre-se-dio-la-bienvenida-al-solsticio-de-invierno\/#article","isPartOf":{"@id":"https:\/\/explora.cl\/magallanes\/con-proyecciones-al-aire-libre-se-dio-la-bienvenida-al-solsticio-de-invierno\/"},"author":{"name":"webman","@id":"https:\/\/explora.cl\/magallanes\/#\/schema\/person\/cb8349c13ea2d324080adf8480d7ba5d"},"headline":"Con proyecciones al aire libre se dio la bienvenida al Solsticio de Invierno","datePublished":"2015-06-22T04:00:00+00:00","dateModified":"2019-05-20T21:40:00+00:00","mainEntityOfPage":{"@id":"https:\/\/explora.cl\/magallanes\/con-proyecciones-al-aire-libre-se-dio-la-bienvenida-al-solsticio-de-invierno\/"},"wordCount":463,"commentCount":0,"publisher":{"@id":"https:\/\/explora.cl\/magallanes\/#organization"},"image":{"@id":"https:\/\/explora.cl\/magallanes\/con-proyecciones-al-aire-libre-se-dio-la-bienvenida-al-solsticio-de-invierno\/#primaryimage"},"thumbnailUrl":"https:\/\/explora.cl\/magallanes\/wp-content\/uploads\/sites\/19\/2018\/06\/82025a2866f1f4a6c9e40cd2dfe221cf.jpg","articleSection":["Noticias"],"inLanguage":"es-CL","potentialAction":[{"@type":"CommentAction","name":"Comment","target":["https:\/\/explora.cl\/magallanes\/con-proyecciones-al-aire-libre-se-dio-la-bienvenida-al-solsticio-de-invierno\/#respond"]}]},{"@type":"WebPage","@id":"https:\/\/explora.cl\/magallanes\/con-proyecciones-al-aire-libre-se-dio-la-bienvenida-al-solsticio-de-invierno\/","url":"https:\/\/explora.cl\/magallanes\/con-proyecciones-al-aire-libre-se-dio-la-bienvenida-al-solsticio-de-invierno\/","name":"Con proyecciones al aire libre se dio la bienvenida al Solsticio de Invierno - Magallanes","isPartOf":{"@id":"https:\/\/explora.cl\/magallanes\/#website"},"primaryImageOfPage":{"@id":"https:\/\/explora.cl\/magallanes\/con-proyecciones-al-aire-libre-se-dio-la-bienvenida-al-solsticio-de-invierno\/#primaryimage"},"image":{"@id":"https:\/\/explora.cl\/magallanes\/con-proyecciones-al-aire-libre-se-dio-la-bienvenida-al-solsticio-de-invierno\/#primaryimage"},"thumbnailUrl":"https:\/\/explora.cl\/magallanes\/wp-content\/uploads\/sites\/19\/2018\/06\/82025a2866f1f4a6c9e40cd2dfe221cf.jpg","datePublished":"2015-06-22T04:00:00+00:00","dateModified":"2019-05-20T21:40:00+00:00","breadcrumb":{"@id":"https:\/\/explora.cl\/magallanes\/con-proyecciones-al-aire-libre-se-dio-la-bienvenida-al-solsticio-de-invierno\/#breadcrumb"},"inLanguage":"es-CL","potentialAction":[{"@type":"ReadAction","target":["https:\/\/explora.cl\/magallanes\/con-proyecciones-al-aire-libre-se-dio-la-bienvenida-al-solsticio-de-invierno\/"]}]},{"@type":"ImageObject","inLanguage":"es-CL","@id":"https:\/\/explora.cl\/magallanes\/con-proyecciones-al-aire-libre-se-dio-la-bienvenida-al-solsticio-de-invierno\/#primaryimage","url":"https:\/\/explora.cl\/magallanes\/wp-content\/uploads\/sites\/19\/2018\/06\/82025a2866f1f4a6c9e40cd2dfe221cf.jpg","contentUrl":"https:\/\/explora.cl\/magallanes\/wp-content\/uploads\/sites\/19\/2018\/06\/82025a2866f1f4a6c9e40cd2dfe221cf.jpg","width":2048,"height":1404},{"@type":"BreadcrumbList","@id":"https:\/\/explora.cl\/magallanes\/con-proyecciones-al-aire-libre-se-dio-la-bienvenida-al-solsticio-de-invierno\/#breadcrumb","itemListElement":[{"@type":"ListItem","position":1,"name":"Portada","item":"https:\/\/explora.cl\/magallanes\/"},{"@type":"ListItem","position":2,"name":"Con proyecciones al aire libre se dio la bienvenida al Solsticio de Invierno"}]},{"@type":"WebSite","@id":"https:\/\/explora.cl\/magallanes\/#website","url":"https:\/\/explora.cl\/magallanes\/","name":"Magallanes","description":"Otro sitio m\u00e1s de explora.cl","publisher":{"@id":"https:\/\/explora.cl\/magallanes\/#organization"},"potentialAction":[{"@type":"SearchAction","target":{"@type":"EntryPoint","urlTemplate":"https:\/\/explora.cl\/magallanes\/?s={search_term_string}"},"query-input":{"@type":"PropertyValueSpecification","valueRequired":true,"valueName":"search_term_string"}}],"inLanguage":"es-CL"},{"@type":"Organization","@id":"https:\/\/explora.cl\/magallanes\/#organization","name":"Magallanes","url":"https:\/\/explora.cl\/magallanes\/","logo":{"@type":"ImageObject","inLanguage":"es-CL","@id":"https:\/\/explora.cl\/magallanes\/#\/schema\/logo\/image\/","url":"https:\/\/explora.cl\/magallanes\/wp-content\/uploads\/sites\/19\/2021\/06\/cropped-ICONO-COLOR-2.jpg","contentUrl":"https:\/\/explora.cl\/magallanes\/wp-content\/uploads\/sites\/19\/2021\/06\/cropped-ICONO-COLOR-2.jpg","width":1181,"height":1181,"caption":"Magallanes"},"image":{"@id":"https:\/\/explora.cl\/magallanes\/#\/schema\/logo\/image\/"}},{"@type":"Person","@id":"https:\/\/explora.cl\/magallanes\/#\/schema\/person\/cb8349c13ea2d324080adf8480d7ba5d","name":"webman","image":{"@type":"ImageObject","inLanguage":"es-CL","@id":"https:\/\/explora.cl\/magallanes\/#\/schema\/person\/image\/","url":"https:\/\/secure.gravatar.com\/avatar\/eeff3c82f2c02f7177d13663b7e6f890e9a6a0647ce9bb29cae02dcb094c7312?s=96&d=mm&r=g","contentUrl":"https:\/\/secure.gravatar.com\/avatar\/eeff3c82f2c02f7177d13663b7e6f890e9a6a0647ce9bb29cae02dcb094c7312?s=96&d=mm&r=g","caption":"webman"},"url":"https:\/\/explora.cl\/magallanes\/author\/webman\/"}]}},"_links":{"self":[{"href":"https:\/\/explora.cl\/magallanes\/wp-json\/wp\/v2\/posts\/259","targetHints":{"allow":["GET"]}}],"collection":[{"href":"https:\/\/explora.cl\/magallanes\/wp-json\/wp\/v2\/posts"}],"about":[{"href":"https:\/\/explora.cl\/magallanes\/wp-json\/wp\/v2\/types\/post"}],"author":[{"embeddable":true,"href":"https:\/\/explora.cl\/magallanes\/wp-json\/wp\/v2\/users\/2"}],"replies":[{"embeddable":true,"href":"https:\/\/explora.cl\/magallanes\/wp-json\/wp\/v2\/comments?post=259"}],"version-history":[{"count":1,"href":"https:\/\/explora.cl\/magallanes\/wp-json\/wp\/v2\/posts\/259\/revisions"}],"predecessor-version":[{"id":37916,"href":"https:\/\/explora.cl\/magallanes\/wp-json\/wp\/v2\/posts\/259\/revisions\/37916"}],"wp:featuredmedia":[{"embeddable":true,"href":"https:\/\/explora.cl\/magallanes\/wp-json\/wp\/v2\/media\/260"}],"wp:attachment":[{"href":"https:\/\/explora.cl\/magallanes\/wp-json\/wp\/v2\/media?parent=259"}],"wp:term":[{"taxonomy":"category","embeddable":true,"href":"https:\/\/explora.cl\/magallanes\/wp-json\/wp\/v2\/categories?post=259"},{"taxonomy":"post_tag","embeddable":true,"href":"https:\/\/explora.cl\/magallanes\/wp-json\/wp\/v2\/tags?post=259"}],"curies":[{"name":"wp","href":"https:\/\/api.w.org\/{rel}","templated":true}]}}