{"id":253,"date":"2015-06-17T00:00:00","date_gmt":"2015-06-17T04:00:00","guid":{"rendered":"https:\/\/explora.cl\/magallanes\/blog\/2015\/06\/17\/coloquio-vive-tu-patrimonio\/"},"modified":"2019-05-20T21:40:01","modified_gmt":"2019-05-20T21:40:01","slug":"coloquio-vive-tu-patrimonio","status":"publish","type":"post","link":"https:\/\/explora.cl\/magallanes\/coloquio-vive-tu-patrimonio\/","title":{"rendered":"Coloquio: Vive tu Patrimonio"},"content":{"rendered":"<p><img fetchpriority=\"high\" decoding=\"async\" class=\" size-full wp-image-12305\" src=\"http:\/\/ec2-34-218-253-251.us-west-2.compute.amazonaws.com\/wp-content\/uploads\/2015\/06\/e50272f6029a472b68b725880201fb6c.jpg\" alt=\"\" width=\"757\" height=\"310\" \/><\/p>\n<p style=\"text-align: justify\">El pr\u00f3ximo viernes 26 de junio se realizar\u00e1 en Punta Arenas el coloquio: &#8220;Vive Tu Patrimonio. El valor de las \u00c1reas Protegidas en la Regi\u00f3n de Magallanes y Ant\u00e1rtica Chilena&#8221;. La actividad es organizada por el Proyecto GEF SNAP, la Secretar\u00eda Regional Ministerial del Medio Ambiente,<span class=\"text_exposed_show\"> la Universidad de Magallanes y WildlifeConservationSociety Chile, adem\u00e1s cuenta con el patrocinio de la Asociaci\u00f3n Kauyeken.<\/span><\/p>\n<p style=\"text-align: justify\">Durante la jornada expondr\u00e1n B\u00e1rbara Saavedra, doctora en Ecolog\u00eda y Biolog\u00eda Evolutiva y Directora de WildlifeConservationSociety en Chile; Alfredo Ugarte, reconocido entom\u00f3logo y conductor de programas televisivos asociados a la difusi\u00f3n cient\u00edfica de la vida animal; y Sergio Praus, abogado experto en derecho ambiental y docente de la Universidad de Magallanes.<\/p>\n<div class=\"text_exposed_show\">\n<p style=\"text-align: justify\">Fecha: 26 de junio del 2015<\/p>\n<p style=\"text-align: justify\">Lugar: Auditorio Ministerio Obras P\u00fablicas. Croacia 722.<\/p>\n<p style=\"text-align: justify\">Horario: 10:00 a 12:30 hrs.<\/p>\n<p style=\"text-align: justify\">Confirmar asistencia a: <strong><span style=\"text-decoration: underline\">fjara@proyectogefareasprotegidas.cl<\/span><\/strong><\/p>\n<\/p><\/div>\n","protected":false},"excerpt":{"rendered":"<p>El pr\u00f3ximo viernes 26 de junio se realizar\u00e1 en Punta Arenas el coloquio: &#8220;Vive Tu Patrimonio. El valor de las \u00c1reas Protegidas en la Regi\u00f3n de Magallanes y Ant\u00e1rtica Chilena&#8221;. La actividad es organizada por el Proyecto GEF SNAP, la Secretar\u00eda Regional Ministerial del Medio Ambiente, la Universidad de Magallanes y WildlifeConservationSociety Chile, adem\u00e1s cuenta [&hellip;]<\/p>\n","protected":false},"author":2,"featured_media":254,"comment_status":"open","ping_status":"open","sticky":false,"template":"","format":"standard","meta":{"_acf_changed":false,"_exactmetrics_skip_tracking":false,"_exactmetrics_sitenote_active":false,"_exactmetrics_sitenote_note":"","_exactmetrics_sitenote_category":0,"footnotes":"","_links_to":"","_links_to_target":""},"categories":[4],"tags":[198,94],"class_list":["post-253","post","type-post","status-publish","format-standard","has-post-thumbnail","hentry","category-noticias","tag-ciudad","tag-patrimonio"],"acf":[],"yoast_head":"<!-- This site is optimized with the Yoast SEO plugin v26.9 - https:\/\/yoast.com\/product\/yoast-seo-wordpress\/ -->\n<title>Coloquio: Vive tu Patrimonio - Magallanes<\/title>\n<meta name=\"robots\" content=\"index, follow, max-snippet:-1, max-image-preview:large, max-video-preview:-1\" \/>\n<link rel=\"canonical\" href=\"https:\/\/explora.cl\/magallanes\/coloquio-vive-tu-patrimonio\/\" class=\"yoast-seo-meta-tag\" \/>\n<meta property=\"og:locale\" content=\"es_ES\" class=\"yoast-seo-meta-tag\" \/>\n<meta property=\"og:type\" content=\"article\" class=\"yoast-seo-meta-tag\" \/>\n<meta property=\"og:title\" content=\"Coloquio: Vive tu Patrimonio - Magallanes\" class=\"yoast-seo-meta-tag\" \/>\n<meta property=\"og:description\" content=\"El pr\u00f3ximo viernes 26 de junio se realizar\u00e1 en Punta Arenas el coloquio: &#8220;Vive Tu Patrimonio. El valor de las \u00c1reas Protegidas en la Regi\u00f3n de Magallanes y Ant\u00e1rtica Chilena&#8221;. La actividad es organizada por el Proyecto GEF SNAP, la Secretar\u00eda Regional Ministerial del Medio Ambiente, la Universidad de Magallanes y WildlifeConservationSociety Chile, adem\u00e1s cuenta [&hellip;]\" class=\"yoast-seo-meta-tag\" \/>\n<meta property=\"og:url\" content=\"https:\/\/explora.cl\/magallanes\/coloquio-vive-tu-patrimonio\/\" class=\"yoast-seo-meta-tag\" \/>\n<meta property=\"og:site_name\" content=\"Magallanes\" class=\"yoast-seo-meta-tag\" \/>\n<meta property=\"article:published_time\" content=\"2015-06-17T04:00:00+00:00\" class=\"yoast-seo-meta-tag\" \/>\n<meta property=\"article:modified_time\" content=\"2019-05-20T21:40:01+00:00\" class=\"yoast-seo-meta-tag\" \/>\n<meta property=\"og:image\" content=\"https:\/\/explora.cl\/magallanes\/wp-content\/uploads\/sites\/19\/2018\/06\/e50272f6029a472b68b725880201fb6c.jpg\" class=\"yoast-seo-meta-tag\" \/>\n\t<meta property=\"og:image:width\" content=\"757\" class=\"yoast-seo-meta-tag\" \/>\n\t<meta property=\"og:image:height\" content=\"310\" class=\"yoast-seo-meta-tag\" \/>\n\t<meta property=\"og:image:type\" content=\"image\/jpeg\" class=\"yoast-seo-meta-tag\" \/>\n<meta name=\"author\" content=\"webman\" class=\"yoast-seo-meta-tag\" \/>\n<meta name=\"twitter:card\" content=\"summary_large_image\" class=\"yoast-seo-meta-tag\" \/>\n<meta name=\"twitter:label1\" content=\"Escrito por\" class=\"yoast-seo-meta-tag\" \/>\n\t<meta name=\"twitter:data1\" content=\"webman\" class=\"yoast-seo-meta-tag\" \/>\n\t<meta name=\"twitter:label2\" content=\"Tiempo estimado de lectura\" class=\"yoast-seo-meta-tag\" \/>\n\t<meta name=\"twitter:data2\" content=\"1 minuto\" class=\"yoast-seo-meta-tag\" \/>\n<script type=\"application\/ld+json\" class=\"yoast-schema-graph\">{\"@context\":\"https:\/\/schema.org\",\"@graph\":[{\"@type\":\"Article\",\"@id\":\"https:\/\/explora.cl\/magallanes\/coloquio-vive-tu-patrimonio\/#article\",\"isPartOf\":{\"@id\":\"https:\/\/explora.cl\/magallanes\/coloquio-vive-tu-patrimonio\/\"},\"author\":{\"name\":\"webman\",\"@id\":\"https:\/\/explora.cl\/magallanes\/#\/schema\/person\/cb8349c13ea2d324080adf8480d7ba5d\"},\"headline\":\"Coloquio: Vive tu Patrimonio\",\"datePublished\":\"2015-06-17T04:00:00+00:00\",\"dateModified\":\"2019-05-20T21:40:01+00:00\",\"mainEntityOfPage\":{\"@id\":\"https:\/\/explora.cl\/magallanes\/coloquio-vive-tu-patrimonio\/\"},\"wordCount\":149,\"commentCount\":0,\"publisher\":{\"@id\":\"https:\/\/explora.cl\/magallanes\/#organization\"},\"image\":{\"@id\":\"https:\/\/explora.cl\/magallanes\/coloquio-vive-tu-patrimonio\/#primaryimage\"},\"thumbnailUrl\":\"https:\/\/explora.cl\/magallanes\/wp-content\/uploads\/sites\/19\/2018\/06\/e50272f6029a472b68b725880201fb6c.jpg\",\"keywords\":[\"ciudad\",\"patrimonio\"],\"articleSection\":[\"Noticias\"],\"inLanguage\":\"es-CL\",\"potentialAction\":[{\"@type\":\"CommentAction\",\"name\":\"Comment\",\"target\":[\"https:\/\/explora.cl\/magallanes\/coloquio-vive-tu-patrimonio\/#respond\"]}]},{\"@type\":\"WebPage\",\"@id\":\"https:\/\/explora.cl\/magallanes\/coloquio-vive-tu-patrimonio\/\",\"url\":\"https:\/\/explora.cl\/magallanes\/coloquio-vive-tu-patrimonio\/\",\"name\":\"Coloquio: Vive tu Patrimonio - Magallanes\",\"isPartOf\":{\"@id\":\"https:\/\/explora.cl\/magallanes\/#website\"},\"primaryImageOfPage\":{\"@id\":\"https:\/\/explora.cl\/magallanes\/coloquio-vive-tu-patrimonio\/#primaryimage\"},\"image\":{\"@id\":\"https:\/\/explora.cl\/magallanes\/coloquio-vive-tu-patrimonio\/#primaryimage\"},\"thumbnailUrl\":\"https:\/\/explora.cl\/magallanes\/wp-content\/uploads\/sites\/19\/2018\/06\/e50272f6029a472b68b725880201fb6c.jpg\",\"datePublished\":\"2015-06-17T04:00:00+00:00\",\"dateModified\":\"2019-05-20T21:40:01+00:00\",\"breadcrumb\":{\"@id\":\"https:\/\/explora.cl\/magallanes\/coloquio-vive-tu-patrimonio\/#breadcrumb\"},\"inLanguage\":\"es-CL\",\"potentialAction\":[{\"@type\":\"ReadAction\",\"target\":[\"https:\/\/explora.cl\/magallanes\/coloquio-vive-tu-patrimonio\/\"]}]},{\"@type\":\"ImageObject\",\"inLanguage\":\"es-CL\",\"@id\":\"https:\/\/explora.cl\/magallanes\/coloquio-vive-tu-patrimonio\/#primaryimage\",\"url\":\"https:\/\/explora.cl\/magallanes\/wp-content\/uploads\/sites\/19\/2018\/06\/e50272f6029a472b68b725880201fb6c.jpg\",\"contentUrl\":\"https:\/\/explora.cl\/magallanes\/wp-content\/uploads\/sites\/19\/2018\/06\/e50272f6029a472b68b725880201fb6c.jpg\",\"width\":757,\"height\":310},{\"@type\":\"BreadcrumbList\",\"@id\":\"https:\/\/explora.cl\/magallanes\/coloquio-vive-tu-patrimonio\/#breadcrumb\",\"itemListElement\":[{\"@type\":\"ListItem\",\"position\":1,\"name\":\"Portada\",\"item\":\"https:\/\/explora.cl\/magallanes\/\"},{\"@type\":\"ListItem\",\"position\":2,\"name\":\"Coloquio: Vive tu Patrimonio\"}]},{\"@type\":\"WebSite\",\"@id\":\"https:\/\/explora.cl\/magallanes\/#website\",\"url\":\"https:\/\/explora.cl\/magallanes\/\",\"name\":\"Magallanes\",\"description\":\"Otro sitio m\u00e1s de explora.cl\",\"publisher\":{\"@id\":\"https:\/\/explora.cl\/magallanes\/#organization\"},\"potentialAction\":[{\"@type\":\"SearchAction\",\"target\":{\"@type\":\"EntryPoint\",\"urlTemplate\":\"https:\/\/explora.cl\/magallanes\/?s={search_term_string}\"},\"query-input\":{\"@type\":\"PropertyValueSpecification\",\"valueRequired\":true,\"valueName\":\"search_term_string\"}}],\"inLanguage\":\"es-CL\"},{\"@type\":\"Organization\",\"@id\":\"https:\/\/explora.cl\/magallanes\/#organization\",\"name\":\"Magallanes\",\"url\":\"https:\/\/explora.cl\/magallanes\/\",\"logo\":{\"@type\":\"ImageObject\",\"inLanguage\":\"es-CL\",\"@id\":\"https:\/\/explora.cl\/magallanes\/#\/schema\/logo\/image\/\",\"url\":\"https:\/\/explora.cl\/magallanes\/wp-content\/uploads\/sites\/19\/2021\/06\/cropped-ICONO-COLOR-2.jpg\",\"contentUrl\":\"https:\/\/explora.cl\/magallanes\/wp-content\/uploads\/sites\/19\/2021\/06\/cropped-ICONO-COLOR-2.jpg\",\"width\":1181,\"height\":1181,\"caption\":\"Magallanes\"},\"image\":{\"@id\":\"https:\/\/explora.cl\/magallanes\/#\/schema\/logo\/image\/\"}},{\"@type\":\"Person\",\"@id\":\"https:\/\/explora.cl\/magallanes\/#\/schema\/person\/cb8349c13ea2d324080adf8480d7ba5d\",\"name\":\"webman\",\"image\":{\"@type\":\"ImageObject\",\"inLanguage\":\"es-CL\",\"@id\":\"https:\/\/explora.cl\/magallanes\/#\/schema\/person\/image\/\",\"url\":\"https:\/\/secure.gravatar.com\/avatar\/eeff3c82f2c02f7177d13663b7e6f890e9a6a0647ce9bb29cae02dcb094c7312?s=96&d=mm&r=g\",\"contentUrl\":\"https:\/\/secure.gravatar.com\/avatar\/eeff3c82f2c02f7177d13663b7e6f890e9a6a0647ce9bb29cae02dcb094c7312?s=96&d=mm&r=g\",\"caption\":\"webman\"},\"url\":\"https:\/\/explora.cl\/magallanes\/author\/webman\/\"}]}<\/script>\n<!-- \/ Yoast SEO plugin. -->","yoast_head_json":{"title":"Coloquio: Vive tu Patrimonio - Magallanes","robots":{"index":"index","follow":"follow","max-snippet":"max-snippet:-1","max-image-preview":"max-image-preview:large","max-video-preview":"max-video-preview:-1"},"canonical":"https:\/\/explora.cl\/magallanes\/coloquio-vive-tu-patrimonio\/","og_locale":"es_ES","og_type":"article","og_title":"Coloquio: Vive tu Patrimonio - Magallanes","og_description":"El pr\u00f3ximo viernes 26 de junio se realizar\u00e1 en Punta Arenas el coloquio: &#8220;Vive Tu Patrimonio. El valor de las \u00c1reas Protegidas en la Regi\u00f3n de Magallanes y Ant\u00e1rtica Chilena&#8221;. La actividad es organizada por el Proyecto GEF SNAP, la Secretar\u00eda Regional Ministerial del Medio Ambiente, la Universidad de Magallanes y WildlifeConservationSociety Chile, adem\u00e1s cuenta [&hellip;]","og_url":"https:\/\/explora.cl\/magallanes\/coloquio-vive-tu-patrimonio\/","og_site_name":"Magallanes","article_published_time":"2015-06-17T04:00:00+00:00","article_modified_time":"2019-05-20T21:40:01+00:00","og_image":[{"width":757,"height":310,"url":"https:\/\/explora.cl\/magallanes\/wp-content\/uploads\/sites\/19\/2018\/06\/e50272f6029a472b68b725880201fb6c.jpg","type":"image\/jpeg"}],"author":"webman","twitter_card":"summary_large_image","twitter_misc":{"Escrito por":"webman","Tiempo estimado de lectura":"1 minuto"},"schema":{"@context":"https:\/\/schema.org","@graph":[{"@type":"Article","@id":"https:\/\/explora.cl\/magallanes\/coloquio-vive-tu-patrimonio\/#article","isPartOf":{"@id":"https:\/\/explora.cl\/magallanes\/coloquio-vive-tu-patrimonio\/"},"author":{"name":"webman","@id":"https:\/\/explora.cl\/magallanes\/#\/schema\/person\/cb8349c13ea2d324080adf8480d7ba5d"},"headline":"Coloquio: Vive tu Patrimonio","datePublished":"2015-06-17T04:00:00+00:00","dateModified":"2019-05-20T21:40:01+00:00","mainEntityOfPage":{"@id":"https:\/\/explora.cl\/magallanes\/coloquio-vive-tu-patrimonio\/"},"wordCount":149,"commentCount":0,"publisher":{"@id":"https:\/\/explora.cl\/magallanes\/#organization"},"image":{"@id":"https:\/\/explora.cl\/magallanes\/coloquio-vive-tu-patrimonio\/#primaryimage"},"thumbnailUrl":"https:\/\/explora.cl\/magallanes\/wp-content\/uploads\/sites\/19\/2018\/06\/e50272f6029a472b68b725880201fb6c.jpg","keywords":["ciudad","patrimonio"],"articleSection":["Noticias"],"inLanguage":"es-CL","potentialAction":[{"@type":"CommentAction","name":"Comment","target":["https:\/\/explora.cl\/magallanes\/coloquio-vive-tu-patrimonio\/#respond"]}]},{"@type":"WebPage","@id":"https:\/\/explora.cl\/magallanes\/coloquio-vive-tu-patrimonio\/","url":"https:\/\/explora.cl\/magallanes\/coloquio-vive-tu-patrimonio\/","name":"Coloquio: Vive tu Patrimonio - Magallanes","isPartOf":{"@id":"https:\/\/explora.cl\/magallanes\/#website"},"primaryImageOfPage":{"@id":"https:\/\/explora.cl\/magallanes\/coloquio-vive-tu-patrimonio\/#primaryimage"},"image":{"@id":"https:\/\/explora.cl\/magallanes\/coloquio-vive-tu-patrimonio\/#primaryimage"},"thumbnailUrl":"https:\/\/explora.cl\/magallanes\/wp-content\/uploads\/sites\/19\/2018\/06\/e50272f6029a472b68b725880201fb6c.jpg","datePublished":"2015-06-17T04:00:00+00:00","dateModified":"2019-05-20T21:40:01+00:00","breadcrumb":{"@id":"https:\/\/explora.cl\/magallanes\/coloquio-vive-tu-patrimonio\/#breadcrumb"},"inLanguage":"es-CL","potentialAction":[{"@type":"ReadAction","target":["https:\/\/explora.cl\/magallanes\/coloquio-vive-tu-patrimonio\/"]}]},{"@type":"ImageObject","inLanguage":"es-CL","@id":"https:\/\/explora.cl\/magallanes\/coloquio-vive-tu-patrimonio\/#primaryimage","url":"https:\/\/explora.cl\/magallanes\/wp-content\/uploads\/sites\/19\/2018\/06\/e50272f6029a472b68b725880201fb6c.jpg","contentUrl":"https:\/\/explora.cl\/magallanes\/wp-content\/uploads\/sites\/19\/2018\/06\/e50272f6029a472b68b725880201fb6c.jpg","width":757,"height":310},{"@type":"BreadcrumbList","@id":"https:\/\/explora.cl\/magallanes\/coloquio-vive-tu-patrimonio\/#breadcrumb","itemListElement":[{"@type":"ListItem","position":1,"name":"Portada","item":"https:\/\/explora.cl\/magallanes\/"},{"@type":"ListItem","position":2,"name":"Coloquio: Vive tu Patrimonio"}]},{"@type":"WebSite","@id":"https:\/\/explora.cl\/magallanes\/#website","url":"https:\/\/explora.cl\/magallanes\/","name":"Magallanes","description":"Otro sitio m\u00e1s de explora.cl","publisher":{"@id":"https:\/\/explora.cl\/magallanes\/#organization"},"potentialAction":[{"@type":"SearchAction","target":{"@type":"EntryPoint","urlTemplate":"https:\/\/explora.cl\/magallanes\/?s={search_term_string}"},"query-input":{"@type":"PropertyValueSpecification","valueRequired":true,"valueName":"search_term_string"}}],"inLanguage":"es-CL"},{"@type":"Organization","@id":"https:\/\/explora.cl\/magallanes\/#organization","name":"Magallanes","url":"https:\/\/explora.cl\/magallanes\/","logo":{"@type":"ImageObject","inLanguage":"es-CL","@id":"https:\/\/explora.cl\/magallanes\/#\/schema\/logo\/image\/","url":"https:\/\/explora.cl\/magallanes\/wp-content\/uploads\/sites\/19\/2021\/06\/cropped-ICONO-COLOR-2.jpg","contentUrl":"https:\/\/explora.cl\/magallanes\/wp-content\/uploads\/sites\/19\/2021\/06\/cropped-ICONO-COLOR-2.jpg","width":1181,"height":1181,"caption":"Magallanes"},"image":{"@id":"https:\/\/explora.cl\/magallanes\/#\/schema\/logo\/image\/"}},{"@type":"Person","@id":"https:\/\/explora.cl\/magallanes\/#\/schema\/person\/cb8349c13ea2d324080adf8480d7ba5d","name":"webman","image":{"@type":"ImageObject","inLanguage":"es-CL","@id":"https:\/\/explora.cl\/magallanes\/#\/schema\/person\/image\/","url":"https:\/\/secure.gravatar.com\/avatar\/eeff3c82f2c02f7177d13663b7e6f890e9a6a0647ce9bb29cae02dcb094c7312?s=96&d=mm&r=g","contentUrl":"https:\/\/secure.gravatar.com\/avatar\/eeff3c82f2c02f7177d13663b7e6f890e9a6a0647ce9bb29cae02dcb094c7312?s=96&d=mm&r=g","caption":"webman"},"url":"https:\/\/explora.cl\/magallanes\/author\/webman\/"}]}},"_links":{"self":[{"href":"https:\/\/explora.cl\/magallanes\/wp-json\/wp\/v2\/posts\/253","targetHints":{"allow":["GET"]}}],"collection":[{"href":"https:\/\/explora.cl\/magallanes\/wp-json\/wp\/v2\/posts"}],"about":[{"href":"https:\/\/explora.cl\/magallanes\/wp-json\/wp\/v2\/types\/post"}],"author":[{"embeddable":true,"href":"https:\/\/explora.cl\/magallanes\/wp-json\/wp\/v2\/users\/2"}],"replies":[{"embeddable":true,"href":"https:\/\/explora.cl\/magallanes\/wp-json\/wp\/v2\/comments?post=253"}],"version-history":[{"count":1,"href":"https:\/\/explora.cl\/magallanes\/wp-json\/wp\/v2\/posts\/253\/revisions"}],"predecessor-version":[{"id":37918,"href":"https:\/\/explora.cl\/magallanes\/wp-json\/wp\/v2\/posts\/253\/revisions\/37918"}],"wp:featuredmedia":[{"embeddable":true,"href":"https:\/\/explora.cl\/magallanes\/wp-json\/wp\/v2\/media\/254"}],"wp:attachment":[{"href":"https:\/\/explora.cl\/magallanes\/wp-json\/wp\/v2\/media?parent=253"}],"wp:term":[{"taxonomy":"category","embeddable":true,"href":"https:\/\/explora.cl\/magallanes\/wp-json\/wp\/v2\/categories?post=253"},{"taxonomy":"post_tag","embeddable":true,"href":"https:\/\/explora.cl\/magallanes\/wp-json\/wp\/v2\/tags?post=253"}],"curies":[{"name":"wp","href":"https:\/\/api.w.org\/{rel}","templated":true}]}}