{"id":251,"date":"2015-06-15T00:00:00","date_gmt":"2015-06-15T04:00:00","guid":{"rendered":"https:\/\/explora.cl\/magallanes\/blog\/2015\/06\/15\/alumnos-de-esc-arturo-prat-aprenden-sobre-macroalgas\/"},"modified":"2019-05-20T21:40:02","modified_gmt":"2019-05-20T21:40:02","slug":"alumnos-de-esc-arturo-prat-aprenden-sobre-macroalgas","status":"publish","type":"post","link":"https:\/\/explora.cl\/magallanes\/alumnos-de-esc-arturo-prat-aprenden-sobre-macroalgas\/","title":{"rendered":"Alumnos de Esc. Arturo Prat aprenden sobre macroalgas"},"content":{"rendered":"<p><img fetchpriority=\"high\" decoding=\"async\" class=\" size-full wp-image-12218\" src=\"http:\/\/ec2-34-218-253-251.us-west-2.compute.amazonaws.com\/wp-content\/uploads\/2015\/06\/2d6ad621a08d567196b04f6932939bbb.jpg\" alt=\"\" width=\"2448\" height=\"2448\" \/><\/p>\n<p style=\"text-align: justify\" align=\"center\">El pasado 10 de junio la Escuela Capit\u00e1n Arturo Prat cont\u00f3 con la presencia de Johanna Marambio, Biologa Marina de la Universidad de Magallanes qui\u00e9n realiz\u00f3 una charla sobre la formaci\u00f3n geol\u00f3gica de las playas de la Regi\u00f3n de Magallanes y Ant\u00e1rtica Chilena.<\/p>\n<p style=\"text-align: justify\" align=\"center\">En la actividad participaron estudiantes del Taller Explora a cargo del profesor Jos\u00e9 D\u00edaz S\u00e1nchez y alumnos de 4to b\u00e1sico, quienes aprendieron acerca de los tipos de playas que existen y conceptos relevantes para entender el ciclo de vida de las macro algas.<\/p>\n<p style=\"text-align: justify\">A trav\u00e9s im\u00e1genes, los estudiantes \u00a0pudieron identificar diferentes invertebrados y macro algas marinas, adem\u00e1s reconocer el sector de Punta Santa\u00a0 Ana, lugar en que se encuentra una gran variedad de macro algas.<\/p>\n<p style=\"text-align: justify\">En el segundo bloque de la actividad, los realizaron preguntas y comentarios a la profesional y se mostraron impactados al descubrir que las macro algas se encuentran presentes en alimentos como helados y salchichas.<\/p>\n","protected":false},"excerpt":{"rendered":"<p>El pasado 10 de junio la Escuela Capit\u00e1n Arturo Prat cont\u00f3 con la presencia de Johanna Marambio, Biologa Marina de la Universidad de Magallanes qui\u00e9n realiz\u00f3 una charla sobre la formaci\u00f3n geol\u00f3gica de las playas de la Regi\u00f3n de Magallanes y Ant\u00e1rtica Chilena. En la actividad participaron estudiantes del Taller Explora a cargo del profesor [&hellip;]<\/p>\n","protected":false},"author":2,"featured_media":252,"comment_status":"open","ping_status":"open","sticky":false,"template":"","format":"standard","meta":{"_acf_changed":false,"_exactmetrics_skip_tracking":false,"_exactmetrics_sitenote_active":false,"_exactmetrics_sitenote_note":"","_exactmetrics_sitenote_category":0,"footnotes":"","_links_to":"","_links_to_target":""},"categories":[4],"tags":[184,196,197],"class_list":["post-251","post","type-post","status-publish","format-standard","has-post-thumbnail","hentry","category-noticias","tag-agua-salada","tag-algas","tag-ecosistema"],"acf":[],"yoast_head":"<!-- This site is optimized with the Yoast SEO plugin v26.9 - https:\/\/yoast.com\/product\/yoast-seo-wordpress\/ -->\n<title>Alumnos de Esc. Arturo Prat aprenden sobre macroalgas - Magallanes<\/title>\n<meta name=\"robots\" content=\"index, follow, max-snippet:-1, max-image-preview:large, max-video-preview:-1\" \/>\n<link rel=\"canonical\" href=\"https:\/\/explora.cl\/magallanes\/alumnos-de-esc-arturo-prat-aprenden-sobre-macroalgas\/\" class=\"yoast-seo-meta-tag\" \/>\n<meta property=\"og:locale\" content=\"es_ES\" class=\"yoast-seo-meta-tag\" \/>\n<meta property=\"og:type\" content=\"article\" class=\"yoast-seo-meta-tag\" \/>\n<meta property=\"og:title\" content=\"Alumnos de Esc. Arturo Prat aprenden sobre macroalgas - Magallanes\" class=\"yoast-seo-meta-tag\" \/>\n<meta property=\"og:description\" content=\"El pasado 10 de junio la Escuela Capit\u00e1n Arturo Prat cont\u00f3 con la presencia de Johanna Marambio, Biologa Marina de la Universidad de Magallanes qui\u00e9n realiz\u00f3 una charla sobre la formaci\u00f3n geol\u00f3gica de las playas de la Regi\u00f3n de Magallanes y Ant\u00e1rtica Chilena. En la actividad participaron estudiantes del Taller Explora a cargo del profesor [&hellip;]\" class=\"yoast-seo-meta-tag\" \/>\n<meta property=\"og:url\" content=\"https:\/\/explora.cl\/magallanes\/alumnos-de-esc-arturo-prat-aprenden-sobre-macroalgas\/\" class=\"yoast-seo-meta-tag\" \/>\n<meta property=\"og:site_name\" content=\"Magallanes\" class=\"yoast-seo-meta-tag\" \/>\n<meta property=\"article:published_time\" content=\"2015-06-15T04:00:00+00:00\" class=\"yoast-seo-meta-tag\" \/>\n<meta property=\"article:modified_time\" content=\"2019-05-20T21:40:02+00:00\" class=\"yoast-seo-meta-tag\" \/>\n<meta property=\"og:image\" content=\"https:\/\/explora.cl\/magallanes\/wp-content\/uploads\/sites\/19\/2018\/06\/2d6ad621a08d567196b04f6932939bbb.jpg\" class=\"yoast-seo-meta-tag\" \/>\n\t<meta property=\"og:image:width\" content=\"2448\" class=\"yoast-seo-meta-tag\" \/>\n\t<meta property=\"og:image:height\" content=\"2448\" class=\"yoast-seo-meta-tag\" \/>\n\t<meta property=\"og:image:type\" content=\"image\/jpeg\" class=\"yoast-seo-meta-tag\" \/>\n<meta name=\"author\" content=\"webman\" class=\"yoast-seo-meta-tag\" \/>\n<meta name=\"twitter:card\" content=\"summary_large_image\" class=\"yoast-seo-meta-tag\" \/>\n<meta name=\"twitter:label1\" content=\"Escrito por\" class=\"yoast-seo-meta-tag\" \/>\n\t<meta name=\"twitter:data1\" content=\"webman\" class=\"yoast-seo-meta-tag\" \/>\n\t<meta name=\"twitter:label2\" content=\"Tiempo estimado de lectura\" class=\"yoast-seo-meta-tag\" \/>\n\t<meta name=\"twitter:data2\" content=\"1 minuto\" class=\"yoast-seo-meta-tag\" \/>\n<script type=\"application\/ld+json\" class=\"yoast-schema-graph\">{\"@context\":\"https:\/\/schema.org\",\"@graph\":[{\"@type\":\"Article\",\"@id\":\"https:\/\/explora.cl\/magallanes\/alumnos-de-esc-arturo-prat-aprenden-sobre-macroalgas\/#article\",\"isPartOf\":{\"@id\":\"https:\/\/explora.cl\/magallanes\/alumnos-de-esc-arturo-prat-aprenden-sobre-macroalgas\/\"},\"author\":{\"name\":\"webman\",\"@id\":\"https:\/\/explora.cl\/magallanes\/#\/schema\/person\/cb8349c13ea2d324080adf8480d7ba5d\"},\"headline\":\"Alumnos de Esc. Arturo Prat aprenden sobre macroalgas\",\"datePublished\":\"2015-06-15T04:00:00+00:00\",\"dateModified\":\"2019-05-20T21:40:02+00:00\",\"mainEntityOfPage\":{\"@id\":\"https:\/\/explora.cl\/magallanes\/alumnos-de-esc-arturo-prat-aprenden-sobre-macroalgas\/\"},\"wordCount\":171,\"commentCount\":0,\"publisher\":{\"@id\":\"https:\/\/explora.cl\/magallanes\/#organization\"},\"image\":{\"@id\":\"https:\/\/explora.cl\/magallanes\/alumnos-de-esc-arturo-prat-aprenden-sobre-macroalgas\/#primaryimage\"},\"thumbnailUrl\":\"https:\/\/explora.cl\/magallanes\/wp-content\/uploads\/sites\/19\/2018\/06\/2d6ad621a08d567196b04f6932939bbb.jpg\",\"keywords\":[\"agua salada\",\"algas\",\"ecosistema\"],\"articleSection\":[\"Noticias\"],\"inLanguage\":\"es-CL\",\"potentialAction\":[{\"@type\":\"CommentAction\",\"name\":\"Comment\",\"target\":[\"https:\/\/explora.cl\/magallanes\/alumnos-de-esc-arturo-prat-aprenden-sobre-macroalgas\/#respond\"]}]},{\"@type\":\"WebPage\",\"@id\":\"https:\/\/explora.cl\/magallanes\/alumnos-de-esc-arturo-prat-aprenden-sobre-macroalgas\/\",\"url\":\"https:\/\/explora.cl\/magallanes\/alumnos-de-esc-arturo-prat-aprenden-sobre-macroalgas\/\",\"name\":\"Alumnos de Esc. Arturo Prat aprenden sobre macroalgas - Magallanes\",\"isPartOf\":{\"@id\":\"https:\/\/explora.cl\/magallanes\/#website\"},\"primaryImageOfPage\":{\"@id\":\"https:\/\/explora.cl\/magallanes\/alumnos-de-esc-arturo-prat-aprenden-sobre-macroalgas\/#primaryimage\"},\"image\":{\"@id\":\"https:\/\/explora.cl\/magallanes\/alumnos-de-esc-arturo-prat-aprenden-sobre-macroalgas\/#primaryimage\"},\"thumbnailUrl\":\"https:\/\/explora.cl\/magallanes\/wp-content\/uploads\/sites\/19\/2018\/06\/2d6ad621a08d567196b04f6932939bbb.jpg\",\"datePublished\":\"2015-06-15T04:00:00+00:00\",\"dateModified\":\"2019-05-20T21:40:02+00:00\",\"breadcrumb\":{\"@id\":\"https:\/\/explora.cl\/magallanes\/alumnos-de-esc-arturo-prat-aprenden-sobre-macroalgas\/#breadcrumb\"},\"inLanguage\":\"es-CL\",\"potentialAction\":[{\"@type\":\"ReadAction\",\"target\":[\"https:\/\/explora.cl\/magallanes\/alumnos-de-esc-arturo-prat-aprenden-sobre-macroalgas\/\"]}]},{\"@type\":\"ImageObject\",\"inLanguage\":\"es-CL\",\"@id\":\"https:\/\/explora.cl\/magallanes\/alumnos-de-esc-arturo-prat-aprenden-sobre-macroalgas\/#primaryimage\",\"url\":\"https:\/\/explora.cl\/magallanes\/wp-content\/uploads\/sites\/19\/2018\/06\/2d6ad621a08d567196b04f6932939bbb.jpg\",\"contentUrl\":\"https:\/\/explora.cl\/magallanes\/wp-content\/uploads\/sites\/19\/2018\/06\/2d6ad621a08d567196b04f6932939bbb.jpg\",\"width\":2448,\"height\":2448},{\"@type\":\"BreadcrumbList\",\"@id\":\"https:\/\/explora.cl\/magallanes\/alumnos-de-esc-arturo-prat-aprenden-sobre-macroalgas\/#breadcrumb\",\"itemListElement\":[{\"@type\":\"ListItem\",\"position\":1,\"name\":\"Portada\",\"item\":\"https:\/\/explora.cl\/magallanes\/\"},{\"@type\":\"ListItem\",\"position\":2,\"name\":\"Alumnos de Esc. Arturo Prat aprenden sobre macroalgas\"}]},{\"@type\":\"WebSite\",\"@id\":\"https:\/\/explora.cl\/magallanes\/#website\",\"url\":\"https:\/\/explora.cl\/magallanes\/\",\"name\":\"Magallanes\",\"description\":\"Otro sitio m\u00e1s de explora.cl\",\"publisher\":{\"@id\":\"https:\/\/explora.cl\/magallanes\/#organization\"},\"potentialAction\":[{\"@type\":\"SearchAction\",\"target\":{\"@type\":\"EntryPoint\",\"urlTemplate\":\"https:\/\/explora.cl\/magallanes\/?s={search_term_string}\"},\"query-input\":{\"@type\":\"PropertyValueSpecification\",\"valueRequired\":true,\"valueName\":\"search_term_string\"}}],\"inLanguage\":\"es-CL\"},{\"@type\":\"Organization\",\"@id\":\"https:\/\/explora.cl\/magallanes\/#organization\",\"name\":\"Magallanes\",\"url\":\"https:\/\/explora.cl\/magallanes\/\",\"logo\":{\"@type\":\"ImageObject\",\"inLanguage\":\"es-CL\",\"@id\":\"https:\/\/explora.cl\/magallanes\/#\/schema\/logo\/image\/\",\"url\":\"https:\/\/explora.cl\/magallanes\/wp-content\/uploads\/sites\/19\/2021\/06\/cropped-ICONO-COLOR-2.jpg\",\"contentUrl\":\"https:\/\/explora.cl\/magallanes\/wp-content\/uploads\/sites\/19\/2021\/06\/cropped-ICONO-COLOR-2.jpg\",\"width\":1181,\"height\":1181,\"caption\":\"Magallanes\"},\"image\":{\"@id\":\"https:\/\/explora.cl\/magallanes\/#\/schema\/logo\/image\/\"}},{\"@type\":\"Person\",\"@id\":\"https:\/\/explora.cl\/magallanes\/#\/schema\/person\/cb8349c13ea2d324080adf8480d7ba5d\",\"name\":\"webman\",\"image\":{\"@type\":\"ImageObject\",\"inLanguage\":\"es-CL\",\"@id\":\"https:\/\/explora.cl\/magallanes\/#\/schema\/person\/image\/\",\"url\":\"https:\/\/secure.gravatar.com\/avatar\/eeff3c82f2c02f7177d13663b7e6f890e9a6a0647ce9bb29cae02dcb094c7312?s=96&d=mm&r=g\",\"contentUrl\":\"https:\/\/secure.gravatar.com\/avatar\/eeff3c82f2c02f7177d13663b7e6f890e9a6a0647ce9bb29cae02dcb094c7312?s=96&d=mm&r=g\",\"caption\":\"webman\"},\"url\":\"https:\/\/explora.cl\/magallanes\/author\/webman\/\"}]}<\/script>\n<!-- \/ Yoast SEO plugin. -->","yoast_head_json":{"title":"Alumnos de Esc. Arturo Prat aprenden sobre macroalgas - Magallanes","robots":{"index":"index","follow":"follow","max-snippet":"max-snippet:-1","max-image-preview":"max-image-preview:large","max-video-preview":"max-video-preview:-1"},"canonical":"https:\/\/explora.cl\/magallanes\/alumnos-de-esc-arturo-prat-aprenden-sobre-macroalgas\/","og_locale":"es_ES","og_type":"article","og_title":"Alumnos de Esc. Arturo Prat aprenden sobre macroalgas - Magallanes","og_description":"El pasado 10 de junio la Escuela Capit\u00e1n Arturo Prat cont\u00f3 con la presencia de Johanna Marambio, Biologa Marina de la Universidad de Magallanes qui\u00e9n realiz\u00f3 una charla sobre la formaci\u00f3n geol\u00f3gica de las playas de la Regi\u00f3n de Magallanes y Ant\u00e1rtica Chilena. En la actividad participaron estudiantes del Taller Explora a cargo del profesor [&hellip;]","og_url":"https:\/\/explora.cl\/magallanes\/alumnos-de-esc-arturo-prat-aprenden-sobre-macroalgas\/","og_site_name":"Magallanes","article_published_time":"2015-06-15T04:00:00+00:00","article_modified_time":"2019-05-20T21:40:02+00:00","og_image":[{"width":2448,"height":2448,"url":"https:\/\/explora.cl\/magallanes\/wp-content\/uploads\/sites\/19\/2018\/06\/2d6ad621a08d567196b04f6932939bbb.jpg","type":"image\/jpeg"}],"author":"webman","twitter_card":"summary_large_image","twitter_misc":{"Escrito por":"webman","Tiempo estimado de lectura":"1 minuto"},"schema":{"@context":"https:\/\/schema.org","@graph":[{"@type":"Article","@id":"https:\/\/explora.cl\/magallanes\/alumnos-de-esc-arturo-prat-aprenden-sobre-macroalgas\/#article","isPartOf":{"@id":"https:\/\/explora.cl\/magallanes\/alumnos-de-esc-arturo-prat-aprenden-sobre-macroalgas\/"},"author":{"name":"webman","@id":"https:\/\/explora.cl\/magallanes\/#\/schema\/person\/cb8349c13ea2d324080adf8480d7ba5d"},"headline":"Alumnos de Esc. Arturo Prat aprenden sobre macroalgas","datePublished":"2015-06-15T04:00:00+00:00","dateModified":"2019-05-20T21:40:02+00:00","mainEntityOfPage":{"@id":"https:\/\/explora.cl\/magallanes\/alumnos-de-esc-arturo-prat-aprenden-sobre-macroalgas\/"},"wordCount":171,"commentCount":0,"publisher":{"@id":"https:\/\/explora.cl\/magallanes\/#organization"},"image":{"@id":"https:\/\/explora.cl\/magallanes\/alumnos-de-esc-arturo-prat-aprenden-sobre-macroalgas\/#primaryimage"},"thumbnailUrl":"https:\/\/explora.cl\/magallanes\/wp-content\/uploads\/sites\/19\/2018\/06\/2d6ad621a08d567196b04f6932939bbb.jpg","keywords":["agua salada","algas","ecosistema"],"articleSection":["Noticias"],"inLanguage":"es-CL","potentialAction":[{"@type":"CommentAction","name":"Comment","target":["https:\/\/explora.cl\/magallanes\/alumnos-de-esc-arturo-prat-aprenden-sobre-macroalgas\/#respond"]}]},{"@type":"WebPage","@id":"https:\/\/explora.cl\/magallanes\/alumnos-de-esc-arturo-prat-aprenden-sobre-macroalgas\/","url":"https:\/\/explora.cl\/magallanes\/alumnos-de-esc-arturo-prat-aprenden-sobre-macroalgas\/","name":"Alumnos de Esc. Arturo Prat aprenden sobre macroalgas - Magallanes","isPartOf":{"@id":"https:\/\/explora.cl\/magallanes\/#website"},"primaryImageOfPage":{"@id":"https:\/\/explora.cl\/magallanes\/alumnos-de-esc-arturo-prat-aprenden-sobre-macroalgas\/#primaryimage"},"image":{"@id":"https:\/\/explora.cl\/magallanes\/alumnos-de-esc-arturo-prat-aprenden-sobre-macroalgas\/#primaryimage"},"thumbnailUrl":"https:\/\/explora.cl\/magallanes\/wp-content\/uploads\/sites\/19\/2018\/06\/2d6ad621a08d567196b04f6932939bbb.jpg","datePublished":"2015-06-15T04:00:00+00:00","dateModified":"2019-05-20T21:40:02+00:00","breadcrumb":{"@id":"https:\/\/explora.cl\/magallanes\/alumnos-de-esc-arturo-prat-aprenden-sobre-macroalgas\/#breadcrumb"},"inLanguage":"es-CL","potentialAction":[{"@type":"ReadAction","target":["https:\/\/explora.cl\/magallanes\/alumnos-de-esc-arturo-prat-aprenden-sobre-macroalgas\/"]}]},{"@type":"ImageObject","inLanguage":"es-CL","@id":"https:\/\/explora.cl\/magallanes\/alumnos-de-esc-arturo-prat-aprenden-sobre-macroalgas\/#primaryimage","url":"https:\/\/explora.cl\/magallanes\/wp-content\/uploads\/sites\/19\/2018\/06\/2d6ad621a08d567196b04f6932939bbb.jpg","contentUrl":"https:\/\/explora.cl\/magallanes\/wp-content\/uploads\/sites\/19\/2018\/06\/2d6ad621a08d567196b04f6932939bbb.jpg","width":2448,"height":2448},{"@type":"BreadcrumbList","@id":"https:\/\/explora.cl\/magallanes\/alumnos-de-esc-arturo-prat-aprenden-sobre-macroalgas\/#breadcrumb","itemListElement":[{"@type":"ListItem","position":1,"name":"Portada","item":"https:\/\/explora.cl\/magallanes\/"},{"@type":"ListItem","position":2,"name":"Alumnos de Esc. Arturo Prat aprenden sobre macroalgas"}]},{"@type":"WebSite","@id":"https:\/\/explora.cl\/magallanes\/#website","url":"https:\/\/explora.cl\/magallanes\/","name":"Magallanes","description":"Otro sitio m\u00e1s de explora.cl","publisher":{"@id":"https:\/\/explora.cl\/magallanes\/#organization"},"potentialAction":[{"@type":"SearchAction","target":{"@type":"EntryPoint","urlTemplate":"https:\/\/explora.cl\/magallanes\/?s={search_term_string}"},"query-input":{"@type":"PropertyValueSpecification","valueRequired":true,"valueName":"search_term_string"}}],"inLanguage":"es-CL"},{"@type":"Organization","@id":"https:\/\/explora.cl\/magallanes\/#organization","name":"Magallanes","url":"https:\/\/explora.cl\/magallanes\/","logo":{"@type":"ImageObject","inLanguage":"es-CL","@id":"https:\/\/explora.cl\/magallanes\/#\/schema\/logo\/image\/","url":"https:\/\/explora.cl\/magallanes\/wp-content\/uploads\/sites\/19\/2021\/06\/cropped-ICONO-COLOR-2.jpg","contentUrl":"https:\/\/explora.cl\/magallanes\/wp-content\/uploads\/sites\/19\/2021\/06\/cropped-ICONO-COLOR-2.jpg","width":1181,"height":1181,"caption":"Magallanes"},"image":{"@id":"https:\/\/explora.cl\/magallanes\/#\/schema\/logo\/image\/"}},{"@type":"Person","@id":"https:\/\/explora.cl\/magallanes\/#\/schema\/person\/cb8349c13ea2d324080adf8480d7ba5d","name":"webman","image":{"@type":"ImageObject","inLanguage":"es-CL","@id":"https:\/\/explora.cl\/magallanes\/#\/schema\/person\/image\/","url":"https:\/\/secure.gravatar.com\/avatar\/eeff3c82f2c02f7177d13663b7e6f890e9a6a0647ce9bb29cae02dcb094c7312?s=96&d=mm&r=g","contentUrl":"https:\/\/secure.gravatar.com\/avatar\/eeff3c82f2c02f7177d13663b7e6f890e9a6a0647ce9bb29cae02dcb094c7312?s=96&d=mm&r=g","caption":"webman"},"url":"https:\/\/explora.cl\/magallanes\/author\/webman\/"}]}},"_links":{"self":[{"href":"https:\/\/explora.cl\/magallanes\/wp-json\/wp\/v2\/posts\/251","targetHints":{"allow":["GET"]}}],"collection":[{"href":"https:\/\/explora.cl\/magallanes\/wp-json\/wp\/v2\/posts"}],"about":[{"href":"https:\/\/explora.cl\/magallanes\/wp-json\/wp\/v2\/types\/post"}],"author":[{"embeddable":true,"href":"https:\/\/explora.cl\/magallanes\/wp-json\/wp\/v2\/users\/2"}],"replies":[{"embeddable":true,"href":"https:\/\/explora.cl\/magallanes\/wp-json\/wp\/v2\/comments?post=251"}],"version-history":[{"count":1,"href":"https:\/\/explora.cl\/magallanes\/wp-json\/wp\/v2\/posts\/251\/revisions"}],"predecessor-version":[{"id":37920,"href":"https:\/\/explora.cl\/magallanes\/wp-json\/wp\/v2\/posts\/251\/revisions\/37920"}],"wp:featuredmedia":[{"embeddable":true,"href":"https:\/\/explora.cl\/magallanes\/wp-json\/wp\/v2\/media\/252"}],"wp:attachment":[{"href":"https:\/\/explora.cl\/magallanes\/wp-json\/wp\/v2\/media?parent=251"}],"wp:term":[{"taxonomy":"category","embeddable":true,"href":"https:\/\/explora.cl\/magallanes\/wp-json\/wp\/v2\/categories?post=251"},{"taxonomy":"post_tag","embeddable":true,"href":"https:\/\/explora.cl\/magallanes\/wp-json\/wp\/v2\/tags?post=251"}],"curies":[{"name":"wp","href":"https:\/\/api.w.org\/{rel}","templated":true}]}}