{"id":247,"date":"2015-06-04T00:00:00","date_gmt":"2015-06-04T04:00:00","guid":{"rendered":"https:\/\/explora.cl\/magallanes\/blog\/2015\/06\/04\/mas-de-300-ninos-de-la-comuna-disfrutaron-de-cine-ma\/"},"modified":"2019-05-20T21:40:03","modified_gmt":"2019-05-20T21:40:03","slug":"mas-de-300-ninos-de-la-comuna-disfrutaron-de-cine-ma","status":"publish","type":"post","link":"https:\/\/explora.cl\/magallanes\/mas-de-300-ninos-de-la-comuna-disfrutaron-de-cine-ma\/","title":{"rendered":"M\u00e1s de 300 ni\u00f1os disfrutaron de CINE-MA"},"content":{"rendered":"<p><img fetchpriority=\"high\" decoding=\"async\" class=\" size-full wp-image-11651\" src=\"http:\/\/ec2-34-218-253-251.us-west-2.compute.amazonaws.com\/wp-content\/uploads\/2015\/06\/c1df29092bfc99d870af10fd99f2fbc0.jpg\" alt=\"\" width=\"655\" height=\"491\" \/><\/p>\n<p style=\"text-align: justify\">En el marco de la celebraci\u00f3n del D\u00eda Mundial del Medio Ambiente, PAR Explora Magallanes, la Seremi de Medio Ambiente y CREA Magallanes organizaron CINE-MA, una tarde de series y cortos animados para los ni\u00f1os de la comuna.<\/p>\n<p style=\"text-align: justify\">La funci\u00f3n comenz\u00f3 a las 15:00hrs. en el Auditorio Ernesto Livacic de la Universidad de Magallanes con la exhibici\u00f3n de: El Guanaco, El Huemul, Jackon un elefante marino del sur de Chile y 3R, un reality sustentable. Adem\u00e1s, para ingresar los ni\u00f1os deb\u00edan entregar 5 tapitas pl\u00e1sticas, las que ir\u00edan a Reaflora, Arte y Cultura, organizaci\u00f3n que realiza murales con materiales reciclados.<\/p>\n<p style=\"text-align: justify\">\u201cLa actividad nace a partir de una idea del Comit\u00e9 Regional de Educaci\u00f3n Ambiental (CREA) y el objetivo es conmemorar el D\u00eda Mundial del Medio Ambiente que se celebra el 5 de junio. Naci\u00f3 la posibilidad de realizar esta tarde de cortos animados con tem\u00e1ticas medioambientales a partir del material did\u00e1ctico y educativo que ten\u00eda la ONG WCS y el Ministerio del Medio Ambiente. La actividad result\u00f3 un \u00e9xito, ya que asistieron m\u00e1s de 300 ni\u00f1os e incluso desde Cerro Sombrero nos han pedido replicar esta actividad en la Escuela\u201d. Paula Mart\u00ednez, encargada de Educaci\u00f3n Ambiental y Participaci\u00f3n Ciudadana de Ministerio del Medio Ambiente.<\/p>\n<p style=\"text-align: justify\">Wildlife Conservation Society (WCS), es una organizaci\u00f3n no gubernamental que adem\u00e1s de dedicarse a la investigaci\u00f3n realiza intervenciones que buscan educar a la poblaci\u00f3n de Magallanes. \u201cNos vimos en la necesidad de enfatizar en la flora y fauna de la regi\u00f3n y hoy en d\u00eda como la forma m\u00e1s amigable para los ni\u00f1os es el medio audiovisual creamos varios cortometrajes animados\u201d, coment\u00f3 Bel\u00e9n Guarda, Asistente de Educaci\u00f3n de WCS.<\/p>\n<p style=\"text-align: justify\">La actividad fue disfrutada por ni\u00f1os de Educaci\u00f3n B\u00e1sica, profesores y algunos apoderados que acompa\u00f1aron a los estudiantes m\u00e1s peque\u00f1os de k\u00ednder y pre-k\u00ednder. \u201cExcelente la experiencia que hemos vivido con los ni\u00f1os, porque son videos totalmente educativos, entretenidos y din\u00e1micos. Los ni\u00f1os jugando aprenden un poquito m\u00e1s del Medio Ambiente\u201d, se\u00f1al\u00f3 Tamara \u00c1guila, apoderada de pre-kinder B del Colegio Rub\u00e9n Dar\u00edo.\u00a0<\/p>\n<p style=\"text-align: justify\">Nicole Maldonado de 7\u00bamo B\u00e1sico del Colegio Charles Darwin coment\u00f3: \u201cMe gust\u00f3 la actividad, porque los videos eran entretenidos y pudimos compartir con otros ni\u00f1os. Aprend\u00ed hartas cosas de reciclaje y sobre los animales que viven en la Regi\u00f3n\u201d.<\/p>\n<p style=\"text-align: justify\">En la actividad tambi\u00e9n estuvo presente la Agrupaci\u00f3n Reaflora, Arte y Cultura, quienes fueron investidos por la Seremi de Medio Ambiente como Forjadores Ambientales. Cristian Araya, Coordinador de Recursos y Relaciones Empresariales coment\u00f3 \u201cLa encargada del SEREMI del Medio Ambiente nos invit\u00f3 a participar de la actividad para que expusi\u00e9ramos nuestro proyecto y nos encontramos con la grata sorpresa que nos certificaron. Hoy estamos trabajando en varios lugares, en el Liceo de ni\u00f1as Sara Braun, Umpade, Poblaci\u00f3n Santos Mardones, Villa las Nieves, Jard\u00edn Luna Creciente, la Escuela Pedro Pablo Lemaitre, entre otros\u201d.<\/p>\n","protected":false},"excerpt":{"rendered":"<p>En el marco de la celebraci\u00f3n del D\u00eda Mundial del Medio Ambiente, PAR Explora Magallanes, la Seremi de Medio Ambiente y CREA Magallanes organizaron CINE-MA, una tarde de series y cortos animados para los ni\u00f1os de la comuna. La funci\u00f3n comenz\u00f3 a las 15:00hrs. en el Auditorio Ernesto Livacic de la Universidad de Magallanes con [&hellip;]<\/p>\n","protected":false},"author":2,"featured_media":248,"comment_status":"open","ping_status":"open","sticky":false,"template":"","format":"standard","meta":{"_acf_changed":false,"_exactmetrics_skip_tracking":false,"_exactmetrics_sitenote_active":false,"_exactmetrics_sitenote_note":"","_exactmetrics_sitenote_category":0,"footnotes":"","_links_to":"","_links_to_target":""},"categories":[4],"tags":[187,188,168,189],"class_list":["post-247","post","type-post","status-publish","format-standard","has-post-thumbnail","hentry","category-noticias","tag-cine","tag-cultura","tag-flora-y-fauna","tag-medio-ambiente"],"acf":[],"yoast_head":"<!-- This site is optimized with the Yoast SEO plugin v26.9 - https:\/\/yoast.com\/product\/yoast-seo-wordpress\/ -->\n<title>M\u00e1s de 300 ni\u00f1os disfrutaron de CINE-MA - Magallanes<\/title>\n<meta name=\"robots\" content=\"index, follow, max-snippet:-1, max-image-preview:large, max-video-preview:-1\" \/>\n<link rel=\"canonical\" href=\"https:\/\/explora.cl\/magallanes\/mas-de-300-ninos-de-la-comuna-disfrutaron-de-cine-ma\/\" class=\"yoast-seo-meta-tag\" \/>\n<meta property=\"og:locale\" content=\"es_ES\" class=\"yoast-seo-meta-tag\" \/>\n<meta property=\"og:type\" content=\"article\" class=\"yoast-seo-meta-tag\" \/>\n<meta property=\"og:title\" content=\"M\u00e1s de 300 ni\u00f1os disfrutaron de CINE-MA - Magallanes\" class=\"yoast-seo-meta-tag\" \/>\n<meta property=\"og:description\" content=\"En el marco de la celebraci\u00f3n del D\u00eda Mundial del Medio Ambiente, PAR Explora Magallanes, la Seremi de Medio Ambiente y CREA Magallanes organizaron CINE-MA, una tarde de series y cortos animados para los ni\u00f1os de la comuna. La funci\u00f3n comenz\u00f3 a las 15:00hrs. en el Auditorio Ernesto Livacic de la Universidad de Magallanes con [&hellip;]\" class=\"yoast-seo-meta-tag\" \/>\n<meta property=\"og:url\" content=\"https:\/\/explora.cl\/magallanes\/mas-de-300-ninos-de-la-comuna-disfrutaron-de-cine-ma\/\" class=\"yoast-seo-meta-tag\" \/>\n<meta property=\"og:site_name\" content=\"Magallanes\" class=\"yoast-seo-meta-tag\" \/>\n<meta property=\"article:published_time\" content=\"2015-06-04T04:00:00+00:00\" class=\"yoast-seo-meta-tag\" \/>\n<meta property=\"article:modified_time\" content=\"2019-05-20T21:40:03+00:00\" class=\"yoast-seo-meta-tag\" \/>\n<meta property=\"og:image\" content=\"https:\/\/explora.cl\/magallanes\/wp-content\/uploads\/sites\/19\/2018\/06\/c1df29092bfc99d870af10fd99f2fbc0.jpg\" class=\"yoast-seo-meta-tag\" \/>\n\t<meta property=\"og:image:width\" content=\"655\" class=\"yoast-seo-meta-tag\" \/>\n\t<meta property=\"og:image:height\" content=\"491\" class=\"yoast-seo-meta-tag\" \/>\n\t<meta property=\"og:image:type\" content=\"image\/jpeg\" class=\"yoast-seo-meta-tag\" \/>\n<meta name=\"author\" content=\"webman\" class=\"yoast-seo-meta-tag\" \/>\n<meta name=\"twitter:card\" content=\"summary_large_image\" class=\"yoast-seo-meta-tag\" \/>\n<meta name=\"twitter:label1\" content=\"Escrito por\" class=\"yoast-seo-meta-tag\" \/>\n\t<meta name=\"twitter:data1\" content=\"webman\" class=\"yoast-seo-meta-tag\" \/>\n\t<meta name=\"twitter:label2\" content=\"Tiempo estimado de lectura\" class=\"yoast-seo-meta-tag\" \/>\n\t<meta name=\"twitter:data2\" content=\"3 minutos\" class=\"yoast-seo-meta-tag\" \/>\n<script type=\"application\/ld+json\" class=\"yoast-schema-graph\">{\"@context\":\"https:\/\/schema.org\",\"@graph\":[{\"@type\":\"Article\",\"@id\":\"https:\/\/explora.cl\/magallanes\/mas-de-300-ninos-de-la-comuna-disfrutaron-de-cine-ma\/#article\",\"isPartOf\":{\"@id\":\"https:\/\/explora.cl\/magallanes\/mas-de-300-ninos-de-la-comuna-disfrutaron-de-cine-ma\/\"},\"author\":{\"name\":\"webman\",\"@id\":\"https:\/\/explora.cl\/magallanes\/#\/schema\/person\/cb8349c13ea2d324080adf8480d7ba5d\"},\"headline\":\"M\u00e1s de 300 ni\u00f1os disfrutaron de CINE-MA\",\"datePublished\":\"2015-06-04T04:00:00+00:00\",\"dateModified\":\"2019-05-20T21:40:03+00:00\",\"mainEntityOfPage\":{\"@id\":\"https:\/\/explora.cl\/magallanes\/mas-de-300-ninos-de-la-comuna-disfrutaron-de-cine-ma\/\"},\"wordCount\":526,\"commentCount\":0,\"publisher\":{\"@id\":\"https:\/\/explora.cl\/magallanes\/#organization\"},\"image\":{\"@id\":\"https:\/\/explora.cl\/magallanes\/mas-de-300-ninos-de-la-comuna-disfrutaron-de-cine-ma\/#primaryimage\"},\"thumbnailUrl\":\"https:\/\/explora.cl\/magallanes\/wp-content\/uploads\/sites\/19\/2018\/06\/c1df29092bfc99d870af10fd99f2fbc0.jpg\",\"keywords\":[\"Cine\",\"cultura\",\"flora y fauna\",\"medio ambiente\"],\"articleSection\":[\"Noticias\"],\"inLanguage\":\"es-CL\",\"potentialAction\":[{\"@type\":\"CommentAction\",\"name\":\"Comment\",\"target\":[\"https:\/\/explora.cl\/magallanes\/mas-de-300-ninos-de-la-comuna-disfrutaron-de-cine-ma\/#respond\"]}]},{\"@type\":\"WebPage\",\"@id\":\"https:\/\/explora.cl\/magallanes\/mas-de-300-ninos-de-la-comuna-disfrutaron-de-cine-ma\/\",\"url\":\"https:\/\/explora.cl\/magallanes\/mas-de-300-ninos-de-la-comuna-disfrutaron-de-cine-ma\/\",\"name\":\"M\u00e1s de 300 ni\u00f1os disfrutaron de CINE-MA - Magallanes\",\"isPartOf\":{\"@id\":\"https:\/\/explora.cl\/magallanes\/#website\"},\"primaryImageOfPage\":{\"@id\":\"https:\/\/explora.cl\/magallanes\/mas-de-300-ninos-de-la-comuna-disfrutaron-de-cine-ma\/#primaryimage\"},\"image\":{\"@id\":\"https:\/\/explora.cl\/magallanes\/mas-de-300-ninos-de-la-comuna-disfrutaron-de-cine-ma\/#primaryimage\"},\"thumbnailUrl\":\"https:\/\/explora.cl\/magallanes\/wp-content\/uploads\/sites\/19\/2018\/06\/c1df29092bfc99d870af10fd99f2fbc0.jpg\",\"datePublished\":\"2015-06-04T04:00:00+00:00\",\"dateModified\":\"2019-05-20T21:40:03+00:00\",\"breadcrumb\":{\"@id\":\"https:\/\/explora.cl\/magallanes\/mas-de-300-ninos-de-la-comuna-disfrutaron-de-cine-ma\/#breadcrumb\"},\"inLanguage\":\"es-CL\",\"potentialAction\":[{\"@type\":\"ReadAction\",\"target\":[\"https:\/\/explora.cl\/magallanes\/mas-de-300-ninos-de-la-comuna-disfrutaron-de-cine-ma\/\"]}]},{\"@type\":\"ImageObject\",\"inLanguage\":\"es-CL\",\"@id\":\"https:\/\/explora.cl\/magallanes\/mas-de-300-ninos-de-la-comuna-disfrutaron-de-cine-ma\/#primaryimage\",\"url\":\"https:\/\/explora.cl\/magallanes\/wp-content\/uploads\/sites\/19\/2018\/06\/c1df29092bfc99d870af10fd99f2fbc0.jpg\",\"contentUrl\":\"https:\/\/explora.cl\/magallanes\/wp-content\/uploads\/sites\/19\/2018\/06\/c1df29092bfc99d870af10fd99f2fbc0.jpg\",\"width\":655,\"height\":491},{\"@type\":\"BreadcrumbList\",\"@id\":\"https:\/\/explora.cl\/magallanes\/mas-de-300-ninos-de-la-comuna-disfrutaron-de-cine-ma\/#breadcrumb\",\"itemListElement\":[{\"@type\":\"ListItem\",\"position\":1,\"name\":\"Portada\",\"item\":\"https:\/\/explora.cl\/magallanes\/\"},{\"@type\":\"ListItem\",\"position\":2,\"name\":\"M\u00e1s de 300 ni\u00f1os disfrutaron de CINE-MA\"}]},{\"@type\":\"WebSite\",\"@id\":\"https:\/\/explora.cl\/magallanes\/#website\",\"url\":\"https:\/\/explora.cl\/magallanes\/\",\"name\":\"Magallanes\",\"description\":\"Otro sitio m\u00e1s de explora.cl\",\"publisher\":{\"@id\":\"https:\/\/explora.cl\/magallanes\/#organization\"},\"potentialAction\":[{\"@type\":\"SearchAction\",\"target\":{\"@type\":\"EntryPoint\",\"urlTemplate\":\"https:\/\/explora.cl\/magallanes\/?s={search_term_string}\"},\"query-input\":{\"@type\":\"PropertyValueSpecification\",\"valueRequired\":true,\"valueName\":\"search_term_string\"}}],\"inLanguage\":\"es-CL\"},{\"@type\":\"Organization\",\"@id\":\"https:\/\/explora.cl\/magallanes\/#organization\",\"name\":\"Magallanes\",\"url\":\"https:\/\/explora.cl\/magallanes\/\",\"logo\":{\"@type\":\"ImageObject\",\"inLanguage\":\"es-CL\",\"@id\":\"https:\/\/explora.cl\/magallanes\/#\/schema\/logo\/image\/\",\"url\":\"https:\/\/explora.cl\/magallanes\/wp-content\/uploads\/sites\/19\/2021\/06\/cropped-ICONO-COLOR-2.jpg\",\"contentUrl\":\"https:\/\/explora.cl\/magallanes\/wp-content\/uploads\/sites\/19\/2021\/06\/cropped-ICONO-COLOR-2.jpg\",\"width\":1181,\"height\":1181,\"caption\":\"Magallanes\"},\"image\":{\"@id\":\"https:\/\/explora.cl\/magallanes\/#\/schema\/logo\/image\/\"}},{\"@type\":\"Person\",\"@id\":\"https:\/\/explora.cl\/magallanes\/#\/schema\/person\/cb8349c13ea2d324080adf8480d7ba5d\",\"name\":\"webman\",\"image\":{\"@type\":\"ImageObject\",\"inLanguage\":\"es-CL\",\"@id\":\"https:\/\/explora.cl\/magallanes\/#\/schema\/person\/image\/\",\"url\":\"https:\/\/secure.gravatar.com\/avatar\/eeff3c82f2c02f7177d13663b7e6f890e9a6a0647ce9bb29cae02dcb094c7312?s=96&d=mm&r=g\",\"contentUrl\":\"https:\/\/secure.gravatar.com\/avatar\/eeff3c82f2c02f7177d13663b7e6f890e9a6a0647ce9bb29cae02dcb094c7312?s=96&d=mm&r=g\",\"caption\":\"webman\"},\"url\":\"https:\/\/explora.cl\/magallanes\/author\/webman\/\"}]}<\/script>\n<!-- \/ Yoast SEO plugin. -->","yoast_head_json":{"title":"M\u00e1s de 300 ni\u00f1os disfrutaron de CINE-MA - Magallanes","robots":{"index":"index","follow":"follow","max-snippet":"max-snippet:-1","max-image-preview":"max-image-preview:large","max-video-preview":"max-video-preview:-1"},"canonical":"https:\/\/explora.cl\/magallanes\/mas-de-300-ninos-de-la-comuna-disfrutaron-de-cine-ma\/","og_locale":"es_ES","og_type":"article","og_title":"M\u00e1s de 300 ni\u00f1os disfrutaron de CINE-MA - Magallanes","og_description":"En el marco de la celebraci\u00f3n del D\u00eda Mundial del Medio Ambiente, PAR Explora Magallanes, la Seremi de Medio Ambiente y CREA Magallanes organizaron CINE-MA, una tarde de series y cortos animados para los ni\u00f1os de la comuna. La funci\u00f3n comenz\u00f3 a las 15:00hrs. en el Auditorio Ernesto Livacic de la Universidad de Magallanes con [&hellip;]","og_url":"https:\/\/explora.cl\/magallanes\/mas-de-300-ninos-de-la-comuna-disfrutaron-de-cine-ma\/","og_site_name":"Magallanes","article_published_time":"2015-06-04T04:00:00+00:00","article_modified_time":"2019-05-20T21:40:03+00:00","og_image":[{"width":655,"height":491,"url":"https:\/\/explora.cl\/magallanes\/wp-content\/uploads\/sites\/19\/2018\/06\/c1df29092bfc99d870af10fd99f2fbc0.jpg","type":"image\/jpeg"}],"author":"webman","twitter_card":"summary_large_image","twitter_misc":{"Escrito por":"webman","Tiempo estimado de lectura":"3 minutos"},"schema":{"@context":"https:\/\/schema.org","@graph":[{"@type":"Article","@id":"https:\/\/explora.cl\/magallanes\/mas-de-300-ninos-de-la-comuna-disfrutaron-de-cine-ma\/#article","isPartOf":{"@id":"https:\/\/explora.cl\/magallanes\/mas-de-300-ninos-de-la-comuna-disfrutaron-de-cine-ma\/"},"author":{"name":"webman","@id":"https:\/\/explora.cl\/magallanes\/#\/schema\/person\/cb8349c13ea2d324080adf8480d7ba5d"},"headline":"M\u00e1s de 300 ni\u00f1os disfrutaron de CINE-MA","datePublished":"2015-06-04T04:00:00+00:00","dateModified":"2019-05-20T21:40:03+00:00","mainEntityOfPage":{"@id":"https:\/\/explora.cl\/magallanes\/mas-de-300-ninos-de-la-comuna-disfrutaron-de-cine-ma\/"},"wordCount":526,"commentCount":0,"publisher":{"@id":"https:\/\/explora.cl\/magallanes\/#organization"},"image":{"@id":"https:\/\/explora.cl\/magallanes\/mas-de-300-ninos-de-la-comuna-disfrutaron-de-cine-ma\/#primaryimage"},"thumbnailUrl":"https:\/\/explora.cl\/magallanes\/wp-content\/uploads\/sites\/19\/2018\/06\/c1df29092bfc99d870af10fd99f2fbc0.jpg","keywords":["Cine","cultura","flora y fauna","medio ambiente"],"articleSection":["Noticias"],"inLanguage":"es-CL","potentialAction":[{"@type":"CommentAction","name":"Comment","target":["https:\/\/explora.cl\/magallanes\/mas-de-300-ninos-de-la-comuna-disfrutaron-de-cine-ma\/#respond"]}]},{"@type":"WebPage","@id":"https:\/\/explora.cl\/magallanes\/mas-de-300-ninos-de-la-comuna-disfrutaron-de-cine-ma\/","url":"https:\/\/explora.cl\/magallanes\/mas-de-300-ninos-de-la-comuna-disfrutaron-de-cine-ma\/","name":"M\u00e1s de 300 ni\u00f1os disfrutaron de CINE-MA - Magallanes","isPartOf":{"@id":"https:\/\/explora.cl\/magallanes\/#website"},"primaryImageOfPage":{"@id":"https:\/\/explora.cl\/magallanes\/mas-de-300-ninos-de-la-comuna-disfrutaron-de-cine-ma\/#primaryimage"},"image":{"@id":"https:\/\/explora.cl\/magallanes\/mas-de-300-ninos-de-la-comuna-disfrutaron-de-cine-ma\/#primaryimage"},"thumbnailUrl":"https:\/\/explora.cl\/magallanes\/wp-content\/uploads\/sites\/19\/2018\/06\/c1df29092bfc99d870af10fd99f2fbc0.jpg","datePublished":"2015-06-04T04:00:00+00:00","dateModified":"2019-05-20T21:40:03+00:00","breadcrumb":{"@id":"https:\/\/explora.cl\/magallanes\/mas-de-300-ninos-de-la-comuna-disfrutaron-de-cine-ma\/#breadcrumb"},"inLanguage":"es-CL","potentialAction":[{"@type":"ReadAction","target":["https:\/\/explora.cl\/magallanes\/mas-de-300-ninos-de-la-comuna-disfrutaron-de-cine-ma\/"]}]},{"@type":"ImageObject","inLanguage":"es-CL","@id":"https:\/\/explora.cl\/magallanes\/mas-de-300-ninos-de-la-comuna-disfrutaron-de-cine-ma\/#primaryimage","url":"https:\/\/explora.cl\/magallanes\/wp-content\/uploads\/sites\/19\/2018\/06\/c1df29092bfc99d870af10fd99f2fbc0.jpg","contentUrl":"https:\/\/explora.cl\/magallanes\/wp-content\/uploads\/sites\/19\/2018\/06\/c1df29092bfc99d870af10fd99f2fbc0.jpg","width":655,"height":491},{"@type":"BreadcrumbList","@id":"https:\/\/explora.cl\/magallanes\/mas-de-300-ninos-de-la-comuna-disfrutaron-de-cine-ma\/#breadcrumb","itemListElement":[{"@type":"ListItem","position":1,"name":"Portada","item":"https:\/\/explora.cl\/magallanes\/"},{"@type":"ListItem","position":2,"name":"M\u00e1s de 300 ni\u00f1os disfrutaron de CINE-MA"}]},{"@type":"WebSite","@id":"https:\/\/explora.cl\/magallanes\/#website","url":"https:\/\/explora.cl\/magallanes\/","name":"Magallanes","description":"Otro sitio m\u00e1s de explora.cl","publisher":{"@id":"https:\/\/explora.cl\/magallanes\/#organization"},"potentialAction":[{"@type":"SearchAction","target":{"@type":"EntryPoint","urlTemplate":"https:\/\/explora.cl\/magallanes\/?s={search_term_string}"},"query-input":{"@type":"PropertyValueSpecification","valueRequired":true,"valueName":"search_term_string"}}],"inLanguage":"es-CL"},{"@type":"Organization","@id":"https:\/\/explora.cl\/magallanes\/#organization","name":"Magallanes","url":"https:\/\/explora.cl\/magallanes\/","logo":{"@type":"ImageObject","inLanguage":"es-CL","@id":"https:\/\/explora.cl\/magallanes\/#\/schema\/logo\/image\/","url":"https:\/\/explora.cl\/magallanes\/wp-content\/uploads\/sites\/19\/2021\/06\/cropped-ICONO-COLOR-2.jpg","contentUrl":"https:\/\/explora.cl\/magallanes\/wp-content\/uploads\/sites\/19\/2021\/06\/cropped-ICONO-COLOR-2.jpg","width":1181,"height":1181,"caption":"Magallanes"},"image":{"@id":"https:\/\/explora.cl\/magallanes\/#\/schema\/logo\/image\/"}},{"@type":"Person","@id":"https:\/\/explora.cl\/magallanes\/#\/schema\/person\/cb8349c13ea2d324080adf8480d7ba5d","name":"webman","image":{"@type":"ImageObject","inLanguage":"es-CL","@id":"https:\/\/explora.cl\/magallanes\/#\/schema\/person\/image\/","url":"https:\/\/secure.gravatar.com\/avatar\/eeff3c82f2c02f7177d13663b7e6f890e9a6a0647ce9bb29cae02dcb094c7312?s=96&d=mm&r=g","contentUrl":"https:\/\/secure.gravatar.com\/avatar\/eeff3c82f2c02f7177d13663b7e6f890e9a6a0647ce9bb29cae02dcb094c7312?s=96&d=mm&r=g","caption":"webman"},"url":"https:\/\/explora.cl\/magallanes\/author\/webman\/"}]}},"_links":{"self":[{"href":"https:\/\/explora.cl\/magallanes\/wp-json\/wp\/v2\/posts\/247","targetHints":{"allow":["GET"]}}],"collection":[{"href":"https:\/\/explora.cl\/magallanes\/wp-json\/wp\/v2\/posts"}],"about":[{"href":"https:\/\/explora.cl\/magallanes\/wp-json\/wp\/v2\/types\/post"}],"author":[{"embeddable":true,"href":"https:\/\/explora.cl\/magallanes\/wp-json\/wp\/v2\/users\/2"}],"replies":[{"embeddable":true,"href":"https:\/\/explora.cl\/magallanes\/wp-json\/wp\/v2\/comments?post=247"}],"version-history":[{"count":1,"href":"https:\/\/explora.cl\/magallanes\/wp-json\/wp\/v2\/posts\/247\/revisions"}],"predecessor-version":[{"id":37922,"href":"https:\/\/explora.cl\/magallanes\/wp-json\/wp\/v2\/posts\/247\/revisions\/37922"}],"wp:featuredmedia":[{"embeddable":true,"href":"https:\/\/explora.cl\/magallanes\/wp-json\/wp\/v2\/media\/248"}],"wp:attachment":[{"href":"https:\/\/explora.cl\/magallanes\/wp-json\/wp\/v2\/media?parent=247"}],"wp:term":[{"taxonomy":"category","embeddable":true,"href":"https:\/\/explora.cl\/magallanes\/wp-json\/wp\/v2\/categories?post=247"},{"taxonomy":"post_tag","embeddable":true,"href":"https:\/\/explora.cl\/magallanes\/wp-json\/wp\/v2\/tags?post=247"}],"curies":[{"name":"wp","href":"https:\/\/api.w.org\/{rel}","templated":true}]}}