{"id":243,"date":"2015-05-30T00:00:00","date_gmt":"2015-05-30T04:00:00","guid":{"rendered":"https:\/\/explora.cl\/magallanes\/blog\/2015\/05\/30\/finaliza-feria-cientifica-del-liceo-maria-mazzarello-de-puerto-natales\/"},"modified":"2019-05-20T21:40:04","modified_gmt":"2019-05-20T21:40:04","slug":"finaliza-feria-cientifica-del-liceo-maria-mazzarello-de-puerto-natales","status":"publish","type":"post","link":"https:\/\/explora.cl\/magallanes\/finaliza-feria-cientifica-del-liceo-maria-mazzarello-de-puerto-natales\/","title":{"rendered":"Finaliza Feria Cient\u00edfica en Puerto Natales"},"content":{"rendered":"<p><img fetchpriority=\"high\" decoding=\"async\" class=\" size-full wp-image-11456\" src=\"http:\/\/ec2-34-218-253-251.us-west-2.compute.amazonaws.com\/wp-content\/uploads\/2015\/05\/83a3afdad873109d8657b2dd4d6561d3.jpg\" alt=\"\" width=\"2592\" height=\"1456\" \/><\/p>\n<p style=\"text-align: justify\">Este jueves y viernes se realiz\u00f3 en Puerto Natales, la XVI versi\u00f3n de la Feria Cient\u00edfica del Liceo Mar\u00eda Mazzarelo. En ella participaron 40 proyectos, de 16 delegaciones provenientes de establecimientos educacionales de Puerto Williams, Porvenir, Punta Arenas y Puerto Natales.<\/p>\n<p style=\"text-align: justify\">La actividad fue organizada por el Liceo Mar\u00eda Mazzarello y PAR Explora Magallanes y cont\u00f3 con el apoyo de la Ilustre Municipalidad de Puerto Natales.<\/p>\n<p style=\"text-align: justify\">Eduardo Alarc\u00f3n Soto, Profesor de Biolog\u00eda y Qu\u00edmica del Liceo Mar\u00eda Mazzarello coment\u00f3 la participaci\u00f3n de los estudiantes en la Feria. \u201cHa habido un nivel bastante alto, se nota que hay una profundizaci\u00f3n en t\u00e9rminos de ocupar m\u00e1s el m\u00e9todo cient\u00edfico, m\u00e1s preocupaci\u00f3n, m\u00e1s investigaci\u00f3n. Hoy en d\u00eda tienen muchas m\u00e1s fuentes de informaci\u00f3n, entonces son estudios bastante acabados y de buen nivel\u201d.<\/p>\n<p style=\"text-align: justify\">La feria no s\u00f3lo espera que los estudiantes aprendan ciencia, tambi\u00e9n busca potenciar el desarrollo integral de los ni\u00f1os y j\u00f3venes. \u201cEs importante porque en primer lugar genera aprendizaje y el desarrollo de otras habilidades. La exposici\u00f3n, el hecho de enfrentarse a sus pares, a cient\u00edficos, al p\u00fablico general desarrolla otras competencias, no s\u00f3lo conocimiento cient\u00edfico. Esta feria permite un desarrollo integral y ese es nuestro objetivo&#8221;, coment\u00f3 Alarc\u00f3n.<\/p>\n<p style=\"text-align: justify\">El jurado estuvo compuesto por Silvia Benavides, coordinadora de la Red de Ciencias de la CORMUPA, Cristian Aldea y Gloria S\u00e1nchez, ambos acad\u00e9micos de la Universidad de Magallanes, quienes\u00a0 invitaron a los estudiantes a seguir investigando, asesorarse por cient\u00edficos y a mejorar sus proyectos para la pr\u00f3xima feria que se realizar\u00e1 a fines de agosto en Porvenir.<\/p>\n<p style=\"text-align: justify\">\u201cLa feria tiene 40 trabajos, hay algunos de investigaci\u00f3n bibliogr\u00e1fica, otros de investigaci\u00f3n cient\u00edfica y otros de tecnol\u00f3g\u00eda. Est\u00e1n parejos en las tres \u00e1reas. Hay algunos que se destacan, porque la informaci\u00f3n bibliogr\u00e1fica es bastante completa. Las alumnas de destacan en su presentaci\u00f3n, porque se han informado bastante. Hay otros que est\u00e1n reci\u00e9n en el inicio, que tienen la idea y escasa informaci\u00f3n, entonces esos trabajos deber\u00edan a futuro preocuparse m\u00e1s de buscar qu\u00e9 es lo que quieren hacer ellos con la informaci\u00f3n que tienen para poder plantearse hip\u00f3tesis y objetivos a cumplir en el mediano plazo\u201d, se\u00f1al\u00f3 Benavides.<\/p>\n<p style=\"text-align: justify\">\u201cLa invitaci\u00f3n es que siempre cuenten con el apoyo de sus profesores, que ellos como estudiantes incentiven a sus profesores a seguir investigando y que siempre se hagan asesorar por cient\u00edficos. Que a trav\u00e9s de su profesor contacten a cient\u00edficos, porque hay mucha gente, entre ellos yo mismo que estamos dispuestos a ayudarlos para que ellos crezcan\u201d, expres\u00f3 Cristian Aldea, Acad\u00e9mico de la Universidad de Magallanes.<\/p>\n<p style=\"text-align: justify\">Gloria S\u00e1nchez, Doctora en Ciencias Biol\u00f3gicas y acad\u00e9mica de la Universidad de Magallanes fue la encargada de mencionar a los proyectos destacados, felicitando el trabajo que realizaron y agradeciendo la divulgaci\u00f3n cient\u00edfica que estos estudiantes desarrollan con sus compa\u00f1eros.<\/p>\n<p style=\"text-align: justify\"><strong>Proyectos destacados<\/strong><\/p>\n<p><strong>Educaci\u00f3n B\u00e1sica:<\/strong><\/p>\n<p><strong>\u00bfPor qu\u00e9 mi lengua qued\u00f3 morada?<\/strong><\/p>\n<p>Alumnos: Brenda D\u00edaz C\u00e1rcamo y Felipe Barrales Arancibia<\/p>\n<p>Profesora: Myriam Pontigo Osorio<\/p>\n<p>Escuela Bernando O\u2019higgins.<\/p>\n<p>\u00a0<\/p>\n<p><strong>Sesgo biocultural de flora y fauna nativa regional.<\/strong><\/p>\n<p>Alumnos: Brunella Crivelli y Giovanny Cavallieri Paredes<\/p>\n<p>Profesor: Alan Maldonado M\u00e1rquez<\/p>\n<p>Colegio Luterano.<\/p>\n<p>\u00a0<\/p>\n<p><strong>La acidez de las frutas expresadas en notas musicales<\/strong><\/p>\n<p>Alumnos: C\u00e9sar Lemus Guti\u00e9rrez y Tom\u00e1s V\u00e1squez Rickemberg.<\/p>\n<p>Profesor: Juan Carlos Guichapane Bahamonde.<\/p>\n<p>Escuela Pedro Pablo Lemaitre.<\/p>\n<p>\u00a0<\/p>\n<p><strong>Educaci\u00f3n Media:<\/strong><\/p>\n<p><strong>Causas de los fen\u00f3menos s\u00edsmol\u00f3gicos en la Regi\u00f3n de Magallanes. <\/strong><\/p>\n<p>Alumnos: Fernanda Herrera y Coni Oyarz\u00fan.<\/p>\n<p>Profesor: Ver\u00f3nica Mancilla Ruiz<strong><br \/><\/strong><\/p>\n<p>Colegio Puerto Natales.<\/p>\n<p><strong>\u00a0<\/strong><\/p>\n<p><strong>\u00bfEs posible encontrar similitudes microfaun\u00edsticas en los continentes de origen wodg\u00e1nicos?<\/strong><\/p>\n<p>Alumnas: Nataly Mu\u00f1oz y Mar\u00eda Infante.<\/p>\n<p>Profesor: Mar\u00eda Camblor Rodr\u00edguez.<\/p>\n<p>Liceo Salesiano Monse\u00f1or Fagnano.<\/p>\n<p>\u00a0<\/p>\n<p><strong>Entendimiento ecol\u00f3gico de la especie ex\u00f3tica Bombus Terrestris en la Regi\u00f3n de Magallanes.\u00a0\u00a0\u00a0<\/strong><\/p>\n<p>Alumnos: Pablo Sanhueza y Gianfranco Cavallieri.<\/p>\n<p>Profesor: Alan Maldonado M\u00e1rquez.<\/p>\n<p>Colegio Luterano.<\/p>\n<p>\u00a0\u00a0\u00a0<\/p>\n","protected":false},"excerpt":{"rendered":"<p>Este jueves y viernes se realiz\u00f3 en Puerto Natales, la XVI versi\u00f3n de la Feria Cient\u00edfica del Liceo Mar\u00eda Mazzarelo. En ella participaron 40 proyectos, de 16 delegaciones provenientes de establecimientos educacionales de Puerto Williams, Porvenir, Punta Arenas y Puerto Natales. La actividad fue organizada por el Liceo Mar\u00eda Mazzarello y PAR Explora Magallanes y [&hellip;]<\/p>\n","protected":false},"author":2,"featured_media":244,"comment_status":"open","ping_status":"open","sticky":false,"template":"","format":"standard","meta":{"_acf_changed":false,"_exactmetrics_skip_tracking":false,"_exactmetrics_sitenote_active":false,"_exactmetrics_sitenote_note":"","_exactmetrics_sitenote_category":0,"footnotes":"","_links_to":"","_links_to_target":""},"categories":[4],"tags":[102],"class_list":["post-243","post","type-post","status-publish","format-standard","has-post-thumbnail","hentry","category-noticias","tag-feria-cientifica"],"acf":[],"yoast_head":"<!-- This site is optimized with the Yoast SEO plugin v26.9 - https:\/\/yoast.com\/product\/yoast-seo-wordpress\/ -->\n<title>Finaliza Feria Cient\u00edfica en Puerto Natales - Magallanes<\/title>\n<meta name=\"robots\" content=\"index, follow, max-snippet:-1, max-image-preview:large, max-video-preview:-1\" \/>\n<link rel=\"canonical\" href=\"https:\/\/explora.cl\/magallanes\/finaliza-feria-cientifica-del-liceo-maria-mazzarello-de-puerto-natales\/\" class=\"yoast-seo-meta-tag\" \/>\n<meta property=\"og:locale\" content=\"es_ES\" class=\"yoast-seo-meta-tag\" \/>\n<meta property=\"og:type\" content=\"article\" class=\"yoast-seo-meta-tag\" \/>\n<meta property=\"og:title\" content=\"Finaliza Feria Cient\u00edfica en Puerto Natales - Magallanes\" class=\"yoast-seo-meta-tag\" \/>\n<meta property=\"og:description\" content=\"Este jueves y viernes se realiz\u00f3 en Puerto Natales, la XVI versi\u00f3n de la Feria Cient\u00edfica del Liceo Mar\u00eda Mazzarelo. En ella participaron 40 proyectos, de 16 delegaciones provenientes de establecimientos educacionales de Puerto Williams, Porvenir, Punta Arenas y Puerto Natales. La actividad fue organizada por el Liceo Mar\u00eda Mazzarello y PAR Explora Magallanes y [&hellip;]\" class=\"yoast-seo-meta-tag\" \/>\n<meta property=\"og:url\" content=\"https:\/\/explora.cl\/magallanes\/finaliza-feria-cientifica-del-liceo-maria-mazzarello-de-puerto-natales\/\" class=\"yoast-seo-meta-tag\" \/>\n<meta property=\"og:site_name\" content=\"Magallanes\" class=\"yoast-seo-meta-tag\" \/>\n<meta property=\"article:published_time\" content=\"2015-05-30T04:00:00+00:00\" class=\"yoast-seo-meta-tag\" \/>\n<meta property=\"article:modified_time\" content=\"2019-05-20T21:40:04+00:00\" class=\"yoast-seo-meta-tag\" \/>\n<meta property=\"og:image\" content=\"https:\/\/explora.cl\/magallanes\/wp-content\/uploads\/sites\/19\/2018\/06\/83a3afdad873109d8657b2dd4d6561d3.jpg\" class=\"yoast-seo-meta-tag\" \/>\n\t<meta property=\"og:image:width\" content=\"2592\" class=\"yoast-seo-meta-tag\" \/>\n\t<meta property=\"og:image:height\" content=\"1456\" class=\"yoast-seo-meta-tag\" \/>\n\t<meta property=\"og:image:type\" content=\"image\/jpeg\" class=\"yoast-seo-meta-tag\" \/>\n<meta name=\"author\" content=\"webman\" class=\"yoast-seo-meta-tag\" \/>\n<meta name=\"twitter:card\" content=\"summary_large_image\" class=\"yoast-seo-meta-tag\" \/>\n<meta name=\"twitter:label1\" content=\"Escrito por\" class=\"yoast-seo-meta-tag\" \/>\n\t<meta name=\"twitter:data1\" content=\"webman\" class=\"yoast-seo-meta-tag\" \/>\n\t<meta name=\"twitter:label2\" content=\"Tiempo estimado de lectura\" class=\"yoast-seo-meta-tag\" \/>\n\t<meta name=\"twitter:data2\" content=\"3 minutos\" class=\"yoast-seo-meta-tag\" \/>\n<script type=\"application\/ld+json\" class=\"yoast-schema-graph\">{\"@context\":\"https:\/\/schema.org\",\"@graph\":[{\"@type\":\"Article\",\"@id\":\"https:\/\/explora.cl\/magallanes\/finaliza-feria-cientifica-del-liceo-maria-mazzarello-de-puerto-natales\/#article\",\"isPartOf\":{\"@id\":\"https:\/\/explora.cl\/magallanes\/finaliza-feria-cientifica-del-liceo-maria-mazzarello-de-puerto-natales\/\"},\"author\":{\"name\":\"webman\",\"@id\":\"https:\/\/explora.cl\/magallanes\/#\/schema\/person\/cb8349c13ea2d324080adf8480d7ba5d\"},\"headline\":\"Finaliza Feria Cient\u00edfica en Puerto Natales\",\"datePublished\":\"2015-05-30T04:00:00+00:00\",\"dateModified\":\"2019-05-20T21:40:04+00:00\",\"mainEntityOfPage\":{\"@id\":\"https:\/\/explora.cl\/magallanes\/finaliza-feria-cientifica-del-liceo-maria-mazzarello-de-puerto-natales\/\"},\"wordCount\":702,\"commentCount\":0,\"publisher\":{\"@id\":\"https:\/\/explora.cl\/magallanes\/#organization\"},\"image\":{\"@id\":\"https:\/\/explora.cl\/magallanes\/finaliza-feria-cientifica-del-liceo-maria-mazzarello-de-puerto-natales\/#primaryimage\"},\"thumbnailUrl\":\"https:\/\/explora.cl\/magallanes\/wp-content\/uploads\/sites\/19\/2018\/06\/83a3afdad873109d8657b2dd4d6561d3.jpg\",\"keywords\":[\"Feria Cient\u00edfica\"],\"articleSection\":[\"Noticias\"],\"inLanguage\":\"es-CL\",\"potentialAction\":[{\"@type\":\"CommentAction\",\"name\":\"Comment\",\"target\":[\"https:\/\/explora.cl\/magallanes\/finaliza-feria-cientifica-del-liceo-maria-mazzarello-de-puerto-natales\/#respond\"]}]},{\"@type\":\"WebPage\",\"@id\":\"https:\/\/explora.cl\/magallanes\/finaliza-feria-cientifica-del-liceo-maria-mazzarello-de-puerto-natales\/\",\"url\":\"https:\/\/explora.cl\/magallanes\/finaliza-feria-cientifica-del-liceo-maria-mazzarello-de-puerto-natales\/\",\"name\":\"Finaliza Feria Cient\u00edfica en Puerto Natales - Magallanes\",\"isPartOf\":{\"@id\":\"https:\/\/explora.cl\/magallanes\/#website\"},\"primaryImageOfPage\":{\"@id\":\"https:\/\/explora.cl\/magallanes\/finaliza-feria-cientifica-del-liceo-maria-mazzarello-de-puerto-natales\/#primaryimage\"},\"image\":{\"@id\":\"https:\/\/explora.cl\/magallanes\/finaliza-feria-cientifica-del-liceo-maria-mazzarello-de-puerto-natales\/#primaryimage\"},\"thumbnailUrl\":\"https:\/\/explora.cl\/magallanes\/wp-content\/uploads\/sites\/19\/2018\/06\/83a3afdad873109d8657b2dd4d6561d3.jpg\",\"datePublished\":\"2015-05-30T04:00:00+00:00\",\"dateModified\":\"2019-05-20T21:40:04+00:00\",\"breadcrumb\":{\"@id\":\"https:\/\/explora.cl\/magallanes\/finaliza-feria-cientifica-del-liceo-maria-mazzarello-de-puerto-natales\/#breadcrumb\"},\"inLanguage\":\"es-CL\",\"potentialAction\":[{\"@type\":\"ReadAction\",\"target\":[\"https:\/\/explora.cl\/magallanes\/finaliza-feria-cientifica-del-liceo-maria-mazzarello-de-puerto-natales\/\"]}]},{\"@type\":\"ImageObject\",\"inLanguage\":\"es-CL\",\"@id\":\"https:\/\/explora.cl\/magallanes\/finaliza-feria-cientifica-del-liceo-maria-mazzarello-de-puerto-natales\/#primaryimage\",\"url\":\"https:\/\/explora.cl\/magallanes\/wp-content\/uploads\/sites\/19\/2018\/06\/83a3afdad873109d8657b2dd4d6561d3.jpg\",\"contentUrl\":\"https:\/\/explora.cl\/magallanes\/wp-content\/uploads\/sites\/19\/2018\/06\/83a3afdad873109d8657b2dd4d6561d3.jpg\",\"width\":2592,\"height\":1456},{\"@type\":\"BreadcrumbList\",\"@id\":\"https:\/\/explora.cl\/magallanes\/finaliza-feria-cientifica-del-liceo-maria-mazzarello-de-puerto-natales\/#breadcrumb\",\"itemListElement\":[{\"@type\":\"ListItem\",\"position\":1,\"name\":\"Portada\",\"item\":\"https:\/\/explora.cl\/magallanes\/\"},{\"@type\":\"ListItem\",\"position\":2,\"name\":\"Finaliza Feria Cient\u00edfica en Puerto Natales\"}]},{\"@type\":\"WebSite\",\"@id\":\"https:\/\/explora.cl\/magallanes\/#website\",\"url\":\"https:\/\/explora.cl\/magallanes\/\",\"name\":\"Magallanes\",\"description\":\"Otro sitio m\u00e1s de explora.cl\",\"publisher\":{\"@id\":\"https:\/\/explora.cl\/magallanes\/#organization\"},\"potentialAction\":[{\"@type\":\"SearchAction\",\"target\":{\"@type\":\"EntryPoint\",\"urlTemplate\":\"https:\/\/explora.cl\/magallanes\/?s={search_term_string}\"},\"query-input\":{\"@type\":\"PropertyValueSpecification\",\"valueRequired\":true,\"valueName\":\"search_term_string\"}}],\"inLanguage\":\"es-CL\"},{\"@type\":\"Organization\",\"@id\":\"https:\/\/explora.cl\/magallanes\/#organization\",\"name\":\"Magallanes\",\"url\":\"https:\/\/explora.cl\/magallanes\/\",\"logo\":{\"@type\":\"ImageObject\",\"inLanguage\":\"es-CL\",\"@id\":\"https:\/\/explora.cl\/magallanes\/#\/schema\/logo\/image\/\",\"url\":\"https:\/\/explora.cl\/magallanes\/wp-content\/uploads\/sites\/19\/2021\/06\/cropped-ICONO-COLOR-2.jpg\",\"contentUrl\":\"https:\/\/explora.cl\/magallanes\/wp-content\/uploads\/sites\/19\/2021\/06\/cropped-ICONO-COLOR-2.jpg\",\"width\":1181,\"height\":1181,\"caption\":\"Magallanes\"},\"image\":{\"@id\":\"https:\/\/explora.cl\/magallanes\/#\/schema\/logo\/image\/\"}},{\"@type\":\"Person\",\"@id\":\"https:\/\/explora.cl\/magallanes\/#\/schema\/person\/cb8349c13ea2d324080adf8480d7ba5d\",\"name\":\"webman\",\"image\":{\"@type\":\"ImageObject\",\"inLanguage\":\"es-CL\",\"@id\":\"https:\/\/explora.cl\/magallanes\/#\/schema\/person\/image\/\",\"url\":\"https:\/\/secure.gravatar.com\/avatar\/eeff3c82f2c02f7177d13663b7e6f890e9a6a0647ce9bb29cae02dcb094c7312?s=96&d=mm&r=g\",\"contentUrl\":\"https:\/\/secure.gravatar.com\/avatar\/eeff3c82f2c02f7177d13663b7e6f890e9a6a0647ce9bb29cae02dcb094c7312?s=96&d=mm&r=g\",\"caption\":\"webman\"},\"url\":\"https:\/\/explora.cl\/magallanes\/author\/webman\/\"}]}<\/script>\n<!-- \/ Yoast SEO plugin. -->","yoast_head_json":{"title":"Finaliza Feria Cient\u00edfica en Puerto Natales - Magallanes","robots":{"index":"index","follow":"follow","max-snippet":"max-snippet:-1","max-image-preview":"max-image-preview:large","max-video-preview":"max-video-preview:-1"},"canonical":"https:\/\/explora.cl\/magallanes\/finaliza-feria-cientifica-del-liceo-maria-mazzarello-de-puerto-natales\/","og_locale":"es_ES","og_type":"article","og_title":"Finaliza Feria Cient\u00edfica en Puerto Natales - Magallanes","og_description":"Este jueves y viernes se realiz\u00f3 en Puerto Natales, la XVI versi\u00f3n de la Feria Cient\u00edfica del Liceo Mar\u00eda Mazzarelo. En ella participaron 40 proyectos, de 16 delegaciones provenientes de establecimientos educacionales de Puerto Williams, Porvenir, Punta Arenas y Puerto Natales. La actividad fue organizada por el Liceo Mar\u00eda Mazzarello y PAR Explora Magallanes y [&hellip;]","og_url":"https:\/\/explora.cl\/magallanes\/finaliza-feria-cientifica-del-liceo-maria-mazzarello-de-puerto-natales\/","og_site_name":"Magallanes","article_published_time":"2015-05-30T04:00:00+00:00","article_modified_time":"2019-05-20T21:40:04+00:00","og_image":[{"width":2592,"height":1456,"url":"https:\/\/explora.cl\/magallanes\/wp-content\/uploads\/sites\/19\/2018\/06\/83a3afdad873109d8657b2dd4d6561d3.jpg","type":"image\/jpeg"}],"author":"webman","twitter_card":"summary_large_image","twitter_misc":{"Escrito por":"webman","Tiempo estimado de lectura":"3 minutos"},"schema":{"@context":"https:\/\/schema.org","@graph":[{"@type":"Article","@id":"https:\/\/explora.cl\/magallanes\/finaliza-feria-cientifica-del-liceo-maria-mazzarello-de-puerto-natales\/#article","isPartOf":{"@id":"https:\/\/explora.cl\/magallanes\/finaliza-feria-cientifica-del-liceo-maria-mazzarello-de-puerto-natales\/"},"author":{"name":"webman","@id":"https:\/\/explora.cl\/magallanes\/#\/schema\/person\/cb8349c13ea2d324080adf8480d7ba5d"},"headline":"Finaliza Feria Cient\u00edfica en Puerto Natales","datePublished":"2015-05-30T04:00:00+00:00","dateModified":"2019-05-20T21:40:04+00:00","mainEntityOfPage":{"@id":"https:\/\/explora.cl\/magallanes\/finaliza-feria-cientifica-del-liceo-maria-mazzarello-de-puerto-natales\/"},"wordCount":702,"commentCount":0,"publisher":{"@id":"https:\/\/explora.cl\/magallanes\/#organization"},"image":{"@id":"https:\/\/explora.cl\/magallanes\/finaliza-feria-cientifica-del-liceo-maria-mazzarello-de-puerto-natales\/#primaryimage"},"thumbnailUrl":"https:\/\/explora.cl\/magallanes\/wp-content\/uploads\/sites\/19\/2018\/06\/83a3afdad873109d8657b2dd4d6561d3.jpg","keywords":["Feria Cient\u00edfica"],"articleSection":["Noticias"],"inLanguage":"es-CL","potentialAction":[{"@type":"CommentAction","name":"Comment","target":["https:\/\/explora.cl\/magallanes\/finaliza-feria-cientifica-del-liceo-maria-mazzarello-de-puerto-natales\/#respond"]}]},{"@type":"WebPage","@id":"https:\/\/explora.cl\/magallanes\/finaliza-feria-cientifica-del-liceo-maria-mazzarello-de-puerto-natales\/","url":"https:\/\/explora.cl\/magallanes\/finaliza-feria-cientifica-del-liceo-maria-mazzarello-de-puerto-natales\/","name":"Finaliza Feria Cient\u00edfica en Puerto Natales - Magallanes","isPartOf":{"@id":"https:\/\/explora.cl\/magallanes\/#website"},"primaryImageOfPage":{"@id":"https:\/\/explora.cl\/magallanes\/finaliza-feria-cientifica-del-liceo-maria-mazzarello-de-puerto-natales\/#primaryimage"},"image":{"@id":"https:\/\/explora.cl\/magallanes\/finaliza-feria-cientifica-del-liceo-maria-mazzarello-de-puerto-natales\/#primaryimage"},"thumbnailUrl":"https:\/\/explora.cl\/magallanes\/wp-content\/uploads\/sites\/19\/2018\/06\/83a3afdad873109d8657b2dd4d6561d3.jpg","datePublished":"2015-05-30T04:00:00+00:00","dateModified":"2019-05-20T21:40:04+00:00","breadcrumb":{"@id":"https:\/\/explora.cl\/magallanes\/finaliza-feria-cientifica-del-liceo-maria-mazzarello-de-puerto-natales\/#breadcrumb"},"inLanguage":"es-CL","potentialAction":[{"@type":"ReadAction","target":["https:\/\/explora.cl\/magallanes\/finaliza-feria-cientifica-del-liceo-maria-mazzarello-de-puerto-natales\/"]}]},{"@type":"ImageObject","inLanguage":"es-CL","@id":"https:\/\/explora.cl\/magallanes\/finaliza-feria-cientifica-del-liceo-maria-mazzarello-de-puerto-natales\/#primaryimage","url":"https:\/\/explora.cl\/magallanes\/wp-content\/uploads\/sites\/19\/2018\/06\/83a3afdad873109d8657b2dd4d6561d3.jpg","contentUrl":"https:\/\/explora.cl\/magallanes\/wp-content\/uploads\/sites\/19\/2018\/06\/83a3afdad873109d8657b2dd4d6561d3.jpg","width":2592,"height":1456},{"@type":"BreadcrumbList","@id":"https:\/\/explora.cl\/magallanes\/finaliza-feria-cientifica-del-liceo-maria-mazzarello-de-puerto-natales\/#breadcrumb","itemListElement":[{"@type":"ListItem","position":1,"name":"Portada","item":"https:\/\/explora.cl\/magallanes\/"},{"@type":"ListItem","position":2,"name":"Finaliza Feria Cient\u00edfica en Puerto Natales"}]},{"@type":"WebSite","@id":"https:\/\/explora.cl\/magallanes\/#website","url":"https:\/\/explora.cl\/magallanes\/","name":"Magallanes","description":"Otro sitio m\u00e1s de explora.cl","publisher":{"@id":"https:\/\/explora.cl\/magallanes\/#organization"},"potentialAction":[{"@type":"SearchAction","target":{"@type":"EntryPoint","urlTemplate":"https:\/\/explora.cl\/magallanes\/?s={search_term_string}"},"query-input":{"@type":"PropertyValueSpecification","valueRequired":true,"valueName":"search_term_string"}}],"inLanguage":"es-CL"},{"@type":"Organization","@id":"https:\/\/explora.cl\/magallanes\/#organization","name":"Magallanes","url":"https:\/\/explora.cl\/magallanes\/","logo":{"@type":"ImageObject","inLanguage":"es-CL","@id":"https:\/\/explora.cl\/magallanes\/#\/schema\/logo\/image\/","url":"https:\/\/explora.cl\/magallanes\/wp-content\/uploads\/sites\/19\/2021\/06\/cropped-ICONO-COLOR-2.jpg","contentUrl":"https:\/\/explora.cl\/magallanes\/wp-content\/uploads\/sites\/19\/2021\/06\/cropped-ICONO-COLOR-2.jpg","width":1181,"height":1181,"caption":"Magallanes"},"image":{"@id":"https:\/\/explora.cl\/magallanes\/#\/schema\/logo\/image\/"}},{"@type":"Person","@id":"https:\/\/explora.cl\/magallanes\/#\/schema\/person\/cb8349c13ea2d324080adf8480d7ba5d","name":"webman","image":{"@type":"ImageObject","inLanguage":"es-CL","@id":"https:\/\/explora.cl\/magallanes\/#\/schema\/person\/image\/","url":"https:\/\/secure.gravatar.com\/avatar\/eeff3c82f2c02f7177d13663b7e6f890e9a6a0647ce9bb29cae02dcb094c7312?s=96&d=mm&r=g","contentUrl":"https:\/\/secure.gravatar.com\/avatar\/eeff3c82f2c02f7177d13663b7e6f890e9a6a0647ce9bb29cae02dcb094c7312?s=96&d=mm&r=g","caption":"webman"},"url":"https:\/\/explora.cl\/magallanes\/author\/webman\/"}]}},"_links":{"self":[{"href":"https:\/\/explora.cl\/magallanes\/wp-json\/wp\/v2\/posts\/243","targetHints":{"allow":["GET"]}}],"collection":[{"href":"https:\/\/explora.cl\/magallanes\/wp-json\/wp\/v2\/posts"}],"about":[{"href":"https:\/\/explora.cl\/magallanes\/wp-json\/wp\/v2\/types\/post"}],"author":[{"embeddable":true,"href":"https:\/\/explora.cl\/magallanes\/wp-json\/wp\/v2\/users\/2"}],"replies":[{"embeddable":true,"href":"https:\/\/explora.cl\/magallanes\/wp-json\/wp\/v2\/comments?post=243"}],"version-history":[{"count":1,"href":"https:\/\/explora.cl\/magallanes\/wp-json\/wp\/v2\/posts\/243\/revisions"}],"predecessor-version":[{"id":37924,"href":"https:\/\/explora.cl\/magallanes\/wp-json\/wp\/v2\/posts\/243\/revisions\/37924"}],"wp:featuredmedia":[{"embeddable":true,"href":"https:\/\/explora.cl\/magallanes\/wp-json\/wp\/v2\/media\/244"}],"wp:attachment":[{"href":"https:\/\/explora.cl\/magallanes\/wp-json\/wp\/v2\/media?parent=243"}],"wp:term":[{"taxonomy":"category","embeddable":true,"href":"https:\/\/explora.cl\/magallanes\/wp-json\/wp\/v2\/categories?post=243"},{"taxonomy":"post_tag","embeddable":true,"href":"https:\/\/explora.cl\/magallanes\/wp-json\/wp\/v2\/tags?post=243"}],"curies":[{"name":"wp","href":"https:\/\/api.w.org\/{rel}","templated":true}]}}