{"id":237,"date":"2015-05-19T00:00:00","date_gmt":"2015-05-19T04:00:00","guid":{"rendered":"https:\/\/explora.cl\/magallanes\/blog\/2015\/05\/19\/estudiantes-participan-del-dia-de-la-fascinacion-por-las-plantas\/"},"modified":"2019-05-20T21:40:07","modified_gmt":"2019-05-20T21:40:07","slug":"estudiantes-participan-del-dia-de-la-fascinacion-por-las-plantas","status":"publish","type":"post","link":"https:\/\/explora.cl\/magallanes\/estudiantes-participan-del-dia-de-la-fascinacion-por-las-plantas\/","title":{"rendered":"Estudiantes participan del D\u00eda de la Fascinaci\u00f3n por las Plantas"},"content":{"rendered":"<p><img fetchpriority=\"high\" decoding=\"async\" class=\" size-full wp-image-11140\" src=\"http:\/\/ec2-34-218-253-251.us-west-2.compute.amazonaws.com\/wp-content\/uploads\/2015\/05\/7df65cdd7a0b1ffe9c0b0ea60ab6fdbc.jpg\" alt=\"\" width=\"2048\" height=\"1357\" \/><\/p>\n<p style=\"text-align: justify\">En el marco del D\u00eda Internacional de la Fascinaci\u00f3n por las Plantas, PAR Explora Magallanes y la Escuela de Agronom\u00eda de la UMAG realizaron una serie de actividades destinadas a ense\u00f1ar la importancia de la flora en nuestro planeta y en la regi\u00f3n.<\/p>\n<p style=\"text-align: justify\">La jornada comenz\u00f3 con una charla en el Auditorio Ernesto Livacic de la UMAG, en la que Ingrid Hebel expuso sobre la importancia de las plantas para la evoluci\u00f3n, flora magall\u00e1nica y la funci\u00f3n de los bosques. Luego los asistentes caminaron hacia el Centro de Horticultura y Floricultura Lothar Blunk del Instituto de la Patagonia donde se dividieron en grupos peque\u00f1os y comenzaron el recorrido por los laboratorios e invernaderos.<\/p>\n<p style=\"text-align: justify\">En total, m\u00e1s de 150 ni\u00f1os de distintos colegios de la comuna, como el Colegio Alem\u00e1n, Colegio Cruz del Sur y las escuelas Pedro Pablo Lemaitre y Villa las Nieves pudieron recorrer los distintos stand. \u201cEsta es la cuarta versi\u00f3n que hacemos nosotros para los colegios de b\u00e1sica y media, trabajamos en conjunto con Explora y la idea es acercar a los alumnos al mundo de las plantas. No s\u00f3lo a los \u00e1rboles, sino a las plantas ornamentales, hortalizas y que conozcan los distintos productos que pueden sacar de las plantas, que ellas tienen un rol importante en nuestra vida\u201d, se\u00f1al\u00f3 Claudia Salinas, Jefa de Carrera de Agronom\u00eda, UMAG.<\/p>\n<p style=\"text-align: justify\">Los stand estuvieron a cargo de estudiantes de Agronom\u00eda, quienes est\u00e1n convencidos de lo importante que es acercar las plantas a los ni\u00f1os. \u201cYo he participado ya dos a\u00f1os en esta actividad, m\u00e1s que nada porque comprendo la importancia de las plantas en el medio ambiente, como influye en nuestro ecosistema y como interactuamos nosotros y todos los animales\u201d, coment\u00f3 Carla Aguilera, estudiante de cuarto a\u00f1o de Agronom\u00eda.<\/p>\n<p style=\"text-align: justify\">Por su parte, los ni\u00f1os fueron quienes disfrutaron y aprendieron m\u00e1s de esta actividad. \u201cLas plantas han estado lindas y he conocido nuevos tipos de plantas. He aprendido como nacen y como las alimentan\u201d. Gustavo, estudiante de 3ero b\u00e1sico del Colegio Alem\u00e1n. \u201cMe pareci\u00f3 divertida e interesante la actividad. He aprendido que las plantas son parte importante de nuestro planeta. Nosotros ten\u00edamos un huerto en la escuela, pero los mismos alumnos lo rompieron\u201d, Krishna Contreras, estudiante de 8vo b\u00e1sico de la Escuela Pedro Pablo Lemaitre.<\/p>\n<p style=\"text-align: justify\">\u00a0Cada delegaci\u00f3n fue acompa\u00f1ada por profesores, quienes destacan las salidas a terreno como parte importante del aprendizaje. \u201cEs importante que los ni\u00f1os aprendan la importancia de las plantas, ya que ellos desde chiquititos tienen que aprender a cuidar, a proteger y a preservar. Esto se logra m\u00e1s asistiendo a charlas y saliendo a terreno que en una sala de clases\u201d, se\u00f1al\u00f3 Maribel \u00c1guila, Profesora de Historia de la Escuela Pedro Pablo Lemaitre <\/p>\n<p style=\"text-align: justify\">De igual forma, la profesora jefe de un 3ero b\u00e1sico del Colegio Alem\u00e1n, Ang\u00e9lica Susi, mencion\u00f3 la importancia de acercar a los m\u00e1s peque\u00f1os a estas actividades. \u201cCuando son chiquititos es mucho m\u00e1s f\u00e1cil motivarlos, entonces si de chiquititos aprenden a tener plantitas, a cuidarlas y que entiendan que de ah\u00ed ellos pueden sacar frutos, para ellos mismos, para su consumo es mucho mejor. Por ejemplo, hab\u00edan ni\u00f1os que nunca hab\u00edan percibido el aroma del tomate, porque est\u00e1n acostumbrados a ir al supermercado y ah\u00ed est\u00e1 todo listo. Entonces ellos van a llegar al colegio con otra visi\u00f3n y va a ser m\u00e1s f\u00e1cil hacer siembras y actividades con ellos\u201d.<\/p>\n<p>\u00a0<\/p>\n","protected":false},"excerpt":{"rendered":"<p>En el marco del D\u00eda Internacional de la Fascinaci\u00f3n por las Plantas, PAR Explora Magallanes y la Escuela de Agronom\u00eda de la UMAG realizaron una serie de actividades destinadas a ense\u00f1ar la importancia de la flora en nuestro planeta y en la regi\u00f3n. La jornada comenz\u00f3 con una charla en el Auditorio Ernesto Livacic de [&hellip;]<\/p>\n","protected":false},"author":2,"featured_media":238,"comment_status":"open","ping_status":"open","sticky":false,"template":"","format":"standard","meta":{"_acf_changed":false,"_exactmetrics_skip_tracking":false,"_exactmetrics_sitenote_active":false,"_exactmetrics_sitenote_note":"","_exactmetrics_sitenote_category":0,"footnotes":"","_links_to":"","_links_to_target":""},"categories":[4],"tags":[168,169,170,171],"class_list":["post-237","post","type-post","status-publish","format-standard","has-post-thumbnail","hentry","category-noticias","tag-flora-y-fauna","tag-plantas","tag-plantas-medicinales-endemicas","tag-vegetacion"],"acf":[],"yoast_head":"<!-- This site is optimized with the Yoast SEO plugin v26.9 - https:\/\/yoast.com\/product\/yoast-seo-wordpress\/ -->\n<title>Estudiantes participan del D\u00eda de la Fascinaci\u00f3n por las Plantas - Magallanes<\/title>\n<meta name=\"robots\" content=\"index, follow, max-snippet:-1, max-image-preview:large, max-video-preview:-1\" \/>\n<link rel=\"canonical\" href=\"https:\/\/explora.cl\/magallanes\/estudiantes-participan-del-dia-de-la-fascinacion-por-las-plantas\/\" class=\"yoast-seo-meta-tag\" \/>\n<meta property=\"og:locale\" content=\"es_ES\" class=\"yoast-seo-meta-tag\" \/>\n<meta property=\"og:type\" content=\"article\" class=\"yoast-seo-meta-tag\" \/>\n<meta property=\"og:title\" content=\"Estudiantes participan del D\u00eda de la Fascinaci\u00f3n por las Plantas - Magallanes\" class=\"yoast-seo-meta-tag\" \/>\n<meta property=\"og:description\" content=\"En el marco del D\u00eda Internacional de la Fascinaci\u00f3n por las Plantas, PAR Explora Magallanes y la Escuela de Agronom\u00eda de la UMAG realizaron una serie de actividades destinadas a ense\u00f1ar la importancia de la flora en nuestro planeta y en la regi\u00f3n. La jornada comenz\u00f3 con una charla en el Auditorio Ernesto Livacic de [&hellip;]\" class=\"yoast-seo-meta-tag\" \/>\n<meta property=\"og:url\" content=\"https:\/\/explora.cl\/magallanes\/estudiantes-participan-del-dia-de-la-fascinacion-por-las-plantas\/\" class=\"yoast-seo-meta-tag\" \/>\n<meta property=\"og:site_name\" content=\"Magallanes\" class=\"yoast-seo-meta-tag\" \/>\n<meta property=\"article:published_time\" content=\"2015-05-19T04:00:00+00:00\" class=\"yoast-seo-meta-tag\" \/>\n<meta property=\"article:modified_time\" content=\"2019-05-20T21:40:07+00:00\" class=\"yoast-seo-meta-tag\" \/>\n<meta property=\"og:image\" content=\"https:\/\/explora.cl\/magallanes\/wp-content\/uploads\/sites\/19\/2018\/06\/7df65cdd7a0b1ffe9c0b0ea60ab6fdbc.jpg\" class=\"yoast-seo-meta-tag\" \/>\n\t<meta property=\"og:image:width\" content=\"2048\" class=\"yoast-seo-meta-tag\" \/>\n\t<meta property=\"og:image:height\" content=\"1357\" class=\"yoast-seo-meta-tag\" \/>\n\t<meta property=\"og:image:type\" content=\"image\/jpeg\" class=\"yoast-seo-meta-tag\" \/>\n<meta name=\"author\" content=\"webman\" class=\"yoast-seo-meta-tag\" \/>\n<meta name=\"twitter:card\" content=\"summary_large_image\" class=\"yoast-seo-meta-tag\" \/>\n<meta name=\"twitter:label1\" content=\"Escrito por\" class=\"yoast-seo-meta-tag\" \/>\n\t<meta name=\"twitter:data1\" content=\"webman\" class=\"yoast-seo-meta-tag\" \/>\n\t<meta name=\"twitter:label2\" content=\"Tiempo estimado de lectura\" class=\"yoast-seo-meta-tag\" \/>\n\t<meta name=\"twitter:data2\" content=\"3 minutos\" class=\"yoast-seo-meta-tag\" \/>\n<script type=\"application\/ld+json\" class=\"yoast-schema-graph\">{\"@context\":\"https:\/\/schema.org\",\"@graph\":[{\"@type\":\"Article\",\"@id\":\"https:\/\/explora.cl\/magallanes\/estudiantes-participan-del-dia-de-la-fascinacion-por-las-plantas\/#article\",\"isPartOf\":{\"@id\":\"https:\/\/explora.cl\/magallanes\/estudiantes-participan-del-dia-de-la-fascinacion-por-las-plantas\/\"},\"author\":{\"name\":\"webman\",\"@id\":\"https:\/\/explora.cl\/magallanes\/#\/schema\/person\/cb8349c13ea2d324080adf8480d7ba5d\"},\"headline\":\"Estudiantes participan del D\u00eda de la Fascinaci\u00f3n por las Plantas\",\"datePublished\":\"2015-05-19T04:00:00+00:00\",\"dateModified\":\"2019-05-20T21:40:07+00:00\",\"mainEntityOfPage\":{\"@id\":\"https:\/\/explora.cl\/magallanes\/estudiantes-participan-del-dia-de-la-fascinacion-por-las-plantas\/\"},\"wordCount\":617,\"commentCount\":0,\"publisher\":{\"@id\":\"https:\/\/explora.cl\/magallanes\/#organization\"},\"image\":{\"@id\":\"https:\/\/explora.cl\/magallanes\/estudiantes-participan-del-dia-de-la-fascinacion-por-las-plantas\/#primaryimage\"},\"thumbnailUrl\":\"https:\/\/explora.cl\/magallanes\/wp-content\/uploads\/sites\/19\/2018\/06\/7df65cdd7a0b1ffe9c0b0ea60ab6fdbc.jpg\",\"keywords\":[\"flora y fauna\",\"plantas\",\"Plantas medicinales end\u00e9micas\",\"vegetaci\u00f3n\"],\"articleSection\":[\"Noticias\"],\"inLanguage\":\"es-CL\",\"potentialAction\":[{\"@type\":\"CommentAction\",\"name\":\"Comment\",\"target\":[\"https:\/\/explora.cl\/magallanes\/estudiantes-participan-del-dia-de-la-fascinacion-por-las-plantas\/#respond\"]}]},{\"@type\":\"WebPage\",\"@id\":\"https:\/\/explora.cl\/magallanes\/estudiantes-participan-del-dia-de-la-fascinacion-por-las-plantas\/\",\"url\":\"https:\/\/explora.cl\/magallanes\/estudiantes-participan-del-dia-de-la-fascinacion-por-las-plantas\/\",\"name\":\"Estudiantes participan del D\u00eda de la Fascinaci\u00f3n por las Plantas - Magallanes\",\"isPartOf\":{\"@id\":\"https:\/\/explora.cl\/magallanes\/#website\"},\"primaryImageOfPage\":{\"@id\":\"https:\/\/explora.cl\/magallanes\/estudiantes-participan-del-dia-de-la-fascinacion-por-las-plantas\/#primaryimage\"},\"image\":{\"@id\":\"https:\/\/explora.cl\/magallanes\/estudiantes-participan-del-dia-de-la-fascinacion-por-las-plantas\/#primaryimage\"},\"thumbnailUrl\":\"https:\/\/explora.cl\/magallanes\/wp-content\/uploads\/sites\/19\/2018\/06\/7df65cdd7a0b1ffe9c0b0ea60ab6fdbc.jpg\",\"datePublished\":\"2015-05-19T04:00:00+00:00\",\"dateModified\":\"2019-05-20T21:40:07+00:00\",\"breadcrumb\":{\"@id\":\"https:\/\/explora.cl\/magallanes\/estudiantes-participan-del-dia-de-la-fascinacion-por-las-plantas\/#breadcrumb\"},\"inLanguage\":\"es-CL\",\"potentialAction\":[{\"@type\":\"ReadAction\",\"target\":[\"https:\/\/explora.cl\/magallanes\/estudiantes-participan-del-dia-de-la-fascinacion-por-las-plantas\/\"]}]},{\"@type\":\"ImageObject\",\"inLanguage\":\"es-CL\",\"@id\":\"https:\/\/explora.cl\/magallanes\/estudiantes-participan-del-dia-de-la-fascinacion-por-las-plantas\/#primaryimage\",\"url\":\"https:\/\/explora.cl\/magallanes\/wp-content\/uploads\/sites\/19\/2018\/06\/7df65cdd7a0b1ffe9c0b0ea60ab6fdbc.jpg\",\"contentUrl\":\"https:\/\/explora.cl\/magallanes\/wp-content\/uploads\/sites\/19\/2018\/06\/7df65cdd7a0b1ffe9c0b0ea60ab6fdbc.jpg\",\"width\":2048,\"height\":1357},{\"@type\":\"BreadcrumbList\",\"@id\":\"https:\/\/explora.cl\/magallanes\/estudiantes-participan-del-dia-de-la-fascinacion-por-las-plantas\/#breadcrumb\",\"itemListElement\":[{\"@type\":\"ListItem\",\"position\":1,\"name\":\"Portada\",\"item\":\"https:\/\/explora.cl\/magallanes\/\"},{\"@type\":\"ListItem\",\"position\":2,\"name\":\"Estudiantes participan del D\u00eda de la Fascinaci\u00f3n por las Plantas\"}]},{\"@type\":\"WebSite\",\"@id\":\"https:\/\/explora.cl\/magallanes\/#website\",\"url\":\"https:\/\/explora.cl\/magallanes\/\",\"name\":\"Magallanes\",\"description\":\"Otro sitio m\u00e1s de explora.cl\",\"publisher\":{\"@id\":\"https:\/\/explora.cl\/magallanes\/#organization\"},\"potentialAction\":[{\"@type\":\"SearchAction\",\"target\":{\"@type\":\"EntryPoint\",\"urlTemplate\":\"https:\/\/explora.cl\/magallanes\/?s={search_term_string}\"},\"query-input\":{\"@type\":\"PropertyValueSpecification\",\"valueRequired\":true,\"valueName\":\"search_term_string\"}}],\"inLanguage\":\"es-CL\"},{\"@type\":\"Organization\",\"@id\":\"https:\/\/explora.cl\/magallanes\/#organization\",\"name\":\"Magallanes\",\"url\":\"https:\/\/explora.cl\/magallanes\/\",\"logo\":{\"@type\":\"ImageObject\",\"inLanguage\":\"es-CL\",\"@id\":\"https:\/\/explora.cl\/magallanes\/#\/schema\/logo\/image\/\",\"url\":\"https:\/\/explora.cl\/magallanes\/wp-content\/uploads\/sites\/19\/2021\/06\/cropped-ICONO-COLOR-2.jpg\",\"contentUrl\":\"https:\/\/explora.cl\/magallanes\/wp-content\/uploads\/sites\/19\/2021\/06\/cropped-ICONO-COLOR-2.jpg\",\"width\":1181,\"height\":1181,\"caption\":\"Magallanes\"},\"image\":{\"@id\":\"https:\/\/explora.cl\/magallanes\/#\/schema\/logo\/image\/\"}},{\"@type\":\"Person\",\"@id\":\"https:\/\/explora.cl\/magallanes\/#\/schema\/person\/cb8349c13ea2d324080adf8480d7ba5d\",\"name\":\"webman\",\"image\":{\"@type\":\"ImageObject\",\"inLanguage\":\"es-CL\",\"@id\":\"https:\/\/explora.cl\/magallanes\/#\/schema\/person\/image\/\",\"url\":\"https:\/\/secure.gravatar.com\/avatar\/eeff3c82f2c02f7177d13663b7e6f890e9a6a0647ce9bb29cae02dcb094c7312?s=96&d=mm&r=g\",\"contentUrl\":\"https:\/\/secure.gravatar.com\/avatar\/eeff3c82f2c02f7177d13663b7e6f890e9a6a0647ce9bb29cae02dcb094c7312?s=96&d=mm&r=g\",\"caption\":\"webman\"},\"url\":\"https:\/\/explora.cl\/magallanes\/author\/webman\/\"}]}<\/script>\n<!-- \/ Yoast SEO plugin. -->","yoast_head_json":{"title":"Estudiantes participan del D\u00eda de la Fascinaci\u00f3n por las Plantas - Magallanes","robots":{"index":"index","follow":"follow","max-snippet":"max-snippet:-1","max-image-preview":"max-image-preview:large","max-video-preview":"max-video-preview:-1"},"canonical":"https:\/\/explora.cl\/magallanes\/estudiantes-participan-del-dia-de-la-fascinacion-por-las-plantas\/","og_locale":"es_ES","og_type":"article","og_title":"Estudiantes participan del D\u00eda de la Fascinaci\u00f3n por las Plantas - Magallanes","og_description":"En el marco del D\u00eda Internacional de la Fascinaci\u00f3n por las Plantas, PAR Explora Magallanes y la Escuela de Agronom\u00eda de la UMAG realizaron una serie de actividades destinadas a ense\u00f1ar la importancia de la flora en nuestro planeta y en la regi\u00f3n. La jornada comenz\u00f3 con una charla en el Auditorio Ernesto Livacic de [&hellip;]","og_url":"https:\/\/explora.cl\/magallanes\/estudiantes-participan-del-dia-de-la-fascinacion-por-las-plantas\/","og_site_name":"Magallanes","article_published_time":"2015-05-19T04:00:00+00:00","article_modified_time":"2019-05-20T21:40:07+00:00","og_image":[{"width":2048,"height":1357,"url":"https:\/\/explora.cl\/magallanes\/wp-content\/uploads\/sites\/19\/2018\/06\/7df65cdd7a0b1ffe9c0b0ea60ab6fdbc.jpg","type":"image\/jpeg"}],"author":"webman","twitter_card":"summary_large_image","twitter_misc":{"Escrito por":"webman","Tiempo estimado de lectura":"3 minutos"},"schema":{"@context":"https:\/\/schema.org","@graph":[{"@type":"Article","@id":"https:\/\/explora.cl\/magallanes\/estudiantes-participan-del-dia-de-la-fascinacion-por-las-plantas\/#article","isPartOf":{"@id":"https:\/\/explora.cl\/magallanes\/estudiantes-participan-del-dia-de-la-fascinacion-por-las-plantas\/"},"author":{"name":"webman","@id":"https:\/\/explora.cl\/magallanes\/#\/schema\/person\/cb8349c13ea2d324080adf8480d7ba5d"},"headline":"Estudiantes participan del D\u00eda de la Fascinaci\u00f3n por las Plantas","datePublished":"2015-05-19T04:00:00+00:00","dateModified":"2019-05-20T21:40:07+00:00","mainEntityOfPage":{"@id":"https:\/\/explora.cl\/magallanes\/estudiantes-participan-del-dia-de-la-fascinacion-por-las-plantas\/"},"wordCount":617,"commentCount":0,"publisher":{"@id":"https:\/\/explora.cl\/magallanes\/#organization"},"image":{"@id":"https:\/\/explora.cl\/magallanes\/estudiantes-participan-del-dia-de-la-fascinacion-por-las-plantas\/#primaryimage"},"thumbnailUrl":"https:\/\/explora.cl\/magallanes\/wp-content\/uploads\/sites\/19\/2018\/06\/7df65cdd7a0b1ffe9c0b0ea60ab6fdbc.jpg","keywords":["flora y fauna","plantas","Plantas medicinales end\u00e9micas","vegetaci\u00f3n"],"articleSection":["Noticias"],"inLanguage":"es-CL","potentialAction":[{"@type":"CommentAction","name":"Comment","target":["https:\/\/explora.cl\/magallanes\/estudiantes-participan-del-dia-de-la-fascinacion-por-las-plantas\/#respond"]}]},{"@type":"WebPage","@id":"https:\/\/explora.cl\/magallanes\/estudiantes-participan-del-dia-de-la-fascinacion-por-las-plantas\/","url":"https:\/\/explora.cl\/magallanes\/estudiantes-participan-del-dia-de-la-fascinacion-por-las-plantas\/","name":"Estudiantes participan del D\u00eda de la Fascinaci\u00f3n por las Plantas - Magallanes","isPartOf":{"@id":"https:\/\/explora.cl\/magallanes\/#website"},"primaryImageOfPage":{"@id":"https:\/\/explora.cl\/magallanes\/estudiantes-participan-del-dia-de-la-fascinacion-por-las-plantas\/#primaryimage"},"image":{"@id":"https:\/\/explora.cl\/magallanes\/estudiantes-participan-del-dia-de-la-fascinacion-por-las-plantas\/#primaryimage"},"thumbnailUrl":"https:\/\/explora.cl\/magallanes\/wp-content\/uploads\/sites\/19\/2018\/06\/7df65cdd7a0b1ffe9c0b0ea60ab6fdbc.jpg","datePublished":"2015-05-19T04:00:00+00:00","dateModified":"2019-05-20T21:40:07+00:00","breadcrumb":{"@id":"https:\/\/explora.cl\/magallanes\/estudiantes-participan-del-dia-de-la-fascinacion-por-las-plantas\/#breadcrumb"},"inLanguage":"es-CL","potentialAction":[{"@type":"ReadAction","target":["https:\/\/explora.cl\/magallanes\/estudiantes-participan-del-dia-de-la-fascinacion-por-las-plantas\/"]}]},{"@type":"ImageObject","inLanguage":"es-CL","@id":"https:\/\/explora.cl\/magallanes\/estudiantes-participan-del-dia-de-la-fascinacion-por-las-plantas\/#primaryimage","url":"https:\/\/explora.cl\/magallanes\/wp-content\/uploads\/sites\/19\/2018\/06\/7df65cdd7a0b1ffe9c0b0ea60ab6fdbc.jpg","contentUrl":"https:\/\/explora.cl\/magallanes\/wp-content\/uploads\/sites\/19\/2018\/06\/7df65cdd7a0b1ffe9c0b0ea60ab6fdbc.jpg","width":2048,"height":1357},{"@type":"BreadcrumbList","@id":"https:\/\/explora.cl\/magallanes\/estudiantes-participan-del-dia-de-la-fascinacion-por-las-plantas\/#breadcrumb","itemListElement":[{"@type":"ListItem","position":1,"name":"Portada","item":"https:\/\/explora.cl\/magallanes\/"},{"@type":"ListItem","position":2,"name":"Estudiantes participan del D\u00eda de la Fascinaci\u00f3n por las Plantas"}]},{"@type":"WebSite","@id":"https:\/\/explora.cl\/magallanes\/#website","url":"https:\/\/explora.cl\/magallanes\/","name":"Magallanes","description":"Otro sitio m\u00e1s de explora.cl","publisher":{"@id":"https:\/\/explora.cl\/magallanes\/#organization"},"potentialAction":[{"@type":"SearchAction","target":{"@type":"EntryPoint","urlTemplate":"https:\/\/explora.cl\/magallanes\/?s={search_term_string}"},"query-input":{"@type":"PropertyValueSpecification","valueRequired":true,"valueName":"search_term_string"}}],"inLanguage":"es-CL"},{"@type":"Organization","@id":"https:\/\/explora.cl\/magallanes\/#organization","name":"Magallanes","url":"https:\/\/explora.cl\/magallanes\/","logo":{"@type":"ImageObject","inLanguage":"es-CL","@id":"https:\/\/explora.cl\/magallanes\/#\/schema\/logo\/image\/","url":"https:\/\/explora.cl\/magallanes\/wp-content\/uploads\/sites\/19\/2021\/06\/cropped-ICONO-COLOR-2.jpg","contentUrl":"https:\/\/explora.cl\/magallanes\/wp-content\/uploads\/sites\/19\/2021\/06\/cropped-ICONO-COLOR-2.jpg","width":1181,"height":1181,"caption":"Magallanes"},"image":{"@id":"https:\/\/explora.cl\/magallanes\/#\/schema\/logo\/image\/"}},{"@type":"Person","@id":"https:\/\/explora.cl\/magallanes\/#\/schema\/person\/cb8349c13ea2d324080adf8480d7ba5d","name":"webman","image":{"@type":"ImageObject","inLanguage":"es-CL","@id":"https:\/\/explora.cl\/magallanes\/#\/schema\/person\/image\/","url":"https:\/\/secure.gravatar.com\/avatar\/eeff3c82f2c02f7177d13663b7e6f890e9a6a0647ce9bb29cae02dcb094c7312?s=96&d=mm&r=g","contentUrl":"https:\/\/secure.gravatar.com\/avatar\/eeff3c82f2c02f7177d13663b7e6f890e9a6a0647ce9bb29cae02dcb094c7312?s=96&d=mm&r=g","caption":"webman"},"url":"https:\/\/explora.cl\/magallanes\/author\/webman\/"}]}},"_links":{"self":[{"href":"https:\/\/explora.cl\/magallanes\/wp-json\/wp\/v2\/posts\/237","targetHints":{"allow":["GET"]}}],"collection":[{"href":"https:\/\/explora.cl\/magallanes\/wp-json\/wp\/v2\/posts"}],"about":[{"href":"https:\/\/explora.cl\/magallanes\/wp-json\/wp\/v2\/types\/post"}],"author":[{"embeddable":true,"href":"https:\/\/explora.cl\/magallanes\/wp-json\/wp\/v2\/users\/2"}],"replies":[{"embeddable":true,"href":"https:\/\/explora.cl\/magallanes\/wp-json\/wp\/v2\/comments?post=237"}],"version-history":[{"count":1,"href":"https:\/\/explora.cl\/magallanes\/wp-json\/wp\/v2\/posts\/237\/revisions"}],"predecessor-version":[{"id":37928,"href":"https:\/\/explora.cl\/magallanes\/wp-json\/wp\/v2\/posts\/237\/revisions\/37928"}],"wp:featuredmedia":[{"embeddable":true,"href":"https:\/\/explora.cl\/magallanes\/wp-json\/wp\/v2\/media\/238"}],"wp:attachment":[{"href":"https:\/\/explora.cl\/magallanes\/wp-json\/wp\/v2\/media?parent=237"}],"wp:term":[{"taxonomy":"category","embeddable":true,"href":"https:\/\/explora.cl\/magallanes\/wp-json\/wp\/v2\/categories?post=237"},{"taxonomy":"post_tag","embeddable":true,"href":"https:\/\/explora.cl\/magallanes\/wp-json\/wp\/v2\/tags?post=237"}],"curies":[{"name":"wp","href":"https:\/\/api.w.org\/{rel}","templated":true}]}}