{"id":213,"date":"2015-04-21T00:00:00","date_gmt":"2015-04-21T04:00:00","guid":{"rendered":"https:\/\/explora.cl\/magallanes\/blog\/2015\/04\/21\/encuentro-nacional-analizara-rol-de-la-divulgacion-cientifica-en-el-desarrollo-del-pais\/"},"modified":"2019-05-20T21:40:13","modified_gmt":"2019-05-20T21:40:13","slug":"encuentro-nacional-analizara-rol-de-la-divulgacion-cientifica-en-el-desarrollo-del-pais","status":"publish","type":"post","link":"https:\/\/explora.cl\/magallanes\/encuentro-nacional-analizara-rol-de-la-divulgacion-cientifica-en-el-desarrollo-del-pais\/","title":{"rendered":"ENCUENTRO NACIONAL ANALIZAR\u00c1 ROL DE LA DIVULGACI\u00d3N CIENT\u00cdFICA EN EL DESARROLLO DEL PA\u00cdS"},"content":{"rendered":"<p><img fetchpriority=\"high\" decoding=\"async\" class=\" size-full wp-image-10280\" src=\"http:\/\/ec2-34-218-253-251.us-west-2.compute.amazonaws.com\/wp-content\/uploads\/2015\/04\/079ffccfe19b374f06c3a85f90ea48ad.jpg\" alt=\"\" width=\"640\" height=\"480\" \/><\/p>\n<p>Desde el 22 al 25 de abril pr\u00f3ximo, 150 exponentes nacionales y de distintas partes del mundo se dar\u00e1n cita en Punta Arenas, para debatir e intercambiar conocimientos sobre las estrategias de divulgaci\u00f3n y valoraci\u00f3n de la ciencia ejecutada en Chile.<\/p>\n<p>Trabajos de diversas instituciones p\u00fablicas y privadas, universidades, centros de investigaci\u00f3n, centros interactivos y museogr\u00e1ficos, productoras de TV, profesionales independientes, Fundaciones, ONGs y representantes de establecimientos educativos de todo el pa\u00eds, se dar\u00e1n cita, a partir del mi\u00e9rcoles 22 de abril, en el III Encuentro Nacional de Divulgadores de Ciencia y Tecnolog\u00eda. La organizaci\u00f3n est\u00e1 a cargo de una red de instituciones que integran la Universidad de Magallanes, el Instituto Ant\u00e1rtico Chileno, el Programa Explora Conicyt, el Instituto Milenio de Ecolog\u00eda y Biodiversidad (IEB), la Asociaci\u00f3n Chilena de Periodistas Cient\u00edficos y el Parque Etnobot\u00e1nico Omora, entre otras. Tambi\u00e9n existe apoyo de otras entidades privadas.<\/p>\n<p>De las 150 propuestas que llegaron a la convocatoria, 86 fueron las seleccionadas para ser parte de las principales ponencias. Un 12,8 % de estos trabajos abordan \u201cCiencia y Sector productivo\u201d; 23,3% \u201cCultura cient\u00edfica y ciudadan\u00eda\u201d, 20,9% \u201cCiencia y medios de comunicaci\u00f3n\u201d y 43% \u201cCiencia y educaci\u00f3n\u201d.<\/p>\n<p>El d\u00eda viernes reci\u00e9n pasado, los organizadores dieron el vamos a la semana de la divulgaci\u00f3n cient\u00edfica en Magallanes, valorando la posibilidad de mostrar a Chile el trabajo difusor que se est\u00e1 haciendo en el conosur americano y en la Ant\u00e1rtica. Tambi\u00e9n invitaron a la poblaci\u00f3n a participar en los eventos abiertos. Paulina Rojas, Encargada de Valoraci\u00f3n de la Ciencia Ant\u00e1rtica del INACH, inform\u00f3 que hay \u201cun taller abierto a la comunidad period\u00edstica de Magallanes, a las 9 de la ma\u00f1ana el s\u00e1bado (25 de abril), de Comunicaci\u00f3n Cient\u00edfica a cargo de ACHIPEC (Asociaci\u00f3n Chilena de Periodistas Cient\u00edficos). Adem\u00e1s, hay un bloque audiovisual que preparamos con videos de divulgaci\u00f3n hechos por chilenos, algunos de los cuales se exhiben por primera vez\u201d. Esta muestra se efectuar\u00e1 el jueves 23, entre las 17:30 y 19:30 horas, en el auditorio Ernesto Livacic de la Umag.<\/p>\n<p>Un compromiso ciudadano<\/p>\n<p>Margarita Garrido, directora del PAR EXPLORA regi\u00f3n de Magallanes y Ant\u00e1rtica Chilena, afirm\u00f3 en el punto de prensa que \u201cme parece fant\u00e1stico que podamos sentar las bases de una red de divulgadores\u201d. Sus palabras fueron respaldadas por el vicerrector de Investigaci\u00f3n y Posgrados de la Universidad de Magallanes, Andr\u00e9s Mansilla, quien agreg\u00f3 que \u201cgeneralmente, se dice que las universidades solamente publican en revistas internacionales que nadie lee. Pero nosotros consideramos que es sumamente relevante que la sociedad sepa qu\u00e9 hacen sus investigadores, y qu\u00e9 hace el gobierno con los fondos estatales destinados a las universidades\u201d.<\/p>\n<p>Al respecto, Edgardo Vega, subdirector nacional del INACH, tom\u00f3 la palabra para afirmar que \u201clos pa\u00edses que utilizan el conocimiento para tomar decisiones, son lo que hoy d\u00eda entregan mayores niveles de satisfacci\u00f3n a la ciudadan\u00eda\u201d. Y agreg\u00f3 que los divulgadores tienen un rol social muy importante, porque \u201cciudadanos empoderados que toman mejores decisiones en la vida cotidiana, son ciudadanos con mayores oportunidades\u201d.<\/p>\n<p>Conferencistas internacionales<\/p>\n<p>Quienes asistan al encuentro tendr\u00e1n la posibilidad de escuchar las experiencias de exponentes como Pere Estupiny\u00e0, bioqu\u00edmico, escritor y comunicador cient\u00edfico. Ha sido editor del programa REDES de TVE, Knight Science Journalism Fellow en el MIT, trabajado en el NIH, blogger en El Pa\u00eds, consultor de ciencia y tecnolog\u00eda en el BID, MIT-Knight Tracker para Am\u00e9rica Latina, y publicado con Penguin Random House los libros \u201cEl ladr\u00f3n de cerebros\u201d, \u201cRascar donde no pica\u201d y \u201cS=EX2: La ciencia del sexo\u201d. Actualmente, est\u00e1 rodando la serie documental de ciencia \u201cEl Ladr\u00f3n de cerebros por Ecuador\u201d.<\/p>\n<p>Angela Posada Swafford, en tanto, lleva 25 a\u00f1os escribiendo temas de ciencia y exploraci\u00f3n para todo tipo de audiencias. Es la corresponsal en Estados Unidos de la revista Muy Interesante, ediciones de Madrid y M\u00e9xico, y colabora en la revista Esquire Espa\u00f1a, M\u00e9xico y Colombia. Sus art\u00edculos han aparecido en National Geographic, Astronomy Magazine, WIRED, New Scientist, The Boston Globe y The Miami Herald, y ha colaborado con investigaciones y documentales para Discovery Channel y Animal Planet.<\/p>\n<p>En este encuentro tambi\u00e9n estar\u00e1n el Doctor en Ecolog\u00eda Marina Ant\u00e1rtica de la Universidad de Coimbra (Portugal), Jos\u00e9 Xavier; el doctor en Sociolog\u00eda de la Universidad de Cambridge y experto en m\u00e9todos de investigaci\u00f3n social, comunicaci\u00f3n de la ciencia y pol\u00edtica cient\u00edfica, Eric Jensen, y el director del Centro Interactivo Parque Explora, de Medell\u00edn, Colombia, Andr\u00e9s Felipe Rold\u00e1n.<\/p>\n<p>Talleres para participantes\u00a0<\/p>\n<p>Finalmente, el programa contempla la realizaci\u00f3n de talleres tales como \u201cImagen y ciencia: Fotograf\u00eda e ilustraci\u00f3n cient\u00edfica\u201d, \u201cSumergidos con lupa en los r\u00edos m\u00e1s australes del planeta\u201d y \u201cCiclo de indagaci\u00f3n en los bosques siempreverdes del fin del mundo\u201d. Para acceder al programa completo de exposiciones orales, p\u00f3sters, talleres y conferencias, s\u00f3lo hay que ingresar a http:\/\/www.divulgadoresciencia.cl\/programa.html.<\/p>\n","protected":false},"excerpt":{"rendered":"<p>Desde el 22 al 25 de abril pr\u00f3ximo, 150 exponentes nacionales y de distintas partes del mundo se dar\u00e1n cita en Punta Arenas, para debatir e intercambiar conocimientos sobre las estrategias de divulgaci\u00f3n y valoraci\u00f3n de la ciencia ejecutada en Chile. Trabajos de diversas instituciones p\u00fablicas y privadas, universidades, centros de investigaci\u00f3n, centros interactivos y [&hellip;]<\/p>\n","protected":false},"author":2,"featured_media":214,"comment_status":"open","ping_status":"open","sticky":false,"template":"","format":"standard","meta":{"_acf_changed":false,"_exactmetrics_skip_tracking":false,"_exactmetrics_sitenote_active":false,"_exactmetrics_sitenote_note":"","_exactmetrics_sitenote_category":0,"footnotes":"","_links_to":"","_links_to_target":""},"categories":[4],"tags":[107,100],"class_list":["post-213","post","type-post","status-publish","format-standard","has-post-thumbnail","hentry","category-noticias","tag-ciencia","tag-investigacion"],"acf":[],"yoast_head":"<!-- This site is optimized with the Yoast SEO plugin v26.9 - https:\/\/yoast.com\/product\/yoast-seo-wordpress\/ -->\n<title>ENCUENTRO NACIONAL ANALIZAR\u00c1 ROL DE LA DIVULGACI\u00d3N CIENT\u00cdFICA EN EL DESARROLLO DEL PA\u00cdS - Magallanes<\/title>\n<meta name=\"robots\" content=\"index, follow, max-snippet:-1, max-image-preview:large, max-video-preview:-1\" \/>\n<link rel=\"canonical\" href=\"https:\/\/explora.cl\/magallanes\/encuentro-nacional-analizara-rol-de-la-divulgacion-cientifica-en-el-desarrollo-del-pais\/\" class=\"yoast-seo-meta-tag\" \/>\n<meta property=\"og:locale\" content=\"es_ES\" class=\"yoast-seo-meta-tag\" \/>\n<meta property=\"og:type\" content=\"article\" class=\"yoast-seo-meta-tag\" \/>\n<meta property=\"og:title\" content=\"ENCUENTRO NACIONAL ANALIZAR\u00c1 ROL DE LA DIVULGACI\u00d3N CIENT\u00cdFICA EN EL DESARROLLO DEL PA\u00cdS - Magallanes\" class=\"yoast-seo-meta-tag\" \/>\n<meta property=\"og:description\" content=\"Desde el 22 al 25 de abril pr\u00f3ximo, 150 exponentes nacionales y de distintas partes del mundo se dar\u00e1n cita en Punta Arenas, para debatir e intercambiar conocimientos sobre las estrategias de divulgaci\u00f3n y valoraci\u00f3n de la ciencia ejecutada en Chile. Trabajos de diversas instituciones p\u00fablicas y privadas, universidades, centros de investigaci\u00f3n, centros interactivos y [&hellip;]\" class=\"yoast-seo-meta-tag\" \/>\n<meta property=\"og:url\" content=\"https:\/\/explora.cl\/magallanes\/encuentro-nacional-analizara-rol-de-la-divulgacion-cientifica-en-el-desarrollo-del-pais\/\" class=\"yoast-seo-meta-tag\" \/>\n<meta property=\"og:site_name\" content=\"Magallanes\" class=\"yoast-seo-meta-tag\" \/>\n<meta property=\"article:published_time\" content=\"2015-04-21T04:00:00+00:00\" class=\"yoast-seo-meta-tag\" \/>\n<meta property=\"article:modified_time\" content=\"2019-05-20T21:40:13+00:00\" class=\"yoast-seo-meta-tag\" \/>\n<meta property=\"og:image\" content=\"https:\/\/explora.cl\/magallanes\/wp-content\/uploads\/sites\/19\/2018\/06\/079ffccfe19b374f06c3a85f90ea48ad.jpg\" class=\"yoast-seo-meta-tag\" \/>\n\t<meta property=\"og:image:width\" content=\"640\" class=\"yoast-seo-meta-tag\" \/>\n\t<meta property=\"og:image:height\" content=\"480\" class=\"yoast-seo-meta-tag\" \/>\n\t<meta property=\"og:image:type\" content=\"image\/jpeg\" class=\"yoast-seo-meta-tag\" \/>\n<meta name=\"author\" content=\"webman\" class=\"yoast-seo-meta-tag\" \/>\n<meta name=\"twitter:card\" content=\"summary_large_image\" class=\"yoast-seo-meta-tag\" \/>\n<meta name=\"twitter:label1\" content=\"Escrito por\" class=\"yoast-seo-meta-tag\" \/>\n\t<meta name=\"twitter:data1\" content=\"webman\" class=\"yoast-seo-meta-tag\" \/>\n\t<meta name=\"twitter:label2\" content=\"Tiempo estimado de lectura\" class=\"yoast-seo-meta-tag\" \/>\n\t<meta name=\"twitter:data2\" content=\"4 minutos\" class=\"yoast-seo-meta-tag\" \/>\n<script type=\"application\/ld+json\" class=\"yoast-schema-graph\">{\"@context\":\"https:\/\/schema.org\",\"@graph\":[{\"@type\":\"Article\",\"@id\":\"https:\/\/explora.cl\/magallanes\/encuentro-nacional-analizara-rol-de-la-divulgacion-cientifica-en-el-desarrollo-del-pais\/#article\",\"isPartOf\":{\"@id\":\"https:\/\/explora.cl\/magallanes\/encuentro-nacional-analizara-rol-de-la-divulgacion-cientifica-en-el-desarrollo-del-pais\/\"},\"author\":{\"name\":\"webman\",\"@id\":\"https:\/\/explora.cl\/magallanes\/#\/schema\/person\/cb8349c13ea2d324080adf8480d7ba5d\"},\"headline\":\"ENCUENTRO NACIONAL ANALIZAR\u00c1 ROL DE LA DIVULGACI\u00d3N CIENT\u00cdFICA EN EL DESARROLLO DEL PA\u00cdS\",\"datePublished\":\"2015-04-21T04:00:00+00:00\",\"dateModified\":\"2019-05-20T21:40:13+00:00\",\"mainEntityOfPage\":{\"@id\":\"https:\/\/explora.cl\/magallanes\/encuentro-nacional-analizara-rol-de-la-divulgacion-cientifica-en-el-desarrollo-del-pais\/\"},\"wordCount\":875,\"commentCount\":0,\"publisher\":{\"@id\":\"https:\/\/explora.cl\/magallanes\/#organization\"},\"image\":{\"@id\":\"https:\/\/explora.cl\/magallanes\/encuentro-nacional-analizara-rol-de-la-divulgacion-cientifica-en-el-desarrollo-del-pais\/#primaryimage\"},\"thumbnailUrl\":\"https:\/\/explora.cl\/magallanes\/wp-content\/uploads\/sites\/19\/2018\/06\/079ffccfe19b374f06c3a85f90ea48ad.jpg\",\"keywords\":[\"ciencia\",\"investigaci\u00f3n\"],\"articleSection\":[\"Noticias\"],\"inLanguage\":\"es-CL\",\"potentialAction\":[{\"@type\":\"CommentAction\",\"name\":\"Comment\",\"target\":[\"https:\/\/explora.cl\/magallanes\/encuentro-nacional-analizara-rol-de-la-divulgacion-cientifica-en-el-desarrollo-del-pais\/#respond\"]}]},{\"@type\":\"WebPage\",\"@id\":\"https:\/\/explora.cl\/magallanes\/encuentro-nacional-analizara-rol-de-la-divulgacion-cientifica-en-el-desarrollo-del-pais\/\",\"url\":\"https:\/\/explora.cl\/magallanes\/encuentro-nacional-analizara-rol-de-la-divulgacion-cientifica-en-el-desarrollo-del-pais\/\",\"name\":\"ENCUENTRO NACIONAL ANALIZAR\u00c1 ROL DE LA DIVULGACI\u00d3N CIENT\u00cdFICA EN EL DESARROLLO DEL PA\u00cdS - Magallanes\",\"isPartOf\":{\"@id\":\"https:\/\/explora.cl\/magallanes\/#website\"},\"primaryImageOfPage\":{\"@id\":\"https:\/\/explora.cl\/magallanes\/encuentro-nacional-analizara-rol-de-la-divulgacion-cientifica-en-el-desarrollo-del-pais\/#primaryimage\"},\"image\":{\"@id\":\"https:\/\/explora.cl\/magallanes\/encuentro-nacional-analizara-rol-de-la-divulgacion-cientifica-en-el-desarrollo-del-pais\/#primaryimage\"},\"thumbnailUrl\":\"https:\/\/explora.cl\/magallanes\/wp-content\/uploads\/sites\/19\/2018\/06\/079ffccfe19b374f06c3a85f90ea48ad.jpg\",\"datePublished\":\"2015-04-21T04:00:00+00:00\",\"dateModified\":\"2019-05-20T21:40:13+00:00\",\"breadcrumb\":{\"@id\":\"https:\/\/explora.cl\/magallanes\/encuentro-nacional-analizara-rol-de-la-divulgacion-cientifica-en-el-desarrollo-del-pais\/#breadcrumb\"},\"inLanguage\":\"es-CL\",\"potentialAction\":[{\"@type\":\"ReadAction\",\"target\":[\"https:\/\/explora.cl\/magallanes\/encuentro-nacional-analizara-rol-de-la-divulgacion-cientifica-en-el-desarrollo-del-pais\/\"]}]},{\"@type\":\"ImageObject\",\"inLanguage\":\"es-CL\",\"@id\":\"https:\/\/explora.cl\/magallanes\/encuentro-nacional-analizara-rol-de-la-divulgacion-cientifica-en-el-desarrollo-del-pais\/#primaryimage\",\"url\":\"https:\/\/explora.cl\/magallanes\/wp-content\/uploads\/sites\/19\/2018\/06\/079ffccfe19b374f06c3a85f90ea48ad.jpg\",\"contentUrl\":\"https:\/\/explora.cl\/magallanes\/wp-content\/uploads\/sites\/19\/2018\/06\/079ffccfe19b374f06c3a85f90ea48ad.jpg\",\"width\":640,\"height\":480},{\"@type\":\"BreadcrumbList\",\"@id\":\"https:\/\/explora.cl\/magallanes\/encuentro-nacional-analizara-rol-de-la-divulgacion-cientifica-en-el-desarrollo-del-pais\/#breadcrumb\",\"itemListElement\":[{\"@type\":\"ListItem\",\"position\":1,\"name\":\"Portada\",\"item\":\"https:\/\/explora.cl\/magallanes\/\"},{\"@type\":\"ListItem\",\"position\":2,\"name\":\"ENCUENTRO NACIONAL ANALIZAR\u00c1 ROL DE LA DIVULGACI\u00d3N CIENT\u00cdFICA EN EL DESARROLLO DEL PA\u00cdS\"}]},{\"@type\":\"WebSite\",\"@id\":\"https:\/\/explora.cl\/magallanes\/#website\",\"url\":\"https:\/\/explora.cl\/magallanes\/\",\"name\":\"Magallanes\",\"description\":\"Otro sitio m\u00e1s de explora.cl\",\"publisher\":{\"@id\":\"https:\/\/explora.cl\/magallanes\/#organization\"},\"potentialAction\":[{\"@type\":\"SearchAction\",\"target\":{\"@type\":\"EntryPoint\",\"urlTemplate\":\"https:\/\/explora.cl\/magallanes\/?s={search_term_string}\"},\"query-input\":{\"@type\":\"PropertyValueSpecification\",\"valueRequired\":true,\"valueName\":\"search_term_string\"}}],\"inLanguage\":\"es-CL\"},{\"@type\":\"Organization\",\"@id\":\"https:\/\/explora.cl\/magallanes\/#organization\",\"name\":\"Magallanes\",\"url\":\"https:\/\/explora.cl\/magallanes\/\",\"logo\":{\"@type\":\"ImageObject\",\"inLanguage\":\"es-CL\",\"@id\":\"https:\/\/explora.cl\/magallanes\/#\/schema\/logo\/image\/\",\"url\":\"https:\/\/explora.cl\/magallanes\/wp-content\/uploads\/sites\/19\/2021\/06\/cropped-ICONO-COLOR-2.jpg\",\"contentUrl\":\"https:\/\/explora.cl\/magallanes\/wp-content\/uploads\/sites\/19\/2021\/06\/cropped-ICONO-COLOR-2.jpg\",\"width\":1181,\"height\":1181,\"caption\":\"Magallanes\"},\"image\":{\"@id\":\"https:\/\/explora.cl\/magallanes\/#\/schema\/logo\/image\/\"}},{\"@type\":\"Person\",\"@id\":\"https:\/\/explora.cl\/magallanes\/#\/schema\/person\/cb8349c13ea2d324080adf8480d7ba5d\",\"name\":\"webman\",\"image\":{\"@type\":\"ImageObject\",\"inLanguage\":\"es-CL\",\"@id\":\"https:\/\/explora.cl\/magallanes\/#\/schema\/person\/image\/\",\"url\":\"https:\/\/secure.gravatar.com\/avatar\/eeff3c82f2c02f7177d13663b7e6f890e9a6a0647ce9bb29cae02dcb094c7312?s=96&d=mm&r=g\",\"contentUrl\":\"https:\/\/secure.gravatar.com\/avatar\/eeff3c82f2c02f7177d13663b7e6f890e9a6a0647ce9bb29cae02dcb094c7312?s=96&d=mm&r=g\",\"caption\":\"webman\"},\"url\":\"https:\/\/explora.cl\/magallanes\/author\/webman\/\"}]}<\/script>\n<!-- \/ Yoast SEO plugin. -->","yoast_head_json":{"title":"ENCUENTRO NACIONAL ANALIZAR\u00c1 ROL DE LA DIVULGACI\u00d3N CIENT\u00cdFICA EN EL DESARROLLO DEL PA\u00cdS - Magallanes","robots":{"index":"index","follow":"follow","max-snippet":"max-snippet:-1","max-image-preview":"max-image-preview:large","max-video-preview":"max-video-preview:-1"},"canonical":"https:\/\/explora.cl\/magallanes\/encuentro-nacional-analizara-rol-de-la-divulgacion-cientifica-en-el-desarrollo-del-pais\/","og_locale":"es_ES","og_type":"article","og_title":"ENCUENTRO NACIONAL ANALIZAR\u00c1 ROL DE LA DIVULGACI\u00d3N CIENT\u00cdFICA EN EL DESARROLLO DEL PA\u00cdS - Magallanes","og_description":"Desde el 22 al 25 de abril pr\u00f3ximo, 150 exponentes nacionales y de distintas partes del mundo se dar\u00e1n cita en Punta Arenas, para debatir e intercambiar conocimientos sobre las estrategias de divulgaci\u00f3n y valoraci\u00f3n de la ciencia ejecutada en Chile. Trabajos de diversas instituciones p\u00fablicas y privadas, universidades, centros de investigaci\u00f3n, centros interactivos y [&hellip;]","og_url":"https:\/\/explora.cl\/magallanes\/encuentro-nacional-analizara-rol-de-la-divulgacion-cientifica-en-el-desarrollo-del-pais\/","og_site_name":"Magallanes","article_published_time":"2015-04-21T04:00:00+00:00","article_modified_time":"2019-05-20T21:40:13+00:00","og_image":[{"width":640,"height":480,"url":"https:\/\/explora.cl\/magallanes\/wp-content\/uploads\/sites\/19\/2018\/06\/079ffccfe19b374f06c3a85f90ea48ad.jpg","type":"image\/jpeg"}],"author":"webman","twitter_card":"summary_large_image","twitter_misc":{"Escrito por":"webman","Tiempo estimado de lectura":"4 minutos"},"schema":{"@context":"https:\/\/schema.org","@graph":[{"@type":"Article","@id":"https:\/\/explora.cl\/magallanes\/encuentro-nacional-analizara-rol-de-la-divulgacion-cientifica-en-el-desarrollo-del-pais\/#article","isPartOf":{"@id":"https:\/\/explora.cl\/magallanes\/encuentro-nacional-analizara-rol-de-la-divulgacion-cientifica-en-el-desarrollo-del-pais\/"},"author":{"name":"webman","@id":"https:\/\/explora.cl\/magallanes\/#\/schema\/person\/cb8349c13ea2d324080adf8480d7ba5d"},"headline":"ENCUENTRO NACIONAL ANALIZAR\u00c1 ROL DE LA DIVULGACI\u00d3N CIENT\u00cdFICA EN EL DESARROLLO DEL PA\u00cdS","datePublished":"2015-04-21T04:00:00+00:00","dateModified":"2019-05-20T21:40:13+00:00","mainEntityOfPage":{"@id":"https:\/\/explora.cl\/magallanes\/encuentro-nacional-analizara-rol-de-la-divulgacion-cientifica-en-el-desarrollo-del-pais\/"},"wordCount":875,"commentCount":0,"publisher":{"@id":"https:\/\/explora.cl\/magallanes\/#organization"},"image":{"@id":"https:\/\/explora.cl\/magallanes\/encuentro-nacional-analizara-rol-de-la-divulgacion-cientifica-en-el-desarrollo-del-pais\/#primaryimage"},"thumbnailUrl":"https:\/\/explora.cl\/magallanes\/wp-content\/uploads\/sites\/19\/2018\/06\/079ffccfe19b374f06c3a85f90ea48ad.jpg","keywords":["ciencia","investigaci\u00f3n"],"articleSection":["Noticias"],"inLanguage":"es-CL","potentialAction":[{"@type":"CommentAction","name":"Comment","target":["https:\/\/explora.cl\/magallanes\/encuentro-nacional-analizara-rol-de-la-divulgacion-cientifica-en-el-desarrollo-del-pais\/#respond"]}]},{"@type":"WebPage","@id":"https:\/\/explora.cl\/magallanes\/encuentro-nacional-analizara-rol-de-la-divulgacion-cientifica-en-el-desarrollo-del-pais\/","url":"https:\/\/explora.cl\/magallanes\/encuentro-nacional-analizara-rol-de-la-divulgacion-cientifica-en-el-desarrollo-del-pais\/","name":"ENCUENTRO NACIONAL ANALIZAR\u00c1 ROL DE LA DIVULGACI\u00d3N CIENT\u00cdFICA EN EL DESARROLLO DEL PA\u00cdS - Magallanes","isPartOf":{"@id":"https:\/\/explora.cl\/magallanes\/#website"},"primaryImageOfPage":{"@id":"https:\/\/explora.cl\/magallanes\/encuentro-nacional-analizara-rol-de-la-divulgacion-cientifica-en-el-desarrollo-del-pais\/#primaryimage"},"image":{"@id":"https:\/\/explora.cl\/magallanes\/encuentro-nacional-analizara-rol-de-la-divulgacion-cientifica-en-el-desarrollo-del-pais\/#primaryimage"},"thumbnailUrl":"https:\/\/explora.cl\/magallanes\/wp-content\/uploads\/sites\/19\/2018\/06\/079ffccfe19b374f06c3a85f90ea48ad.jpg","datePublished":"2015-04-21T04:00:00+00:00","dateModified":"2019-05-20T21:40:13+00:00","breadcrumb":{"@id":"https:\/\/explora.cl\/magallanes\/encuentro-nacional-analizara-rol-de-la-divulgacion-cientifica-en-el-desarrollo-del-pais\/#breadcrumb"},"inLanguage":"es-CL","potentialAction":[{"@type":"ReadAction","target":["https:\/\/explora.cl\/magallanes\/encuentro-nacional-analizara-rol-de-la-divulgacion-cientifica-en-el-desarrollo-del-pais\/"]}]},{"@type":"ImageObject","inLanguage":"es-CL","@id":"https:\/\/explora.cl\/magallanes\/encuentro-nacional-analizara-rol-de-la-divulgacion-cientifica-en-el-desarrollo-del-pais\/#primaryimage","url":"https:\/\/explora.cl\/magallanes\/wp-content\/uploads\/sites\/19\/2018\/06\/079ffccfe19b374f06c3a85f90ea48ad.jpg","contentUrl":"https:\/\/explora.cl\/magallanes\/wp-content\/uploads\/sites\/19\/2018\/06\/079ffccfe19b374f06c3a85f90ea48ad.jpg","width":640,"height":480},{"@type":"BreadcrumbList","@id":"https:\/\/explora.cl\/magallanes\/encuentro-nacional-analizara-rol-de-la-divulgacion-cientifica-en-el-desarrollo-del-pais\/#breadcrumb","itemListElement":[{"@type":"ListItem","position":1,"name":"Portada","item":"https:\/\/explora.cl\/magallanes\/"},{"@type":"ListItem","position":2,"name":"ENCUENTRO NACIONAL ANALIZAR\u00c1 ROL DE LA DIVULGACI\u00d3N CIENT\u00cdFICA EN EL DESARROLLO DEL PA\u00cdS"}]},{"@type":"WebSite","@id":"https:\/\/explora.cl\/magallanes\/#website","url":"https:\/\/explora.cl\/magallanes\/","name":"Magallanes","description":"Otro sitio m\u00e1s de explora.cl","publisher":{"@id":"https:\/\/explora.cl\/magallanes\/#organization"},"potentialAction":[{"@type":"SearchAction","target":{"@type":"EntryPoint","urlTemplate":"https:\/\/explora.cl\/magallanes\/?s={search_term_string}"},"query-input":{"@type":"PropertyValueSpecification","valueRequired":true,"valueName":"search_term_string"}}],"inLanguage":"es-CL"},{"@type":"Organization","@id":"https:\/\/explora.cl\/magallanes\/#organization","name":"Magallanes","url":"https:\/\/explora.cl\/magallanes\/","logo":{"@type":"ImageObject","inLanguage":"es-CL","@id":"https:\/\/explora.cl\/magallanes\/#\/schema\/logo\/image\/","url":"https:\/\/explora.cl\/magallanes\/wp-content\/uploads\/sites\/19\/2021\/06\/cropped-ICONO-COLOR-2.jpg","contentUrl":"https:\/\/explora.cl\/magallanes\/wp-content\/uploads\/sites\/19\/2021\/06\/cropped-ICONO-COLOR-2.jpg","width":1181,"height":1181,"caption":"Magallanes"},"image":{"@id":"https:\/\/explora.cl\/magallanes\/#\/schema\/logo\/image\/"}},{"@type":"Person","@id":"https:\/\/explora.cl\/magallanes\/#\/schema\/person\/cb8349c13ea2d324080adf8480d7ba5d","name":"webman","image":{"@type":"ImageObject","inLanguage":"es-CL","@id":"https:\/\/explora.cl\/magallanes\/#\/schema\/person\/image\/","url":"https:\/\/secure.gravatar.com\/avatar\/eeff3c82f2c02f7177d13663b7e6f890e9a6a0647ce9bb29cae02dcb094c7312?s=96&d=mm&r=g","contentUrl":"https:\/\/secure.gravatar.com\/avatar\/eeff3c82f2c02f7177d13663b7e6f890e9a6a0647ce9bb29cae02dcb094c7312?s=96&d=mm&r=g","caption":"webman"},"url":"https:\/\/explora.cl\/magallanes\/author\/webman\/"}]}},"_links":{"self":[{"href":"https:\/\/explora.cl\/magallanes\/wp-json\/wp\/v2\/posts\/213","targetHints":{"allow":["GET"]}}],"collection":[{"href":"https:\/\/explora.cl\/magallanes\/wp-json\/wp\/v2\/posts"}],"about":[{"href":"https:\/\/explora.cl\/magallanes\/wp-json\/wp\/v2\/types\/post"}],"author":[{"embeddable":true,"href":"https:\/\/explora.cl\/magallanes\/wp-json\/wp\/v2\/users\/2"}],"replies":[{"embeddable":true,"href":"https:\/\/explora.cl\/magallanes\/wp-json\/wp\/v2\/comments?post=213"}],"version-history":[{"count":1,"href":"https:\/\/explora.cl\/magallanes\/wp-json\/wp\/v2\/posts\/213\/revisions"}],"predecessor-version":[{"id":37939,"href":"https:\/\/explora.cl\/magallanes\/wp-json\/wp\/v2\/posts\/213\/revisions\/37939"}],"wp:featuredmedia":[{"embeddable":true,"href":"https:\/\/explora.cl\/magallanes\/wp-json\/wp\/v2\/media\/214"}],"wp:attachment":[{"href":"https:\/\/explora.cl\/magallanes\/wp-json\/wp\/v2\/media?parent=213"}],"wp:term":[{"taxonomy":"category","embeddable":true,"href":"https:\/\/explora.cl\/magallanes\/wp-json\/wp\/v2\/categories?post=213"},{"taxonomy":"post_tag","embeddable":true,"href":"https:\/\/explora.cl\/magallanes\/wp-json\/wp\/v2\/tags?post=213"}],"curies":[{"name":"wp","href":"https:\/\/api.w.org\/{rel}","templated":true}]}}