{"id":42863,"date":"2026-09-03T09:20:16","date_gmt":"2026-09-03T13:20:16","guid":{"rendered":"https:\/\/explora.cl\/lagos\/?p=42863"},"modified":"2026-09-03T11:14:25","modified_gmt":"2026-09-03T15:14:25","slug":"cafe-cientifico-puerto-montt-invita-a-la-charla-el-arte-de-esculpir-la-cornea-con-gaspar-gonzalez-muhr","status":"publish","type":"post","link":"https:\/\/explora.cl\/lagos\/cafe-cientifico-puerto-montt-invita-a-la-charla-el-arte-de-esculpir-la-cornea-con-gaspar-gonzalez-muhr\/","title":{"rendered":"Caf\u00e9 Cient\u00edfico Puerto Montt invita a la charla \u201cEl arte de esculpir la c\u00f3rnea\u201d junto a Gaspar Gonz\u00e1lez Muhr"},"content":{"rendered":"<p><!--more--><\/p>\n<p class=\"gmail-isSelectedEnd\"><span style=\"font-size: small\">La Unidad de Vinculaci\u00f3n y Comunicaci\u00f3n de las Ciencias de la Universidad Austral de Chile, Sede Puerto Montt, a trav\u00e9s del Proyecto Asociativo Regional PAR Explora Los Lagos, tiene el agrado de invitarle a participar de una nueva jornada del <strong>Caf\u00e9 Cient\u00edfico de Puerto Montt<\/strong>, que en esta oportunidad presentar\u00e1 la charla <strong>\u201cEl arte de esculpir la c\u00f3rnea, acercando la cirug\u00eda refractiva a la gente\u201d<\/strong>, a cargo del tecn\u00f3logo m\u00e9dico con menci\u00f3n en oftalmolog\u00eda y docente de nuestra casa de estudios, <strong>Gaspar Gonz\u00e1lez Muhr<\/strong>.<\/span><\/p>\n<p class=\"gmail-isSelectedEnd\"><span style=\"font-size: small\">Durante la actividad se abordar\u00e1 de manera integral el panorama de la cirug\u00eda refractiva corneal, desde sus bases anat\u00f3micas hasta la experiencia cl\u00ednica. Se revisar\u00e1n las principales metodolog\u00edas diagn\u00f3sticas para la selecci\u00f3n de candidatos, los fundamentos te\u00f3ricos y tecnol\u00f3gicos del l\u00e1ser Excimer Schwind Amaris 1050 y las t\u00e9cnicas quir\u00fargicas m\u00e1s utilizadas, como LASIK y PRK. Adem\u00e1s, se compartir\u00e1n resultados de la pr\u00e1ctica cl\u00ednica local y se abordar\u00e1n algunas de las creencias m\u00e1s comunes en torno a estos procedimientos.<\/span><\/p>\n<p class=\"gmail-isSelectedEnd\"><span style=\"font-size: small\">Gaspar Gonz\u00e1lez Muhr es Tecn\u00f3logo M\u00e9dico con menci\u00f3n en Oftalmolog\u00eda y diplomado en Intervenci\u00f3n en Baja Visi\u00f3n. Cuenta con m\u00e1s de 12 a\u00f1os de trayectoria combinando la atenci\u00f3n cl\u00ednica especializada, la gesti\u00f3n asistencial como jefe de Tecnolog\u00eda M\u00e9dica en cl\u00ednica Oftalmontt y la docencia universitaria como Profesor Asociado y Tutor Cl\u00ednico en la Universidad Austral de Chile Sede Puerto Montt.<\/span><\/p>\n<p class=\"gmail-isSelectedEnd\"><span style=\"font-size: small\"><img decoding=\"async\" class=\"an1\" src=\"https:\/\/fonts.gstatic.com\/s\/e\/notoemoji\/17.0\/1f4c5\/32.png\" alt=\"\ud83d\udcc5\" data-emoji=\"\ud83d\udcc5\" aria-label=\"\ud83d\udcc5\" \/> <strong>Jueves 24 de septiembre, 18:30 horas<\/strong><br \/>\n<img decoding=\"async\" class=\"an1\" src=\"https:\/\/fonts.gstatic.com\/s\/e\/notoemoji\/17.0\/1f4cd\/32.png\" alt=\"\ud83d\udccd\" data-emoji=\"\ud83d\udccd\" aria-label=\"\ud83d\udccd\" \/> <strong>Restaurante Toco Madera, Balneario Pelluco, Puerto Montt<\/strong><\/span><\/p>\n<p class=\"gmail-isSelectedEnd\"><span style=\"font-size: small\"><strong><img decoding=\"async\" class=\"an1\" src=\"https:\/\/fonts.gstatic.com\/s\/e\/notoemoji\/17.0\/1f4dd\/32.png\" alt=\"\ud83d\udcdd\" data-emoji=\"\ud83d\udcdd\" aria-label=\"\ud83d\udcdd\" \/>Inscripci\u00f3n <a href=\"https:\/\/forms.gle\/bqZ6McCaTv84HVrM7\">aqu\u00ed<\/a><\/strong><\/span><\/p>\n<p class=\"gmail-isSelectedEnd\"><span style=\"font-size: small\">La actividad es <strong>gratuita y abierta a todo p\u00fablico<\/strong>. Adem\u00e1s, las y los asistentes podr\u00e1n disfrutar de un caf\u00e9 de cortes\u00eda.<\/span><\/p>\n<p class=\"gmail-isSelectedEnd\"><span style=\"font-size: small\">El <strong>Caf\u00e9 Cient\u00edfico de Puerto Montt<\/strong>\u00a0cuenta con el apoyo del Restaurante Toco Madera y la Casa de las Artes de la Universidad Austral de Chile.<\/span><\/p>\n<p class=\"gmail-isSelectedEnd\"><span style=\"font-size: small\">Esperamos contar con su participaci\u00f3n en esta nueva instancia de encuentro y conversaci\u00f3n en torno a la ciencia y sus aplicaciones.<\/span><\/p>\n<p class=\"gmail-isSelectedEnd\"><span style=\"font-size: small\">Para consultas, puede escribir a <a href=\"mailto:daniela.pradenas@uach.cl\"><strong>daniela.pradenas@uach.cl<\/strong><\/a>.<\/span><\/p>\n<p><span style=\"font-size: small\">\u00a1\u00a1\u00a1Les esperamos!!!<\/span><\/p>\n","protected":false},"excerpt":{"rendered":"","protected":false},"author":36,"featured_media":42866,"comment_status":"open","ping_status":"open","sticky":false,"template":"","format":"standard","meta":{"_acf_changed":false,"_exactmetrics_skip_tracking":false,"_exactmetrics_sitenote_active":false,"_exactmetrics_sitenote_note":"","_exactmetrics_sitenote_category":0,"footnotes":"","_links_to":"","_links_to_target":""},"categories":[151,136,4],"tags":[711,704,727,602],"class_list":["post-42863","post","type-post","status-publish","format-standard","has-post-thumbnail","hentry","category-banner","category-lugar-1","category-noticias","tag-cafe-cienfififco-de-puerto-montt","tag-casa-de-las-artes-uach-sede-puerto-montt","tag-escuela-de-tecnologia-medica-uach-sede-puerto-montt","tag-restaurant-toco-madera"],"acf":[],"yoast_head":"<!-- This site is optimized with the Yoast SEO plugin v26.9 - https:\/\/yoast.com\/product\/yoast-seo-wordpress\/ -->\n<title>Caf\u00e9 Cient\u00edfico Puerto Montt invita a la charla \u201cEl arte de esculpir la c\u00f3rnea\u201d junto a Gaspar Gonz\u00e1lez Muhr - Los Lagos<\/title>\n<meta name=\"robots\" content=\"index, follow, max-snippet:-1, max-image-preview:large, max-video-preview:-1\" \/>\n<link rel=\"canonical\" href=\"https:\/\/explora.cl\/lagos\/cafe-cientifico-puerto-montt-invita-a-la-charla-el-arte-de-esculpir-la-cornea-con-gaspar-gonzalez-muhr\/\" class=\"yoast-seo-meta-tag\" \/>\n<meta property=\"og:locale\" content=\"es_ES\" class=\"yoast-seo-meta-tag\" \/>\n<meta property=\"og:type\" content=\"article\" class=\"yoast-seo-meta-tag\" \/>\n<meta property=\"og:title\" content=\"Caf\u00e9 Cient\u00edfico Puerto Montt invita a la charla \u201cEl arte de esculpir la c\u00f3rnea\u201d junto a Gaspar Gonz\u00e1lez Muhr - Los Lagos\" class=\"yoast-seo-meta-tag\" \/>\n<meta property=\"og:url\" content=\"https:\/\/explora.cl\/lagos\/cafe-cientifico-puerto-montt-invita-a-la-charla-el-arte-de-esculpir-la-cornea-con-gaspar-gonzalez-muhr\/\" class=\"yoast-seo-meta-tag\" \/>\n<meta property=\"og:site_name\" content=\"Los Lagos\" class=\"yoast-seo-meta-tag\" \/>\n<meta property=\"article:published_time\" content=\"2026-09-03T13:20:16+00:00\" class=\"yoast-seo-meta-tag\" \/>\n<meta property=\"article:modified_time\" content=\"2026-09-03T15:14:25+00:00\" class=\"yoast-seo-meta-tag\" \/>\n<meta property=\"og:image\" content=\"https:\/\/explora.cl\/lagos\/wp-content\/uploads\/sites\/17\/2026\/09\/GRAFICA-CONVOCATORIA-SEPTIEMBRE-819x1024.png\" class=\"yoast-seo-meta-tag\" \/>\n\t<meta property=\"og:image:width\" content=\"819\" class=\"yoast-seo-meta-tag\" \/>\n\t<meta property=\"og:image:height\" content=\"1024\" class=\"yoast-seo-meta-tag\" \/>\n\t<meta property=\"og:image:type\" content=\"image\/png\" class=\"yoast-seo-meta-tag\" \/>\n<meta name=\"author\" content=\"jvargas\" class=\"yoast-seo-meta-tag\" \/>\n<meta name=\"twitter:card\" content=\"summary_large_image\" class=\"yoast-seo-meta-tag\" \/>\n<meta name=\"twitter:label1\" content=\"Escrito por\" class=\"yoast-seo-meta-tag\" \/>\n\t<meta name=\"twitter:data1\" content=\"jvargas\" class=\"yoast-seo-meta-tag\" \/>\n\t<meta name=\"twitter:label2\" content=\"Tiempo de lectura\" class=\"yoast-seo-meta-tag\" \/>\n\t<meta name=\"twitter:data2\" content=\"3 minutos\" class=\"yoast-seo-meta-tag\" \/>\n<script type=\"application\/ld+json\" class=\"yoast-schema-graph\">{\"@context\":\"https:\/\/schema.org\",\"@graph\":[{\"@type\":\"Article\",\"@id\":\"https:\/\/explora.cl\/lagos\/cafe-cientifico-puerto-montt-invita-a-la-charla-el-arte-de-esculpir-la-cornea-con-gaspar-gonzalez-muhr\/#article\",\"isPartOf\":{\"@id\":\"https:\/\/explora.cl\/lagos\/cafe-cientifico-puerto-montt-invita-a-la-charla-el-arte-de-esculpir-la-cornea-con-gaspar-gonzalez-muhr\/\"},\"author\":{\"name\":\"jvargas\",\"@id\":\"https:\/\/explora.cl\/lagos\/#\/schema\/person\/6608d3ee9ea0b0daeaf12289528fc582\"},\"headline\":\"Caf\u00e9 Cient\u00edfico Puerto Montt invita a la charla \u201cEl arte de esculpir la c\u00f3rnea\u201d junto a Gaspar Gonz\u00e1lez Muhr\",\"datePublished\":\"2026-09-03T13:20:16+00:00\",\"dateModified\":\"2026-09-03T15:14:25+00:00\",\"mainEntityOfPage\":{\"@id\":\"https:\/\/explora.cl\/lagos\/cafe-cientifico-puerto-montt-invita-a-la-charla-el-arte-de-esculpir-la-cornea-con-gaspar-gonzalez-muhr\/\"},\"wordCount\":388,\"commentCount\":0,\"image\":{\"@id\":\"https:\/\/explora.cl\/lagos\/cafe-cientifico-puerto-montt-invita-a-la-charla-el-arte-de-esculpir-la-cornea-con-gaspar-gonzalez-muhr\/#primaryimage\"},\"thumbnailUrl\":\"https:\/\/explora.cl\/lagos\/wp-content\/uploads\/sites\/17\/2026\/09\/GRAFICA-CONVOCATORIA-SEPTIEMBRE-scaled.png\",\"keywords\":[\"Caf\u00e9 Cienf\u00edfifco de Puerto Montt\",\"Casa de las Artes UACh Sede Puerto Montt\",\"Escuela de Tecnolog\u00eda M\u00e9dica UACh Sede Puerto Montt\",\"Restaurant Toco Madera\"],\"articleSection\":[\"Banner\",\"Lugar 1\",\"Noticias\"],\"inLanguage\":\"es\",\"potentialAction\":[{\"@type\":\"CommentAction\",\"name\":\"Comment\",\"target\":[\"https:\/\/explora.cl\/lagos\/cafe-cientifico-puerto-montt-invita-a-la-charla-el-arte-de-esculpir-la-cornea-con-gaspar-gonzalez-muhr\/#respond\"]}]},{\"@type\":\"WebPage\",\"@id\":\"https:\/\/explora.cl\/lagos\/cafe-cientifico-puerto-montt-invita-a-la-charla-el-arte-de-esculpir-la-cornea-con-gaspar-gonzalez-muhr\/\",\"url\":\"https:\/\/explora.cl\/lagos\/cafe-cientifico-puerto-montt-invita-a-la-charla-el-arte-de-esculpir-la-cornea-con-gaspar-gonzalez-muhr\/\",\"name\":\"Caf\u00e9 Cient\u00edfico Puerto Montt invita a la charla \u201cEl arte de esculpir la c\u00f3rnea\u201d junto a Gaspar Gonz\u00e1lez Muhr - Los Lagos\",\"isPartOf\":{\"@id\":\"https:\/\/explora.cl\/lagos\/#website\"},\"primaryImageOfPage\":{\"@id\":\"https:\/\/explora.cl\/lagos\/cafe-cientifico-puerto-montt-invita-a-la-charla-el-arte-de-esculpir-la-cornea-con-gaspar-gonzalez-muhr\/#primaryimage\"},\"image\":{\"@id\":\"https:\/\/explora.cl\/lagos\/cafe-cientifico-puerto-montt-invita-a-la-charla-el-arte-de-esculpir-la-cornea-con-gaspar-gonzalez-muhr\/#primaryimage\"},\"thumbnailUrl\":\"https:\/\/explora.cl\/lagos\/wp-content\/uploads\/sites\/17\/2026\/09\/GRAFICA-CONVOCATORIA-SEPTIEMBRE-scaled.png\",\"datePublished\":\"2026-09-03T13:20:16+00:00\",\"dateModified\":\"2026-09-03T15:14:25+00:00\",\"author\":{\"@id\":\"https:\/\/explora.cl\/lagos\/#\/schema\/person\/6608d3ee9ea0b0daeaf12289528fc582\"},\"breadcrumb\":{\"@id\":\"https:\/\/explora.cl\/lagos\/cafe-cientifico-puerto-montt-invita-a-la-charla-el-arte-de-esculpir-la-cornea-con-gaspar-gonzalez-muhr\/#breadcrumb\"},\"inLanguage\":\"es\",\"potentialAction\":[{\"@type\":\"ReadAction\",\"target\":[\"https:\/\/explora.cl\/lagos\/cafe-cientifico-puerto-montt-invita-a-la-charla-el-arte-de-esculpir-la-cornea-con-gaspar-gonzalez-muhr\/\"]}]},{\"@type\":\"ImageObject\",\"inLanguage\":\"es\",\"@id\":\"https:\/\/explora.cl\/lagos\/cafe-cientifico-puerto-montt-invita-a-la-charla-el-arte-de-esculpir-la-cornea-con-gaspar-gonzalez-muhr\/#primaryimage\",\"url\":\"https:\/\/explora.cl\/lagos\/wp-content\/uploads\/sites\/17\/2026\/09\/GRAFICA-CONVOCATORIA-SEPTIEMBRE-scaled.png\",\"contentUrl\":\"https:\/\/explora.cl\/lagos\/wp-content\/uploads\/sites\/17\/2026\/09\/GRAFICA-CONVOCATORIA-SEPTIEMBRE-scaled.png\",\"width\":2048,\"height\":2560},{\"@type\":\"BreadcrumbList\",\"@id\":\"https:\/\/explora.cl\/lagos\/cafe-cientifico-puerto-montt-invita-a-la-charla-el-arte-de-esculpir-la-cornea-con-gaspar-gonzalez-muhr\/#breadcrumb\",\"itemListElement\":[{\"@type\":\"ListItem\",\"position\":1,\"name\":\"Portada\",\"item\":\"https:\/\/explora.cl\/lagos\/\"},{\"@type\":\"ListItem\",\"position\":2,\"name\":\"Caf\u00e9 Cient\u00edfico Puerto Montt invita a la charla \u201cEl arte de esculpir la c\u00f3rnea\u201d junto a Gaspar Gonz\u00e1lez Muhr\"}]},{\"@type\":\"WebSite\",\"@id\":\"https:\/\/explora.cl\/lagos\/#website\",\"url\":\"https:\/\/explora.cl\/lagos\/\",\"name\":\"Los Lagos\",\"description\":\"Otro sitio m\u00e1s de explora.cl\",\"potentialAction\":[{\"@type\":\"SearchAction\",\"target\":{\"@type\":\"EntryPoint\",\"urlTemplate\":\"https:\/\/explora.cl\/lagos\/?s={search_term_string}\"},\"query-input\":{\"@type\":\"PropertyValueSpecification\",\"valueRequired\":true,\"valueName\":\"search_term_string\"}}],\"inLanguage\":\"es\"},{\"@type\":\"Person\",\"@id\":\"https:\/\/explora.cl\/lagos\/#\/schema\/person\/6608d3ee9ea0b0daeaf12289528fc582\",\"name\":\"jvargas\",\"image\":{\"@type\":\"ImageObject\",\"inLanguage\":\"es\",\"@id\":\"https:\/\/explora.cl\/lagos\/#\/schema\/person\/image\/\",\"url\":\"https:\/\/secure.gravatar.com\/avatar\/8a6892fbfb002ef173a244b534b4bbcea4c183fc3fbf7732e64ac89b1d22d482?s=96&d=mm&r=g\",\"contentUrl\":\"https:\/\/secure.gravatar.com\/avatar\/8a6892fbfb002ef173a244b534b4bbcea4c183fc3fbf7732e64ac89b1d22d482?s=96&d=mm&r=g\",\"caption\":\"jvargas\"},\"url\":\"https:\/\/explora.cl\/lagos\/author\/jvargas\/\"}]}<\/script>\n<!-- \/ Yoast SEO plugin. -->","yoast_head_json":{"title":"Caf\u00e9 Cient\u00edfico Puerto Montt invita a la charla \u201cEl arte de esculpir la c\u00f3rnea\u201d junto a Gaspar Gonz\u00e1lez Muhr - Los Lagos","robots":{"index":"index","follow":"follow","max-snippet":"max-snippet:-1","max-image-preview":"max-image-preview:large","max-video-preview":"max-video-preview:-1"},"canonical":"https:\/\/explora.cl\/lagos\/cafe-cientifico-puerto-montt-invita-a-la-charla-el-arte-de-esculpir-la-cornea-con-gaspar-gonzalez-muhr\/","og_locale":"es_ES","og_type":"article","og_title":"Caf\u00e9 Cient\u00edfico Puerto Montt invita a la charla \u201cEl arte de esculpir la c\u00f3rnea\u201d junto a Gaspar Gonz\u00e1lez Muhr - Los Lagos","og_url":"https:\/\/explora.cl\/lagos\/cafe-cientifico-puerto-montt-invita-a-la-charla-el-arte-de-esculpir-la-cornea-con-gaspar-gonzalez-muhr\/","og_site_name":"Los Lagos","article_published_time":"2026-09-03T13:20:16+00:00","article_modified_time":"2026-09-03T15:14:25+00:00","og_image":[{"width":819,"height":1024,"url":"https:\/\/explora.cl\/lagos\/wp-content\/uploads\/sites\/17\/2026\/09\/GRAFICA-CONVOCATORIA-SEPTIEMBRE-819x1024.png","type":"image\/png"}],"author":"jvargas","twitter_card":"summary_large_image","twitter_misc":{"Escrito por":"jvargas","Tiempo de lectura":"3 minutos"},"schema":{"@context":"https:\/\/schema.org","@graph":[{"@type":"Article","@id":"https:\/\/explora.cl\/lagos\/cafe-cientifico-puerto-montt-invita-a-la-charla-el-arte-de-esculpir-la-cornea-con-gaspar-gonzalez-muhr\/#article","isPartOf":{"@id":"https:\/\/explora.cl\/lagos\/cafe-cientifico-puerto-montt-invita-a-la-charla-el-arte-de-esculpir-la-cornea-con-gaspar-gonzalez-muhr\/"},"author":{"name":"jvargas","@id":"https:\/\/explora.cl\/lagos\/#\/schema\/person\/6608d3ee9ea0b0daeaf12289528fc582"},"headline":"Caf\u00e9 Cient\u00edfico Puerto Montt invita a la charla \u201cEl arte de esculpir la c\u00f3rnea\u201d junto a Gaspar Gonz\u00e1lez Muhr","datePublished":"2026-09-03T13:20:16+00:00","dateModified":"2026-09-03T15:14:25+00:00","mainEntityOfPage":{"@id":"https:\/\/explora.cl\/lagos\/cafe-cientifico-puerto-montt-invita-a-la-charla-el-arte-de-esculpir-la-cornea-con-gaspar-gonzalez-muhr\/"},"wordCount":388,"commentCount":0,"image":{"@id":"https:\/\/explora.cl\/lagos\/cafe-cientifico-puerto-montt-invita-a-la-charla-el-arte-de-esculpir-la-cornea-con-gaspar-gonzalez-muhr\/#primaryimage"},"thumbnailUrl":"https:\/\/explora.cl\/lagos\/wp-content\/uploads\/sites\/17\/2026\/09\/GRAFICA-CONVOCATORIA-SEPTIEMBRE-scaled.png","keywords":["Caf\u00e9 Cienf\u00edfifco de Puerto Montt","Casa de las Artes UACh Sede Puerto Montt","Escuela de Tecnolog\u00eda M\u00e9dica UACh Sede Puerto Montt","Restaurant Toco Madera"],"articleSection":["Banner","Lugar 1","Noticias"],"inLanguage":"es","potentialAction":[{"@type":"CommentAction","name":"Comment","target":["https:\/\/explora.cl\/lagos\/cafe-cientifico-puerto-montt-invita-a-la-charla-el-arte-de-esculpir-la-cornea-con-gaspar-gonzalez-muhr\/#respond"]}]},{"@type":"WebPage","@id":"https:\/\/explora.cl\/lagos\/cafe-cientifico-puerto-montt-invita-a-la-charla-el-arte-de-esculpir-la-cornea-con-gaspar-gonzalez-muhr\/","url":"https:\/\/explora.cl\/lagos\/cafe-cientifico-puerto-montt-invita-a-la-charla-el-arte-de-esculpir-la-cornea-con-gaspar-gonzalez-muhr\/","name":"Caf\u00e9 Cient\u00edfico Puerto Montt invita a la charla \u201cEl arte de esculpir la c\u00f3rnea\u201d junto a Gaspar Gonz\u00e1lez Muhr - Los Lagos","isPartOf":{"@id":"https:\/\/explora.cl\/lagos\/#website"},"primaryImageOfPage":{"@id":"https:\/\/explora.cl\/lagos\/cafe-cientifico-puerto-montt-invita-a-la-charla-el-arte-de-esculpir-la-cornea-con-gaspar-gonzalez-muhr\/#primaryimage"},"image":{"@id":"https:\/\/explora.cl\/lagos\/cafe-cientifico-puerto-montt-invita-a-la-charla-el-arte-de-esculpir-la-cornea-con-gaspar-gonzalez-muhr\/#primaryimage"},"thumbnailUrl":"https:\/\/explora.cl\/lagos\/wp-content\/uploads\/sites\/17\/2026\/09\/GRAFICA-CONVOCATORIA-SEPTIEMBRE-scaled.png","datePublished":"2026-09-03T13:20:16+00:00","dateModified":"2026-09-03T15:14:25+00:00","author":{"@id":"https:\/\/explora.cl\/lagos\/#\/schema\/person\/6608d3ee9ea0b0daeaf12289528fc582"},"breadcrumb":{"@id":"https:\/\/explora.cl\/lagos\/cafe-cientifico-puerto-montt-invita-a-la-charla-el-arte-de-esculpir-la-cornea-con-gaspar-gonzalez-muhr\/#breadcrumb"},"inLanguage":"es","potentialAction":[{"@type":"ReadAction","target":["https:\/\/explora.cl\/lagos\/cafe-cientifico-puerto-montt-invita-a-la-charla-el-arte-de-esculpir-la-cornea-con-gaspar-gonzalez-muhr\/"]}]},{"@type":"ImageObject","inLanguage":"es","@id":"https:\/\/explora.cl\/lagos\/cafe-cientifico-puerto-montt-invita-a-la-charla-el-arte-de-esculpir-la-cornea-con-gaspar-gonzalez-muhr\/#primaryimage","url":"https:\/\/explora.cl\/lagos\/wp-content\/uploads\/sites\/17\/2026\/09\/GRAFICA-CONVOCATORIA-SEPTIEMBRE-scaled.png","contentUrl":"https:\/\/explora.cl\/lagos\/wp-content\/uploads\/sites\/17\/2026\/09\/GRAFICA-CONVOCATORIA-SEPTIEMBRE-scaled.png","width":2048,"height":2560},{"@type":"BreadcrumbList","@id":"https:\/\/explora.cl\/lagos\/cafe-cientifico-puerto-montt-invita-a-la-charla-el-arte-de-esculpir-la-cornea-con-gaspar-gonzalez-muhr\/#breadcrumb","itemListElement":[{"@type":"ListItem","position":1,"name":"Portada","item":"https:\/\/explora.cl\/lagos\/"},{"@type":"ListItem","position":2,"name":"Caf\u00e9 Cient\u00edfico Puerto Montt invita a la charla \u201cEl arte de esculpir la c\u00f3rnea\u201d junto a Gaspar Gonz\u00e1lez Muhr"}]},{"@type":"WebSite","@id":"https:\/\/explora.cl\/lagos\/#website","url":"https:\/\/explora.cl\/lagos\/","name":"Los Lagos","description":"Otro sitio m\u00e1s de explora.cl","potentialAction":[{"@type":"SearchAction","target":{"@type":"EntryPoint","urlTemplate":"https:\/\/explora.cl\/lagos\/?s={search_term_string}"},"query-input":{"@type":"PropertyValueSpecification","valueRequired":true,"valueName":"search_term_string"}}],"inLanguage":"es"},{"@type":"Person","@id":"https:\/\/explora.cl\/lagos\/#\/schema\/person\/6608d3ee9ea0b0daeaf12289528fc582","name":"jvargas","image":{"@type":"ImageObject","inLanguage":"es","@id":"https:\/\/explora.cl\/lagos\/#\/schema\/person\/image\/","url":"https:\/\/secure.gravatar.com\/avatar\/8a6892fbfb002ef173a244b534b4bbcea4c183fc3fbf7732e64ac89b1d22d482?s=96&d=mm&r=g","contentUrl":"https:\/\/secure.gravatar.com\/avatar\/8a6892fbfb002ef173a244b534b4bbcea4c183fc3fbf7732e64ac89b1d22d482?s=96&d=mm&r=g","caption":"jvargas"},"url":"https:\/\/explora.cl\/lagos\/author\/jvargas\/"}]}},"_links":{"self":[{"href":"https:\/\/explora.cl\/lagos\/wp-json\/wp\/v2\/posts\/42863","targetHints":{"allow":["GET"]}}],"collection":[{"href":"https:\/\/explora.cl\/lagos\/wp-json\/wp\/v2\/posts"}],"about":[{"href":"https:\/\/explora.cl\/lagos\/wp-json\/wp\/v2\/types\/post"}],"author":[{"embeddable":true,"href":"https:\/\/explora.cl\/lagos\/wp-json\/wp\/v2\/users\/36"}],"replies":[{"embeddable":true,"href":"https:\/\/explora.cl\/lagos\/wp-json\/wp\/v2\/comments?post=42863"}],"version-history":[{"count":5,"href":"https:\/\/explora.cl\/lagos\/wp-json\/wp\/v2\/posts\/42863\/revisions"}],"predecessor-version":[{"id":42870,"href":"https:\/\/explora.cl\/lagos\/wp-json\/wp\/v2\/posts\/42863\/revisions\/42870"}],"wp:featuredmedia":[{"embeddable":true,"href":"https:\/\/explora.cl\/lagos\/wp-json\/wp\/v2\/media\/42866"}],"wp:attachment":[{"href":"https:\/\/explora.cl\/lagos\/wp-json\/wp\/v2\/media?parent=42863"}],"wp:term":[{"taxonomy":"category","embeddable":true,"href":"https:\/\/explora.cl\/lagos\/wp-json\/wp\/v2\/categories?post=42863"},{"taxonomy":"post_tag","embeddable":true,"href":"https:\/\/explora.cl\/lagos\/wp-json\/wp\/v2\/tags?post=42863"}],"curies":[{"name":"wp","href":"https:\/\/api.w.org\/{rel}","templated":true}]}}