{"id":42860,"date":"2026-08-31T09:05:09","date_gmt":"2026-08-31T13:05:09","guid":{"rendered":"https:\/\/explora.cl\/lagos\/?p=42860"},"modified":"2026-08-31T09:05:09","modified_gmt":"2026-08-31T13:05:09","slug":"xxii-congreso-regional-explora-los-lagos-reconoce-a-equipos-que-destacaron-por-sus-proyectos-de-investigacion-e-innovacion-escolar","status":"publish","type":"post","link":"https:\/\/explora.cl\/lagos\/xxii-congreso-regional-explora-los-lagos-reconoce-a-equipos-que-destacaron-por-sus-proyectos-de-investigacion-e-innovacion-escolar\/","title":{"rendered":"XXII Congreso Regional Explora Los Lagos reconoce a equipos que destacaron por sus proyectos de investigaci\u00f3n e innovaci\u00f3n escolar"},"content":{"rendered":"<p><!--more--><\/p>\n<ul>\n<li>Dos equipos representar\u00e1n a la regi\u00f3n de Los Lagos en el Congreso Nacional Explora, mientras otros cuatro fueron seleccionados para participar en una gira t\u00e9cnica. Un s\u00e9ptimo equipo recibi\u00f3 el reconocimiento PEAL, otorgado por sus pares.<\/li>\n<\/ul>\n<p>Con la ceremonia de entrega de reconocimientos finaliz\u00f3 el pasado jueves 27 de agosto el XXII Congreso Regional de Investigaci\u00f3n e Innovaci\u00f3n Escolar Explora Los Lagos, encuentro que durante dos jornadas reuni\u00f3 a 34 equipos, 70 estudiantes y 34 docentes de establecimientos educacionales de distintas comunas de la regi\u00f3n.<\/p>\n<p>En la instancia, tras haber revisado los trabajos escritos y escuchado las presentaciones orales de las y los estudiantes, el trabajo del Comit\u00e9 Cient\u00edfico Evaluador arroj\u00f3 los nombres de los equipos que representar\u00e1n a la regi\u00f3n en el Congreso Nacional Explora: el Colegio Pur\u00edsimo Coraz\u00f3n de Mar\u00eda de Fresia, con el proyecto de innovaci\u00f3n nivel ense\u00f1anza b\u00e1sica \u00a0<em>\u201cEl misterioso mundo del Sarao\u201d<\/em>, y el Liceo Polit\u00e9cnico de Calbuco, con la investigaci\u00f3n del nivel ense\u00f1anza media <em>\u201cDel cielo a la mesa: influencia de las fases de la luna en la alimentaci\u00f3n ancestral de Calbuco\u201d<\/em>.<\/p>\n<p>Asimismo, fueron reconocidos para participar en una Gira T\u00e9cnica a la regi\u00f3n de Coquimbo los proyectos <em>\u201cLa ruta de los flamencos en el archipi\u00e9lago de Chilo\u00e9\u201d<\/em>, del Liceo Bicentenario Paulo Freire de Quell\u00f3n; <em>\u201cSabores de estaci\u00f3n: memoria alimentaria de Futaleuf\u00fa\u201d<\/em>, de la Escuela Rural Las Escalas; <em>\u201cGamificaci\u00f3n para la concientizaci\u00f3n y conservaci\u00f3n de los humedales\u201d<\/em>, del Colegio Carpe Diem de Castro; y <em>\u201cEvaluaci\u00f3n de impacto de los desechos org\u00e1nicos de la miticultura en la meiofauna del Estuario del Reloncav\u00ed\u201d<\/em>, de la Escuela Rural R\u00edo Puelo de Cocham\u00f3.<\/p>\n<p>A estos reconocimientos se sum\u00f3 el otorgado por sus pares en la categor\u00eda Salida PEAL, que distingui\u00f3 al Liceo Bicentenario Insular de Achao, de Quinchao, por el proyecto <em>\u201cEn busca de los micro hongos del bosque h\u00famedo o hualve, en Tolquien, Curaco de V\u00e9lez, Chilo\u00e9\u201d<\/em>.<\/p>\n<p><strong>Nutrido programa<\/strong><\/p>\n<p>Durante la segunda jornada del XXII Congreso Regional Explora Los Lagos, las y los participantes tuvieron la oportunidad de disfrutar de una variada programaci\u00f3n formativa y de divulgaci\u00f3n.<\/p>\n<p>Entre las actividades destac\u00f3 la charla motivacional \u201cPlantas que hacen miner\u00eda en los suelos volc\u00e1nicos de Chile\u201d, dictada por la Dra. Alejandra Z\u00fa\u00f1iga, directora del Instituto de Ciencias Ambientales y Evolutivas de la Universidad Austral de Chile, quien adem\u00e1s desarrolla contenidos de divulgaci\u00f3n cient\u00edfica en Instagram a trav\u00e9s de @psicologadeplantas.<\/p>\n<p>A esto se sum\u00f3 el taller de residuos s\u00f3lidos, a cargo de Gustavo Osses del Programa RESOLES de la Asociaci\u00f3n de Municipalidades de la provincia de Llanquihue para el manejo sustentable de residuos, y el taller para profesores\/as \u201cDilo con Respeto\u201d, impartido por Loreto Ser\u00f3n y Marco Herrera, profesionales del Instituto Nacional de Derechos Humanos (INDH) de la regi\u00f3n de Los Lagos, instancia que abord\u00f3 la libertad de expresi\u00f3n, los discursos de odio, el uso de redes sociales y la importancia de incorporar una perspectiva interseccional.<\/p>\n<p>El Congreso es organizado por el Proyecto Asociativo Regional (PAR) Explora Los Lagos, del Ministerio de Ciencia, Tecnolog\u00eda, Conocimiento e Innovaci\u00f3n, ejecutado desde 2019 por la Universidad Austral de Chile Sede Puerto Montt. La iniciativa constituye un espacio para la socializaci\u00f3n del conocimiento y el desarrollo de competencias cient\u00edficas y de innovaci\u00f3n en ni\u00f1as, ni\u00f1os y j\u00f3venes.<\/p>\n<p>El XXII Congreso Regional de Investigaci\u00f3n e Innovaci\u00f3n Escolar Explora Los Lagos congreg\u00f3 a 34 equipos de investigaci\u00f3n e innovaci\u00f3n escolar, con unos 70 estudiantes y 34 docentes de 30 establecimientos de las comunas de Puyehue, Puerto Octay, Maull\u00edn, Calbuco, Puerto Montt, Fresia, Llanquihue, Puerto Varas, Cocham\u00f3, Ancud, Quinchao, Castro, Quell\u00f3n Chait\u00e9n y Futaleuf\u00fa<\/p>\n<p>En esta nueva edici\u00f3n, la actividad recibi\u00f3 la visita de casi 700 ni\u00f1as, ni\u00f1os, j\u00f3venes y profesores de 27 establecimientos educacionales que llegaron al Centro de Eventos Arena Puerto Montt, a conocer de ciencia escolar y del trabajo cient\u00edfico que realizan algunas instituciones del ecosistema de las ciencias, tecnolog\u00eda, el conocimiento y la innovaci\u00f3n de la regi\u00f3n, que participaron con 15 stands interactivos.<\/p>\n","protected":false},"excerpt":{"rendered":"","protected":false},"author":36,"featured_media":42862,"comment_status":"open","ping_status":"open","sticky":false,"template":"","format":"standard","meta":{"_acf_changed":false,"_exactmetrics_skip_tracking":false,"_exactmetrics_sitenote_active":false,"_exactmetrics_sitenote_note":"","_exactmetrics_sitenote_category":0,"footnotes":"","_links_to":"","_links_to_target":""},"categories":[151,136,4],"tags":[722,726,465,338,721],"class_list":["post-42860","post","type-post","status-publish","format-standard","has-post-thumbnail","hentry","category-banner","category-lugar-1","category-noticias","tag-centro-de-eventos-arena-puerto-montt","tag-congreso-regional-de-investigacion-e-innovacion-escolar-explora-los-lagos","tag-ifop","tag-investigacion-e-innovacion-escolar","tag-xxii-congreso-explora-los-lagos"],"acf":[],"yoast_head":"<!-- This site is optimized with the Yoast SEO plugin v26.9 - https:\/\/yoast.com\/product\/yoast-seo-wordpress\/ -->\n<title>XXII Congreso Regional Explora Los Lagos reconoce a equipos que destacaron por sus proyectos de investigaci\u00f3n e innovaci\u00f3n escolar - Los Lagos<\/title>\n<meta name=\"robots\" content=\"index, follow, max-snippet:-1, max-image-preview:large, max-video-preview:-1\" \/>\n<link rel=\"canonical\" href=\"https:\/\/explora.cl\/lagos\/xxii-congreso-regional-explora-los-lagos-reconoce-a-equipos-que-destacaron-por-sus-proyectos-de-investigacion-e-innovacion-escolar\/\" class=\"yoast-seo-meta-tag\" \/>\n<meta property=\"og:locale\" content=\"es_ES\" class=\"yoast-seo-meta-tag\" \/>\n<meta property=\"og:type\" content=\"article\" class=\"yoast-seo-meta-tag\" \/>\n<meta property=\"og:title\" content=\"XXII Congreso Regional Explora Los Lagos reconoce a equipos que destacaron por sus proyectos de investigaci\u00f3n e innovaci\u00f3n escolar - Los Lagos\" class=\"yoast-seo-meta-tag\" \/>\n<meta property=\"og:url\" content=\"https:\/\/explora.cl\/lagos\/xxii-congreso-regional-explora-los-lagos-reconoce-a-equipos-que-destacaron-por-sus-proyectos-de-investigacion-e-innovacion-escolar\/\" class=\"yoast-seo-meta-tag\" \/>\n<meta property=\"og:site_name\" content=\"Los Lagos\" class=\"yoast-seo-meta-tag\" \/>\n<meta property=\"article:published_time\" content=\"2026-08-31T13:05:09+00:00\" class=\"yoast-seo-meta-tag\" \/>\n<meta property=\"og:image\" content=\"https:\/\/explora.cl\/lagos\/wp-content\/uploads\/sites\/17\/2026\/08\/Equipos-DESTACADOS-Congreso-Nacional-scaled.jpg\" class=\"yoast-seo-meta-tag\" \/>\n\t<meta property=\"og:image:width\" content=\"2560\" class=\"yoast-seo-meta-tag\" \/>\n\t<meta property=\"og:image:height\" content=\"1440\" class=\"yoast-seo-meta-tag\" \/>\n\t<meta property=\"og:image:type\" content=\"image\/jpeg\" class=\"yoast-seo-meta-tag\" \/>\n<meta name=\"author\" content=\"jvargas\" class=\"yoast-seo-meta-tag\" \/>\n<meta name=\"twitter:card\" content=\"summary_large_image\" class=\"yoast-seo-meta-tag\" \/>\n<meta name=\"twitter:label1\" content=\"Escrito por\" class=\"yoast-seo-meta-tag\" \/>\n\t<meta name=\"twitter:data1\" content=\"jvargas\" class=\"yoast-seo-meta-tag\" \/>\n\t<meta name=\"twitter:label2\" content=\"Tiempo de lectura\" class=\"yoast-seo-meta-tag\" \/>\n\t<meta name=\"twitter:data2\" content=\"3 minutos\" class=\"yoast-seo-meta-tag\" \/>\n<script type=\"application\/ld+json\" class=\"yoast-schema-graph\">{\"@context\":\"https:\/\/schema.org\",\"@graph\":[{\"@type\":\"Article\",\"@id\":\"https:\/\/explora.cl\/lagos\/xxii-congreso-regional-explora-los-lagos-reconoce-a-equipos-que-destacaron-por-sus-proyectos-de-investigacion-e-innovacion-escolar\/#article\",\"isPartOf\":{\"@id\":\"https:\/\/explora.cl\/lagos\/xxii-congreso-regional-explora-los-lagos-reconoce-a-equipos-que-destacaron-por-sus-proyectos-de-investigacion-e-innovacion-escolar\/\"},\"author\":{\"name\":\"jvargas\",\"@id\":\"https:\/\/explora.cl\/lagos\/#\/schema\/person\/6608d3ee9ea0b0daeaf12289528fc582\"},\"headline\":\"XXII Congreso Regional Explora Los Lagos reconoce a equipos que destacaron por sus proyectos de investigaci\u00f3n e innovaci\u00f3n escolar\",\"datePublished\":\"2026-08-31T13:05:09+00:00\",\"mainEntityOfPage\":{\"@id\":\"https:\/\/explora.cl\/lagos\/xxii-congreso-regional-explora-los-lagos-reconoce-a-equipos-que-destacaron-por-sus-proyectos-de-investigacion-e-innovacion-escolar\/\"},\"wordCount\":731,\"commentCount\":0,\"image\":{\"@id\":\"https:\/\/explora.cl\/lagos\/xxii-congreso-regional-explora-los-lagos-reconoce-a-equipos-que-destacaron-por-sus-proyectos-de-investigacion-e-innovacion-escolar\/#primaryimage\"},\"thumbnailUrl\":\"https:\/\/explora.cl\/lagos\/wp-content\/uploads\/sites\/17\/2026\/08\/Equipos-DESTACADOS-Congreso-Nacional-scaled.jpg\",\"keywords\":[\"Centro de Eventos Arena Puerto Montt\",\"Congreso Regional de Investigaci\u00f3n e Innovaci\u00f3n Escolar Explora Los Lagos\",\"ifop\",\"Investigaci\u00f3n e Innovaci\u00f3n Escolar\",\"XXII Congreso Explora Los Lagos\"],\"articleSection\":[\"Banner\",\"Lugar 1\",\"Noticias\"],\"inLanguage\":\"es\",\"potentialAction\":[{\"@type\":\"CommentAction\",\"name\":\"Comment\",\"target\":[\"https:\/\/explora.cl\/lagos\/xxii-congreso-regional-explora-los-lagos-reconoce-a-equipos-que-destacaron-por-sus-proyectos-de-investigacion-e-innovacion-escolar\/#respond\"]}]},{\"@type\":\"WebPage\",\"@id\":\"https:\/\/explora.cl\/lagos\/xxii-congreso-regional-explora-los-lagos-reconoce-a-equipos-que-destacaron-por-sus-proyectos-de-investigacion-e-innovacion-escolar\/\",\"url\":\"https:\/\/explora.cl\/lagos\/xxii-congreso-regional-explora-los-lagos-reconoce-a-equipos-que-destacaron-por-sus-proyectos-de-investigacion-e-innovacion-escolar\/\",\"name\":\"XXII Congreso Regional Explora Los Lagos reconoce a equipos que destacaron por sus proyectos de investigaci\u00f3n e innovaci\u00f3n escolar - Los Lagos\",\"isPartOf\":{\"@id\":\"https:\/\/explora.cl\/lagos\/#website\"},\"primaryImageOfPage\":{\"@id\":\"https:\/\/explora.cl\/lagos\/xxii-congreso-regional-explora-los-lagos-reconoce-a-equipos-que-destacaron-por-sus-proyectos-de-investigacion-e-innovacion-escolar\/#primaryimage\"},\"image\":{\"@id\":\"https:\/\/explora.cl\/lagos\/xxii-congreso-regional-explora-los-lagos-reconoce-a-equipos-que-destacaron-por-sus-proyectos-de-investigacion-e-innovacion-escolar\/#primaryimage\"},\"thumbnailUrl\":\"https:\/\/explora.cl\/lagos\/wp-content\/uploads\/sites\/17\/2026\/08\/Equipos-DESTACADOS-Congreso-Nacional-scaled.jpg\",\"datePublished\":\"2026-08-31T13:05:09+00:00\",\"author\":{\"@id\":\"https:\/\/explora.cl\/lagos\/#\/schema\/person\/6608d3ee9ea0b0daeaf12289528fc582\"},\"breadcrumb\":{\"@id\":\"https:\/\/explora.cl\/lagos\/xxii-congreso-regional-explora-los-lagos-reconoce-a-equipos-que-destacaron-por-sus-proyectos-de-investigacion-e-innovacion-escolar\/#breadcrumb\"},\"inLanguage\":\"es\",\"potentialAction\":[{\"@type\":\"ReadAction\",\"target\":[\"https:\/\/explora.cl\/lagos\/xxii-congreso-regional-explora-los-lagos-reconoce-a-equipos-que-destacaron-por-sus-proyectos-de-investigacion-e-innovacion-escolar\/\"]}]},{\"@type\":\"ImageObject\",\"inLanguage\":\"es\",\"@id\":\"https:\/\/explora.cl\/lagos\/xxii-congreso-regional-explora-los-lagos-reconoce-a-equipos-que-destacaron-por-sus-proyectos-de-investigacion-e-innovacion-escolar\/#primaryimage\",\"url\":\"https:\/\/explora.cl\/lagos\/wp-content\/uploads\/sites\/17\/2026\/08\/Equipos-DESTACADOS-Congreso-Nacional-scaled.jpg\",\"contentUrl\":\"https:\/\/explora.cl\/lagos\/wp-content\/uploads\/sites\/17\/2026\/08\/Equipos-DESTACADOS-Congreso-Nacional-scaled.jpg\",\"width\":2560,\"height\":1440},{\"@type\":\"BreadcrumbList\",\"@id\":\"https:\/\/explora.cl\/lagos\/xxii-congreso-regional-explora-los-lagos-reconoce-a-equipos-que-destacaron-por-sus-proyectos-de-investigacion-e-innovacion-escolar\/#breadcrumb\",\"itemListElement\":[{\"@type\":\"ListItem\",\"position\":1,\"name\":\"Portada\",\"item\":\"https:\/\/explora.cl\/lagos\/\"},{\"@type\":\"ListItem\",\"position\":2,\"name\":\"XXII Congreso Regional Explora Los Lagos reconoce a equipos que destacaron por sus proyectos de investigaci\u00f3n e innovaci\u00f3n escolar\"}]},{\"@type\":\"WebSite\",\"@id\":\"https:\/\/explora.cl\/lagos\/#website\",\"url\":\"https:\/\/explora.cl\/lagos\/\",\"name\":\"Los Lagos\",\"description\":\"Otro sitio m\u00e1s de explora.cl\",\"potentialAction\":[{\"@type\":\"SearchAction\",\"target\":{\"@type\":\"EntryPoint\",\"urlTemplate\":\"https:\/\/explora.cl\/lagos\/?s={search_term_string}\"},\"query-input\":{\"@type\":\"PropertyValueSpecification\",\"valueRequired\":true,\"valueName\":\"search_term_string\"}}],\"inLanguage\":\"es\"},{\"@type\":\"Person\",\"@id\":\"https:\/\/explora.cl\/lagos\/#\/schema\/person\/6608d3ee9ea0b0daeaf12289528fc582\",\"name\":\"jvargas\",\"image\":{\"@type\":\"ImageObject\",\"inLanguage\":\"es\",\"@id\":\"https:\/\/explora.cl\/lagos\/#\/schema\/person\/image\/\",\"url\":\"https:\/\/secure.gravatar.com\/avatar\/8a6892fbfb002ef173a244b534b4bbcea4c183fc3fbf7732e64ac89b1d22d482?s=96&d=mm&r=g\",\"contentUrl\":\"https:\/\/secure.gravatar.com\/avatar\/8a6892fbfb002ef173a244b534b4bbcea4c183fc3fbf7732e64ac89b1d22d482?s=96&d=mm&r=g\",\"caption\":\"jvargas\"},\"url\":\"https:\/\/explora.cl\/lagos\/author\/jvargas\/\"}]}<\/script>\n<!-- \/ Yoast SEO plugin. -->","yoast_head_json":{"title":"XXII Congreso Regional Explora Los Lagos reconoce a equipos que destacaron por sus proyectos de investigaci\u00f3n e innovaci\u00f3n escolar - Los Lagos","robots":{"index":"index","follow":"follow","max-snippet":"max-snippet:-1","max-image-preview":"max-image-preview:large","max-video-preview":"max-video-preview:-1"},"canonical":"https:\/\/explora.cl\/lagos\/xxii-congreso-regional-explora-los-lagos-reconoce-a-equipos-que-destacaron-por-sus-proyectos-de-investigacion-e-innovacion-escolar\/","og_locale":"es_ES","og_type":"article","og_title":"XXII Congreso Regional Explora Los Lagos reconoce a equipos que destacaron por sus proyectos de investigaci\u00f3n e innovaci\u00f3n escolar - Los Lagos","og_url":"https:\/\/explora.cl\/lagos\/xxii-congreso-regional-explora-los-lagos-reconoce-a-equipos-que-destacaron-por-sus-proyectos-de-investigacion-e-innovacion-escolar\/","og_site_name":"Los Lagos","article_published_time":"2026-08-31T13:05:09+00:00","og_image":[{"width":2560,"height":1440,"url":"https:\/\/explora.cl\/lagos\/wp-content\/uploads\/sites\/17\/2026\/08\/Equipos-DESTACADOS-Congreso-Nacional-scaled.jpg","type":"image\/jpeg"}],"author":"jvargas","twitter_card":"summary_large_image","twitter_misc":{"Escrito por":"jvargas","Tiempo de lectura":"3 minutos"},"schema":{"@context":"https:\/\/schema.org","@graph":[{"@type":"Article","@id":"https:\/\/explora.cl\/lagos\/xxii-congreso-regional-explora-los-lagos-reconoce-a-equipos-que-destacaron-por-sus-proyectos-de-investigacion-e-innovacion-escolar\/#article","isPartOf":{"@id":"https:\/\/explora.cl\/lagos\/xxii-congreso-regional-explora-los-lagos-reconoce-a-equipos-que-destacaron-por-sus-proyectos-de-investigacion-e-innovacion-escolar\/"},"author":{"name":"jvargas","@id":"https:\/\/explora.cl\/lagos\/#\/schema\/person\/6608d3ee9ea0b0daeaf12289528fc582"},"headline":"XXII Congreso Regional Explora Los Lagos reconoce a equipos que destacaron por sus proyectos de investigaci\u00f3n e innovaci\u00f3n escolar","datePublished":"2026-08-31T13:05:09+00:00","mainEntityOfPage":{"@id":"https:\/\/explora.cl\/lagos\/xxii-congreso-regional-explora-los-lagos-reconoce-a-equipos-que-destacaron-por-sus-proyectos-de-investigacion-e-innovacion-escolar\/"},"wordCount":731,"commentCount":0,"image":{"@id":"https:\/\/explora.cl\/lagos\/xxii-congreso-regional-explora-los-lagos-reconoce-a-equipos-que-destacaron-por-sus-proyectos-de-investigacion-e-innovacion-escolar\/#primaryimage"},"thumbnailUrl":"https:\/\/explora.cl\/lagos\/wp-content\/uploads\/sites\/17\/2026\/08\/Equipos-DESTACADOS-Congreso-Nacional-scaled.jpg","keywords":["Centro de Eventos Arena Puerto Montt","Congreso Regional de Investigaci\u00f3n e Innovaci\u00f3n Escolar Explora Los Lagos","ifop","Investigaci\u00f3n e Innovaci\u00f3n Escolar","XXII Congreso Explora Los Lagos"],"articleSection":["Banner","Lugar 1","Noticias"],"inLanguage":"es","potentialAction":[{"@type":"CommentAction","name":"Comment","target":["https:\/\/explora.cl\/lagos\/xxii-congreso-regional-explora-los-lagos-reconoce-a-equipos-que-destacaron-por-sus-proyectos-de-investigacion-e-innovacion-escolar\/#respond"]}]},{"@type":"WebPage","@id":"https:\/\/explora.cl\/lagos\/xxii-congreso-regional-explora-los-lagos-reconoce-a-equipos-que-destacaron-por-sus-proyectos-de-investigacion-e-innovacion-escolar\/","url":"https:\/\/explora.cl\/lagos\/xxii-congreso-regional-explora-los-lagos-reconoce-a-equipos-que-destacaron-por-sus-proyectos-de-investigacion-e-innovacion-escolar\/","name":"XXII Congreso Regional Explora Los Lagos reconoce a equipos que destacaron por sus proyectos de investigaci\u00f3n e innovaci\u00f3n escolar - Los Lagos","isPartOf":{"@id":"https:\/\/explora.cl\/lagos\/#website"},"primaryImageOfPage":{"@id":"https:\/\/explora.cl\/lagos\/xxii-congreso-regional-explora-los-lagos-reconoce-a-equipos-que-destacaron-por-sus-proyectos-de-investigacion-e-innovacion-escolar\/#primaryimage"},"image":{"@id":"https:\/\/explora.cl\/lagos\/xxii-congreso-regional-explora-los-lagos-reconoce-a-equipos-que-destacaron-por-sus-proyectos-de-investigacion-e-innovacion-escolar\/#primaryimage"},"thumbnailUrl":"https:\/\/explora.cl\/lagos\/wp-content\/uploads\/sites\/17\/2026\/08\/Equipos-DESTACADOS-Congreso-Nacional-scaled.jpg","datePublished":"2026-08-31T13:05:09+00:00","author":{"@id":"https:\/\/explora.cl\/lagos\/#\/schema\/person\/6608d3ee9ea0b0daeaf12289528fc582"},"breadcrumb":{"@id":"https:\/\/explora.cl\/lagos\/xxii-congreso-regional-explora-los-lagos-reconoce-a-equipos-que-destacaron-por-sus-proyectos-de-investigacion-e-innovacion-escolar\/#breadcrumb"},"inLanguage":"es","potentialAction":[{"@type":"ReadAction","target":["https:\/\/explora.cl\/lagos\/xxii-congreso-regional-explora-los-lagos-reconoce-a-equipos-que-destacaron-por-sus-proyectos-de-investigacion-e-innovacion-escolar\/"]}]},{"@type":"ImageObject","inLanguage":"es","@id":"https:\/\/explora.cl\/lagos\/xxii-congreso-regional-explora-los-lagos-reconoce-a-equipos-que-destacaron-por-sus-proyectos-de-investigacion-e-innovacion-escolar\/#primaryimage","url":"https:\/\/explora.cl\/lagos\/wp-content\/uploads\/sites\/17\/2026\/08\/Equipos-DESTACADOS-Congreso-Nacional-scaled.jpg","contentUrl":"https:\/\/explora.cl\/lagos\/wp-content\/uploads\/sites\/17\/2026\/08\/Equipos-DESTACADOS-Congreso-Nacional-scaled.jpg","width":2560,"height":1440},{"@type":"BreadcrumbList","@id":"https:\/\/explora.cl\/lagos\/xxii-congreso-regional-explora-los-lagos-reconoce-a-equipos-que-destacaron-por-sus-proyectos-de-investigacion-e-innovacion-escolar\/#breadcrumb","itemListElement":[{"@type":"ListItem","position":1,"name":"Portada","item":"https:\/\/explora.cl\/lagos\/"},{"@type":"ListItem","position":2,"name":"XXII Congreso Regional Explora Los Lagos reconoce a equipos que destacaron por sus proyectos de investigaci\u00f3n e innovaci\u00f3n escolar"}]},{"@type":"WebSite","@id":"https:\/\/explora.cl\/lagos\/#website","url":"https:\/\/explora.cl\/lagos\/","name":"Los Lagos","description":"Otro sitio m\u00e1s de explora.cl","potentialAction":[{"@type":"SearchAction","target":{"@type":"EntryPoint","urlTemplate":"https:\/\/explora.cl\/lagos\/?s={search_term_string}"},"query-input":{"@type":"PropertyValueSpecification","valueRequired":true,"valueName":"search_term_string"}}],"inLanguage":"es"},{"@type":"Person","@id":"https:\/\/explora.cl\/lagos\/#\/schema\/person\/6608d3ee9ea0b0daeaf12289528fc582","name":"jvargas","image":{"@type":"ImageObject","inLanguage":"es","@id":"https:\/\/explora.cl\/lagos\/#\/schema\/person\/image\/","url":"https:\/\/secure.gravatar.com\/avatar\/8a6892fbfb002ef173a244b534b4bbcea4c183fc3fbf7732e64ac89b1d22d482?s=96&d=mm&r=g","contentUrl":"https:\/\/secure.gravatar.com\/avatar\/8a6892fbfb002ef173a244b534b4bbcea4c183fc3fbf7732e64ac89b1d22d482?s=96&d=mm&r=g","caption":"jvargas"},"url":"https:\/\/explora.cl\/lagos\/author\/jvargas\/"}]}},"_links":{"self":[{"href":"https:\/\/explora.cl\/lagos\/wp-json\/wp\/v2\/posts\/42860","targetHints":{"allow":["GET"]}}],"collection":[{"href":"https:\/\/explora.cl\/lagos\/wp-json\/wp\/v2\/posts"}],"about":[{"href":"https:\/\/explora.cl\/lagos\/wp-json\/wp\/v2\/types\/post"}],"author":[{"embeddable":true,"href":"https:\/\/explora.cl\/lagos\/wp-json\/wp\/v2\/users\/36"}],"replies":[{"embeddable":true,"href":"https:\/\/explora.cl\/lagos\/wp-json\/wp\/v2\/comments?post=42860"}],"version-history":[{"count":1,"href":"https:\/\/explora.cl\/lagos\/wp-json\/wp\/v2\/posts\/42860\/revisions"}],"predecessor-version":[{"id":42861,"href":"https:\/\/explora.cl\/lagos\/wp-json\/wp\/v2\/posts\/42860\/revisions\/42861"}],"wp:featuredmedia":[{"embeddable":true,"href":"https:\/\/explora.cl\/lagos\/wp-json\/wp\/v2\/media\/42862"}],"wp:attachment":[{"href":"https:\/\/explora.cl\/lagos\/wp-json\/wp\/v2\/media?parent=42860"}],"wp:term":[{"taxonomy":"category","embeddable":true,"href":"https:\/\/explora.cl\/lagos\/wp-json\/wp\/v2\/categories?post=42860"},{"taxonomy":"post_tag","embeddable":true,"href":"https:\/\/explora.cl\/lagos\/wp-json\/wp\/v2\/tags?post=42860"}],"curies":[{"name":"wp","href":"https:\/\/api.w.org\/{rel}","templated":true}]}}